{"id":21942,"date":"2024-08-30T06:00:00","date_gmt":"2024-08-30T09:00:00","guid":{"rendered":"https:\/\/www.vagadeempregosp.com.br\/?p=21942"},"modified":"2024-08-19T19:36:39","modified_gmt":"2024-08-19T22:36:39","slug":"nuevas-ofertas-de-empleo-en-natura-y-el-grupo-pao-de-acucar","status":"publish","type":"post","link":"https:\/\/www.vagadeempregosp.com.br\/es\/novas-vagas-de-emprego-na-natura-e-no-grupo-pao-de-acucar\/","title":{"rendered":"Nuevas ofertas de empleo en Natura y Grupo P\u00e3o de A\u00e7\u00facar"},"content":{"rendered":"<p>El panorama laboral cambia constantemente, y dos grandes empresas brasile\u00f1as, Natura y Grupo P\u00e3o de A\u00e7\u00facar (GPA), ofrecen nuevas e interesantes oportunidades de empleo en 2024. Ambas empresas est\u00e1n ampliando sus operaciones y buscan profesionales cualificados para reforzar sus equipos. <\/p>\n\n\n\n<h2 class=\"wp-block-heading\">Nuevas ofertas de empleo en Natura<\/h2>\n\n\n\n<p>Natura, uno de los l\u00edderes del sector de cosm\u00e9ticos y productos de belleza, est\u00e1 ampliando sus operaciones y creando nuevas vacantes de empleo para apoyar su continuo crecimiento. Las \u00e1reas prioritarias de contrataci\u00f3n incluyen marketing, investigaci\u00f3n y desarrollo, ventas y operaciones. La empresa busca profesionales apasionados por la innovaci\u00f3n y la sostenibilidad, que puedan contribuir a la misi\u00f3n de Natura de promover el bienestar y la belleza de forma responsable.<\/p>\n\n\n\n<figure class=\"wp-block-image size-full is-resized\"><img loading=\"lazy\" decoding=\"async\" width=\"740\" height=\"494\" src=\"https:\/\/www.vagadeempregosp.com.br\/wp-content\/uploads\/2024\/08\/image-4.png\" alt=\"\" class=\"wp-image-21963\" style=\"width:840px;height:auto\" srcset=\"https:\/\/www.vagadeempregosp.com.br\/wp-content\/uploads\/2024\/08\/image-4.png 740w, https:\/\/www.vagadeempregosp.com.br\/wp-content\/uploads\/2024\/08\/image-4-300x200.png 300w, https:\/\/www.vagadeempregosp.com.br\/wp-content\/uploads\/2024\/08\/image-4-18x12.png 18w\" sizes=\"auto, (max-width: 740px) 100vw, 740px\" \/><\/figure>\n\n\n\n<h3 class=\"wp-block-heading\">Tipos de puestos disponibles<\/h3>\n\n\n\n<p>Las nuevas vacantes de Natura abarcan una amplia gama de puestos, desde administrativos y de apoyo hasta t\u00e9cnicos y de liderazgo. La empresa busca personal para puestos de marketing digital, gesti\u00f3n de productos, an\u00e1lisis de mercado y log\u00edstica. Adem\u00e1s, Natura busca especialistas en sostenibilidad e innovaci\u00f3n para apoyar su compromiso con unas pr\u00e1cticas empresariales responsables y respetuosas con el medio ambiente.<\/p>\n\n\n\n<h3 class=\"wp-block-heading\">Beneficios y oportunidades profesionales<\/h3>\n\n\n\n<p>Trabajar en Natura ofrece una serie de beneficios, como paquetes retributivos competitivos, seguro m\u00e9dico, programas de bienestar y descuentos en los productos de la marca. La empresa valora el desarrollo profesional y ofrece oportunidades de crecimiento y promoci\u00f3n profesional. Con un ambiente de trabajo colaborativo y una fuerte cultura de innovaci\u00f3n, Natura ofrece un lugar ideal para los profesionales que buscan marcar la diferencia en sus campos.<\/p>\n\n\n\n<h2 class=\"wp-block-heading\">Nuevas ofertas de empleo en Grupo P\u00e3o de A\u00e7\u00facar<\/h2>\n\n\n\n<p>El Grupo P\u00e3o de A\u00e7\u00facar (GPA), uno de los mayores grupos minoristas de Brasil, est\u00e1 ampliando sus operaciones y creando nuevas vacantes para apoyar su estrategia de crecimiento. GPA est\u00e1 contratando personal para diversas \u00e1reas, como operaciones de tienda, gesti\u00f3n de productos, log\u00edstica y atenci\u00f3n al cliente. La expansi\u00f3n incluye nuevas tiendas y centros de distribuci\u00f3n, lo que refleja la necesidad de un equipo m\u00e1s amplio y diverso para satisfacer la demanda de los consumidores.<\/p>\n\n\n\n<h3 class=\"wp-block-heading\">Tipos de puestos disponibles<\/h3>\n\n\n\n<p>Las vacantes disponibles en GPA abarcan una amplia gama de funciones, desde puestos en atenci\u00f3n al cliente y gesti\u00f3n de tiendas hasta puestos en log\u00edstica y administraci\u00f3n. La empresa busca profesionales para puestos como coordinadores de tienda, analistas de log\u00edstica, especialistas en merchandising y gestores de categor\u00edas. Adem\u00e1s, GPA est\u00e1 invirtiendo en tecnolog\u00eda e innovaci\u00f3n, creando oportunidades para profesionales en \u00e1reas como el an\u00e1lisis de datos y el comercio electr\u00f3nico.<\/p>\n\n\n\n<h3 class=\"wp-block-heading\">Beneficios y cultura organizativa<\/h3>\n\n\n\n<p>El Grupo P\u00e3o de A\u00e7\u00facar ofrece una serie de beneficios a sus empleados, como salarios competitivos, seguro m\u00e9dico, vales de comida y programas de desarrollo profesional. La empresa valora una cultura de trabajo inclusiva y colaborativa, en la que los empleados tienen la oportunidad de crecer y desarrollarse dentro de la organizaci\u00f3n. GPA promueve un entorno de trabajo din\u00e1mico y orientado a los resultados, fomentando la innovaci\u00f3n y la excelencia a todos los niveles.<\/p>\n\n\n\n<h2 class=\"wp-block-heading\">Impacto en el mercado laboral<\/h2>\n\n\n\n<p>La expansi\u00f3n de las operaciones de Natura y del Grupo P\u00e3o de A\u00e7\u00facar est\u00e1 contribuyendo a la creaci\u00f3n de nuevas oportunidades de empleo y al crecimiento econ\u00f3mico en diversas regiones. La apertura de nuevos puestos no s\u00f3lo ofrece oportunidades a los profesionales que buscan nuevas carreras, sino que tambi\u00e9n estimula el mercado laboral y apoya el desarrollo econ\u00f3mico local. Estos movimientos son especialmente importantes en un momento en que la econom\u00eda mundial se est\u00e1 recuperando y adaptando a las nuevas condiciones del mercado.<\/p>\n\n\n\n<h3 class=\"wp-block-heading\">Desarrollo de nuevas capacidades y competencias<\/h3>\n\n\n\n<p>Con la creaci\u00f3n de nuevas vacantes, crece la demanda de cualificaciones y competencias espec\u00edficas. Los profesionales con experiencia en \u00e1mbitos como el marketing digital, la log\u00edstica, el comercio electr\u00f3nico y la sostenibilidad estar\u00e1n bien situados para aprovechar las nuevas oportunidades. Las empresas buscan candidatos que puedan adaptarse r\u00e1pidamente al cambio y contribuir al \u00e9xito y la innovaci\u00f3n dentro de la organizaci\u00f3n.<\/p>\n\n\n\n<h3 class=\"wp-block-heading\">Oportunidades para profesionales de distintas regiones<\/h3>\n\n\n\n<p>Las nuevas vacantes ofrecidas por Natura y GPA est\u00e1n localizadas en diversas regiones de Brasil, proporcionando oportunidades para profesionales de diferentes localidades. Esto incluye tanto grandes centros urbanos como \u00e1reas en crecimiento, permitiendo que candidatos de diferentes regiones tengan acceso a nuevas oportunidades de trabajo y desarrollo profesional.<\/p>\n\n\n\n<h2 class=\"wp-block-heading\">C\u00f3mo prepararse para el proceso de selecci\u00f3n<\/h2>\n\n\n\n<p>Para destacar en las selecciones de Natura y del Grupo P\u00e3o de A\u00e7\u00facar, es fundamental que los candidatos actualicen sus curr\u00edculos y destaquen sus competencias y experiencia relevantes. Aseg\u00farese de incluir informaci\u00f3n sobre sus competencias t\u00e9cnicas, experiencia previa y cualquier formaci\u00f3n adicional que pueda ser relevante para las vacantes que desea. Invertir en cursos y certificaciones en su \u00e1rea de inter\u00e9s puede aumentar sus posibilidades de \u00e9xito.<\/p>\n\n\n\n<h3 class=\"wp-block-heading\">Investigaci\u00f3n sobre las empresas y sus culturas<\/h3>\n\n\n\n<p>Comprender la cultura y los valores de la empresa es crucial para preparar el proceso de selecci\u00f3n. Investigar sobre Natura y el Grupo P\u00e3o de A\u00e7\u00facar, sus misiones, visiones y entornos de trabajo ayudar\u00e1 a los candidatos a alinearse con lo que las empresas buscan en sus empleados. Conocer la historia y los valores de las empresas puede aportar informaci\u00f3n valiosa durante las entrevistas y las candidaturas.<\/p>\n\n\n\n<h3 class=\"wp-block-heading\">Preparaci\u00f3n de entrevistas y pruebas<\/h3>\n\n\n\n<p>Prepare con antelaci\u00f3n las entrevistas y las pruebas de aptitud. Practique las respuestas a las preguntas m\u00e1s habituales, prepare ejemplos de experiencias pasadas y est\u00e9 preparado para demostrar sus habilidades t\u00e9cnicas y de resoluci\u00f3n de problemas. Familiar\u00edcese con el formato de las pruebas y entrevistas de empresa y utilice los recursos a su disposici\u00f3n para prepararse adecuadamente.<\/p>\n\n\n\n<p><strong>V\u00e9ase tambi\u00e9n: <a href=\"https:\/\/www.vagadeempregosp.com.br\/es\/6-empresas-con-trabajo-en-italia-para-brasilenos-2024\/\">6 empresas con trabajo en Italia para brasile\u00f1os 2024<\/a><\/strong><\/p>\n\n\n\n<p>30 de agosto de 2024<\/p>","protected":false},"excerpt":{"rendered":"<p>O cen\u00e1rio de emprego est\u00e1 em constante mudan\u00e7a, e duas grandes empresas brasileiras, Natura e Grupo P\u00e3o de A\u00e7\u00facar (GPA), est\u00e3o oferecendo novas e empolgantes oportunidades de trabalho em 2024. Ambas as empresas est\u00e3o expandindo suas opera\u00e7\u00f5es e buscando profissionais qualificados para fortalecer suas equipes. Novas vagas de emprego na Natura A Natura, uma das&hellip;&nbsp;<\/p>","protected":false},"author":11,"featured_media":21963,"comment_status":"closed","ping_status":"closed","sticky":false,"template":"","format":"standard","meta":{"neve_meta_sidebar":"","neve_meta_container":"","neve_meta_enable_content_width":"","neve_meta_content_width":0,"neve_meta_title_alignment":"","neve_meta_author_avatar":"","neve_post_elements_order":"","neve_meta_disable_header":"","neve_meta_disable_footer":"","neve_meta_disable_title":"","footnotes":""},"categories":[43],"tags":[],"class_list":["post-21942","post","type-post","status-publish","format-standard","has-post-thumbnail","hentry","category-vagas-nacionais"],"yoast_head":"<!-- This site is optimized with the Yoast SEO plugin v27.5 - https:\/\/yoast.com\/product\/yoast-seo-wordpress\/ -->\n<title>Novas vagas de emprego na Natura e no Grupo P\u00e3o de A\u00e7\u00facar - Transformando Vidas com Tecnologia, Informa\u00e7\u00e3o e Oportunidades: Explore Nossa Jornada de Crescimento<\/title>\n<meta name=\"robots\" content=\"index, follow, max-snippet:-1, max-image-preview:large, max-video-preview:-1\" \/>\n<link rel=\"canonical\" href=\"https:\/\/www.vagadeempregosp.com.br\/es\/nuevas-ofertas-de-empleo-en-natura-y-el-grupo-pao-de-acucar\/\" \/>\n<meta property=\"og:locale\" content=\"es_ES\" \/>\n<meta property=\"og:type\" content=\"article\" \/>\n<meta property=\"og:title\" content=\"Novas vagas de emprego na Natura e no Grupo P\u00e3o de A\u00e7\u00facar - Transformando Vidas com Tecnologia, Informa\u00e7\u00e3o e Oportunidades: Explore Nossa Jornada de Crescimento\" \/>\n<meta property=\"og:description\" content=\"O cen\u00e1rio de emprego est\u00e1 em constante mudan\u00e7a, e duas grandes empresas brasileiras, Natura e Grupo P\u00e3o de A\u00e7\u00facar (GPA), est\u00e3o oferecendo novas e empolgantes oportunidades de trabalho em 2024. Ambas as empresas est\u00e3o expandindo suas opera\u00e7\u00f5es e buscando profissionais qualificados para fortalecer suas equipes. Novas vagas de emprego na Natura A Natura, uma das&hellip;&nbsp;\" \/>\n<meta property=\"og:url\" content=\"https:\/\/www.vagadeempregosp.com.br\/es\/nuevas-ofertas-de-empleo-en-natura-y-el-grupo-pao-de-acucar\/\" \/>\n<meta property=\"og:site_name\" content=\"Transformando Vidas com Tecnologia, Informa\u00e7\u00e3o e Oportunidades: Explore Nossa Jornada de Crescimento\" \/>\n<meta property=\"article:published_time\" content=\"2024-08-30T09:00:00+00:00\" \/>\n<meta property=\"og:image\" content=\"https:\/\/www.vagadeempregosp.com.br\/wp-content\/uploads\/2024\/08\/image-4.png\" \/>\n\t<meta property=\"og:image:width\" content=\"740\" \/>\n\t<meta property=\"og:image:height\" content=\"494\" \/>\n\t<meta property=\"og:image:type\" content=\"image\/png\" \/>\n<meta name=\"author\" content=\"Michele\" \/>\n<meta name=\"twitter:card\" content=\"summary_large_image\" \/>\n<meta name=\"twitter:label1\" content=\"Escrito por\" \/>\n\t<meta name=\"twitter:data1\" content=\"Michele\" \/>\n\t<meta name=\"twitter:label2\" content=\"Tiempo de lectura\" \/>\n\t<meta name=\"twitter:data2\" content=\"5 minutos\" \/>\n<script type=\"application\/ld+json\" class=\"yoast-schema-graph\">{\"@context\":\"https:\\\/\\\/schema.org\",\"@graph\":[{\"@type\":\"Article\",\"@id\":\"https:\\\/\\\/www.vagadeempregosp.com.br\\\/novas-vagas-de-emprego-na-natura-e-no-grupo-pao-de-acucar\\\/#article\",\"isPartOf\":{\"@id\":\"https:\\\/\\\/www.vagadeempregosp.com.br\\\/novas-vagas-de-emprego-na-natura-e-no-grupo-pao-de-acucar\\\/\"},\"author\":{\"name\":\"Michele\",\"@id\":\"https:\\\/\\\/www.vagadeempregosp.com.br\\\/#\\\/schema\\\/person\\\/15cdff8822aa2f27a8a65ee7bbfe7ce6\"},\"headline\":\"Novas vagas de emprego na Natura e no Grupo P\u00e3o de A\u00e7\u00facar\",\"datePublished\":\"2024-08-30T09:00:00+00:00\",\"mainEntityOfPage\":{\"@id\":\"https:\\\/\\\/www.vagadeempregosp.com.br\\\/novas-vagas-de-emprego-na-natura-e-no-grupo-pao-de-acucar\\\/\"},\"wordCount\":1056,\"image\":{\"@id\":\"https:\\\/\\\/www.vagadeempregosp.com.br\\\/novas-vagas-de-emprego-na-natura-e-no-grupo-pao-de-acucar\\\/#primaryimage\"},\"thumbnailUrl\":\"https:\\\/\\\/www.vagadeempregosp.com.br\\\/wp-content\\\/uploads\\\/2024\\\/08\\\/image-4.png\",\"articleSection\":[\"Vagas de Emprego Nacionais\"],\"inLanguage\":\"es\"},{\"@type\":\"WebPage\",\"@id\":\"https:\\\/\\\/www.vagadeempregosp.com.br\\\/novas-vagas-de-emprego-na-natura-e-no-grupo-pao-de-acucar\\\/\",\"url\":\"https:\\\/\\\/www.vagadeempregosp.com.br\\\/novas-vagas-de-emprego-na-natura-e-no-grupo-pao-de-acucar\\\/\",\"name\":\"Novas vagas de emprego na Natura e no Grupo P\u00e3o de A\u00e7\u00facar - Transformando Vidas com Tecnologia, Informa\u00e7\u00e3o e Oportunidades: Explore Nossa Jornada de Crescimento\",\"isPartOf\":{\"@id\":\"https:\\\/\\\/www.vagadeempregosp.com.br\\\/#website\"},\"primaryImageOfPage\":{\"@id\":\"https:\\\/\\\/www.vagadeempregosp.com.br\\\/novas-vagas-de-emprego-na-natura-e-no-grupo-pao-de-acucar\\\/#primaryimage\"},\"image\":{\"@id\":\"https:\\\/\\\/www.vagadeempregosp.com.br\\\/novas-vagas-de-emprego-na-natura-e-no-grupo-pao-de-acucar\\\/#primaryimage\"},\"thumbnailUrl\":\"https:\\\/\\\/www.vagadeempregosp.com.br\\\/wp-content\\\/uploads\\\/2024\\\/08\\\/image-4.png\",\"datePublished\":\"2024-08-30T09:00:00+00:00\",\"author\":{\"@id\":\"https:\\\/\\\/www.vagadeempregosp.com.br\\\/#\\\/schema\\\/person\\\/15cdff8822aa2f27a8a65ee7bbfe7ce6\"},\"breadcrumb\":{\"@id\":\"https:\\\/\\\/www.vagadeempregosp.com.br\\\/novas-vagas-de-emprego-na-natura-e-no-grupo-pao-de-acucar\\\/#breadcrumb\"},\"inLanguage\":\"es\",\"potentialAction\":[{\"@type\":\"ReadAction\",\"target\":[\"https:\\\/\\\/www.vagadeempregosp.com.br\\\/novas-vagas-de-emprego-na-natura-e-no-grupo-pao-de-acucar\\\/\"]}]},{\"@type\":\"ImageObject\",\"inLanguage\":\"es\",\"@id\":\"https:\\\/\\\/www.vagadeempregosp.com.br\\\/novas-vagas-de-emprego-na-natura-e-no-grupo-pao-de-acucar\\\/#primaryimage\",\"url\":\"https:\\\/\\\/www.vagadeempregosp.com.br\\\/wp-content\\\/uploads\\\/2024\\\/08\\\/image-4.png\",\"contentUrl\":\"https:\\\/\\\/www.vagadeempregosp.com.br\\\/wp-content\\\/uploads\\\/2024\\\/08\\\/image-4.png\",\"width\":740,\"height\":494},{\"@type\":\"BreadcrumbList\",\"@id\":\"https:\\\/\\\/www.vagadeempregosp.com.br\\\/novas-vagas-de-emprego-na-natura-e-no-grupo-pao-de-acucar\\\/#breadcrumb\",\"itemListElement\":[{\"@type\":\"ListItem\",\"position\":1,\"name\":\"In\u00edcio\",\"item\":\"https:\\\/\\\/www.vagadeempregosp.com.br\\\/\"},{\"@type\":\"ListItem\",\"position\":2,\"name\":\"Vagas de Emprego Nacionais\",\"item\":\"https:\\\/\\\/www.vagadeempregosp.com.br\\\/category\\\/vagas-nacionais\\\/\"},{\"@type\":\"ListItem\",\"position\":3,\"name\":\"Novas vagas de emprego na Natura e no Grupo P\u00e3o de A\u00e7\u00facar\"}]},{\"@type\":\"WebSite\",\"@id\":\"https:\\\/\\\/www.vagadeempregosp.com.br\\\/#website\",\"url\":\"https:\\\/\\\/www.vagadeempregosp.com.br\\\/\",\"name\":\"Transformando Vidas com Tecnologia, Informa\u00e7\u00e3o e Oportunidades: Explore Nossa Jornada de Crescimento\",\"description\":\"Transformando Vidas com Tecnologia, Informa\u00e7\u00e3o e Oportunidades: Explore Nossa Jornada de Crescimento\",\"potentialAction\":[{\"@type\":\"SearchAction\",\"target\":{\"@type\":\"EntryPoint\",\"urlTemplate\":\"https:\\\/\\\/www.vagadeempregosp.com.br\\\/?s={search_term_string}\"},\"query-input\":{\"@type\":\"PropertyValueSpecification\",\"valueRequired\":true,\"valueName\":\"search_term_string\"}}],\"inLanguage\":\"es\"},{\"@type\":\"Person\",\"@id\":\"https:\\\/\\\/www.vagadeempregosp.com.br\\\/#\\\/schema\\\/person\\\/15cdff8822aa2f27a8a65ee7bbfe7ce6\",\"name\":\"Michele\",\"image\":{\"@type\":\"ImageObject\",\"inLanguage\":\"es\",\"@id\":\"https:\\\/\\\/secure.gravatar.com\\\/avatar\\\/6b0eb9d22841282815e2cd856a0061c45e1761cd54b22e952d98c4746939aa85?s=96&r=g\",\"url\":\"https:\\\/\\\/secure.gravatar.com\\\/avatar\\\/6b0eb9d22841282815e2cd856a0061c45e1761cd54b22e952d98c4746939aa85?s=96&r=g\",\"contentUrl\":\"https:\\\/\\\/secure.gravatar.com\\\/avatar\\\/6b0eb9d22841282815e2cd856a0061c45e1761cd54b22e952d98c4746939aa85?s=96&r=g\",\"caption\":\"Michele\"},\"description\":\"Formada em Letras - Portugu\u00eas\\\/ Ingl\u00eas, e idealizadora do site Escritora de Sucesso, busca expandir o conhecimento de todos com informa\u00e7\u00f5es relevantes sobre diversos assuntos, enquanto redatora. No Vaga de Emprego SP, traz oportunidades e dicas sobre o mercado de trabalho.\",\"url\":\"https:\\\/\\\/www.vagadeempregosp.com.br\\\/es\\\/author\\\/michele\\\/\"}]}<\/script>\n<!-- \/ Yoast SEO plugin. -->","yoast_head_json":{"title":"Nuevas ofertas de empleo en Natura y Grupo P\u00e3o de A\u00e7\u00facar - Transformar vidas con tecnolog\u00eda, informaci\u00f3n y oportunidades: Descubra nuestro viaje de crecimiento","robots":{"index":"index","follow":"follow","max-snippet":"max-snippet:-1","max-image-preview":"max-image-preview:large","max-video-preview":"max-video-preview:-1"},"canonical":"https:\/\/www.vagadeempregosp.com.br\/es\/nuevas-ofertas-de-empleo-en-natura-y-el-grupo-pao-de-acucar\/","og_locale":"es_ES","og_type":"article","og_title":"Novas vagas de emprego na Natura e no Grupo P\u00e3o de A\u00e7\u00facar - Transformando Vidas com Tecnologia, Informa\u00e7\u00e3o e Oportunidades: Explore Nossa Jornada de Crescimento","og_description":"O cen\u00e1rio de emprego est\u00e1 em constante mudan\u00e7a, e duas grandes empresas brasileiras, Natura e Grupo P\u00e3o de A\u00e7\u00facar (GPA), est\u00e3o oferecendo novas e empolgantes oportunidades de trabalho em 2024. Ambas as empresas est\u00e3o expandindo suas opera\u00e7\u00f5es e buscando profissionais qualificados para fortalecer suas equipes. Novas vagas de emprego na Natura A Natura, uma das&hellip;&nbsp;","og_url":"https:\/\/www.vagadeempregosp.com.br\/es\/nuevas-ofertas-de-empleo-en-natura-y-el-grupo-pao-de-acucar\/","og_site_name":"Transformando Vidas com Tecnologia, Informa\u00e7\u00e3o e Oportunidades: Explore Nossa Jornada de Crescimento","article_published_time":"2024-08-30T09:00:00+00:00","og_image":[{"width":740,"height":494,"url":"https:\/\/www.vagadeempregosp.com.br\/wp-content\/uploads\/2024\/08\/image-4.png","type":"image\/png"}],"author":"Michele","twitter_card":"summary_large_image","twitter_misc":{"Escrito por":"Michele","Tiempo de lectura":"5 minutos"},"schema":{"@context":"https:\/\/schema.org","@graph":[{"@type":"Article","@id":"https:\/\/www.vagadeempregosp.com.br\/novas-vagas-de-emprego-na-natura-e-no-grupo-pao-de-acucar\/#article","isPartOf":{"@id":"https:\/\/www.vagadeempregosp.com.br\/novas-vagas-de-emprego-na-natura-e-no-grupo-pao-de-acucar\/"},"author":{"name":"Michele","@id":"https:\/\/www.vagadeempregosp.com.br\/#\/schema\/person\/15cdff8822aa2f27a8a65ee7bbfe7ce6"},"headline":"Novas vagas de emprego na Natura e no Grupo P\u00e3o de A\u00e7\u00facar","datePublished":"2024-08-30T09:00:00+00:00","mainEntityOfPage":{"@id":"https:\/\/www.vagadeempregosp.com.br\/novas-vagas-de-emprego-na-natura-e-no-grupo-pao-de-acucar\/"},"wordCount":1056,"image":{"@id":"https:\/\/www.vagadeempregosp.com.br\/novas-vagas-de-emprego-na-natura-e-no-grupo-pao-de-acucar\/#primaryimage"},"thumbnailUrl":"https:\/\/www.vagadeempregosp.com.br\/wp-content\/uploads\/2024\/08\/image-4.png","articleSection":["Vagas de Emprego Nacionais"],"inLanguage":"es"},{"@type":"WebPage","@id":"https:\/\/www.vagadeempregosp.com.br\/novas-vagas-de-emprego-na-natura-e-no-grupo-pao-de-acucar\/","url":"https:\/\/www.vagadeempregosp.com.br\/novas-vagas-de-emprego-na-natura-e-no-grupo-pao-de-acucar\/","name":"Nuevas ofertas de empleo en Natura y Grupo P\u00e3o de A\u00e7\u00facar - Transformar vidas con tecnolog\u00eda, informaci\u00f3n y oportunidades: Descubra nuestro viaje de crecimiento","isPartOf":{"@id":"https:\/\/www.vagadeempregosp.com.br\/#website"},"primaryImageOfPage":{"@id":"https:\/\/www.vagadeempregosp.com.br\/novas-vagas-de-emprego-na-natura-e-no-grupo-pao-de-acucar\/#primaryimage"},"image":{"@id":"https:\/\/www.vagadeempregosp.com.br\/novas-vagas-de-emprego-na-natura-e-no-grupo-pao-de-acucar\/#primaryimage"},"thumbnailUrl":"https:\/\/www.vagadeempregosp.com.br\/wp-content\/uploads\/2024\/08\/image-4.png","datePublished":"2024-08-30T09:00:00+00:00","author":{"@id":"https:\/\/www.vagadeempregosp.com.br\/#\/schema\/person\/15cdff8822aa2f27a8a65ee7bbfe7ce6"},"breadcrumb":{"@id":"https:\/\/www.vagadeempregosp.com.br\/novas-vagas-de-emprego-na-natura-e-no-grupo-pao-de-acucar\/#breadcrumb"},"inLanguage":"es","potentialAction":[{"@type":"ReadAction","target":["https:\/\/www.vagadeempregosp.com.br\/novas-vagas-de-emprego-na-natura-e-no-grupo-pao-de-acucar\/"]}]},{"@type":"ImageObject","inLanguage":"es","@id":"https:\/\/www.vagadeempregosp.com.br\/novas-vagas-de-emprego-na-natura-e-no-grupo-pao-de-acucar\/#primaryimage","url":"https:\/\/www.vagadeempregosp.com.br\/wp-content\/uploads\/2024\/08\/image-4.png","contentUrl":"https:\/\/www.vagadeempregosp.com.br\/wp-content\/uploads\/2024\/08\/image-4.png","width":740,"height":494},{"@type":"BreadcrumbList","@id":"https:\/\/www.vagadeempregosp.com.br\/novas-vagas-de-emprego-na-natura-e-no-grupo-pao-de-acucar\/#breadcrumb","itemListElement":[{"@type":"ListItem","position":1,"name":"In\u00edcio","item":"https:\/\/www.vagadeempregosp.com.br\/"},{"@type":"ListItem","position":2,"name":"Vagas de Emprego Nacionais","item":"https:\/\/www.vagadeempregosp.com.br\/category\/vagas-nacionais\/"},{"@type":"ListItem","position":3,"name":"Novas vagas de emprego na Natura e no Grupo P\u00e3o de A\u00e7\u00facar"}]},{"@type":"WebSite","@id":"https:\/\/www.vagadeempregosp.com.br\/#website","url":"https:\/\/www.vagadeempregosp.com.br\/","name":"Transformar vidas con tecnolog\u00eda, informaci\u00f3n y oportunidades: Explore nuestro viaje de crecimiento","description":"Transformar vidas con tecnolog\u00eda, informaci\u00f3n y oportunidades: Explore nuestro viaje de crecimiento","potentialAction":[{"@type":"SearchAction","target":{"@type":"EntryPoint","urlTemplate":"https:\/\/www.vagadeempregosp.com.br\/?s={search_term_string}"},"query-input":{"@type":"PropertyValueSpecification","valueRequired":true,"valueName":"search_term_string"}}],"inLanguage":"es"},{"@type":"Person","@id":"https:\/\/www.vagadeempregosp.com.br\/#\/schema\/person\/15cdff8822aa2f27a8a65ee7bbfe7ce6","name":"Michele","image":{"@type":"ImageObject","inLanguage":"es","@id":"https:\/\/secure.gravatar.com\/avatar\/6b0eb9d22841282815e2cd856a0061c45e1761cd54b22e952d98c4746939aa85?s=96&r=g","url":"https:\/\/secure.gravatar.com\/avatar\/6b0eb9d22841282815e2cd856a0061c45e1761cd54b22e952d98c4746939aa85?s=96&r=g","contentUrl":"https:\/\/secure.gravatar.com\/avatar\/6b0eb9d22841282815e2cd856a0061c45e1761cd54b22e952d98c4746939aa85?s=96&r=g","caption":"Michele"},"description":"Graduada en Lenguas - Portugu\u00e9s\/Ingl\u00e9s, y creadora del sitio Escritora de Sucesso, busca ampliar el conocimiento de todos con informaciones relevantes sobre diversos temas, como escritora. En Vaga de Emprego SP, ofrece oportunidades y consejos sobre el mercado laboral.","url":"https:\/\/www.vagadeempregosp.com.br\/es\/author\/michele\/"}]}},"_links":{"self":[{"href":"https:\/\/www.vagadeempregosp.com.br\/es\/wp-json\/wp\/v2\/posts\/21942","targetHints":{"allow":["GET"]}}],"collection":[{"href":"https:\/\/www.vagadeempregosp.com.br\/es\/wp-json\/wp\/v2\/posts"}],"about":[{"href":"https:\/\/www.vagadeempregosp.com.br\/es\/wp-json\/wp\/v2\/types\/post"}],"author":[{"embeddable":true,"href":"https:\/\/www.vagadeempregosp.com.br\/es\/wp-json\/wp\/v2\/users\/11"}],"replies":[{"embeddable":true,"href":"https:\/\/www.vagadeempregosp.com.br\/es\/wp-json\/wp\/v2\/comments?post=21942"}],"version-history":[{"count":2,"href":"https:\/\/www.vagadeempregosp.com.br\/es\/wp-json\/wp\/v2\/posts\/21942\/revisions"}],"predecessor-version":[{"id":21964,"href":"https:\/\/www.vagadeempregosp.com.br\/es\/wp-json\/wp\/v2\/posts\/21942\/revisions\/21964"}],"wp:featuredmedia":[{"embeddable":true,"href":"https:\/\/www.vagadeempregosp.com.br\/es\/wp-json\/wp\/v2\/media\/21963"}],"wp:attachment":[{"href":"https:\/\/www.vagadeempregosp.com.br\/es\/wp-json\/wp\/v2\/media?parent=21942"}],"wp:term":[{"taxonomy":"category","embeddable":true,"href":"https:\/\/www.vagadeempregosp.com.br\/es\/wp-json\/wp\/v2\/categories?post=21942"},{"taxonomy":"post_tag","embeddable":true,"href":"https:\/\/www.vagadeempregosp.com.br\/es\/wp-json\/wp\/v2\/tags?post=21942"}],"curies":[{"name":"wp","href":"https:\/\/api.w.org\/{rel}","templated":true}]}}