{"id":21824,"date":"2024-06-26T01:00:00","date_gmt":"2024-06-26T04:00:00","guid":{"rendered":"https:\/\/www.vagadeempregosp.com.br\/?p=21824"},"modified":"2025-06-15T15:19:37","modified_gmt":"2025-06-15T18:19:37","slug":"blue-abre-mas-de-186-ofertas-de-empleo-en-todo-el-pais-ver-oportunidades","status":"publish","type":"post","link":"https:\/\/www.vagadeempregosp.com.br\/es\/azul-abre-mais-de-186-vagas-de-emprego-pelo-pais-veja-oportunidades\/","title":{"rendered":"Azul abre m\u00e1s de 186 ofertas de empleo en todo el pa\u00eds; ver oportunidades"},"content":{"rendered":"<p>Azul Linhas A\u00e9reas Brasileiras, una de las principales compa\u00f1\u00edas a\u00e9reas de Brasil, est\u00e1 ampliando sus operaciones y ha anunciado la apertura de m\u00e1s de 186 vacantes de empleo en diversas \u00e1reas y localidades de todo el pa\u00eds.<\/p>\n\n\n\n<h2 class=\"wp-block-heading\">Expansi\u00f3n y oportunidades<\/h2>\n\n\n\n<p>Con el continuo crecimiento del sector de la aviaci\u00f3n en Brasil, Azul se ha destacado no s\u00f3lo por el aumento de su flota y sus rutas, sino tambi\u00e9n por la ampliaci\u00f3n de su equipo.&nbsp;<\/p>\n\n\n\n<p>Las oportunidades de empleo abarcan distintos niveles de experiencia y van desde puestos operativos a funciones estrat\u00e9gicas, lo que refleja el compromiso de la empresa de invertir en el desarrollo del talento y la creaci\u00f3n de empleo en diversas regiones del pa\u00eds.<\/p>\n\n\n\n<figure class=\"wp-block-image size-large\"><img loading=\"lazy\" decoding=\"async\" width=\"1024\" height=\"1024\" src=\"https:\/\/www.vagadeempregosp.com.br\/wp-content\/uploads\/2024\/06\/image-2-1024x1024.png\" alt=\"\" class=\"wp-image-21830\" srcset=\"https:\/\/www.vagadeempregosp.com.br\/wp-content\/uploads\/2024\/06\/image-2-1024x1024.png 1024w, https:\/\/www.vagadeempregosp.com.br\/wp-content\/uploads\/2024\/06\/image-2-300x300.png 300w, https:\/\/www.vagadeempregosp.com.br\/wp-content\/uploads\/2024\/06\/image-2-150x150.png 150w, https:\/\/www.vagadeempregosp.com.br\/wp-content\/uploads\/2024\/06\/image-2-768x768.png 768w, https:\/\/www.vagadeempregosp.com.br\/wp-content\/uploads\/2024\/06\/image-2-12x12.png 12w, https:\/\/www.vagadeempregosp.com.br\/wp-content\/uploads\/2024\/06\/image-2.png 1280w\" sizes=\"auto, (max-width: 1024px) 100vw, 1024px\" \/><\/figure>\n\n\n\n<h3 class=\"wp-block-heading\">\u00c1reas de especializaci\u00f3n<\/h3>\n\n\n\n<p>Las vacantes se distribuyen en diversas \u00e1reas y departamentos de la empresa:<\/p>\n\n\n\n<ul class=\"wp-block-list\">\n<li><strong>Operaciones aeroportuarias<\/strong>Oportunidades para profesionales interesados en trabajar directamente en los aeropuertos, garantizando el flujo seguro y eficaz de pasajeros y equipajes.<\/li>\n<\/ul>\n\n\n\n<ul class=\"wp-block-list\">\n<li><strong>Tripulaci\u00f3n de vuelo<\/strong>Vacantes para auxiliares de vuelo y pilotos, que son esenciales para garantizar la comodidad y la seguridad de los pasajeros en los vuelos de Azul.<\/li>\n<\/ul>\n\n\n\n<ul class=\"wp-block-list\">\n<li><strong>Tecnolog\u00edas de la informaci\u00f3n<\/strong>Puestos centrados en desarrollo de software, infraestructura inform\u00e1tica, ciberseguridad y soporte t\u00e9cnico, esenciales para mantener el buen funcionamiento de la empresa.<\/li>\n<\/ul>\n\n\n\n<ul class=\"wp-block-list\">\n<li><strong>Atenci\u00f3n al cliente<\/strong>: Oportunidades para profesionales dedicados a ofrecer una experiencia positiva a los pasajeros, tanto en tierra como a bordo.<\/li>\n<\/ul>\n\n\n\n<ul class=\"wp-block-list\">\n<li><strong>Administraci\u00f3n y Finanzas<\/strong>Vacantes en \u00e1reas como contabilidad, gesti\u00f3n financiera, recursos humanos y administraci\u00f3n general, que apoyan las operaciones diarias y el crecimiento estrat\u00e9gico de Azul.<\/li>\n<\/ul>\n\n\n\n<ul class=\"wp-block-list\">\n<li><strong>Marketing y Comunicaci\u00f3n<\/strong>: Puestos para profesionales creativos y estrat\u00e9gicos interesados en reforzar la marca Azul y ampliar su presencia en el mercado.<\/li>\n<\/ul>\n\n\n\n<h2 class=\"wp-block-heading\">Beneficios y cultura organizativa<\/h2>\n\n\n\n<p>Adem\u00e1s de las oportunidades de desarrollo y crecimiento profesional dentro de la empresa, Azul ofrece una serie de beneficios a sus empleados, que pueden incluir seguro m\u00e9dico, vales de comida o comida, bonos de transporte, programas de incentivos educativos y formaci\u00f3n especializada.&nbsp;<\/p>\n\n\n\n<p>La empresa tambi\u00e9n valora la diversidad y la inclusi\u00f3n, tratando de promover un entorno de trabajo colaborativo e innovador.<\/p>\n\n\n\n<h2 class=\"wp-block-heading\">C\u00f3mo inscribirse<\/h2>\n\n\n\n<p>El proceso de selecci\u00f3n de Azul se centra en identificar talentos que compartan los valores de la empresa, como la seguridad, la excelencia en el servicio al cliente, el compromiso con los resultados y el trabajo en equipo.&nbsp;<\/p>\n\n\n\n<p>Los candidatos interesados deben acceder al <a href=\"https:\/\/www.voeazul.com.br\/br\/pt\/sobreazul\/conheca-azul\/trabalhe-na-azul\">sitio web oficial<\/a> e inscriba su CV para el puesto de su inter\u00e9s. La selecci\u00f3n puede incluir etapas como el an\u00e1lisis del CV, entrevistas individuales y evaluaciones espec\u00edficas seg\u00fan el \u00e1rea deseada.<\/p>\n\n\n\n<h2 class=\"wp-block-heading\">C\u00f3mo preparar las entrevistas<\/h2>\n\n\n\n<p>Si buscas nuevos retos y quieres contribuir al \u00e9xito de una de las mayores aerol\u00edneas del pa\u00eds, no dejes de consultar las oportunidades disponibles y presentar tu candidatura.&nbsp;<\/p>\n\n\n\n<p>Sin embargo, para destacar durante el proceso de selecci\u00f3n, se recomienda que los candidatos se preparen para las entrevistas.&nbsp;<\/p>\n\n\n\n<ul class=\"wp-block-list\">\n<li>Investigue sobre la empresa: Conocer la historia, los valores y los objetivos de Azul demuestra un inter\u00e9s genuino por el trabajo.<\/li>\n<\/ul>\n\n\n\n<ul class=\"wp-block-list\">\n<li>Prepara ejemplos: Prep\u00e1rate para hablar de experiencias anteriores y de c\u00f3mo tus habilidades pueden contribuir al \u00e9xito de la empresa.<\/li>\n<\/ul>\n\n\n\n<ul class=\"wp-block-list\">\n<li>Demostrar aptitudes t\u00e9cnicas y de comportamiento: Estar preparado para demostrar competencias espec\u00edficas relacionadas con el puesto deseado, as\u00ed como aptitudes interpersonales valoradas por Azul.<\/li>\n<\/ul>\n\n\n\n<h2 class=\"wp-block-heading\">Excelente oportunidad<\/h2>\n\n\n\n<p>La apertura de m\u00e1s de 186 vacantes de empleo en Azul representa una excelente oportunidad para los profesionales que deseen incorporarse a una empresa innovadora y l\u00edder en el sector de la aviaci\u00f3n en Brasil.&nbsp;<\/p>\n\n\n\n<p>Con una variedad de \u00e1reas de actuaci\u00f3n y un compromiso con el desarrollo y el bienestar de sus empleados, Azul reafirma su papel como empleador l\u00edder en el mercado brasile\u00f1o.&nbsp;<\/p>\n\n\n\n<p><strong>V\u00e9ase tambi\u00e9n: <a href=\"https:\/\/www.vagadeempregosp.com.br\/es\/empleos-en-suiza-para-brasilenos-ver-oportunidades-abiertas\/\">Empleo en Suiza para brasile\u00f1os: Ver oportunidades abiertas<\/a><\/strong><\/p>\n\n\n\n<p>26 de junio de 2024<\/p>","protected":false},"excerpt":{"rendered":"<p>A Azul Linhas A\u00e9reas Brasileiras, uma das principais companhias a\u00e9reas do Brasil, est\u00e1 expandindo suas opera\u00e7\u00f5es e anunciou a abertura de mais de 186 vagas de emprego em diversas \u00e1reas e localidades pelo pa\u00eds. Expans\u00e3o e Oportunidades Com o crescimento cont\u00ednuo do setor de avia\u00e7\u00e3o no Brasil, a Azul tem se destacado n\u00e3o apenas pelo&hellip;&nbsp;<\/p>","protected":false},"author":11,"featured_media":21830,"comment_status":"closed","ping_status":"closed","sticky":false,"template":"","format":"standard","meta":{"neve_meta_sidebar":"","neve_meta_container":"","neve_meta_enable_content_width":"","neve_meta_content_width":0,"neve_meta_title_alignment":"","neve_meta_author_avatar":"","neve_post_elements_order":"","neve_meta_disable_header":"","neve_meta_disable_footer":"","neve_meta_disable_title":"","footnotes":""},"categories":[297],"tags":[79],"class_list":["post-21824","post","type-post","status-publish","format-standard","has-post-thumbnail","hentry","category-vagas-de-emprego-internacional","tag-oportunidades"],"yoast_head":"<!-- This site is optimized with the Yoast SEO plugin v27.5 - https:\/\/yoast.com\/product\/yoast-seo-wordpress\/ -->\n<title>Azul abre mais de 186 vagas de emprego pelo pa\u00eds; veja oportunidades - Transformando Vidas com Tecnologia, Informa\u00e7\u00e3o e Oportunidades: Explore Nossa Jornada de Crescimento<\/title>\n<meta name=\"robots\" content=\"index, follow, max-snippet:-1, max-image-preview:large, max-video-preview:-1\" \/>\n<link rel=\"canonical\" href=\"https:\/\/www.vagadeempregosp.com.br\/es\/blue-abre-mas-de-186-ofertas-de-empleo-en-todo-el-pais-ver-oportunidades\/\" \/>\n<meta property=\"og:locale\" content=\"es_ES\" \/>\n<meta property=\"og:type\" content=\"article\" \/>\n<meta property=\"og:title\" content=\"Azul abre mais de 186 vagas de emprego pelo pa\u00eds; veja oportunidades - Transformando Vidas com Tecnologia, Informa\u00e7\u00e3o e Oportunidades: Explore Nossa Jornada de Crescimento\" \/>\n<meta property=\"og:description\" content=\"A Azul Linhas A\u00e9reas Brasileiras, uma das principais companhias a\u00e9reas do Brasil, est\u00e1 expandindo suas opera\u00e7\u00f5es e anunciou a abertura de mais de 186 vagas de emprego em diversas \u00e1reas e localidades pelo pa\u00eds. Expans\u00e3o e Oportunidades Com o crescimento cont\u00ednuo do setor de avia\u00e7\u00e3o no Brasil, a Azul tem se destacado n\u00e3o apenas pelo&hellip;&nbsp;\" \/>\n<meta property=\"og:url\" content=\"https:\/\/www.vagadeempregosp.com.br\/es\/blue-abre-mas-de-186-ofertas-de-empleo-en-todo-el-pais-ver-oportunidades\/\" \/>\n<meta property=\"og:site_name\" content=\"Transformando Vidas com Tecnologia, Informa\u00e7\u00e3o e Oportunidades: Explore Nossa Jornada de Crescimento\" \/>\n<meta property=\"article:published_time\" content=\"2024-06-26T04:00:00+00:00\" \/>\n<meta property=\"article:modified_time\" content=\"2025-06-15T18:19:37+00:00\" \/>\n<meta property=\"og:image\" content=\"https:\/\/www.vagadeempregosp.com.br\/wp-content\/uploads\/2024\/06\/image-2-1024x1024.png\" \/>\n\t<meta property=\"og:image:width\" content=\"1024\" \/>\n\t<meta property=\"og:image:height\" content=\"1024\" \/>\n\t<meta property=\"og:image:type\" content=\"image\/png\" \/>\n<meta name=\"author\" content=\"Michele\" \/>\n<meta name=\"twitter:card\" content=\"summary_large_image\" \/>\n<meta name=\"twitter:label1\" content=\"Escrito por\" \/>\n\t<meta name=\"twitter:data1\" content=\"Michele\" \/>\n\t<meta name=\"twitter:label2\" content=\"Tiempo de lectura\" \/>\n\t<meta name=\"twitter:data2\" content=\"3 minutos\" \/>\n<script type=\"application\/ld+json\" class=\"yoast-schema-graph\">{\"@context\":\"https:\\\/\\\/schema.org\",\"@graph\":[{\"@type\":\"Article\",\"@id\":\"https:\\\/\\\/www.vagadeempregosp.com.br\\\/azul-abre-mais-de-186-vagas-de-emprego-pelo-pais-veja-oportunidades\\\/#article\",\"isPartOf\":{\"@id\":\"https:\\\/\\\/www.vagadeempregosp.com.br\\\/azul-abre-mais-de-186-vagas-de-emprego-pelo-pais-veja-oportunidades\\\/\"},\"author\":{\"name\":\"Michele\",\"@id\":\"https:\\\/\\\/www.vagadeempregosp.com.br\\\/#\\\/schema\\\/person\\\/15cdff8822aa2f27a8a65ee7bbfe7ce6\"},\"headline\":\"Azul abre mais de 186 vagas de emprego pelo pa\u00eds; veja oportunidades\",\"datePublished\":\"2024-06-26T04:00:00+00:00\",\"dateModified\":\"2025-06-15T18:19:37+00:00\",\"mainEntityOfPage\":{\"@id\":\"https:\\\/\\\/www.vagadeempregosp.com.br\\\/azul-abre-mais-de-186-vagas-de-emprego-pelo-pais-veja-oportunidades\\\/\"},\"wordCount\":684,\"image\":{\"@id\":\"https:\\\/\\\/www.vagadeempregosp.com.br\\\/azul-abre-mais-de-186-vagas-de-emprego-pelo-pais-veja-oportunidades\\\/#primaryimage\"},\"thumbnailUrl\":\"https:\\\/\\\/www.vagadeempregosp.com.br\\\/wp-content\\\/uploads\\\/2024\\\/06\\\/image-2.png\",\"keywords\":[\"oportunidades\"],\"articleSection\":[\"Vagas de Emprego Internacional\"],\"inLanguage\":\"es\"},{\"@type\":\"WebPage\",\"@id\":\"https:\\\/\\\/www.vagadeempregosp.com.br\\\/azul-abre-mais-de-186-vagas-de-emprego-pelo-pais-veja-oportunidades\\\/\",\"url\":\"https:\\\/\\\/www.vagadeempregosp.com.br\\\/azul-abre-mais-de-186-vagas-de-emprego-pelo-pais-veja-oportunidades\\\/\",\"name\":\"Azul abre mais de 186 vagas de emprego pelo pa\u00eds; veja oportunidades - Transformando Vidas com Tecnologia, Informa\u00e7\u00e3o e Oportunidades: Explore Nossa Jornada de Crescimento\",\"isPartOf\":{\"@id\":\"https:\\\/\\\/www.vagadeempregosp.com.br\\\/#website\"},\"primaryImageOfPage\":{\"@id\":\"https:\\\/\\\/www.vagadeempregosp.com.br\\\/azul-abre-mais-de-186-vagas-de-emprego-pelo-pais-veja-oportunidades\\\/#primaryimage\"},\"image\":{\"@id\":\"https:\\\/\\\/www.vagadeempregosp.com.br\\\/azul-abre-mais-de-186-vagas-de-emprego-pelo-pais-veja-oportunidades\\\/#primaryimage\"},\"thumbnailUrl\":\"https:\\\/\\\/www.vagadeempregosp.com.br\\\/wp-content\\\/uploads\\\/2024\\\/06\\\/image-2.png\",\"datePublished\":\"2024-06-26T04:00:00+00:00\",\"dateModified\":\"2025-06-15T18:19:37+00:00\",\"author\":{\"@id\":\"https:\\\/\\\/www.vagadeempregosp.com.br\\\/#\\\/schema\\\/person\\\/15cdff8822aa2f27a8a65ee7bbfe7ce6\"},\"breadcrumb\":{\"@id\":\"https:\\\/\\\/www.vagadeempregosp.com.br\\\/azul-abre-mais-de-186-vagas-de-emprego-pelo-pais-veja-oportunidades\\\/#breadcrumb\"},\"inLanguage\":\"es\",\"potentialAction\":[{\"@type\":\"ReadAction\",\"target\":[\"https:\\\/\\\/www.vagadeempregosp.com.br\\\/azul-abre-mais-de-186-vagas-de-emprego-pelo-pais-veja-oportunidades\\\/\"]}]},{\"@type\":\"ImageObject\",\"inLanguage\":\"es\",\"@id\":\"https:\\\/\\\/www.vagadeempregosp.com.br\\\/azul-abre-mais-de-186-vagas-de-emprego-pelo-pais-veja-oportunidades\\\/#primaryimage\",\"url\":\"https:\\\/\\\/www.vagadeempregosp.com.br\\\/wp-content\\\/uploads\\\/2024\\\/06\\\/image-2.png\",\"contentUrl\":\"https:\\\/\\\/www.vagadeempregosp.com.br\\\/wp-content\\\/uploads\\\/2024\\\/06\\\/image-2.png\",\"width\":1280,\"height\":1280},{\"@type\":\"BreadcrumbList\",\"@id\":\"https:\\\/\\\/www.vagadeempregosp.com.br\\\/azul-abre-mais-de-186-vagas-de-emprego-pelo-pais-veja-oportunidades\\\/#breadcrumb\",\"itemListElement\":[{\"@type\":\"ListItem\",\"position\":1,\"name\":\"In\u00edcio\",\"item\":\"https:\\\/\\\/www.vagadeempregosp.com.br\\\/\"},{\"@type\":\"ListItem\",\"position\":2,\"name\":\"Azul abre mais de 186 vagas de emprego pelo pa\u00eds; veja oportunidades\"}]},{\"@type\":\"WebSite\",\"@id\":\"https:\\\/\\\/www.vagadeempregosp.com.br\\\/#website\",\"url\":\"https:\\\/\\\/www.vagadeempregosp.com.br\\\/\",\"name\":\"Transformando Vidas com Tecnologia, Informa\u00e7\u00e3o e Oportunidades: Explore Nossa Jornada de Crescimento\",\"description\":\"Transformando Vidas com Tecnologia, Informa\u00e7\u00e3o e Oportunidades: Explore Nossa Jornada de Crescimento\",\"potentialAction\":[{\"@type\":\"SearchAction\",\"target\":{\"@type\":\"EntryPoint\",\"urlTemplate\":\"https:\\\/\\\/www.vagadeempregosp.com.br\\\/?s={search_term_string}\"},\"query-input\":{\"@type\":\"PropertyValueSpecification\",\"valueRequired\":true,\"valueName\":\"search_term_string\"}}],\"inLanguage\":\"es\"},{\"@type\":\"Person\",\"@id\":\"https:\\\/\\\/www.vagadeempregosp.com.br\\\/#\\\/schema\\\/person\\\/15cdff8822aa2f27a8a65ee7bbfe7ce6\",\"name\":\"Michele\",\"image\":{\"@type\":\"ImageObject\",\"inLanguage\":\"es\",\"@id\":\"https:\\\/\\\/secure.gravatar.com\\\/avatar\\\/6b0eb9d22841282815e2cd856a0061c45e1761cd54b22e952d98c4746939aa85?s=96&r=g\",\"url\":\"https:\\\/\\\/secure.gravatar.com\\\/avatar\\\/6b0eb9d22841282815e2cd856a0061c45e1761cd54b22e952d98c4746939aa85?s=96&r=g\",\"contentUrl\":\"https:\\\/\\\/secure.gravatar.com\\\/avatar\\\/6b0eb9d22841282815e2cd856a0061c45e1761cd54b22e952d98c4746939aa85?s=96&r=g\",\"caption\":\"Michele\"},\"description\":\"Formada em Letras - Portugu\u00eas\\\/ Ingl\u00eas, e idealizadora do site Escritora de Sucesso, busca expandir o conhecimento de todos com informa\u00e7\u00f5es relevantes sobre diversos assuntos, enquanto redatora. No Vaga de Emprego SP, traz oportunidades e dicas sobre o mercado de trabalho.\",\"url\":\"https:\\\/\\\/www.vagadeempregosp.com.br\\\/es\\\/author\\\/michele\\\/\"}]}<\/script>\n<!-- \/ Yoast SEO plugin. -->","yoast_head_json":{"title":"Azul abre m\u00e1s de 186 ofertas de empleo en todo el pa\u00eds; ver oportunidades - Transformando Vidas con Tecnolog\u00eda, Informaci\u00f3n y Oportunidades: Explore Nuestro Viaje de Crecimiento","robots":{"index":"index","follow":"follow","max-snippet":"max-snippet:-1","max-image-preview":"max-image-preview:large","max-video-preview":"max-video-preview:-1"},"canonical":"https:\/\/www.vagadeempregosp.com.br\/es\/blue-abre-mas-de-186-ofertas-de-empleo-en-todo-el-pais-ver-oportunidades\/","og_locale":"es_ES","og_type":"article","og_title":"Azul abre mais de 186 vagas de emprego pelo pa\u00eds; veja oportunidades - Transformando Vidas com Tecnologia, Informa\u00e7\u00e3o e Oportunidades: Explore Nossa Jornada de Crescimento","og_description":"A Azul Linhas A\u00e9reas Brasileiras, uma das principais companhias a\u00e9reas do Brasil, est\u00e1 expandindo suas opera\u00e7\u00f5es e anunciou a abertura de mais de 186 vagas de emprego em diversas \u00e1reas e localidades pelo pa\u00eds. Expans\u00e3o e Oportunidades Com o crescimento cont\u00ednuo do setor de avia\u00e7\u00e3o no Brasil, a Azul tem se destacado n\u00e3o apenas pelo&hellip;&nbsp;","og_url":"https:\/\/www.vagadeempregosp.com.br\/es\/blue-abre-mas-de-186-ofertas-de-empleo-en-todo-el-pais-ver-oportunidades\/","og_site_name":"Transformando Vidas com Tecnologia, Informa\u00e7\u00e3o e Oportunidades: Explore Nossa Jornada de Crescimento","article_published_time":"2024-06-26T04:00:00+00:00","article_modified_time":"2025-06-15T18:19:37+00:00","og_image":[{"width":1024,"height":1024,"url":"https:\/\/www.vagadeempregosp.com.br\/wp-content\/uploads\/2024\/06\/image-2-1024x1024.png","type":"image\/png"}],"author":"Michele","twitter_card":"summary_large_image","twitter_misc":{"Escrito por":"Michele","Tiempo de lectura":"3 minutos"},"schema":{"@context":"https:\/\/schema.org","@graph":[{"@type":"Article","@id":"https:\/\/www.vagadeempregosp.com.br\/azul-abre-mais-de-186-vagas-de-emprego-pelo-pais-veja-oportunidades\/#article","isPartOf":{"@id":"https:\/\/www.vagadeempregosp.com.br\/azul-abre-mais-de-186-vagas-de-emprego-pelo-pais-veja-oportunidades\/"},"author":{"name":"Michele","@id":"https:\/\/www.vagadeempregosp.com.br\/#\/schema\/person\/15cdff8822aa2f27a8a65ee7bbfe7ce6"},"headline":"Azul abre mais de 186 vagas de emprego pelo pa\u00eds; veja oportunidades","datePublished":"2024-06-26T04:00:00+00:00","dateModified":"2025-06-15T18:19:37+00:00","mainEntityOfPage":{"@id":"https:\/\/www.vagadeempregosp.com.br\/azul-abre-mais-de-186-vagas-de-emprego-pelo-pais-veja-oportunidades\/"},"wordCount":684,"image":{"@id":"https:\/\/www.vagadeempregosp.com.br\/azul-abre-mais-de-186-vagas-de-emprego-pelo-pais-veja-oportunidades\/#primaryimage"},"thumbnailUrl":"https:\/\/www.vagadeempregosp.com.br\/wp-content\/uploads\/2024\/06\/image-2.png","keywords":["oportunidades"],"articleSection":["Vagas de Emprego Internacional"],"inLanguage":"es"},{"@type":"WebPage","@id":"https:\/\/www.vagadeempregosp.com.br\/azul-abre-mais-de-186-vagas-de-emprego-pelo-pais-veja-oportunidades\/","url":"https:\/\/www.vagadeempregosp.com.br\/azul-abre-mais-de-186-vagas-de-emprego-pelo-pais-veja-oportunidades\/","name":"Azul abre m\u00e1s de 186 ofertas de empleo en todo el pa\u00eds; ver oportunidades - Transformando Vidas con Tecnolog\u00eda, Informaci\u00f3n y Oportunidades: Explore Nuestro Viaje de Crecimiento","isPartOf":{"@id":"https:\/\/www.vagadeempregosp.com.br\/#website"},"primaryImageOfPage":{"@id":"https:\/\/www.vagadeempregosp.com.br\/azul-abre-mais-de-186-vagas-de-emprego-pelo-pais-veja-oportunidades\/#primaryimage"},"image":{"@id":"https:\/\/www.vagadeempregosp.com.br\/azul-abre-mais-de-186-vagas-de-emprego-pelo-pais-veja-oportunidades\/#primaryimage"},"thumbnailUrl":"https:\/\/www.vagadeempregosp.com.br\/wp-content\/uploads\/2024\/06\/image-2.png","datePublished":"2024-06-26T04:00:00+00:00","dateModified":"2025-06-15T18:19:37+00:00","author":{"@id":"https:\/\/www.vagadeempregosp.com.br\/#\/schema\/person\/15cdff8822aa2f27a8a65ee7bbfe7ce6"},"breadcrumb":{"@id":"https:\/\/www.vagadeempregosp.com.br\/azul-abre-mais-de-186-vagas-de-emprego-pelo-pais-veja-oportunidades\/#breadcrumb"},"inLanguage":"es","potentialAction":[{"@type":"ReadAction","target":["https:\/\/www.vagadeempregosp.com.br\/azul-abre-mais-de-186-vagas-de-emprego-pelo-pais-veja-oportunidades\/"]}]},{"@type":"ImageObject","inLanguage":"es","@id":"https:\/\/www.vagadeempregosp.com.br\/azul-abre-mais-de-186-vagas-de-emprego-pelo-pais-veja-oportunidades\/#primaryimage","url":"https:\/\/www.vagadeempregosp.com.br\/wp-content\/uploads\/2024\/06\/image-2.png","contentUrl":"https:\/\/www.vagadeempregosp.com.br\/wp-content\/uploads\/2024\/06\/image-2.png","width":1280,"height":1280},{"@type":"BreadcrumbList","@id":"https:\/\/www.vagadeempregosp.com.br\/azul-abre-mais-de-186-vagas-de-emprego-pelo-pais-veja-oportunidades\/#breadcrumb","itemListElement":[{"@type":"ListItem","position":1,"name":"In\u00edcio","item":"https:\/\/www.vagadeempregosp.com.br\/"},{"@type":"ListItem","position":2,"name":"Azul abre mais de 186 vagas de emprego pelo pa\u00eds; veja oportunidades"}]},{"@type":"WebSite","@id":"https:\/\/www.vagadeempregosp.com.br\/#website","url":"https:\/\/www.vagadeempregosp.com.br\/","name":"Transformar vidas con tecnolog\u00eda, informaci\u00f3n y oportunidades: Explore nuestro viaje de crecimiento","description":"Transformar vidas con tecnolog\u00eda, informaci\u00f3n y oportunidades: Explore nuestro viaje de crecimiento","potentialAction":[{"@type":"SearchAction","target":{"@type":"EntryPoint","urlTemplate":"https:\/\/www.vagadeempregosp.com.br\/?s={search_term_string}"},"query-input":{"@type":"PropertyValueSpecification","valueRequired":true,"valueName":"search_term_string"}}],"inLanguage":"es"},{"@type":"Person","@id":"https:\/\/www.vagadeempregosp.com.br\/#\/schema\/person\/15cdff8822aa2f27a8a65ee7bbfe7ce6","name":"Michele","image":{"@type":"ImageObject","inLanguage":"es","@id":"https:\/\/secure.gravatar.com\/avatar\/6b0eb9d22841282815e2cd856a0061c45e1761cd54b22e952d98c4746939aa85?s=96&r=g","url":"https:\/\/secure.gravatar.com\/avatar\/6b0eb9d22841282815e2cd856a0061c45e1761cd54b22e952d98c4746939aa85?s=96&r=g","contentUrl":"https:\/\/secure.gravatar.com\/avatar\/6b0eb9d22841282815e2cd856a0061c45e1761cd54b22e952d98c4746939aa85?s=96&r=g","caption":"Michele"},"description":"Graduada en Lenguas - Portugu\u00e9s\/Ingl\u00e9s, y creadora del sitio Escritora de Sucesso, busca ampliar el conocimiento de todos con informaciones relevantes sobre diversos temas, como escritora. En Vaga de Emprego SP, ofrece oportunidades y consejos sobre el mercado laboral.","url":"https:\/\/www.vagadeempregosp.com.br\/es\/author\/michele\/"}]}},"_links":{"self":[{"href":"https:\/\/www.vagadeempregosp.com.br\/es\/wp-json\/wp\/v2\/posts\/21824","targetHints":{"allow":["GET"]}}],"collection":[{"href":"https:\/\/www.vagadeempregosp.com.br\/es\/wp-json\/wp\/v2\/posts"}],"about":[{"href":"https:\/\/www.vagadeempregosp.com.br\/es\/wp-json\/wp\/v2\/types\/post"}],"author":[{"embeddable":true,"href":"https:\/\/www.vagadeempregosp.com.br\/es\/wp-json\/wp\/v2\/users\/11"}],"replies":[{"embeddable":true,"href":"https:\/\/www.vagadeempregosp.com.br\/es\/wp-json\/wp\/v2\/comments?post=21824"}],"version-history":[{"count":2,"href":"https:\/\/www.vagadeempregosp.com.br\/es\/wp-json\/wp\/v2\/posts\/21824\/revisions"}],"predecessor-version":[{"id":21831,"href":"https:\/\/www.vagadeempregosp.com.br\/es\/wp-json\/wp\/v2\/posts\/21824\/revisions\/21831"}],"wp:featuredmedia":[{"embeddable":true,"href":"https:\/\/www.vagadeempregosp.com.br\/es\/wp-json\/wp\/v2\/media\/21830"}],"wp:attachment":[{"href":"https:\/\/www.vagadeempregosp.com.br\/es\/wp-json\/wp\/v2\/media?parent=21824"}],"wp:term":[{"taxonomy":"category","embeddable":true,"href":"https:\/\/www.vagadeempregosp.com.br\/es\/wp-json\/wp\/v2\/categories?post=21824"},{"taxonomy":"post_tag","embeddable":true,"href":"https:\/\/www.vagadeempregosp.com.br\/es\/wp-json\/wp\/v2\/tags?post=21824"}],"curies":[{"name":"wp","href":"https:\/\/api.w.org\/{rel}","templated":true}]}}