{"id":21667,"date":"2024-04-21T00:01:00","date_gmt":"2024-04-21T03:01:00","guid":{"rendered":"https:\/\/www.vagadeempregosp.com.br\/?p=21667"},"modified":"2025-06-15T15:17:44","modified_gmt":"2025-06-15T18:17:44","slug":"como-conciliar-la-vida-laboral-y-familiar-consejos-para-una-carrera-profesional-de-exito","status":"publish","type":"post","link":"https:\/\/www.vagadeempregosp.com.br\/es\/como-manter-o-equilibrio-entre-vida-profissional-e-pessoal-dicas-para-uma-carreira-de-sucesso\/","title":{"rendered":"C\u00f3mo mantener el equilibrio entre trabajo y vida privada: consejos para una carrera profesional de \u00e9xito"},"content":{"rendered":"<p>En el vertiginoso mundo actual, conciliar la vida profesional y personal puede parecer una tarea monumental. Con las crecientes exigencias del trabajo, los compromisos familiares y la necesidad de tiempo para uno mismo, puede resultar dif\u00edcil encontrar un equilibrio saludable. Sin embargo, lograr este equilibrio es esencial para una carrera profesional de \u00e9xito y una vida satisfactoria en su conjunto.&nbsp;<\/p>\n\n\n\n<h2 class=\"wp-block-heading\">Consejos para mantener el equilibrio entre trabajo y vida privada<\/h2>\n\n\n\n<p>Encontrar el equilibrio entre la vida laboral y personal es una b\u00fasqueda constante para muchos de nosotros. A medida que avanzamos en nuestras carreras y nos enfrentamos a las crecientes exigencias del trabajo, a menudo nos encontramos luchando por conciliar nuestras responsabilidades profesionales con el tiempo dedicado a la familia, los amigos y, sobre todo, a nosotros mismos.<\/p>\n\n\n\n<h3 class=\"wp-block-heading\">Comprenda sus prioridades<\/h3>\n\n\n\n<p>El primer paso para lograr el equilibrio entre trabajo y vida privada es conocer sus prioridades. T\u00f3mese un tiempo para reflexionar sobre lo que es m\u00e1s importante para usted en su vida. Esto puede incluir su carrera, sus relaciones, su salud, sus aficiones y su tiempo libre. Identificar tus prioridades te ayudar\u00e1 a tomar decisiones m\u00e1s conscientes sobre c\u00f3mo asignar tu tiempo y energ\u00eda.<\/p>\n\n\n\n<h3 class=\"wp-block-heading\">Establecer l\u00edmites claros<\/h3>\n\n\n\n<p>Establecer l\u00edmites claros entre la vida profesional y la personal es clave para mantener el equilibrio. Esto puede implicar fijar un horario de trabajo espec\u00edfico y cumplirlo, incluso si trabajas desde casa. Aprenda tambi\u00e9n a decir no a las peticiones de trabajo que interfieran significativamente con sus compromisos personales o su tiempo libre. Establecer l\u00edmites saludables le ayudar\u00e1 a proteger su tiempo personal y a evitar el agotamiento.<\/p>\n\n\n\n<h3 class=\"wp-block-heading\">Gestione su tiempo con eficacia<\/h3>\n\n\n\n<p>Gestionar el tiempo con eficacia es una habilidad crucial para equilibrar la vida profesional y personal. Utilice t\u00e9cnicas de gesti\u00f3n del tiempo como la t\u00e9cnica Pomodoro, que consiste en trabajar durante periodos concentrados de tiempo, seguidos de breves descansos. Adem\u00e1s, priorice sus tareas en funci\u00f3n de su importancia y plazo, y aprenda a delegar cuando sea posible. Si eres m\u00e1s eficiente con tu tiempo, tendr\u00e1s m\u00e1s oportunidades de disfrutar de momentos personales significativos.<\/p>\n\n\n\n<figure class=\"wp-block-image size-large\"><img loading=\"lazy\" decoding=\"async\" width=\"1024\" height=\"579\" src=\"https:\/\/www.vagadeempregosp.com.br\/wp-content\/uploads\/2024\/04\/image-1024x579.png\" alt=\"\" class=\"wp-image-21675\" srcset=\"https:\/\/www.vagadeempregosp.com.br\/wp-content\/uploads\/2024\/04\/image-1024x579.png 1024w, https:\/\/www.vagadeempregosp.com.br\/wp-content\/uploads\/2024\/04\/image-300x170.png 300w, https:\/\/www.vagadeempregosp.com.br\/wp-content\/uploads\/2024\/04\/image-768x434.png 768w, https:\/\/www.vagadeempregosp.com.br\/wp-content\/uploads\/2024\/04\/image-18x10.png 18w, https:\/\/www.vagadeempregosp.com.br\/wp-content\/uploads\/2024\/04\/image.png 1280w\" sizes=\"auto, (max-width: 1024px) 100vw, 1024px\" \/><\/figure>\n\n\n\n<h3 class=\"wp-block-heading\">Practicar el autocuidado<\/h3>\n\n\n\n<p>El autocuidado desempe\u00f1a un papel clave para equilibrar la vida profesional y personal. Dedique tiempo regularmente a cuidarse, ya sea mediante ejercicio f\u00edsico, meditaci\u00f3n, aficiones o simplemente relaj\u00e1ndose. Cuida tu salud f\u00edsica y mental, ya que esto te dar\u00e1 la energ\u00eda y la resistencia que necesitas para afrontar los retos tanto en el trabajo como en tu vida personal.<\/p>\n\n\n\n<h3 class=\"wp-block-heading\">Crear fronteras digitales<\/h3>\n\n\n\n<p>Con la tecnolog\u00eda desempe\u00f1ando un papel cada vez m\u00e1s dominante en nuestras vidas, puede resultar dif\u00edcil desconectar del trabajo. Sin embargo, es esencial establecer l\u00edmites digitales para proteger tu tiempo personal. Desactive las notificaciones de correo electr\u00f3nico fuera del horario laboral y evite consultar constantemente el tel\u00e9fono m\u00f3vil. Reserva momentos espec\u00edficos del d\u00eda para revisar y responder correos y mensajes de trabajo, y utiliza el resto del tiempo para desconectar y centrarte en actividades personales.<\/p>\n\n\n\n<h3 class=\"wp-block-heading\">Invertir en relaciones significativas<\/h3>\n\n\n\n<p>Mantener relaciones significativas con amigos y familiares desempe\u00f1a un papel crucial en la conciliaci\u00f3n de la vida laboral y familiar. Saque tiempo regularmente para pasar tiempo con sus seres queridos y cuidar estas relaciones. Esto no s\u00f3lo le proporcionar\u00e1 momentos de felicidad y apoyo emocional, sino que tambi\u00e9n le ayudar\u00e1 a mantener una perspectiva equilibrada de la vida y a reducir el estr\u00e9s laboral.<\/p>\n\n\n\n<h3 class=\"wp-block-heading\">Aprender a desconectar<\/h3>\n\n\n\n<p>Por \u00faltimo, aprende a desconectar completamente del trabajo cuando no est\u00e9s en horario de oficina. Es tentador seguir pensando en proyectos o contestando correos electr\u00f3nicos incluso cuando no est\u00e1s en la oficina, pero esto puede obstaculizar tu capacidad para relajarte y recargar pilas. Reserva tiempo para desconectar completamente del trabajo, permiti\u00e9ndote disfrutar del tiempo libre sin distracciones ni preocupaciones laborales.<\/p>\n\n\n\n<h2 class=\"wp-block-heading\">Establecer l\u00edmites claros<\/h2>\n\n\n\n<p>Encontrar el equilibrio entre la vida laboral y personal es esencial para tener \u00e9xito en la carrera y disfrutar de una vida plena. Si entiendes tus prioridades, estableces l\u00edmites claros, gestionas tu tiempo con eficacia, practicas el autocuidado, creas l\u00edmites digitales, inviertes en relaciones significativas y aprendes a desconectar, estar\u00e1s en el buen camino para lograr este equilibrio tan importante.&nbsp;<\/p>\n\n\n\n<p>Recuerda que el equilibrio no es un destino final, sino un proceso continuo que requiere atenci\u00f3n y esfuerzo constantes. Si haces del equilibrio una prioridad en tu vida, estar\u00e1s construyendo los cimientos de una carrera profesional de \u00e9xito y una vida plena y gratificante.<\/p>\n\n\n\n<p><strong>V\u00e9ase tambi\u00e9n: <a href=\"https:\/\/www.vagadeempregosp.com.br\/es\/6-formas-de-utilizar-la-tecnologia-en-el-trabajo-y-tener-una-rutina-mas-agil\/\">6 formas de utilizar la tecnolog\u00eda en el trabajo y tener una rutina m\u00e1s \u00e1gil<\/a><\/strong><\/p>\n\n\n\n<p>21 de abril de 2024<\/p>","protected":false},"excerpt":{"rendered":"<p>En el vertiginoso mundo actual, conciliar la vida laboral y personal puede parecer una tarea tit\u00e1nica. Con las crecientes exigencias laborales, las responsabilidades familiares y la necesidad de cuidarse, encontrar un equilibrio saludable puede resultar todo un reto. Sin embargo, lograr este equilibrio es fundamental para una carrera exitosa y una vida plena.&nbsp;<\/p>","protected":false},"author":11,"featured_media":21675,"comment_status":"closed","ping_status":"closed","sticky":false,"template":"","format":"standard","meta":{"neve_meta_sidebar":"","neve_meta_container":"","neve_meta_enable_content_width":"","neve_meta_content_width":0,"neve_meta_title_alignment":"","neve_meta_author_avatar":"","neve_post_elements_order":"","neve_meta_disable_header":"","neve_meta_disable_footer":"","neve_meta_disable_title":"","footnotes":""},"categories":[43],"tags":[],"class_list":["post-21667","post","type-post","status-publish","format-standard","has-post-thumbnail","hentry","category-vagas-nacionais"],"yoast_head":"<!-- This site is optimized with the Yoast SEO plugin v27.5 - https:\/\/yoast.com\/product\/yoast-seo-wordpress\/ -->\n<title>Como Manter o Equil\u00edbrio Entre Vida Profissional e Pessoal: Dicas para uma Carreira de Sucesso - Transformando Vidas com Tecnologia, Informa\u00e7\u00e3o e Oportunidades: Explore Nossa Jornada de Crescimento<\/title>\n<meta name=\"robots\" content=\"index, follow, max-snippet:-1, max-image-preview:large, max-video-preview:-1\" \/>\n<link rel=\"canonical\" href=\"https:\/\/www.vagadeempregosp.com.br\/es\/como-conciliar-la-vida-laboral-y-familiar-consejos-para-una-carrera-profesional-de-exito\/\" \/>\n<meta property=\"og:locale\" content=\"es_ES\" \/>\n<meta property=\"og:type\" content=\"article\" \/>\n<meta property=\"og:title\" content=\"Como Manter o Equil\u00edbrio Entre Vida Profissional e Pessoal: Dicas para uma Carreira de Sucesso - Transformando Vidas com Tecnologia, Informa\u00e7\u00e3o e Oportunidades: Explore Nossa Jornada de Crescimento\" \/>\n<meta property=\"og:description\" content=\"No mundo acelerado de hoje, equilibrar a vida profissional e pessoal pode parecer uma tarefa monumental. Com as demandas crescentes do trabalho, compromissos familiares e a necessidade de tempo para si mesmo, pode ser desafiador encontrar um equil\u00edbrio saud\u00e1vel. No entanto, alcan\u00e7ar esse equil\u00edbrio \u00e9 essencial para uma carreira de sucesso e uma vida satisfat\u00f3ria&hellip;&nbsp;\" \/>\n<meta property=\"og:url\" content=\"https:\/\/www.vagadeempregosp.com.br\/es\/como-conciliar-la-vida-laboral-y-familiar-consejos-para-una-carrera-profesional-de-exito\/\" \/>\n<meta property=\"og:site_name\" content=\"Transformando Vidas com Tecnologia, Informa\u00e7\u00e3o e Oportunidades: Explore Nossa Jornada de Crescimento\" \/>\n<meta property=\"article:published_time\" content=\"2024-04-21T03:01:00+00:00\" \/>\n<meta property=\"article:modified_time\" content=\"2025-06-15T18:17:44+00:00\" \/>\n<meta property=\"og:image\" content=\"https:\/\/www.vagadeempregosp.com.br\/wp-content\/uploads\/2024\/04\/image.png\" \/>\n\t<meta property=\"og:image:width\" content=\"1280\" \/>\n\t<meta property=\"og:image:height\" content=\"724\" \/>\n\t<meta property=\"og:image:type\" content=\"image\/png\" \/>\n<meta name=\"author\" content=\"Michele\" \/>\n<meta name=\"twitter:card\" content=\"summary_large_image\" \/>\n<meta name=\"twitter:label1\" content=\"Escrito por\" \/>\n\t<meta name=\"twitter:data1\" content=\"Michele\" \/>\n\t<meta name=\"twitter:label2\" content=\"Tiempo de lectura\" \/>\n\t<meta name=\"twitter:data2\" content=\"4 minutos\" \/>\n<script type=\"application\/ld+json\" class=\"yoast-schema-graph\">{\"@context\":\"https:\\\/\\\/schema.org\",\"@graph\":[{\"@type\":\"Article\",\"@id\":\"https:\\\/\\\/www.vagadeempregosp.com.br\\\/como-manter-o-equilibrio-entre-vida-profissional-e-pessoal-dicas-para-uma-carreira-de-sucesso\\\/#article\",\"isPartOf\":{\"@id\":\"https:\\\/\\\/www.vagadeempregosp.com.br\\\/como-manter-o-equilibrio-entre-vida-profissional-e-pessoal-dicas-para-uma-carreira-de-sucesso\\\/\"},\"author\":{\"name\":\"Michele\",\"@id\":\"https:\\\/\\\/www.vagadeempregosp.com.br\\\/#\\\/schema\\\/person\\\/15cdff8822aa2f27a8a65ee7bbfe7ce6\"},\"headline\":\"Como Manter o Equil\u00edbrio Entre Vida Profissional e Pessoal: Dicas para uma Carreira de Sucesso\",\"datePublished\":\"2024-04-21T03:01:00+00:00\",\"dateModified\":\"2025-06-15T18:17:44+00:00\",\"mainEntityOfPage\":{\"@id\":\"https:\\\/\\\/www.vagadeempregosp.com.br\\\/como-manter-o-equilibrio-entre-vida-profissional-e-pessoal-dicas-para-uma-carreira-de-sucesso\\\/\"},\"wordCount\":795,\"image\":{\"@id\":\"https:\\\/\\\/www.vagadeempregosp.com.br\\\/como-manter-o-equilibrio-entre-vida-profissional-e-pessoal-dicas-para-uma-carreira-de-sucesso\\\/#primaryimage\"},\"thumbnailUrl\":\"https:\\\/\\\/www.vagadeempregosp.com.br\\\/wp-content\\\/uploads\\\/2024\\\/04\\\/image.png\",\"articleSection\":[\"Vagas de Emprego Nacionais\"],\"inLanguage\":\"es\"},{\"@type\":\"WebPage\",\"@id\":\"https:\\\/\\\/www.vagadeempregosp.com.br\\\/como-manter-o-equilibrio-entre-vida-profissional-e-pessoal-dicas-para-uma-carreira-de-sucesso\\\/\",\"url\":\"https:\\\/\\\/www.vagadeempregosp.com.br\\\/como-manter-o-equilibrio-entre-vida-profissional-e-pessoal-dicas-para-uma-carreira-de-sucesso\\\/\",\"name\":\"Como Manter o Equil\u00edbrio Entre Vida Profissional e Pessoal: Dicas para uma Carreira de Sucesso - Transformando Vidas com Tecnologia, Informa\u00e7\u00e3o e Oportunidades: Explore Nossa Jornada de Crescimento\",\"isPartOf\":{\"@id\":\"https:\\\/\\\/www.vagadeempregosp.com.br\\\/#website\"},\"primaryImageOfPage\":{\"@id\":\"https:\\\/\\\/www.vagadeempregosp.com.br\\\/como-manter-o-equilibrio-entre-vida-profissional-e-pessoal-dicas-para-uma-carreira-de-sucesso\\\/#primaryimage\"},\"image\":{\"@id\":\"https:\\\/\\\/www.vagadeempregosp.com.br\\\/como-manter-o-equilibrio-entre-vida-profissional-e-pessoal-dicas-para-uma-carreira-de-sucesso\\\/#primaryimage\"},\"thumbnailUrl\":\"https:\\\/\\\/www.vagadeempregosp.com.br\\\/wp-content\\\/uploads\\\/2024\\\/04\\\/image.png\",\"datePublished\":\"2024-04-21T03:01:00+00:00\",\"dateModified\":\"2025-06-15T18:17:44+00:00\",\"author\":{\"@id\":\"https:\\\/\\\/www.vagadeempregosp.com.br\\\/#\\\/schema\\\/person\\\/15cdff8822aa2f27a8a65ee7bbfe7ce6\"},\"breadcrumb\":{\"@id\":\"https:\\\/\\\/www.vagadeempregosp.com.br\\\/como-manter-o-equilibrio-entre-vida-profissional-e-pessoal-dicas-para-uma-carreira-de-sucesso\\\/#breadcrumb\"},\"inLanguage\":\"es\",\"potentialAction\":[{\"@type\":\"ReadAction\",\"target\":[\"https:\\\/\\\/www.vagadeempregosp.com.br\\\/como-manter-o-equilibrio-entre-vida-profissional-e-pessoal-dicas-para-uma-carreira-de-sucesso\\\/\"]}]},{\"@type\":\"ImageObject\",\"inLanguage\":\"es\",\"@id\":\"https:\\\/\\\/www.vagadeempregosp.com.br\\\/como-manter-o-equilibrio-entre-vida-profissional-e-pessoal-dicas-para-uma-carreira-de-sucesso\\\/#primaryimage\",\"url\":\"https:\\\/\\\/www.vagadeempregosp.com.br\\\/wp-content\\\/uploads\\\/2024\\\/04\\\/image.png\",\"contentUrl\":\"https:\\\/\\\/www.vagadeempregosp.com.br\\\/wp-content\\\/uploads\\\/2024\\\/04\\\/image.png\",\"width\":1280,\"height\":724},{\"@type\":\"BreadcrumbList\",\"@id\":\"https:\\\/\\\/www.vagadeempregosp.com.br\\\/como-manter-o-equilibrio-entre-vida-profissional-e-pessoal-dicas-para-uma-carreira-de-sucesso\\\/#breadcrumb\",\"itemListElement\":[{\"@type\":\"ListItem\",\"position\":1,\"name\":\"In\u00edcio\",\"item\":\"https:\\\/\\\/www.vagadeempregosp.com.br\\\/\"},{\"@type\":\"ListItem\",\"position\":2,\"name\":\"Como Manter o Equil\u00edbrio Entre Vida Profissional e Pessoal: Dicas para uma Carreira de Sucesso\"}]},{\"@type\":\"WebSite\",\"@id\":\"https:\\\/\\\/www.vagadeempregosp.com.br\\\/#website\",\"url\":\"https:\\\/\\\/www.vagadeempregosp.com.br\\\/\",\"name\":\"Transformando Vidas com Tecnologia, Informa\u00e7\u00e3o e Oportunidades: Explore Nossa Jornada de Crescimento\",\"description\":\"Transformando Vidas com Tecnologia, Informa\u00e7\u00e3o e Oportunidades: Explore Nossa Jornada de Crescimento\",\"potentialAction\":[{\"@type\":\"SearchAction\",\"target\":{\"@type\":\"EntryPoint\",\"urlTemplate\":\"https:\\\/\\\/www.vagadeempregosp.com.br\\\/?s={search_term_string}\"},\"query-input\":{\"@type\":\"PropertyValueSpecification\",\"valueRequired\":true,\"valueName\":\"search_term_string\"}}],\"inLanguage\":\"es\"},{\"@type\":\"Person\",\"@id\":\"https:\\\/\\\/www.vagadeempregosp.com.br\\\/#\\\/schema\\\/person\\\/15cdff8822aa2f27a8a65ee7bbfe7ce6\",\"name\":\"Michele\",\"image\":{\"@type\":\"ImageObject\",\"inLanguage\":\"es\",\"@id\":\"https:\\\/\\\/secure.gravatar.com\\\/avatar\\\/6b0eb9d22841282815e2cd856a0061c45e1761cd54b22e952d98c4746939aa85?s=96&r=g\",\"url\":\"https:\\\/\\\/secure.gravatar.com\\\/avatar\\\/6b0eb9d22841282815e2cd856a0061c45e1761cd54b22e952d98c4746939aa85?s=96&r=g\",\"contentUrl\":\"https:\\\/\\\/secure.gravatar.com\\\/avatar\\\/6b0eb9d22841282815e2cd856a0061c45e1761cd54b22e952d98c4746939aa85?s=96&r=g\",\"caption\":\"Michele\"},\"description\":\"Formada em Letras - Portugu\u00eas\\\/ Ingl\u00eas, e idealizadora do site Escritora de Sucesso, busca expandir o conhecimento de todos com informa\u00e7\u00f5es relevantes sobre diversos assuntos, enquanto redatora. No Vaga de Emprego SP, traz oportunidades e dicas sobre o mercado de trabalho.\",\"url\":\"https:\\\/\\\/www.vagadeempregosp.com.br\\\/es\\\/author\\\/michele\\\/\"}]}<\/script>\n<!-- \/ Yoast SEO plugin. -->","yoast_head_json":{"title":"C\u00f3mo mantener el equilibrio entre trabajo y vida privada: consejos para una carrera profesional de \u00e9xito - Transformar vidas con tecnolog\u00eda, informaci\u00f3n y oportunidades: Descubra nuestro viaje de crecimiento","robots":{"index":"index","follow":"follow","max-snippet":"max-snippet:-1","max-image-preview":"max-image-preview:large","max-video-preview":"max-video-preview:-1"},"canonical":"https:\/\/www.vagadeempregosp.com.br\/es\/como-conciliar-la-vida-laboral-y-familiar-consejos-para-una-carrera-profesional-de-exito\/","og_locale":"es_ES","og_type":"article","og_title":"Como Manter o Equil\u00edbrio Entre Vida Profissional e Pessoal: Dicas para uma Carreira de Sucesso - Transformando Vidas com Tecnologia, Informa\u00e7\u00e3o e Oportunidades: Explore Nossa Jornada de Crescimento","og_description":"No mundo acelerado de hoje, equilibrar a vida profissional e pessoal pode parecer uma tarefa monumental. Com as demandas crescentes do trabalho, compromissos familiares e a necessidade de tempo para si mesmo, pode ser desafiador encontrar um equil\u00edbrio saud\u00e1vel. No entanto, alcan\u00e7ar esse equil\u00edbrio \u00e9 essencial para uma carreira de sucesso e uma vida satisfat\u00f3ria&hellip;&nbsp;","og_url":"https:\/\/www.vagadeempregosp.com.br\/es\/como-conciliar-la-vida-laboral-y-familiar-consejos-para-una-carrera-profesional-de-exito\/","og_site_name":"Transformando Vidas com Tecnologia, Informa\u00e7\u00e3o e Oportunidades: Explore Nossa Jornada de Crescimento","article_published_time":"2024-04-21T03:01:00+00:00","article_modified_time":"2025-06-15T18:17:44+00:00","og_image":[{"width":1280,"height":724,"url":"https:\/\/www.vagadeempregosp.com.br\/wp-content\/uploads\/2024\/04\/image.png","type":"image\/png"}],"author":"Michele","twitter_card":"summary_large_image","twitter_misc":{"Escrito por":"Michele","Tiempo de lectura":"4 minutos"},"schema":{"@context":"https:\/\/schema.org","@graph":[{"@type":"Article","@id":"https:\/\/www.vagadeempregosp.com.br\/como-manter-o-equilibrio-entre-vida-profissional-e-pessoal-dicas-para-uma-carreira-de-sucesso\/#article","isPartOf":{"@id":"https:\/\/www.vagadeempregosp.com.br\/como-manter-o-equilibrio-entre-vida-profissional-e-pessoal-dicas-para-uma-carreira-de-sucesso\/"},"author":{"name":"Michele","@id":"https:\/\/www.vagadeempregosp.com.br\/#\/schema\/person\/15cdff8822aa2f27a8a65ee7bbfe7ce6"},"headline":"Como Manter o Equil\u00edbrio Entre Vida Profissional e Pessoal: Dicas para uma Carreira de Sucesso","datePublished":"2024-04-21T03:01:00+00:00","dateModified":"2025-06-15T18:17:44+00:00","mainEntityOfPage":{"@id":"https:\/\/www.vagadeempregosp.com.br\/como-manter-o-equilibrio-entre-vida-profissional-e-pessoal-dicas-para-uma-carreira-de-sucesso\/"},"wordCount":795,"image":{"@id":"https:\/\/www.vagadeempregosp.com.br\/como-manter-o-equilibrio-entre-vida-profissional-e-pessoal-dicas-para-uma-carreira-de-sucesso\/#primaryimage"},"thumbnailUrl":"https:\/\/www.vagadeempregosp.com.br\/wp-content\/uploads\/2024\/04\/image.png","articleSection":["Vagas de Emprego Nacionais"],"inLanguage":"es"},{"@type":"WebPage","@id":"https:\/\/www.vagadeempregosp.com.br\/como-manter-o-equilibrio-entre-vida-profissional-e-pessoal-dicas-para-uma-carreira-de-sucesso\/","url":"https:\/\/www.vagadeempregosp.com.br\/como-manter-o-equilibrio-entre-vida-profissional-e-pessoal-dicas-para-uma-carreira-de-sucesso\/","name":"C\u00f3mo mantener el equilibrio entre trabajo y vida privada: consejos para una carrera profesional de \u00e9xito - Transformar vidas con tecnolog\u00eda, informaci\u00f3n y oportunidades: Descubra nuestro viaje de crecimiento","isPartOf":{"@id":"https:\/\/www.vagadeempregosp.com.br\/#website"},"primaryImageOfPage":{"@id":"https:\/\/www.vagadeempregosp.com.br\/como-manter-o-equilibrio-entre-vida-profissional-e-pessoal-dicas-para-uma-carreira-de-sucesso\/#primaryimage"},"image":{"@id":"https:\/\/www.vagadeempregosp.com.br\/como-manter-o-equilibrio-entre-vida-profissional-e-pessoal-dicas-para-uma-carreira-de-sucesso\/#primaryimage"},"thumbnailUrl":"https:\/\/www.vagadeempregosp.com.br\/wp-content\/uploads\/2024\/04\/image.png","datePublished":"2024-04-21T03:01:00+00:00","dateModified":"2025-06-15T18:17:44+00:00","author":{"@id":"https:\/\/www.vagadeempregosp.com.br\/#\/schema\/person\/15cdff8822aa2f27a8a65ee7bbfe7ce6"},"breadcrumb":{"@id":"https:\/\/www.vagadeempregosp.com.br\/como-manter-o-equilibrio-entre-vida-profissional-e-pessoal-dicas-para-uma-carreira-de-sucesso\/#breadcrumb"},"inLanguage":"es","potentialAction":[{"@type":"ReadAction","target":["https:\/\/www.vagadeempregosp.com.br\/como-manter-o-equilibrio-entre-vida-profissional-e-pessoal-dicas-para-uma-carreira-de-sucesso\/"]}]},{"@type":"ImageObject","inLanguage":"es","@id":"https:\/\/www.vagadeempregosp.com.br\/como-manter-o-equilibrio-entre-vida-profissional-e-pessoal-dicas-para-uma-carreira-de-sucesso\/#primaryimage","url":"https:\/\/www.vagadeempregosp.com.br\/wp-content\/uploads\/2024\/04\/image.png","contentUrl":"https:\/\/www.vagadeempregosp.com.br\/wp-content\/uploads\/2024\/04\/image.png","width":1280,"height":724},{"@type":"BreadcrumbList","@id":"https:\/\/www.vagadeempregosp.com.br\/como-manter-o-equilibrio-entre-vida-profissional-e-pessoal-dicas-para-uma-carreira-de-sucesso\/#breadcrumb","itemListElement":[{"@type":"ListItem","position":1,"name":"In\u00edcio","item":"https:\/\/www.vagadeempregosp.com.br\/"},{"@type":"ListItem","position":2,"name":"Como Manter o Equil\u00edbrio Entre Vida Profissional e Pessoal: Dicas para uma Carreira de Sucesso"}]},{"@type":"WebSite","@id":"https:\/\/www.vagadeempregosp.com.br\/#website","url":"https:\/\/www.vagadeempregosp.com.br\/","name":"Transformar vidas con tecnolog\u00eda, informaci\u00f3n y oportunidades: Explore nuestro viaje de crecimiento","description":"Transformar vidas con tecnolog\u00eda, informaci\u00f3n y oportunidades: Explore nuestro viaje de crecimiento","potentialAction":[{"@type":"SearchAction","target":{"@type":"EntryPoint","urlTemplate":"https:\/\/www.vagadeempregosp.com.br\/?s={search_term_string}"},"query-input":{"@type":"PropertyValueSpecification","valueRequired":true,"valueName":"search_term_string"}}],"inLanguage":"es"},{"@type":"Person","@id":"https:\/\/www.vagadeempregosp.com.br\/#\/schema\/person\/15cdff8822aa2f27a8a65ee7bbfe7ce6","name":"Michele","image":{"@type":"ImageObject","inLanguage":"es","@id":"https:\/\/secure.gravatar.com\/avatar\/6b0eb9d22841282815e2cd856a0061c45e1761cd54b22e952d98c4746939aa85?s=96&r=g","url":"https:\/\/secure.gravatar.com\/avatar\/6b0eb9d22841282815e2cd856a0061c45e1761cd54b22e952d98c4746939aa85?s=96&r=g","contentUrl":"https:\/\/secure.gravatar.com\/avatar\/6b0eb9d22841282815e2cd856a0061c45e1761cd54b22e952d98c4746939aa85?s=96&r=g","caption":"Michele"},"description":"Graduada en Lenguas - Portugu\u00e9s\/Ingl\u00e9s, y creadora del sitio Escritora de Sucesso, busca ampliar el conocimiento de todos con informaciones relevantes sobre diversos temas, como escritora. En Vaga de Emprego SP, ofrece oportunidades y consejos sobre el mercado laboral.","url":"https:\/\/www.vagadeempregosp.com.br\/es\/author\/michele\/"}]}},"_links":{"self":[{"href":"https:\/\/www.vagadeempregosp.com.br\/es\/wp-json\/wp\/v2\/posts\/21667","targetHints":{"allow":["GET"]}}],"collection":[{"href":"https:\/\/www.vagadeempregosp.com.br\/es\/wp-json\/wp\/v2\/posts"}],"about":[{"href":"https:\/\/www.vagadeempregosp.com.br\/es\/wp-json\/wp\/v2\/types\/post"}],"author":[{"embeddable":true,"href":"https:\/\/www.vagadeempregosp.com.br\/es\/wp-json\/wp\/v2\/users\/11"}],"replies":[{"embeddable":true,"href":"https:\/\/www.vagadeempregosp.com.br\/es\/wp-json\/wp\/v2\/comments?post=21667"}],"version-history":[{"count":2,"href":"https:\/\/www.vagadeempregosp.com.br\/es\/wp-json\/wp\/v2\/posts\/21667\/revisions"}],"predecessor-version":[{"id":21676,"href":"https:\/\/www.vagadeempregosp.com.br\/es\/wp-json\/wp\/v2\/posts\/21667\/revisions\/21676"}],"wp:featuredmedia":[{"embeddable":true,"href":"https:\/\/www.vagadeempregosp.com.br\/es\/wp-json\/wp\/v2\/media\/21675"}],"wp:attachment":[{"href":"https:\/\/www.vagadeempregosp.com.br\/es\/wp-json\/wp\/v2\/media?parent=21667"}],"wp:term":[{"taxonomy":"category","embeddable":true,"href":"https:\/\/www.vagadeempregosp.com.br\/es\/wp-json\/wp\/v2\/categories?post=21667"},{"taxonomy":"post_tag","embeddable":true,"href":"https:\/\/www.vagadeempregosp.com.br\/es\/wp-json\/wp\/v2\/tags?post=21667"}],"curies":[{"name":"wp","href":"https:\/\/api.w.org\/{rel}","templated":true}]}}