{"id":21635,"date":"2024-04-18T00:01:00","date_gmt":"2024-04-18T03:01:00","guid":{"rendered":"https:\/\/www.vagadeempregosp.com.br\/?p=21635"},"modified":"2025-06-15T15:17:44","modified_gmt":"2025-06-15T18:17:44","slug":"es-bueno-que-tu-foto-aparezca-en-tu-cv-echa-un-vistazo-a-estos-consejos","status":"publish","type":"post","link":"https:\/\/www.vagadeempregosp.com.br\/es\/e-legal-ter-sua-foto-no-curriculo-veja-estas-dicas\/","title":{"rendered":"\u00bfTe mola llevar tu foto en el CV? Echa un vistazo a estos consejos"},"content":{"rendered":"<p>En un mundo tan competitivo y visual como el actual, la cuesti\u00f3n de incluir o no una foto en el CV puede generar un acalorado debate. Mientras algunos sostienen que una foto puede a\u00f1adir un toque personal y humanizar el documento, otros afirman que puede introducir prejuicios y sesgos en el proceso de selecci\u00f3n.&nbsp;<\/p>\n\n\n\n<h2 class=\"wp-block-heading\">\u00bfEs guay que tu foto aparezca en tu CV?<\/h2>\n\n\n\n<p>La decisi\u00f3n de incluir o no una foto en un CV es una cuesti\u00f3n que suscita acalorados debates y opiniones divergentes. Mientras unos argumentan que una foto puede aportar un toque personal y humanizar el documento, otros advierten del peligro de introducir prejuicios y sesgos en el proceso de selecci\u00f3n. Ante esta dicotom\u00eda, surge la pregunta: \u00bfes realmente ventajoso incluir una foto en el CV?<\/p>\n\n\n\n<h3 class=\"wp-block-heading\">Ventajas de incluir una foto en el CV<\/h3>\n\n\n\n<ul class=\"wp-block-list\">\n<li>Humanizaci\u00f3n: Una foto puede ayudar a humanizar el CV, permitiendo a los reclutadores hacerse una idea m\u00e1s completa de la persona que hay detr\u00e1s del papel. Esto puede crear una conexi\u00f3n m\u00e1s fuerte entre el candidato y el posible empleador.<\/li>\n\n\n\n<li>Profesionalidad: En determinados sectores, como la moda, el espect\u00e1culo y los medios de comunicaci\u00f3n, incluir una foto en el CV puede considerarse una parte natural del proceso. Demuestra cierto nivel de profesionalidad y confianza por parte del candidato.<\/li>\n\n\n\n<li>Memorabilidad: en un mar de CV similares, una foto bien elegida puede hacer que un candidato destaque en la mente de los reclutadores. Esto puede aumentar las posibilidades de ser recordado y considerado para el puesto.<\/li>\n<\/ul>\n\n\n\n<figure class=\"wp-block-image size-large\"><img loading=\"lazy\" decoding=\"async\" width=\"1024\" height=\"682\" src=\"https:\/\/www.vagadeempregosp.com.br\/wp-content\/uploads\/2024\/03\/image-10-1024x682.png\" alt=\"\" class=\"wp-image-21651\" srcset=\"https:\/\/www.vagadeempregosp.com.br\/wp-content\/uploads\/2024\/03\/image-10-1024x682.png 1024w, https:\/\/www.vagadeempregosp.com.br\/wp-content\/uploads\/2024\/03\/image-10-300x200.png 300w, https:\/\/www.vagadeempregosp.com.br\/wp-content\/uploads\/2024\/03\/image-10-768x512.png 768w, https:\/\/www.vagadeempregosp.com.br\/wp-content\/uploads\/2024\/03\/image-10-18x12.png 18w, https:\/\/www.vagadeempregosp.com.br\/wp-content\/uploads\/2024\/03\/image-10.png 1280w\" sizes=\"auto, (max-width: 1024px) 100vw, 1024px\" \/><\/figure>\n\n\n\n<h3 class=\"wp-block-heading\">Los contras de incluir una foto en el CV<\/h3>\n\n\n\n<ul class=\"wp-block-list\">\n<li>Prejuicios inconscientes: Por desgracia, la inclusi\u00f3n de una foto puede desencadenar prejuicios inconscientes por parte de los responsables de la selecci\u00f3n de personal basados en el aspecto del candidato. Esto puede introducir un sesgo injusto en el proceso de selecci\u00f3n.<\/li>\n\n\n\n<li>Enfoque inadecuado: Una foto llamativa o inapropiada puede desviar la atenci\u00f3n de los reclutadores del contenido del CV. Esto puede ser especialmente problem\u00e1tico si la foto no est\u00e1 en consonancia con la cultura o los valores de la empresa.<\/li>\n\n\n\n<li>Cuestiones de privacidad: En algunas regiones, incluir una foto en el CV puede violar las leyes de privacidad del candidato. Es importante comprobar la normativa local antes de decidir incluir una foto.<\/li>\n<\/ul>\n\n\n\n<h2 class=\"wp-block-heading\">Consejos para incluir una foto en su CV<\/h2>\n\n\n\n<p>Incluir una foto en su CV puede ser un paso decisivo en su b\u00fasqueda de oportunidades profesionales. Sin embargo, esta elecci\u00f3n no debe tomarse a la ligera. Una foto bien elegida puede a\u00f1adir un toque personal y hacer que el candidato destaque, mientras que una elecci\u00f3n inadecuada puede desviar la atenci\u00f3n del contenido del CV o incluso introducir un sesgo inconsciente en el proceso de selecci\u00f3n. Para ayudar a los candidatos a navegar por este delicado territorio, en este art\u00edculo presentaremos una serie de valiosos consejos para incluir una foto en el CV de forma eficaz y profesional.<\/p>\n\n\n\n<ul class=\"wp-block-list\">\n<li>Elige una foto profesional: opta por una foto de alta calidad que transmita profesionalidad y confianza. Evita los selfies o las fotos de fiesta.<\/li>\n\n\n\n<li>Que sea neutra: elige una foto que sea neutra en t\u00e9rminos de sexo, raza y edad para minimizar la posibilidad de sesgos inconscientes.<\/li>\n\n\n\n<li>Alin\u00e9ese con la cultura de la empresa: si solicita un puesto en una empresa conservadora, elija una foto m\u00e1s formal. Si la empresa tiene una cultura m\u00e1s relajada, una foto m\u00e1s informal puede ser apropiada.<\/li>\n\n\n\n<li>Integrar armoniosamente: La foto debe integrarse org\u00e1nicamente en el dise\u00f1o del CV, complement\u00e1ndolo en lugar de distraer de \u00e9l.<\/li>\n\n\n\n<li>Considere el contexto: Piense en el contexto cultural y regional cuando decida incluir una foto. En algunos pa\u00edses, como Estados Unidos, la inclusi\u00f3n de una foto puede no ser habitual o recomendable.<\/li>\n<\/ul>\n\n\n\n<p>Incluir o no una foto en el CV es una decisi\u00f3n personal que depende de varios factores, como la cultura de la empresa, el sector y las preferencias individuales. Aunque una foto puede humanizar el CV y hacer que el candidato sea m\u00e1s memorable, tambi\u00e9n puede introducir prejuicios inconscientes y desviar la atenci\u00f3n de los reclutadores.&nbsp;<\/p>\n\n\n\n<p>Cuando decida incluir una foto, es importante que siga los consejos mencionados anteriormente para asegurarse de que contribuye positivamente a su candidatura.<\/p>\n\n\n\n<p><strong>V\u00e9ase tambi\u00e9n: <a href=\"https:\/\/www.vagadeempregosp.com.br\/es\/emirates-tiene-ofertas-de-empleo-en-todo-el-pais-ver-oportunidades\/\">Emirates tiene ofertas de empleo en todo el pa\u00eds; ver oportunidades<\/a><\/strong><\/p>\n\n\n\n<p>18 de abril de 2024<\/p>","protected":false},"excerpt":{"rendered":"<p>No mundo competitivo e visualmente orientado de hoje, a pergunta sobre se deve ou n\u00e3o incluir uma foto no curr\u00edculo pode gerar um debate acalorado. Enquanto alguns argumentam que uma foto pode agregar um toque pessoal e humanizar o documento, outros afirmam que pode introduzir preconceitos e vi\u00e9s no processo de sele\u00e7\u00e3o.&nbsp; \u00c9 legal ter&hellip;&nbsp;<\/p>","protected":false},"author":11,"featured_media":21651,"comment_status":"closed","ping_status":"closed","sticky":false,"template":"","format":"standard","meta":{"neve_meta_sidebar":"","neve_meta_container":"","neve_meta_enable_content_width":"","neve_meta_content_width":0,"neve_meta_title_alignment":"","neve_meta_author_avatar":"","neve_post_elements_order":"","neve_meta_disable_header":"","neve_meta_disable_footer":"","neve_meta_disable_title":"","footnotes":""},"categories":[43],"tags":[],"class_list":["post-21635","post","type-post","status-publish","format-standard","has-post-thumbnail","hentry","category-vagas-nacionais"],"yoast_head":"<!-- This site is optimized with the Yoast SEO plugin v27.5 - https:\/\/yoast.com\/product\/yoast-seo-wordpress\/ -->\n<title>\u00c9 legal ter sua foto no curr\u00edculo? Veja estas dicas - Transformando Vidas com Tecnologia, Informa\u00e7\u00e3o e Oportunidades: Explore Nossa Jornada de Crescimento<\/title>\n<meta name=\"robots\" content=\"index, follow, max-snippet:-1, max-image-preview:large, max-video-preview:-1\" \/>\n<link rel=\"canonical\" href=\"https:\/\/www.vagadeempregosp.com.br\/es\/es-bueno-que-tu-foto-aparezca-en-tu-cv-echa-un-vistazo-a-estos-consejos\/\" \/>\n<meta property=\"og:locale\" content=\"es_ES\" \/>\n<meta property=\"og:type\" content=\"article\" \/>\n<meta property=\"og:title\" content=\"\u00c9 legal ter sua foto no curr\u00edculo? Veja estas dicas - Transformando Vidas com Tecnologia, Informa\u00e7\u00e3o e Oportunidades: Explore Nossa Jornada de Crescimento\" \/>\n<meta property=\"og:description\" content=\"No mundo competitivo e visualmente orientado de hoje, a pergunta sobre se deve ou n\u00e3o incluir uma foto no curr\u00edculo pode gerar um debate acalorado. Enquanto alguns argumentam que uma foto pode agregar um toque pessoal e humanizar o documento, outros afirmam que pode introduzir preconceitos e vi\u00e9s no processo de sele\u00e7\u00e3o.&nbsp; \u00c9 legal ter&hellip;&nbsp;\" \/>\n<meta property=\"og:url\" content=\"https:\/\/www.vagadeempregosp.com.br\/es\/es-bueno-que-tu-foto-aparezca-en-tu-cv-echa-un-vistazo-a-estos-consejos\/\" \/>\n<meta property=\"og:site_name\" content=\"Transformando Vidas com Tecnologia, Informa\u00e7\u00e3o e Oportunidades: Explore Nossa Jornada de Crescimento\" \/>\n<meta property=\"article:published_time\" content=\"2024-04-18T03:01:00+00:00\" \/>\n<meta property=\"article:modified_time\" content=\"2025-06-15T18:17:44+00:00\" \/>\n<meta property=\"og:image\" content=\"https:\/\/www.vagadeempregosp.com.br\/wp-content\/uploads\/2024\/03\/image-10.png\" \/>\n\t<meta property=\"og:image:width\" content=\"1280\" \/>\n\t<meta property=\"og:image:height\" content=\"853\" \/>\n\t<meta property=\"og:image:type\" content=\"image\/png\" \/>\n<meta name=\"author\" content=\"Michele\" \/>\n<meta name=\"twitter:card\" content=\"summary_large_image\" \/>\n<meta name=\"twitter:label1\" content=\"Escrito por\" \/>\n\t<meta name=\"twitter:data1\" content=\"Michele\" \/>\n\t<meta name=\"twitter:label2\" content=\"Tiempo de lectura\" \/>\n\t<meta name=\"twitter:data2\" content=\"4 minutos\" \/>\n<script type=\"application\/ld+json\" class=\"yoast-schema-graph\">{\"@context\":\"https:\\\/\\\/schema.org\",\"@graph\":[{\"@type\":\"Article\",\"@id\":\"https:\\\/\\\/www.vagadeempregosp.com.br\\\/e-legal-ter-sua-foto-no-curriculo-veja-estas-dicas\\\/#article\",\"isPartOf\":{\"@id\":\"https:\\\/\\\/www.vagadeempregosp.com.br\\\/e-legal-ter-sua-foto-no-curriculo-veja-estas-dicas\\\/\"},\"author\":{\"name\":\"Michele\",\"@id\":\"https:\\\/\\\/www.vagadeempregosp.com.br\\\/#\\\/schema\\\/person\\\/15cdff8822aa2f27a8a65ee7bbfe7ce6\"},\"headline\":\"\u00c9 legal ter sua foto no curr\u00edculo? Veja estas dicas\",\"datePublished\":\"2024-04-18T03:01:00+00:00\",\"dateModified\":\"2025-06-15T18:17:44+00:00\",\"mainEntityOfPage\":{\"@id\":\"https:\\\/\\\/www.vagadeempregosp.com.br\\\/e-legal-ter-sua-foto-no-curriculo-veja-estas-dicas\\\/\"},\"wordCount\":747,\"image\":{\"@id\":\"https:\\\/\\\/www.vagadeempregosp.com.br\\\/e-legal-ter-sua-foto-no-curriculo-veja-estas-dicas\\\/#primaryimage\"},\"thumbnailUrl\":\"https:\\\/\\\/www.vagadeempregosp.com.br\\\/wp-content\\\/uploads\\\/2024\\\/03\\\/image-10.png\",\"articleSection\":[\"Vagas de Emprego Nacionais\"],\"inLanguage\":\"es\"},{\"@type\":\"WebPage\",\"@id\":\"https:\\\/\\\/www.vagadeempregosp.com.br\\\/e-legal-ter-sua-foto-no-curriculo-veja-estas-dicas\\\/\",\"url\":\"https:\\\/\\\/www.vagadeempregosp.com.br\\\/e-legal-ter-sua-foto-no-curriculo-veja-estas-dicas\\\/\",\"name\":\"\u00c9 legal ter sua foto no curr\u00edculo? Veja estas dicas - Transformando Vidas com Tecnologia, Informa\u00e7\u00e3o e Oportunidades: Explore Nossa Jornada de Crescimento\",\"isPartOf\":{\"@id\":\"https:\\\/\\\/www.vagadeempregosp.com.br\\\/#website\"},\"primaryImageOfPage\":{\"@id\":\"https:\\\/\\\/www.vagadeempregosp.com.br\\\/e-legal-ter-sua-foto-no-curriculo-veja-estas-dicas\\\/#primaryimage\"},\"image\":{\"@id\":\"https:\\\/\\\/www.vagadeempregosp.com.br\\\/e-legal-ter-sua-foto-no-curriculo-veja-estas-dicas\\\/#primaryimage\"},\"thumbnailUrl\":\"https:\\\/\\\/www.vagadeempregosp.com.br\\\/wp-content\\\/uploads\\\/2024\\\/03\\\/image-10.png\",\"datePublished\":\"2024-04-18T03:01:00+00:00\",\"dateModified\":\"2025-06-15T18:17:44+00:00\",\"author\":{\"@id\":\"https:\\\/\\\/www.vagadeempregosp.com.br\\\/#\\\/schema\\\/person\\\/15cdff8822aa2f27a8a65ee7bbfe7ce6\"},\"breadcrumb\":{\"@id\":\"https:\\\/\\\/www.vagadeempregosp.com.br\\\/e-legal-ter-sua-foto-no-curriculo-veja-estas-dicas\\\/#breadcrumb\"},\"inLanguage\":\"es\",\"potentialAction\":[{\"@type\":\"ReadAction\",\"target\":[\"https:\\\/\\\/www.vagadeempregosp.com.br\\\/e-legal-ter-sua-foto-no-curriculo-veja-estas-dicas\\\/\"]}]},{\"@type\":\"ImageObject\",\"inLanguage\":\"es\",\"@id\":\"https:\\\/\\\/www.vagadeempregosp.com.br\\\/e-legal-ter-sua-foto-no-curriculo-veja-estas-dicas\\\/#primaryimage\",\"url\":\"https:\\\/\\\/www.vagadeempregosp.com.br\\\/wp-content\\\/uploads\\\/2024\\\/03\\\/image-10.png\",\"contentUrl\":\"https:\\\/\\\/www.vagadeempregosp.com.br\\\/wp-content\\\/uploads\\\/2024\\\/03\\\/image-10.png\",\"width\":1280,\"height\":853},{\"@type\":\"BreadcrumbList\",\"@id\":\"https:\\\/\\\/www.vagadeempregosp.com.br\\\/e-legal-ter-sua-foto-no-curriculo-veja-estas-dicas\\\/#breadcrumb\",\"itemListElement\":[{\"@type\":\"ListItem\",\"position\":1,\"name\":\"In\u00edcio\",\"item\":\"https:\\\/\\\/www.vagadeempregosp.com.br\\\/\"},{\"@type\":\"ListItem\",\"position\":2,\"name\":\"\u00c9 legal ter sua foto no curr\u00edculo? Veja estas dicas\"}]},{\"@type\":\"WebSite\",\"@id\":\"https:\\\/\\\/www.vagadeempregosp.com.br\\\/#website\",\"url\":\"https:\\\/\\\/www.vagadeempregosp.com.br\\\/\",\"name\":\"Transformando Vidas com Tecnologia, Informa\u00e7\u00e3o e Oportunidades: Explore Nossa Jornada de Crescimento\",\"description\":\"Transformando Vidas com Tecnologia, Informa\u00e7\u00e3o e Oportunidades: Explore Nossa Jornada de Crescimento\",\"potentialAction\":[{\"@type\":\"SearchAction\",\"target\":{\"@type\":\"EntryPoint\",\"urlTemplate\":\"https:\\\/\\\/www.vagadeempregosp.com.br\\\/?s={search_term_string}\"},\"query-input\":{\"@type\":\"PropertyValueSpecification\",\"valueRequired\":true,\"valueName\":\"search_term_string\"}}],\"inLanguage\":\"es\"},{\"@type\":\"Person\",\"@id\":\"https:\\\/\\\/www.vagadeempregosp.com.br\\\/#\\\/schema\\\/person\\\/15cdff8822aa2f27a8a65ee7bbfe7ce6\",\"name\":\"Michele\",\"image\":{\"@type\":\"ImageObject\",\"inLanguage\":\"es\",\"@id\":\"https:\\\/\\\/secure.gravatar.com\\\/avatar\\\/6b0eb9d22841282815e2cd856a0061c45e1761cd54b22e952d98c4746939aa85?s=96&r=g\",\"url\":\"https:\\\/\\\/secure.gravatar.com\\\/avatar\\\/6b0eb9d22841282815e2cd856a0061c45e1761cd54b22e952d98c4746939aa85?s=96&r=g\",\"contentUrl\":\"https:\\\/\\\/secure.gravatar.com\\\/avatar\\\/6b0eb9d22841282815e2cd856a0061c45e1761cd54b22e952d98c4746939aa85?s=96&r=g\",\"caption\":\"Michele\"},\"description\":\"Formada em Letras - Portugu\u00eas\\\/ Ingl\u00eas, e idealizadora do site Escritora de Sucesso, busca expandir o conhecimento de todos com informa\u00e7\u00f5es relevantes sobre diversos assuntos, enquanto redatora. No Vaga de Emprego SP, traz oportunidades e dicas sobre o mercado de trabalho.\",\"url\":\"https:\\\/\\\/www.vagadeempregosp.com.br\\\/es\\\/author\\\/michele\\\/\"}]}<\/script>\n<!-- \/ Yoast SEO plugin. -->","yoast_head_json":{"title":"\u00bfTe mola llevar tu foto en el CV? Echa un vistazo a estos consejos - Transformar vidas con tecnolog\u00eda, informaci\u00f3n y oportunidades: explora nuestro viaje de crecimiento","robots":{"index":"index","follow":"follow","max-snippet":"max-snippet:-1","max-image-preview":"max-image-preview:large","max-video-preview":"max-video-preview:-1"},"canonical":"https:\/\/www.vagadeempregosp.com.br\/es\/es-bueno-que-tu-foto-aparezca-en-tu-cv-echa-un-vistazo-a-estos-consejos\/","og_locale":"es_ES","og_type":"article","og_title":"\u00c9 legal ter sua foto no curr\u00edculo? Veja estas dicas - Transformando Vidas com Tecnologia, Informa\u00e7\u00e3o e Oportunidades: Explore Nossa Jornada de Crescimento","og_description":"No mundo competitivo e visualmente orientado de hoje, a pergunta sobre se deve ou n\u00e3o incluir uma foto no curr\u00edculo pode gerar um debate acalorado. Enquanto alguns argumentam que uma foto pode agregar um toque pessoal e humanizar o documento, outros afirmam que pode introduzir preconceitos e vi\u00e9s no processo de sele\u00e7\u00e3o.&nbsp; \u00c9 legal ter&hellip;&nbsp;","og_url":"https:\/\/www.vagadeempregosp.com.br\/es\/es-bueno-que-tu-foto-aparezca-en-tu-cv-echa-un-vistazo-a-estos-consejos\/","og_site_name":"Transformando Vidas com Tecnologia, Informa\u00e7\u00e3o e Oportunidades: Explore Nossa Jornada de Crescimento","article_published_time":"2024-04-18T03:01:00+00:00","article_modified_time":"2025-06-15T18:17:44+00:00","og_image":[{"width":1280,"height":853,"url":"https:\/\/www.vagadeempregosp.com.br\/wp-content\/uploads\/2024\/03\/image-10.png","type":"image\/png"}],"author":"Michele","twitter_card":"summary_large_image","twitter_misc":{"Escrito por":"Michele","Tiempo de lectura":"4 minutos"},"schema":{"@context":"https:\/\/schema.org","@graph":[{"@type":"Article","@id":"https:\/\/www.vagadeempregosp.com.br\/e-legal-ter-sua-foto-no-curriculo-veja-estas-dicas\/#article","isPartOf":{"@id":"https:\/\/www.vagadeempregosp.com.br\/e-legal-ter-sua-foto-no-curriculo-veja-estas-dicas\/"},"author":{"name":"Michele","@id":"https:\/\/www.vagadeempregosp.com.br\/#\/schema\/person\/15cdff8822aa2f27a8a65ee7bbfe7ce6"},"headline":"\u00c9 legal ter sua foto no curr\u00edculo? Veja estas dicas","datePublished":"2024-04-18T03:01:00+00:00","dateModified":"2025-06-15T18:17:44+00:00","mainEntityOfPage":{"@id":"https:\/\/www.vagadeempregosp.com.br\/e-legal-ter-sua-foto-no-curriculo-veja-estas-dicas\/"},"wordCount":747,"image":{"@id":"https:\/\/www.vagadeempregosp.com.br\/e-legal-ter-sua-foto-no-curriculo-veja-estas-dicas\/#primaryimage"},"thumbnailUrl":"https:\/\/www.vagadeempregosp.com.br\/wp-content\/uploads\/2024\/03\/image-10.png","articleSection":["Vagas de Emprego Nacionais"],"inLanguage":"es"},{"@type":"WebPage","@id":"https:\/\/www.vagadeempregosp.com.br\/e-legal-ter-sua-foto-no-curriculo-veja-estas-dicas\/","url":"https:\/\/www.vagadeempregosp.com.br\/e-legal-ter-sua-foto-no-curriculo-veja-estas-dicas\/","name":"\u00bfTe mola llevar tu foto en el CV? Echa un vistazo a estos consejos - Transformar vidas con tecnolog\u00eda, informaci\u00f3n y oportunidades: explora nuestro viaje de crecimiento","isPartOf":{"@id":"https:\/\/www.vagadeempregosp.com.br\/#website"},"primaryImageOfPage":{"@id":"https:\/\/www.vagadeempregosp.com.br\/e-legal-ter-sua-foto-no-curriculo-veja-estas-dicas\/#primaryimage"},"image":{"@id":"https:\/\/www.vagadeempregosp.com.br\/e-legal-ter-sua-foto-no-curriculo-veja-estas-dicas\/#primaryimage"},"thumbnailUrl":"https:\/\/www.vagadeempregosp.com.br\/wp-content\/uploads\/2024\/03\/image-10.png","datePublished":"2024-04-18T03:01:00+00:00","dateModified":"2025-06-15T18:17:44+00:00","author":{"@id":"https:\/\/www.vagadeempregosp.com.br\/#\/schema\/person\/15cdff8822aa2f27a8a65ee7bbfe7ce6"},"breadcrumb":{"@id":"https:\/\/www.vagadeempregosp.com.br\/e-legal-ter-sua-foto-no-curriculo-veja-estas-dicas\/#breadcrumb"},"inLanguage":"es","potentialAction":[{"@type":"ReadAction","target":["https:\/\/www.vagadeempregosp.com.br\/e-legal-ter-sua-foto-no-curriculo-veja-estas-dicas\/"]}]},{"@type":"ImageObject","inLanguage":"es","@id":"https:\/\/www.vagadeempregosp.com.br\/e-legal-ter-sua-foto-no-curriculo-veja-estas-dicas\/#primaryimage","url":"https:\/\/www.vagadeempregosp.com.br\/wp-content\/uploads\/2024\/03\/image-10.png","contentUrl":"https:\/\/www.vagadeempregosp.com.br\/wp-content\/uploads\/2024\/03\/image-10.png","width":1280,"height":853},{"@type":"BreadcrumbList","@id":"https:\/\/www.vagadeempregosp.com.br\/e-legal-ter-sua-foto-no-curriculo-veja-estas-dicas\/#breadcrumb","itemListElement":[{"@type":"ListItem","position":1,"name":"In\u00edcio","item":"https:\/\/www.vagadeempregosp.com.br\/"},{"@type":"ListItem","position":2,"name":"\u00c9 legal ter sua foto no curr\u00edculo? Veja estas dicas"}]},{"@type":"WebSite","@id":"https:\/\/www.vagadeempregosp.com.br\/#website","url":"https:\/\/www.vagadeempregosp.com.br\/","name":"Transformar vidas con tecnolog\u00eda, informaci\u00f3n y oportunidades: Explore nuestro viaje de crecimiento","description":"Transformar vidas con tecnolog\u00eda, informaci\u00f3n y oportunidades: Explore nuestro viaje de crecimiento","potentialAction":[{"@type":"SearchAction","target":{"@type":"EntryPoint","urlTemplate":"https:\/\/www.vagadeempregosp.com.br\/?s={search_term_string}"},"query-input":{"@type":"PropertyValueSpecification","valueRequired":true,"valueName":"search_term_string"}}],"inLanguage":"es"},{"@type":"Person","@id":"https:\/\/www.vagadeempregosp.com.br\/#\/schema\/person\/15cdff8822aa2f27a8a65ee7bbfe7ce6","name":"Michele","image":{"@type":"ImageObject","inLanguage":"es","@id":"https:\/\/secure.gravatar.com\/avatar\/6b0eb9d22841282815e2cd856a0061c45e1761cd54b22e952d98c4746939aa85?s=96&r=g","url":"https:\/\/secure.gravatar.com\/avatar\/6b0eb9d22841282815e2cd856a0061c45e1761cd54b22e952d98c4746939aa85?s=96&r=g","contentUrl":"https:\/\/secure.gravatar.com\/avatar\/6b0eb9d22841282815e2cd856a0061c45e1761cd54b22e952d98c4746939aa85?s=96&r=g","caption":"Michele"},"description":"Graduada en Lenguas - Portugu\u00e9s\/Ingl\u00e9s, y creadora del sitio Escritora de Sucesso, busca ampliar el conocimiento de todos con informaciones relevantes sobre diversos temas, como escritora. En Vaga de Emprego SP, ofrece oportunidades y consejos sobre el mercado laboral.","url":"https:\/\/www.vagadeempregosp.com.br\/es\/author\/michele\/"}]}},"_links":{"self":[{"href":"https:\/\/www.vagadeempregosp.com.br\/es\/wp-json\/wp\/v2\/posts\/21635","targetHints":{"allow":["GET"]}}],"collection":[{"href":"https:\/\/www.vagadeempregosp.com.br\/es\/wp-json\/wp\/v2\/posts"}],"about":[{"href":"https:\/\/www.vagadeempregosp.com.br\/es\/wp-json\/wp\/v2\/types\/post"}],"author":[{"embeddable":true,"href":"https:\/\/www.vagadeempregosp.com.br\/es\/wp-json\/wp\/v2\/users\/11"}],"replies":[{"embeddable":true,"href":"https:\/\/www.vagadeempregosp.com.br\/es\/wp-json\/wp\/v2\/comments?post=21635"}],"version-history":[{"count":2,"href":"https:\/\/www.vagadeempregosp.com.br\/es\/wp-json\/wp\/v2\/posts\/21635\/revisions"}],"predecessor-version":[{"id":21652,"href":"https:\/\/www.vagadeempregosp.com.br\/es\/wp-json\/wp\/v2\/posts\/21635\/revisions\/21652"}],"wp:featuredmedia":[{"embeddable":true,"href":"https:\/\/www.vagadeempregosp.com.br\/es\/wp-json\/wp\/v2\/media\/21651"}],"wp:attachment":[{"href":"https:\/\/www.vagadeempregosp.com.br\/es\/wp-json\/wp\/v2\/media?parent=21635"}],"wp:term":[{"taxonomy":"category","embeddable":true,"href":"https:\/\/www.vagadeempregosp.com.br\/es\/wp-json\/wp\/v2\/categories?post=21635"},{"taxonomy":"post_tag","embeddable":true,"href":"https:\/\/www.vagadeempregosp.com.br\/es\/wp-json\/wp\/v2\/tags?post=21635"}],"curies":[{"name":"wp","href":"https:\/\/api.w.org\/{rel}","templated":true}]}}