{"id":21625,"date":"2024-04-03T00:01:00","date_gmt":"2024-04-03T03:01:00","guid":{"rendered":"https:\/\/www.vagadeempregosp.com.br\/?p=21625"},"modified":"2025-06-15T15:17:45","modified_gmt":"2025-06-15T18:17:45","slug":"por-que-debo-contratarle-sabe-responder-a-la-pregunta","status":"publish","type":"post","link":"https:\/\/www.vagadeempregosp.com.br\/es\/por-que-eu-deveria-te-contratar-saiba-como-responder-a-questao\/","title":{"rendered":"Por qu\u00e9 deber\u00eda contratarte: aprende a responder a la pregunta"},"content":{"rendered":"<p>Cuando buscas una oportunidad de empleo, ya sea en una entrevista de trabajo o incluso al enviar tu CV, una de las preguntas m\u00e1s habituales que puedes encontrarte es: \"\u00bfPor qu\u00e9 deber\u00eda contratarte?\". Aunque esta pregunta pueda parecer simple, es una oportunidad crucial para destacar sus habilidades, experiencia y personalidad de forma que demuestre su valor para la empresa.&nbsp;<\/p>\n\n\n\n<h2 class=\"wp-block-heading\">Entender lo que realmente pregunta el reclutador<\/h2>\n\n\n\n<p>Antes de redactar tu respuesta, es importante que entiendas lo que busca el responsable de la contrataci\u00f3n cuando te hace esta pregunta. En esencia, quieren saber por qu\u00e9 eres la persona adecuada para el puesto en cuesti\u00f3n. Quiere saber c\u00f3mo encajan tus aptitudes, experiencia y personalidad con las necesidades de la empresa y la cultura organizativa.<\/p>\n\n\n\n<h3 class=\"wp-block-heading\">Destaca tus competencias y experiencia<\/h3>\n\n\n\n<p>Cuando responda a esta pregunta, es esencial que destaque sus habilidades y experiencia que sean relevantes para el puesto que busca. Esto puede incluir sus conocimientos t\u00e9cnicos, experiencia laboral previa, certificaciones pertinentes y cualquier otra cualificaci\u00f3n que sea pertinente para el puesto.<\/p>\n\n\n\n<p>Por ejemplo, si solicita un puesto de gestor de proyectos, puede destacar su experiencia previa dirigiendo equipos y entregando proyectos a tiempo y dentro del presupuesto. Si opta a un puesto de ventas, puede destacar sus dotes de comunicaci\u00f3n, su capacidad de negociaci\u00f3n y su historial de consecuci\u00f3n y superaci\u00f3n de objetivos de ventas.<\/p>\n\n\n\n<figure class=\"wp-block-image size-large\"><img loading=\"lazy\" decoding=\"async\" width=\"1024\" height=\"520\" src=\"https:\/\/www.vagadeempregosp.com.br\/wp-content\/uploads\/2024\/03\/image-5-1024x520.png\" alt=\"\" class=\"wp-image-21641\" srcset=\"https:\/\/www.vagadeempregosp.com.br\/wp-content\/uploads\/2024\/03\/image-5-1024x520.png 1024w, https:\/\/www.vagadeempregosp.com.br\/wp-content\/uploads\/2024\/03\/image-5-300x152.png 300w, https:\/\/www.vagadeempregosp.com.br\/wp-content\/uploads\/2024\/03\/image-5-768x390.png 768w, https:\/\/www.vagadeempregosp.com.br\/wp-content\/uploads\/2024\/03\/image-5-18x9.png 18w, https:\/\/www.vagadeempregosp.com.br\/wp-content\/uploads\/2024\/03\/image-5.png 1280w\" sizes=\"auto, (max-width: 1024px) 100vw, 1024px\" \/><\/figure>\n\n\n\n<h3 class=\"wp-block-heading\">Muestra tu entusiasmo por la empresa y el trabajo<\/h3>\n\n\n\n<p>Adem\u00e1s de destacar sus competencias y experiencia, es importante que demuestre su entusiasmo por la empresa y el puesto en cuesti\u00f3n. Los responsables de la contrataci\u00f3n quieren estar seguros de que est\u00e1 realmente interesado en la oportunidad y de que est\u00e1 motivado para contribuir al \u00e9xito de la empresa.<\/p>\n\n\n\n<p>Puede demostrar su entusiasmo investigando sobre la empresa y demostrando que comprende su misi\u00f3n, sus valores y su cultura organizativa. Adem\u00e1s, puedes destacar c\u00f3mo tus competencias y experiencia se ajustan a los objetivos de la empresa y c\u00f3mo puedes contribuir a su crecimiento y \u00e9xito.<\/p>\n\n\n\n<h3 class=\"wp-block-heading\">Sea espec\u00edfico y concreto<\/h3>\n\n\n\n<p>Cuando responda a esta pregunta, evite las respuestas gen\u00e9ricas y vagas. En su lugar, sea espec\u00edfico y concreto a la hora de destacar sus habilidades, experiencia y logros. Utilice ejemplos concretos para ilustrar sus puntos y demostrar c\u00f3mo puede aportar valor a la empresa.<\/p>\n\n\n\n<p>Por ejemplo, en lugar de decir \"Soy un gran l\u00edder\", podr\u00edas decir \"En mi \u00faltimo puesto como jefe de ventas, fui responsable de dirigir un equipo de 10 personas y aumentar las ventas en 20% en un a\u00f1o\". Esta respuesta es mucho m\u00e1s contundente porque es espec\u00edfica y demuestra tus dotes de liderazgo y tu capacidad para lograr resultados tangibles.<\/p>\n\n\n\n<h3 class=\"wp-block-heading\">Practica tu respuesta<\/h3>\n\n\n\n<p>Por \u00faltimo, es importante que practiques tu respuesta para asegurarte de que est\u00e1s preparado para responder de forma clara, concisa y convincente durante una entrevista de trabajo. Puedes practicar tu respuesta con un amigo, un familiar o incluso delante de un espejo.<\/p>\n\n\n\n<p>Cuando practique su respuesta, aseg\u00farese de que fluye con naturalidad y de que transmite confianza y entusiasmo. No olvide centrarse en sus competencias, su experiencia y el valor a\u00f1adido que puede aportar a la empresa.<\/p>\n\n\n\n<p>Al responder a la pregunta \"\u00bfPor qu\u00e9 deber\u00eda contratarte?\", es importante destacar tus aptitudes, experiencia y entusiasmo por la empresa y el puesto. Sea espec\u00edfico, concreto y practique su respuesta para asegurarse de que est\u00e1 preparado para impresionar a los reclutadores y conseguir el trabajo de sus sue\u00f1os.<\/p>\n\n\n\n<p><strong>V\u00e9ase tambi\u00e9n: <a href=\"https:\/\/www.vagadeempregosp.com.br\/es\/emirates-tiene-ofertas-de-empleo-en-todo-el-pais-ver-oportunidades\/\">Emirates tiene ofertas de empleo en todo el pa\u00eds; ver oportunidades<\/a><\/strong><\/p>\n\n\n\n<p>3 de abril de 2024<\/p>","protected":false},"excerpt":{"rendered":"<p>Quando voc\u00ea est\u00e1 em busca de uma oportunidade de emprego, seja em uma entrevista de emprego ou mesmo ao enviar seu curr\u00edculo, uma das perguntas mais comuns que voc\u00ea pode encontrar \u00e9: &#8220;Por que eu deveria te contratar?&#8221;. Embora essa pergunta possa parecer simples, \u00e9 uma oportunidade crucial para destacar suas habilidades, experi\u00eancias e personalidade&hellip;&nbsp;<\/p>","protected":false},"author":11,"featured_media":21641,"comment_status":"closed","ping_status":"closed","sticky":false,"template":"","format":"standard","meta":{"neve_meta_sidebar":"","neve_meta_container":"","neve_meta_enable_content_width":"","neve_meta_content_width":0,"neve_meta_title_alignment":"","neve_meta_author_avatar":"","neve_post_elements_order":"","neve_meta_disable_header":"","neve_meta_disable_footer":"","neve_meta_disable_title":"","footnotes":""},"categories":[43],"tags":[],"class_list":["post-21625","post","type-post","status-publish","format-standard","has-post-thumbnail","hentry","category-vagas-nacionais"],"yoast_head":"<!-- This site is optimized with the Yoast SEO plugin v27.5 - https:\/\/yoast.com\/product\/yoast-seo-wordpress\/ -->\n<title>Por que eu deveria te contratar: Saiba Como Responder a Quest\u00e3o - Transformando Vidas com Tecnologia, Informa\u00e7\u00e3o e Oportunidades: Explore Nossa Jornada de Crescimento<\/title>\n<meta name=\"robots\" content=\"index, follow, max-snippet:-1, max-image-preview:large, max-video-preview:-1\" \/>\n<link rel=\"canonical\" href=\"https:\/\/www.vagadeempregosp.com.br\/es\/por-que-debo-contratarle-sabe-responder-a-la-pregunta\/\" \/>\n<meta property=\"og:locale\" content=\"es_ES\" \/>\n<meta property=\"og:type\" content=\"article\" \/>\n<meta property=\"og:title\" content=\"Por que eu deveria te contratar: Saiba Como Responder a Quest\u00e3o - Transformando Vidas com Tecnologia, Informa\u00e7\u00e3o e Oportunidades: Explore Nossa Jornada de Crescimento\" \/>\n<meta property=\"og:description\" content=\"Quando voc\u00ea est\u00e1 em busca de uma oportunidade de emprego, seja em uma entrevista de emprego ou mesmo ao enviar seu curr\u00edculo, uma das perguntas mais comuns que voc\u00ea pode encontrar \u00e9: &#8220;Por que eu deveria te contratar?&#8221;. Embora essa pergunta possa parecer simples, \u00e9 uma oportunidade crucial para destacar suas habilidades, experi\u00eancias e personalidade&hellip;&nbsp;\" \/>\n<meta property=\"og:url\" content=\"https:\/\/www.vagadeempregosp.com.br\/es\/por-que-debo-contratarle-sabe-responder-a-la-pregunta\/\" \/>\n<meta property=\"og:site_name\" content=\"Transformando Vidas com Tecnologia, Informa\u00e7\u00e3o e Oportunidades: Explore Nossa Jornada de Crescimento\" \/>\n<meta property=\"article:published_time\" content=\"2024-04-03T03:01:00+00:00\" \/>\n<meta property=\"article:modified_time\" content=\"2025-06-15T18:17:45+00:00\" \/>\n<meta property=\"og:image\" content=\"https:\/\/www.vagadeempregosp.com.br\/wp-content\/uploads\/2024\/03\/image-5.png\" \/>\n\t<meta property=\"og:image:width\" content=\"1280\" \/>\n\t<meta property=\"og:image:height\" content=\"650\" \/>\n\t<meta property=\"og:image:type\" content=\"image\/png\" \/>\n<meta name=\"author\" content=\"Michele\" \/>\n<meta name=\"twitter:card\" content=\"summary_large_image\" \/>\n<meta name=\"twitter:label1\" content=\"Escrito por\" \/>\n\t<meta name=\"twitter:data1\" content=\"Michele\" \/>\n\t<meta name=\"twitter:label2\" content=\"Tiempo de lectura\" \/>\n\t<meta name=\"twitter:data2\" content=\"3 minutos\" \/>\n<script type=\"application\/ld+json\" class=\"yoast-schema-graph\">{\"@context\":\"https:\\\/\\\/schema.org\",\"@graph\":[{\"@type\":\"Article\",\"@id\":\"https:\\\/\\\/www.vagadeempregosp.com.br\\\/por-que-eu-deveria-te-contratar-saiba-como-responder-a-questao\\\/#article\",\"isPartOf\":{\"@id\":\"https:\\\/\\\/www.vagadeempregosp.com.br\\\/por-que-eu-deveria-te-contratar-saiba-como-responder-a-questao\\\/\"},\"author\":{\"name\":\"Michele\",\"@id\":\"https:\\\/\\\/www.vagadeempregosp.com.br\\\/#\\\/schema\\\/person\\\/15cdff8822aa2f27a8a65ee7bbfe7ce6\"},\"headline\":\"Por que eu deveria te contratar: Saiba Como Responder a Quest\u00e3o\",\"datePublished\":\"2024-04-03T03:01:00+00:00\",\"dateModified\":\"2025-06-15T18:17:45+00:00\",\"mainEntityOfPage\":{\"@id\":\"https:\\\/\\\/www.vagadeempregosp.com.br\\\/por-que-eu-deveria-te-contratar-saiba-como-responder-a-questao\\\/\"},\"wordCount\":631,\"image\":{\"@id\":\"https:\\\/\\\/www.vagadeempregosp.com.br\\\/por-que-eu-deveria-te-contratar-saiba-como-responder-a-questao\\\/#primaryimage\"},\"thumbnailUrl\":\"https:\\\/\\\/www.vagadeempregosp.com.br\\\/wp-content\\\/uploads\\\/2024\\\/03\\\/image-5.png\",\"articleSection\":[\"Vagas de Emprego Nacionais\"],\"inLanguage\":\"es\"},{\"@type\":\"WebPage\",\"@id\":\"https:\\\/\\\/www.vagadeempregosp.com.br\\\/por-que-eu-deveria-te-contratar-saiba-como-responder-a-questao\\\/\",\"url\":\"https:\\\/\\\/www.vagadeempregosp.com.br\\\/por-que-eu-deveria-te-contratar-saiba-como-responder-a-questao\\\/\",\"name\":\"Por que eu deveria te contratar: Saiba Como Responder a Quest\u00e3o - Transformando Vidas com Tecnologia, Informa\u00e7\u00e3o e Oportunidades: Explore Nossa Jornada de Crescimento\",\"isPartOf\":{\"@id\":\"https:\\\/\\\/www.vagadeempregosp.com.br\\\/#website\"},\"primaryImageOfPage\":{\"@id\":\"https:\\\/\\\/www.vagadeempregosp.com.br\\\/por-que-eu-deveria-te-contratar-saiba-como-responder-a-questao\\\/#primaryimage\"},\"image\":{\"@id\":\"https:\\\/\\\/www.vagadeempregosp.com.br\\\/por-que-eu-deveria-te-contratar-saiba-como-responder-a-questao\\\/#primaryimage\"},\"thumbnailUrl\":\"https:\\\/\\\/www.vagadeempregosp.com.br\\\/wp-content\\\/uploads\\\/2024\\\/03\\\/image-5.png\",\"datePublished\":\"2024-04-03T03:01:00+00:00\",\"dateModified\":\"2025-06-15T18:17:45+00:00\",\"author\":{\"@id\":\"https:\\\/\\\/www.vagadeempregosp.com.br\\\/#\\\/schema\\\/person\\\/15cdff8822aa2f27a8a65ee7bbfe7ce6\"},\"breadcrumb\":{\"@id\":\"https:\\\/\\\/www.vagadeempregosp.com.br\\\/por-que-eu-deveria-te-contratar-saiba-como-responder-a-questao\\\/#breadcrumb\"},\"inLanguage\":\"es\",\"potentialAction\":[{\"@type\":\"ReadAction\",\"target\":[\"https:\\\/\\\/www.vagadeempregosp.com.br\\\/por-que-eu-deveria-te-contratar-saiba-como-responder-a-questao\\\/\"]}]},{\"@type\":\"ImageObject\",\"inLanguage\":\"es\",\"@id\":\"https:\\\/\\\/www.vagadeempregosp.com.br\\\/por-que-eu-deveria-te-contratar-saiba-como-responder-a-questao\\\/#primaryimage\",\"url\":\"https:\\\/\\\/www.vagadeempregosp.com.br\\\/wp-content\\\/uploads\\\/2024\\\/03\\\/image-5.png\",\"contentUrl\":\"https:\\\/\\\/www.vagadeempregosp.com.br\\\/wp-content\\\/uploads\\\/2024\\\/03\\\/image-5.png\",\"width\":1280,\"height\":650},{\"@type\":\"BreadcrumbList\",\"@id\":\"https:\\\/\\\/www.vagadeempregosp.com.br\\\/por-que-eu-deveria-te-contratar-saiba-como-responder-a-questao\\\/#breadcrumb\",\"itemListElement\":[{\"@type\":\"ListItem\",\"position\":1,\"name\":\"In\u00edcio\",\"item\":\"https:\\\/\\\/www.vagadeempregosp.com.br\\\/\"},{\"@type\":\"ListItem\",\"position\":2,\"name\":\"Por que eu deveria te contratar: Saiba Como Responder a Quest\u00e3o\"}]},{\"@type\":\"WebSite\",\"@id\":\"https:\\\/\\\/www.vagadeempregosp.com.br\\\/#website\",\"url\":\"https:\\\/\\\/www.vagadeempregosp.com.br\\\/\",\"name\":\"Transformando Vidas com Tecnologia, Informa\u00e7\u00e3o e Oportunidades: Explore Nossa Jornada de Crescimento\",\"description\":\"Transformando Vidas com Tecnologia, Informa\u00e7\u00e3o e Oportunidades: Explore Nossa Jornada de Crescimento\",\"potentialAction\":[{\"@type\":\"SearchAction\",\"target\":{\"@type\":\"EntryPoint\",\"urlTemplate\":\"https:\\\/\\\/www.vagadeempregosp.com.br\\\/?s={search_term_string}\"},\"query-input\":{\"@type\":\"PropertyValueSpecification\",\"valueRequired\":true,\"valueName\":\"search_term_string\"}}],\"inLanguage\":\"es\"},{\"@type\":\"Person\",\"@id\":\"https:\\\/\\\/www.vagadeempregosp.com.br\\\/#\\\/schema\\\/person\\\/15cdff8822aa2f27a8a65ee7bbfe7ce6\",\"name\":\"Michele\",\"image\":{\"@type\":\"ImageObject\",\"inLanguage\":\"es\",\"@id\":\"https:\\\/\\\/secure.gravatar.com\\\/avatar\\\/6b0eb9d22841282815e2cd856a0061c45e1761cd54b22e952d98c4746939aa85?s=96&r=g\",\"url\":\"https:\\\/\\\/secure.gravatar.com\\\/avatar\\\/6b0eb9d22841282815e2cd856a0061c45e1761cd54b22e952d98c4746939aa85?s=96&r=g\",\"contentUrl\":\"https:\\\/\\\/secure.gravatar.com\\\/avatar\\\/6b0eb9d22841282815e2cd856a0061c45e1761cd54b22e952d98c4746939aa85?s=96&r=g\",\"caption\":\"Michele\"},\"description\":\"Formada em Letras - Portugu\u00eas\\\/ Ingl\u00eas, e idealizadora do site Escritora de Sucesso, busca expandir o conhecimento de todos com informa\u00e7\u00f5es relevantes sobre diversos assuntos, enquanto redatora. No Vaga de Emprego SP, traz oportunidades e dicas sobre o mercado de trabalho.\",\"url\":\"https:\\\/\\\/www.vagadeempregosp.com.br\\\/es\\\/author\\\/michele\\\/\"}]}<\/script>\n<!-- \/ Yoast SEO plugin. -->","yoast_head_json":{"title":"Por qu\u00e9 deber\u00eda contratarte: aprende a responder a la pregunta - Transformar vidas con tecnolog\u00eda, informaci\u00f3n y oportunidades: explora nuestro viaje de crecimiento","robots":{"index":"index","follow":"follow","max-snippet":"max-snippet:-1","max-image-preview":"max-image-preview:large","max-video-preview":"max-video-preview:-1"},"canonical":"https:\/\/www.vagadeempregosp.com.br\/es\/por-que-debo-contratarle-sabe-responder-a-la-pregunta\/","og_locale":"es_ES","og_type":"article","og_title":"Por que eu deveria te contratar: Saiba Como Responder a Quest\u00e3o - Transformando Vidas com Tecnologia, Informa\u00e7\u00e3o e Oportunidades: Explore Nossa Jornada de Crescimento","og_description":"Quando voc\u00ea est\u00e1 em busca de uma oportunidade de emprego, seja em uma entrevista de emprego ou mesmo ao enviar seu curr\u00edculo, uma das perguntas mais comuns que voc\u00ea pode encontrar \u00e9: &#8220;Por que eu deveria te contratar?&#8221;. Embora essa pergunta possa parecer simples, \u00e9 uma oportunidade crucial para destacar suas habilidades, experi\u00eancias e personalidade&hellip;&nbsp;","og_url":"https:\/\/www.vagadeempregosp.com.br\/es\/por-que-debo-contratarle-sabe-responder-a-la-pregunta\/","og_site_name":"Transformando Vidas com Tecnologia, Informa\u00e7\u00e3o e Oportunidades: Explore Nossa Jornada de Crescimento","article_published_time":"2024-04-03T03:01:00+00:00","article_modified_time":"2025-06-15T18:17:45+00:00","og_image":[{"width":1280,"height":650,"url":"https:\/\/www.vagadeempregosp.com.br\/wp-content\/uploads\/2024\/03\/image-5.png","type":"image\/png"}],"author":"Michele","twitter_card":"summary_large_image","twitter_misc":{"Escrito por":"Michele","Tiempo de lectura":"3 minutos"},"schema":{"@context":"https:\/\/schema.org","@graph":[{"@type":"Article","@id":"https:\/\/www.vagadeempregosp.com.br\/por-que-eu-deveria-te-contratar-saiba-como-responder-a-questao\/#article","isPartOf":{"@id":"https:\/\/www.vagadeempregosp.com.br\/por-que-eu-deveria-te-contratar-saiba-como-responder-a-questao\/"},"author":{"name":"Michele","@id":"https:\/\/www.vagadeempregosp.com.br\/#\/schema\/person\/15cdff8822aa2f27a8a65ee7bbfe7ce6"},"headline":"Por que eu deveria te contratar: Saiba Como Responder a Quest\u00e3o","datePublished":"2024-04-03T03:01:00+00:00","dateModified":"2025-06-15T18:17:45+00:00","mainEntityOfPage":{"@id":"https:\/\/www.vagadeempregosp.com.br\/por-que-eu-deveria-te-contratar-saiba-como-responder-a-questao\/"},"wordCount":631,"image":{"@id":"https:\/\/www.vagadeempregosp.com.br\/por-que-eu-deveria-te-contratar-saiba-como-responder-a-questao\/#primaryimage"},"thumbnailUrl":"https:\/\/www.vagadeempregosp.com.br\/wp-content\/uploads\/2024\/03\/image-5.png","articleSection":["Vagas de Emprego Nacionais"],"inLanguage":"es"},{"@type":"WebPage","@id":"https:\/\/www.vagadeempregosp.com.br\/por-que-eu-deveria-te-contratar-saiba-como-responder-a-questao\/","url":"https:\/\/www.vagadeempregosp.com.br\/por-que-eu-deveria-te-contratar-saiba-como-responder-a-questao\/","name":"Por qu\u00e9 deber\u00eda contratarte: aprende a responder a la pregunta - Transformar vidas con tecnolog\u00eda, informaci\u00f3n y oportunidades: explora nuestro viaje de crecimiento","isPartOf":{"@id":"https:\/\/www.vagadeempregosp.com.br\/#website"},"primaryImageOfPage":{"@id":"https:\/\/www.vagadeempregosp.com.br\/por-que-eu-deveria-te-contratar-saiba-como-responder-a-questao\/#primaryimage"},"image":{"@id":"https:\/\/www.vagadeempregosp.com.br\/por-que-eu-deveria-te-contratar-saiba-como-responder-a-questao\/#primaryimage"},"thumbnailUrl":"https:\/\/www.vagadeempregosp.com.br\/wp-content\/uploads\/2024\/03\/image-5.png","datePublished":"2024-04-03T03:01:00+00:00","dateModified":"2025-06-15T18:17:45+00:00","author":{"@id":"https:\/\/www.vagadeempregosp.com.br\/#\/schema\/person\/15cdff8822aa2f27a8a65ee7bbfe7ce6"},"breadcrumb":{"@id":"https:\/\/www.vagadeempregosp.com.br\/por-que-eu-deveria-te-contratar-saiba-como-responder-a-questao\/#breadcrumb"},"inLanguage":"es","potentialAction":[{"@type":"ReadAction","target":["https:\/\/www.vagadeempregosp.com.br\/por-que-eu-deveria-te-contratar-saiba-como-responder-a-questao\/"]}]},{"@type":"ImageObject","inLanguage":"es","@id":"https:\/\/www.vagadeempregosp.com.br\/por-que-eu-deveria-te-contratar-saiba-como-responder-a-questao\/#primaryimage","url":"https:\/\/www.vagadeempregosp.com.br\/wp-content\/uploads\/2024\/03\/image-5.png","contentUrl":"https:\/\/www.vagadeempregosp.com.br\/wp-content\/uploads\/2024\/03\/image-5.png","width":1280,"height":650},{"@type":"BreadcrumbList","@id":"https:\/\/www.vagadeempregosp.com.br\/por-que-eu-deveria-te-contratar-saiba-como-responder-a-questao\/#breadcrumb","itemListElement":[{"@type":"ListItem","position":1,"name":"In\u00edcio","item":"https:\/\/www.vagadeempregosp.com.br\/"},{"@type":"ListItem","position":2,"name":"Por que eu deveria te contratar: Saiba Como Responder a Quest\u00e3o"}]},{"@type":"WebSite","@id":"https:\/\/www.vagadeempregosp.com.br\/#website","url":"https:\/\/www.vagadeempregosp.com.br\/","name":"Transformar vidas con tecnolog\u00eda, informaci\u00f3n y oportunidades: Explore nuestro viaje de crecimiento","description":"Transformar vidas con tecnolog\u00eda, informaci\u00f3n y oportunidades: Explore nuestro viaje de crecimiento","potentialAction":[{"@type":"SearchAction","target":{"@type":"EntryPoint","urlTemplate":"https:\/\/www.vagadeempregosp.com.br\/?s={search_term_string}"},"query-input":{"@type":"PropertyValueSpecification","valueRequired":true,"valueName":"search_term_string"}}],"inLanguage":"es"},{"@type":"Person","@id":"https:\/\/www.vagadeempregosp.com.br\/#\/schema\/person\/15cdff8822aa2f27a8a65ee7bbfe7ce6","name":"Michele","image":{"@type":"ImageObject","inLanguage":"es","@id":"https:\/\/secure.gravatar.com\/avatar\/6b0eb9d22841282815e2cd856a0061c45e1761cd54b22e952d98c4746939aa85?s=96&r=g","url":"https:\/\/secure.gravatar.com\/avatar\/6b0eb9d22841282815e2cd856a0061c45e1761cd54b22e952d98c4746939aa85?s=96&r=g","contentUrl":"https:\/\/secure.gravatar.com\/avatar\/6b0eb9d22841282815e2cd856a0061c45e1761cd54b22e952d98c4746939aa85?s=96&r=g","caption":"Michele"},"description":"Graduada en Lenguas - Portugu\u00e9s\/Ingl\u00e9s, y creadora del sitio Escritora de Sucesso, busca ampliar el conocimiento de todos con informaciones relevantes sobre diversos temas, como escritora. En Vaga de Emprego SP, ofrece oportunidades y consejos sobre el mercado laboral.","url":"https:\/\/www.vagadeempregosp.com.br\/es\/author\/michele\/"}]}},"_links":{"self":[{"href":"https:\/\/www.vagadeempregosp.com.br\/es\/wp-json\/wp\/v2\/posts\/21625","targetHints":{"allow":["GET"]}}],"collection":[{"href":"https:\/\/www.vagadeempregosp.com.br\/es\/wp-json\/wp\/v2\/posts"}],"about":[{"href":"https:\/\/www.vagadeempregosp.com.br\/es\/wp-json\/wp\/v2\/types\/post"}],"author":[{"embeddable":true,"href":"https:\/\/www.vagadeempregosp.com.br\/es\/wp-json\/wp\/v2\/users\/11"}],"replies":[{"embeddable":true,"href":"https:\/\/www.vagadeempregosp.com.br\/es\/wp-json\/wp\/v2\/comments?post=21625"}],"version-history":[{"count":2,"href":"https:\/\/www.vagadeempregosp.com.br\/es\/wp-json\/wp\/v2\/posts\/21625\/revisions"}],"predecessor-version":[{"id":21642,"href":"https:\/\/www.vagadeempregosp.com.br\/es\/wp-json\/wp\/v2\/posts\/21625\/revisions\/21642"}],"wp:featuredmedia":[{"embeddable":true,"href":"https:\/\/www.vagadeempregosp.com.br\/es\/wp-json\/wp\/v2\/media\/21641"}],"wp:attachment":[{"href":"https:\/\/www.vagadeempregosp.com.br\/es\/wp-json\/wp\/v2\/media?parent=21625"}],"wp:term":[{"taxonomy":"category","embeddable":true,"href":"https:\/\/www.vagadeempregosp.com.br\/es\/wp-json\/wp\/v2\/categories?post=21625"},{"taxonomy":"post_tag","embeddable":true,"href":"https:\/\/www.vagadeempregosp.com.br\/es\/wp-json\/wp\/v2\/tags?post=21625"}],"curies":[{"name":"wp","href":"https:\/\/api.w.org\/{rel}","templated":true}]}}