{"id":21610,"date":"2024-03-19T21:23:06","date_gmt":"2024-03-20T00:23:06","guid":{"rendered":"https:\/\/www.vagadeempregosp.com.br\/?p=21610"},"modified":"2025-06-15T15:17:45","modified_gmt":"2025-06-15T18:17:45","slug":"ser-feliz-en-el-trabajo-responsabilidad-de-la-empresa-o-del-empleado","status":"publish","type":"post","link":"https:\/\/www.vagadeempregosp.com.br\/es\/ser-feliz-no-trabalho-responsabilidade-da-empresa-ou-funcionario\/","title":{"rendered":"Ser feliz en el trabajo: \u00bfresponsabilidad de la empresa o del empleado?"},"content":{"rendered":"<p>En el escenario actual, en el que el bienestar y la satisfacci\u00f3n laboral se consideran pilares fundamentales para el \u00e9xito de una organizaci\u00f3n, surge una pregunta crucial: \u00bfqui\u00e9n es el responsable de promover la felicidad en el lugar de trabajo?&nbsp;<\/p>\n\n\n\n<p>\u00bfCae esta responsabilidad sobre la empresa, que debe crear un entorno favorable para el desarrollo personal y profesional de sus empleados? \u00bfO corresponde a los propios individuos buscar la felicidad en su trabajo, independientemente de las circunstancias externas?&nbsp;<\/p>\n\n\n\n<h2 class=\"wp-block-heading\">La perspectiva de la empresa: crear un entorno propicio<\/h2>\n\n\n\n<p>Para muchos, la responsabilidad de promover la felicidad en el lugar de trabajo <a href=\"https:\/\/www.gov.br\/pt-br\/temas\/trabalho-emprego\">trabajo<\/a> recae directamente en la empresa.<\/p>\n\n\n\n<p>Al fin y al cabo, son las organizaciones las que tienen el poder de crear pol\u00edticas, programas y pr\u00e1cticas que repercuten directamente en el entorno y la cultura de la organizaci\u00f3n. He aqu\u00ed algunas formas en que las empresas pueden contribuir al bienestar y la felicidad de sus empleados:<\/p>\n\n\n\n<h3 class=\"wp-block-heading\">1. Cultura organizativa<\/h3>\n\n\n\n<p>Una cultura que valore la transparencia, la colaboraci\u00f3n y el respeto mutuo puede crear un entorno de trabajo positivo en el que los empleados se sientan valorados y motivados para contribuir al \u00e9xito de la empresa.<\/p>\n\n\n\n<h3 class=\"wp-block-heading\">2. Flexibilidad y conciliaci\u00f3n<\/h3>\n\n\n\n<p>Ofrecer pol\u00edticas de horario flexible, como el trabajo a distancia o la flexibilidad horaria, permite a los empleados conciliar mejor sus responsabilidades profesionales y personales, reduciendo el estr\u00e9s y fomentando una mayor satisfacci\u00f3n laboral.<\/p>\n\n\n\n<h3 class=\"wp-block-heading\">3. 3. Desarrollo profesional<\/h3>\n\n\n\n<p>Invertir en el desarrollo profesional de los empleados mediante programas de formaci\u00f3n, tutor\u00edas y oportunidades de crecimiento interno no s\u00f3lo aumenta la productividad, sino que demuestra el compromiso de la empresa con el progreso y el bienestar de sus empleados.<\/p>\n\n\n\n<h3 class=\"wp-block-heading\">4. Reconocimiento y recompensa<\/h3>\n\n\n\n<p>Reconocer y recompensar el rendimiento excepcional de los empleados de forma peri\u00f3dica y transparente contribuye a crear un entorno de trabajo positivo en el que los empleados se sienten valorados y motivados para alcanzar sus objetivos profesionales.<\/p>\n\n\n\n<figure class=\"wp-block-image size-large\"><img loading=\"lazy\" decoding=\"async\" width=\"1024\" height=\"698\" src=\"https:\/\/www.vagadeempregosp.com.br\/wp-content\/uploads\/2024\/03\/image-1024x698.png\" alt=\"\" class=\"wp-image-21611\" srcset=\"https:\/\/www.vagadeempregosp.com.br\/wp-content\/uploads\/2024\/03\/image-1024x698.png 1024w, https:\/\/www.vagadeempregosp.com.br\/wp-content\/uploads\/2024\/03\/image-300x205.png 300w, https:\/\/www.vagadeempregosp.com.br\/wp-content\/uploads\/2024\/03\/image-768x524.png 768w, https:\/\/www.vagadeempregosp.com.br\/wp-content\/uploads\/2024\/03\/image-18x12.png 18w, https:\/\/www.vagadeempregosp.com.br\/wp-content\/uploads\/2024\/03\/image.png 1280w\" sizes=\"auto, (max-width: 1024px) 100vw, 1024px\" \/><\/figure>\n\n\n\n<h2 class=\"wp-block-heading\">La perspectiva del empleado: capacitaci\u00f3n individual<\/h2>\n\n\n\n<p>Por otra parte, hay quienes sostienen que la responsabilidad de la felicidad en el trabajo recae principalmente en el propio individuo. Seg\u00fan esta perspectiva, cada persona es responsable de su propia felicidad y debe buscar activamente formas de encontrar sentido y satisfacci\u00f3n en su trabajo. He aqu\u00ed algunas estrategias que los empleados pueden adoptar para promover su propia felicidad en el trabajo:<\/p>\n\n\n\n<h3 class=\"wp-block-heading\">1. Definir metas y objetivos personales<\/h3>\n\n\n\n<p>Establecer objetivos personales y profesionales claros puede ayudar a los empleados a encontrar un mayor prop\u00f3sito en su trabajo, haci\u00e9ndolo m\u00e1s gratificante y significativo.<\/p>\n\n\n\n<h3 class=\"wp-block-heading\">2. Desarrollar habilidades de autogesti\u00f3n<\/h3>\n\n\n\n<p>Aprender a gestionar el estr\u00e9s, mantener un equilibrio saludable entre la vida laboral y personal y cultivar una mentalidad positiva son habilidades esenciales para fomentar la felicidad y el bienestar en el trabajo.<\/p>\n\n\n\n<h3 class=\"wp-block-heading\">3. Cultivar relaciones positivas<\/h3>\n\n\n\n<p>Establecer v\u00ednculos significativos con compa\u00f1eros y l\u00edderes puede contribuir significativamente a la felicidad en el trabajo, creando un sentimiento de pertenencia y camarader\u00eda en el lugar de trabajo.<\/p>\n\n\n\n<h3 class=\"wp-block-heading\">4. Buscar retos y oportunidades de crecimiento<\/h3>\n\n\n\n<p>Buscar constantemente retos y oportunidades de aprendizaje puede ayudar a los empleados a mantenerse comprometidos y motivados en su trabajo, fomentando un sentimiento de realizaci\u00f3n personal y profesional.<\/p>\n\n\n\n<h2 class=\"wp-block-heading\">Despu\u00e9s de todo, \u00bfde qui\u00e9n es la responsabilidad?<\/h2>\n\n\n\n<p>La b\u00fasqueda de la felicidad en el trabajo es una responsabilidad compartida entre la empresa y el trabajador.&nbsp;<\/p>\n\n\n\n<p>Si bien la empresa debe crear un entorno propicio fomentando una cultura organizativa saludable, pol\u00edticas de conciliaci\u00f3n de la vida laboral y familiar, desarrollo profesional y reconocimiento adecuado, el empleado tambi\u00e9n tiene el deber de buscar activamente su propio bienestar cultivando habilidades de autogesti\u00f3n, fijando objetivos personales y manteniendo relaciones positivas en el lugar de trabajo.&nbsp;<\/p>\n\n\n\n<p>La colaboraci\u00f3n entre ambas partes es esencial para fomentar un ambiente de trabajo feliz y productivo.<\/p>\n\n\n\n<h2 class=\"wp-block-heading\">Un enfoque hol\u00edstico<\/h2>\n\n\n\n<p>En \u00faltima instancia, la b\u00fasqueda de la felicidad en el trabajo es un viaje que implica tanto a la empresa como al empleado. Mientras que las empresas tienen la responsabilidad de crear un entorno propicio y promover pol\u00edticas que apoyen el bienestar de los empleados, los individuos tambi\u00e9n tienen un papel clave en la b\u00fasqueda activa de formas de encontrar sentido y satisfacci\u00f3n en su trabajo. Adoptando un enfoque hol\u00edstico que reconozca la interacci\u00f3n entre empresa y empleado, podemos crear entornos de trabajo m\u00e1s saludables, productivos y felices para todos los implicados.<\/p>\n\n\n\n<p><strong>V\u00e9ase tambi\u00e9n: <a href=\"https:\/\/www.vagadeempregosp.com.br\/es\/que-formacion-se-necesita-para-trabajar-en-un-banco-he-aqui-algunos-consejos\/\">\u00bfQu\u00e9 formaci\u00f3n se necesita para trabajar en un banco? Ver los consejos<\/a><\/strong><\/p>\n\n\n\n<p>19 de marzo de 2024<\/p>","protected":false},"excerpt":{"rendered":"<p>No cen\u00e1rio atual, onde o bem-estar e a satisfa\u00e7\u00e3o no trabalho s\u00e3o considerados pilares fundamentais para o sucesso de uma organiza\u00e7\u00e3o, surge um questionamento crucial: quem \u00e9 respons\u00e1vel por promover a felicidade no ambiente de trabalho?&nbsp; Ser\u00e1 que essa responsabilidade recai sobre os ombros da empresa, que deve criar um ambiente prop\u00edcio para o desenvolvimento&hellip;&nbsp;<\/p>","protected":false},"author":11,"featured_media":21611,"comment_status":"closed","ping_status":"closed","sticky":false,"template":"","format":"standard","meta":{"neve_meta_sidebar":"","neve_meta_container":"","neve_meta_enable_content_width":"","neve_meta_content_width":0,"neve_meta_title_alignment":"","neve_meta_author_avatar":"","neve_post_elements_order":"","neve_meta_disable_header":"","neve_meta_disable_footer":"","neve_meta_disable_title":"","footnotes":""},"categories":[43],"tags":[],"class_list":["post-21610","post","type-post","status-publish","format-standard","has-post-thumbnail","hentry","category-vagas-nacionais"],"yoast_head":"<!-- This site is optimized with the Yoast SEO plugin v27.5 - https:\/\/yoast.com\/product\/yoast-seo-wordpress\/ -->\n<title>Ser feliz no trabalho: Responsabilidade da empresa ou funcion\u00e1rio? - Transformando Vidas com Tecnologia, Informa\u00e7\u00e3o e Oportunidades: Explore Nossa Jornada de Crescimento<\/title>\n<meta name=\"robots\" content=\"index, follow, max-snippet:-1, max-image-preview:large, max-video-preview:-1\" \/>\n<link rel=\"canonical\" href=\"https:\/\/www.vagadeempregosp.com.br\/es\/ser-feliz-en-el-trabajo-responsabilidad-de-la-empresa-o-del-empleado\/\" \/>\n<meta property=\"og:locale\" content=\"es_ES\" \/>\n<meta property=\"og:type\" content=\"article\" \/>\n<meta property=\"og:title\" content=\"Ser feliz no trabalho: Responsabilidade da empresa ou funcion\u00e1rio? - Transformando Vidas com Tecnologia, Informa\u00e7\u00e3o e Oportunidades: Explore Nossa Jornada de Crescimento\" \/>\n<meta property=\"og:description\" content=\"No cen\u00e1rio atual, onde o bem-estar e a satisfa\u00e7\u00e3o no trabalho s\u00e3o considerados pilares fundamentais para o sucesso de uma organiza\u00e7\u00e3o, surge um questionamento crucial: quem \u00e9 respons\u00e1vel por promover a felicidade no ambiente de trabalho?&nbsp; Ser\u00e1 que essa responsabilidade recai sobre os ombros da empresa, que deve criar um ambiente prop\u00edcio para o desenvolvimento&hellip;&nbsp;\" \/>\n<meta property=\"og:url\" content=\"https:\/\/www.vagadeempregosp.com.br\/es\/ser-feliz-en-el-trabajo-responsabilidad-de-la-empresa-o-del-empleado\/\" \/>\n<meta property=\"og:site_name\" content=\"Transformando Vidas com Tecnologia, Informa\u00e7\u00e3o e Oportunidades: Explore Nossa Jornada de Crescimento\" \/>\n<meta property=\"article:published_time\" content=\"2024-03-20T00:23:06+00:00\" \/>\n<meta property=\"article:modified_time\" content=\"2025-06-15T18:17:45+00:00\" \/>\n<meta property=\"og:image\" content=\"https:\/\/www.vagadeempregosp.com.br\/wp-content\/uploads\/2024\/03\/image.png\" \/>\n\t<meta property=\"og:image:width\" content=\"1280\" \/>\n\t<meta property=\"og:image:height\" content=\"873\" \/>\n\t<meta property=\"og:image:type\" content=\"image\/png\" \/>\n<meta name=\"author\" content=\"Michele\" \/>\n<meta name=\"twitter:card\" content=\"summary_large_image\" \/>\n<meta name=\"twitter:label1\" content=\"Escrito por\" \/>\n\t<meta name=\"twitter:data1\" content=\"Michele\" \/>\n\t<meta name=\"twitter:label2\" content=\"Tiempo de lectura\" \/>\n\t<meta name=\"twitter:data2\" content=\"4 minutos\" \/>\n<script type=\"application\/ld+json\" class=\"yoast-schema-graph\">{\"@context\":\"https:\\\/\\\/schema.org\",\"@graph\":[{\"@type\":\"Article\",\"@id\":\"https:\\\/\\\/www.vagadeempregosp.com.br\\\/ser-feliz-no-trabalho-responsabilidade-da-empresa-ou-funcionario\\\/#article\",\"isPartOf\":{\"@id\":\"https:\\\/\\\/www.vagadeempregosp.com.br\\\/ser-feliz-no-trabalho-responsabilidade-da-empresa-ou-funcionario\\\/\"},\"author\":{\"name\":\"Michele\",\"@id\":\"https:\\\/\\\/www.vagadeempregosp.com.br\\\/#\\\/schema\\\/person\\\/15cdff8822aa2f27a8a65ee7bbfe7ce6\"},\"headline\":\"Ser feliz no trabalho: Responsabilidade da empresa ou funcion\u00e1rio?\",\"datePublished\":\"2024-03-20T00:23:06+00:00\",\"dateModified\":\"2025-06-15T18:17:45+00:00\",\"mainEntityOfPage\":{\"@id\":\"https:\\\/\\\/www.vagadeempregosp.com.br\\\/ser-feliz-no-trabalho-responsabilidade-da-empresa-ou-funcionario\\\/\"},\"wordCount\":781,\"image\":{\"@id\":\"https:\\\/\\\/www.vagadeempregosp.com.br\\\/ser-feliz-no-trabalho-responsabilidade-da-empresa-ou-funcionario\\\/#primaryimage\"},\"thumbnailUrl\":\"https:\\\/\\\/www.vagadeempregosp.com.br\\\/wp-content\\\/uploads\\\/2024\\\/03\\\/image.png\",\"articleSection\":[\"Vagas de Emprego Nacionais\"],\"inLanguage\":\"es\"},{\"@type\":\"WebPage\",\"@id\":\"https:\\\/\\\/www.vagadeempregosp.com.br\\\/ser-feliz-no-trabalho-responsabilidade-da-empresa-ou-funcionario\\\/\",\"url\":\"https:\\\/\\\/www.vagadeempregosp.com.br\\\/ser-feliz-no-trabalho-responsabilidade-da-empresa-ou-funcionario\\\/\",\"name\":\"Ser feliz no trabalho: Responsabilidade da empresa ou funcion\u00e1rio? - Transformando Vidas com Tecnologia, Informa\u00e7\u00e3o e Oportunidades: Explore Nossa Jornada de Crescimento\",\"isPartOf\":{\"@id\":\"https:\\\/\\\/www.vagadeempregosp.com.br\\\/#website\"},\"primaryImageOfPage\":{\"@id\":\"https:\\\/\\\/www.vagadeempregosp.com.br\\\/ser-feliz-no-trabalho-responsabilidade-da-empresa-ou-funcionario\\\/#primaryimage\"},\"image\":{\"@id\":\"https:\\\/\\\/www.vagadeempregosp.com.br\\\/ser-feliz-no-trabalho-responsabilidade-da-empresa-ou-funcionario\\\/#primaryimage\"},\"thumbnailUrl\":\"https:\\\/\\\/www.vagadeempregosp.com.br\\\/wp-content\\\/uploads\\\/2024\\\/03\\\/image.png\",\"datePublished\":\"2024-03-20T00:23:06+00:00\",\"dateModified\":\"2025-06-15T18:17:45+00:00\",\"author\":{\"@id\":\"https:\\\/\\\/www.vagadeempregosp.com.br\\\/#\\\/schema\\\/person\\\/15cdff8822aa2f27a8a65ee7bbfe7ce6\"},\"breadcrumb\":{\"@id\":\"https:\\\/\\\/www.vagadeempregosp.com.br\\\/ser-feliz-no-trabalho-responsabilidade-da-empresa-ou-funcionario\\\/#breadcrumb\"},\"inLanguage\":\"es\",\"potentialAction\":[{\"@type\":\"ReadAction\",\"target\":[\"https:\\\/\\\/www.vagadeempregosp.com.br\\\/ser-feliz-no-trabalho-responsabilidade-da-empresa-ou-funcionario\\\/\"]}]},{\"@type\":\"ImageObject\",\"inLanguage\":\"es\",\"@id\":\"https:\\\/\\\/www.vagadeempregosp.com.br\\\/ser-feliz-no-trabalho-responsabilidade-da-empresa-ou-funcionario\\\/#primaryimage\",\"url\":\"https:\\\/\\\/www.vagadeempregosp.com.br\\\/wp-content\\\/uploads\\\/2024\\\/03\\\/image.png\",\"contentUrl\":\"https:\\\/\\\/www.vagadeempregosp.com.br\\\/wp-content\\\/uploads\\\/2024\\\/03\\\/image.png\",\"width\":1280,\"height\":873},{\"@type\":\"BreadcrumbList\",\"@id\":\"https:\\\/\\\/www.vagadeempregosp.com.br\\\/ser-feliz-no-trabalho-responsabilidade-da-empresa-ou-funcionario\\\/#breadcrumb\",\"itemListElement\":[{\"@type\":\"ListItem\",\"position\":1,\"name\":\"In\u00edcio\",\"item\":\"https:\\\/\\\/www.vagadeempregosp.com.br\\\/\"},{\"@type\":\"ListItem\",\"position\":2,\"name\":\"Ser feliz no trabalho: Responsabilidade da empresa ou funcion\u00e1rio?\"}]},{\"@type\":\"WebSite\",\"@id\":\"https:\\\/\\\/www.vagadeempregosp.com.br\\\/#website\",\"url\":\"https:\\\/\\\/www.vagadeempregosp.com.br\\\/\",\"name\":\"Transformando Vidas com Tecnologia, Informa\u00e7\u00e3o e Oportunidades: Explore Nossa Jornada de Crescimento\",\"description\":\"Transformando Vidas com Tecnologia, Informa\u00e7\u00e3o e Oportunidades: Explore Nossa Jornada de Crescimento\",\"potentialAction\":[{\"@type\":\"SearchAction\",\"target\":{\"@type\":\"EntryPoint\",\"urlTemplate\":\"https:\\\/\\\/www.vagadeempregosp.com.br\\\/?s={search_term_string}\"},\"query-input\":{\"@type\":\"PropertyValueSpecification\",\"valueRequired\":true,\"valueName\":\"search_term_string\"}}],\"inLanguage\":\"es\"},{\"@type\":\"Person\",\"@id\":\"https:\\\/\\\/www.vagadeempregosp.com.br\\\/#\\\/schema\\\/person\\\/15cdff8822aa2f27a8a65ee7bbfe7ce6\",\"name\":\"Michele\",\"image\":{\"@type\":\"ImageObject\",\"inLanguage\":\"es\",\"@id\":\"https:\\\/\\\/secure.gravatar.com\\\/avatar\\\/6b0eb9d22841282815e2cd856a0061c45e1761cd54b22e952d98c4746939aa85?s=96&r=g\",\"url\":\"https:\\\/\\\/secure.gravatar.com\\\/avatar\\\/6b0eb9d22841282815e2cd856a0061c45e1761cd54b22e952d98c4746939aa85?s=96&r=g\",\"contentUrl\":\"https:\\\/\\\/secure.gravatar.com\\\/avatar\\\/6b0eb9d22841282815e2cd856a0061c45e1761cd54b22e952d98c4746939aa85?s=96&r=g\",\"caption\":\"Michele\"},\"description\":\"Formada em Letras - Portugu\u00eas\\\/ Ingl\u00eas, e idealizadora do site Escritora de Sucesso, busca expandir o conhecimento de todos com informa\u00e7\u00f5es relevantes sobre diversos assuntos, enquanto redatora. No Vaga de Emprego SP, traz oportunidades e dicas sobre o mercado de trabalho.\",\"url\":\"https:\\\/\\\/www.vagadeempregosp.com.br\\\/es\\\/author\\\/michele\\\/\"}]}<\/script>\n<!-- \/ Yoast SEO plugin. -->","yoast_head_json":{"title":"Ser feliz en el trabajo: \u00bfresponsabilidad de la empresa o del empleado? - Transformar vidas con tecnolog\u00eda, informaci\u00f3n y oportunidades: Explore nuestro viaje de crecimiento","robots":{"index":"index","follow":"follow","max-snippet":"max-snippet:-1","max-image-preview":"max-image-preview:large","max-video-preview":"max-video-preview:-1"},"canonical":"https:\/\/www.vagadeempregosp.com.br\/es\/ser-feliz-en-el-trabajo-responsabilidad-de-la-empresa-o-del-empleado\/","og_locale":"es_ES","og_type":"article","og_title":"Ser feliz no trabalho: Responsabilidade da empresa ou funcion\u00e1rio? - Transformando Vidas com Tecnologia, Informa\u00e7\u00e3o e Oportunidades: Explore Nossa Jornada de Crescimento","og_description":"No cen\u00e1rio atual, onde o bem-estar e a satisfa\u00e7\u00e3o no trabalho s\u00e3o considerados pilares fundamentais para o sucesso de uma organiza\u00e7\u00e3o, surge um questionamento crucial: quem \u00e9 respons\u00e1vel por promover a felicidade no ambiente de trabalho?&nbsp; Ser\u00e1 que essa responsabilidade recai sobre os ombros da empresa, que deve criar um ambiente prop\u00edcio para o desenvolvimento&hellip;&nbsp;","og_url":"https:\/\/www.vagadeempregosp.com.br\/es\/ser-feliz-en-el-trabajo-responsabilidad-de-la-empresa-o-del-empleado\/","og_site_name":"Transformando Vidas com Tecnologia, Informa\u00e7\u00e3o e Oportunidades: Explore Nossa Jornada de Crescimento","article_published_time":"2024-03-20T00:23:06+00:00","article_modified_time":"2025-06-15T18:17:45+00:00","og_image":[{"width":1280,"height":873,"url":"https:\/\/www.vagadeempregosp.com.br\/wp-content\/uploads\/2024\/03\/image.png","type":"image\/png"}],"author":"Michele","twitter_card":"summary_large_image","twitter_misc":{"Escrito por":"Michele","Tiempo de lectura":"4 minutos"},"schema":{"@context":"https:\/\/schema.org","@graph":[{"@type":"Article","@id":"https:\/\/www.vagadeempregosp.com.br\/ser-feliz-no-trabalho-responsabilidade-da-empresa-ou-funcionario\/#article","isPartOf":{"@id":"https:\/\/www.vagadeempregosp.com.br\/ser-feliz-no-trabalho-responsabilidade-da-empresa-ou-funcionario\/"},"author":{"name":"Michele","@id":"https:\/\/www.vagadeempregosp.com.br\/#\/schema\/person\/15cdff8822aa2f27a8a65ee7bbfe7ce6"},"headline":"Ser feliz no trabalho: Responsabilidade da empresa ou funcion\u00e1rio?","datePublished":"2024-03-20T00:23:06+00:00","dateModified":"2025-06-15T18:17:45+00:00","mainEntityOfPage":{"@id":"https:\/\/www.vagadeempregosp.com.br\/ser-feliz-no-trabalho-responsabilidade-da-empresa-ou-funcionario\/"},"wordCount":781,"image":{"@id":"https:\/\/www.vagadeempregosp.com.br\/ser-feliz-no-trabalho-responsabilidade-da-empresa-ou-funcionario\/#primaryimage"},"thumbnailUrl":"https:\/\/www.vagadeempregosp.com.br\/wp-content\/uploads\/2024\/03\/image.png","articleSection":["Vagas de Emprego Nacionais"],"inLanguage":"es"},{"@type":"WebPage","@id":"https:\/\/www.vagadeempregosp.com.br\/ser-feliz-no-trabalho-responsabilidade-da-empresa-ou-funcionario\/","url":"https:\/\/www.vagadeempregosp.com.br\/ser-feliz-no-trabalho-responsabilidade-da-empresa-ou-funcionario\/","name":"Ser feliz en el trabajo: \u00bfresponsabilidad de la empresa o del empleado? - Transformar vidas con tecnolog\u00eda, informaci\u00f3n y oportunidades: Explore nuestro viaje de crecimiento","isPartOf":{"@id":"https:\/\/www.vagadeempregosp.com.br\/#website"},"primaryImageOfPage":{"@id":"https:\/\/www.vagadeempregosp.com.br\/ser-feliz-no-trabalho-responsabilidade-da-empresa-ou-funcionario\/#primaryimage"},"image":{"@id":"https:\/\/www.vagadeempregosp.com.br\/ser-feliz-no-trabalho-responsabilidade-da-empresa-ou-funcionario\/#primaryimage"},"thumbnailUrl":"https:\/\/www.vagadeempregosp.com.br\/wp-content\/uploads\/2024\/03\/image.png","datePublished":"2024-03-20T00:23:06+00:00","dateModified":"2025-06-15T18:17:45+00:00","author":{"@id":"https:\/\/www.vagadeempregosp.com.br\/#\/schema\/person\/15cdff8822aa2f27a8a65ee7bbfe7ce6"},"breadcrumb":{"@id":"https:\/\/www.vagadeempregosp.com.br\/ser-feliz-no-trabalho-responsabilidade-da-empresa-ou-funcionario\/#breadcrumb"},"inLanguage":"es","potentialAction":[{"@type":"ReadAction","target":["https:\/\/www.vagadeempregosp.com.br\/ser-feliz-no-trabalho-responsabilidade-da-empresa-ou-funcionario\/"]}]},{"@type":"ImageObject","inLanguage":"es","@id":"https:\/\/www.vagadeempregosp.com.br\/ser-feliz-no-trabalho-responsabilidade-da-empresa-ou-funcionario\/#primaryimage","url":"https:\/\/www.vagadeempregosp.com.br\/wp-content\/uploads\/2024\/03\/image.png","contentUrl":"https:\/\/www.vagadeempregosp.com.br\/wp-content\/uploads\/2024\/03\/image.png","width":1280,"height":873},{"@type":"BreadcrumbList","@id":"https:\/\/www.vagadeempregosp.com.br\/ser-feliz-no-trabalho-responsabilidade-da-empresa-ou-funcionario\/#breadcrumb","itemListElement":[{"@type":"ListItem","position":1,"name":"In\u00edcio","item":"https:\/\/www.vagadeempregosp.com.br\/"},{"@type":"ListItem","position":2,"name":"Ser feliz no trabalho: Responsabilidade da empresa ou funcion\u00e1rio?"}]},{"@type":"WebSite","@id":"https:\/\/www.vagadeempregosp.com.br\/#website","url":"https:\/\/www.vagadeempregosp.com.br\/","name":"Transformar vidas con tecnolog\u00eda, informaci\u00f3n y oportunidades: Explore nuestro viaje de crecimiento","description":"Transformar vidas con tecnolog\u00eda, informaci\u00f3n y oportunidades: Explore nuestro viaje de crecimiento","potentialAction":[{"@type":"SearchAction","target":{"@type":"EntryPoint","urlTemplate":"https:\/\/www.vagadeempregosp.com.br\/?s={search_term_string}"},"query-input":{"@type":"PropertyValueSpecification","valueRequired":true,"valueName":"search_term_string"}}],"inLanguage":"es"},{"@type":"Person","@id":"https:\/\/www.vagadeempregosp.com.br\/#\/schema\/person\/15cdff8822aa2f27a8a65ee7bbfe7ce6","name":"Michele","image":{"@type":"ImageObject","inLanguage":"es","@id":"https:\/\/secure.gravatar.com\/avatar\/6b0eb9d22841282815e2cd856a0061c45e1761cd54b22e952d98c4746939aa85?s=96&r=g","url":"https:\/\/secure.gravatar.com\/avatar\/6b0eb9d22841282815e2cd856a0061c45e1761cd54b22e952d98c4746939aa85?s=96&r=g","contentUrl":"https:\/\/secure.gravatar.com\/avatar\/6b0eb9d22841282815e2cd856a0061c45e1761cd54b22e952d98c4746939aa85?s=96&r=g","caption":"Michele"},"description":"Graduada en Lenguas - Portugu\u00e9s\/Ingl\u00e9s, y creadora del sitio Escritora de Sucesso, busca ampliar el conocimiento de todos con informaciones relevantes sobre diversos temas, como escritora. En Vaga de Emprego SP, ofrece oportunidades y consejos sobre el mercado laboral.","url":"https:\/\/www.vagadeempregosp.com.br\/es\/author\/michele\/"}]}},"_links":{"self":[{"href":"https:\/\/www.vagadeempregosp.com.br\/es\/wp-json\/wp\/v2\/posts\/21610","targetHints":{"allow":["GET"]}}],"collection":[{"href":"https:\/\/www.vagadeempregosp.com.br\/es\/wp-json\/wp\/v2\/posts"}],"about":[{"href":"https:\/\/www.vagadeempregosp.com.br\/es\/wp-json\/wp\/v2\/types\/post"}],"author":[{"embeddable":true,"href":"https:\/\/www.vagadeempregosp.com.br\/es\/wp-json\/wp\/v2\/users\/11"}],"replies":[{"embeddable":true,"href":"https:\/\/www.vagadeempregosp.com.br\/es\/wp-json\/wp\/v2\/comments?post=21610"}],"version-history":[{"count":1,"href":"https:\/\/www.vagadeempregosp.com.br\/es\/wp-json\/wp\/v2\/posts\/21610\/revisions"}],"predecessor-version":[{"id":21612,"href":"https:\/\/www.vagadeempregosp.com.br\/es\/wp-json\/wp\/v2\/posts\/21610\/revisions\/21612"}],"wp:featuredmedia":[{"embeddable":true,"href":"https:\/\/www.vagadeempregosp.com.br\/es\/wp-json\/wp\/v2\/media\/21611"}],"wp:attachment":[{"href":"https:\/\/www.vagadeempregosp.com.br\/es\/wp-json\/wp\/v2\/media?parent=21610"}],"wp:term":[{"taxonomy":"category","embeddable":true,"href":"https:\/\/www.vagadeempregosp.com.br\/es\/wp-json\/wp\/v2\/categories?post=21610"},{"taxonomy":"post_tag","embeddable":true,"href":"https:\/\/www.vagadeempregosp.com.br\/es\/wp-json\/wp\/v2\/tags?post=21610"}],"curies":[{"name":"wp","href":"https:\/\/api.w.org\/{rel}","templated":true}]}}