{"id":21416,"date":"2023-12-25T00:01:00","date_gmt":"2023-12-25T03:01:00","guid":{"rendered":"https:\/\/www.vagadeempregosp.com.br\/?p=21416"},"modified":"2025-06-15T15:20:22","modified_gmt":"2025-06-15T18:20:22","slug":"empleos-en-ambev-vea-las-oportunidades-disponibles-en-todo-el-pais","status":"publish","type":"post","link":"https:\/\/www.vagadeempregosp.com.br\/es\/empregos-na-ambev-veja-as-oportunidades-disponiveis-pelo-pais\/","title":{"rendered":"Ofertas de empleo en Ambev: Consulte las oportunidades disponibles en todo el pa\u00eds"},"content":{"rendered":"<p>Ambev, una de las mayores empresas de bebidas del mundo, busca constantemente personas con talento para unirse a su equipo. Si buscas nuevas oportunidades laborales y quieres formar parte de una empresa innovadora y l\u00edder en su segmento, ahora es el momento adecuado para explorar las distintas vacantes que Ambev ofrece en todo el pa\u00eds.&nbsp;<\/p>\n\n\n\n<h2 class=\"wp-block-heading\">Oportunidades de empleo en Ambev<\/h2>\n\n\n\n<p>Ambev ofrece una gran variedad de oportunidades en distintos \u00e1mbitos, desde la producci\u00f3n hasta el marketing y las ventas. Tanto si eres un profesional con experiencia como si est\u00e1s empezando tu carrera, la empresa tiene vacantes para distintos niveles de cualificaci\u00f3n y experiencia. Algunas de las \u00e1reas destacadas son:<\/p>\n\n\n\n<h3 class=\"wp-block-heading\">Producci\u00f3n y log\u00edstica<\/h3>\n\n\n\n<p>El coraz\u00f3n de Ambev, donde se producen y distribuyen marcas de bebidas de renombre. Las oportunidades incluyen operarios de maquinaria, t\u00e9cnicos de mantenimiento y profesionales de la log\u00edstica.<\/p>\n\n\n\n<h3 class=\"wp-block-heading\">Ventas y marketing<\/h3>\n\n\n\n<p>Si te apasionan las ventas y el marketing, Ambev ofrece oportunidades para comerciales, promotores de ventas y profesionales del marketing que quieran impulsar las marcas de la empresa.<\/p>\n\n\n\n<h3 class=\"wp-block-heading\">Administraci\u00f3n y apoyo<\/h3>\n\n\n\n<p>Para quienes tengan conocimientos de administraci\u00f3n, finanzas, recursos humanos y otras \u00e1reas de apoyo, Ambev tambi\u00e9n dispone de puestos estrat\u00e9gicos para contribuir al \u00e9xito de la empresa.<\/p>\n\n\n\n<figure class=\"wp-block-image size-full\"><img loading=\"lazy\" decoding=\"async\" width=\"750\" height=\"484\" src=\"https:\/\/www.vagadeempregosp.com.br\/wp-content\/uploads\/2023\/12\/image-5.png\" alt=\"\" class=\"wp-image-21432\" srcset=\"https:\/\/www.vagadeempregosp.com.br\/wp-content\/uploads\/2023\/12\/image-5.png 750w, https:\/\/www.vagadeempregosp.com.br\/wp-content\/uploads\/2023\/12\/image-5-300x194.png 300w, https:\/\/www.vagadeempregosp.com.br\/wp-content\/uploads\/2023\/12\/image-5-18x12.png 18w\" sizes=\"auto, (max-width: 750px) 100vw, 750px\" \/><\/figure>\n\n\n\n<h3 class=\"wp-block-heading\">Innovaci\u00f3n y tecnolog\u00eda<\/h3>\n\n\n\n<p>Si eres un apasionado de la tecnolog\u00eda y la innovaci\u00f3n, Ambev busca profesionales que impulsen la empresa hacia el futuro, ya sea desarrollando soluciones tecnol\u00f3gicas o ayudando a mejorar los procesos.<\/p>\n\n\n\n<h2 class=\"wp-block-heading\">C\u00f3mo solicitar empleo en Ambev<\/h2>\n\n\n\n<p>Para solicitar una de las oportunidades de empleo en Ambev, siga estos sencillos pasos:<\/p>\n\n\n\n<h3 class=\"wp-block-heading\">Acceda al sitio de empleo de Ambev<\/h3>\n\n\n\n<p>Visite <a href=\"https:\/\/www.ambev.com.br\/\">Sitio web oficial de Ambev<\/a> y navegue hasta la secci\u00f3n \"Empleo\" o \"Trabaje con nosotros\". Por lo general, las empresas tienen una p\u00e1gina dedicada a enumerar sus oportunidades de empleo.<\/p>\n\n\n\n<h3 class=\"wp-block-heading\">Explorar empleos disponibles<\/h3>\n\n\n\n<p>Examine las vacantes disponibles, filtrando por \u00e1rea de inter\u00e9s, ubicaci\u00f3n o puesto deseado. Lee detenidamente los requisitos y responsabilidades de cada puesto para asegurarte de que tu experiencia y aptitudes se ajustan a las expectativas de la empresa.<\/p>\n\n\n\n<h3 class=\"wp-block-heading\">Crear una cuenta o iniciar sesi\u00f3n<\/h3>\n\n\n\n<p>A menudo es necesario crear una cuenta en el sistema de contrataci\u00f3n de Ambev o iniciar sesi\u00f3n si ya tiene una cuenta. Aseg\u00farese de rellenar correctamente toda la informaci\u00f3n necesaria.<\/p>\n\n\n\n<h3 class=\"wp-block-heading\">Rellene el formulario de solicitud<\/h3>\n\n\n\n<p>Cuando seleccione el puesto que desea, se le dirigir\u00e1 a un formulario de solicitud. Rellene toda la informaci\u00f3n solicitada, incluidos datos personales, formaci\u00f3n acad\u00e9mica, experiencia laboral y cualquier otra informaci\u00f3n pertinente.<\/p>\n\n\n\n<h3 class=\"wp-block-heading\">Adjunte su CV y su carta de presentaci\u00f3n<\/h3>\n\n\n\n<p>Por lo general, tendr\u00e1 la opci\u00f3n de adjuntar su CV y, en algunos casos, una carta de presentaci\u00f3n. Aseg\u00farate de que ambos documentos est\u00e9n actualizados y destaquen tus competencias y experiencia en relaci\u00f3n con el puesto vacante.<\/p>\n\n\n\n<h3 class=\"wp-block-heading\">Revise y env\u00ede su solicitud<\/h3>\n\n\n\n<p>Antes de enviar su solicitud, revise toda la informaci\u00f3n para asegurarse de que es correcta y est\u00e1 completa. Aseg\u00farese de que su CV tiene un formato profesional y de que cumple todos los requisitos del puesto.<\/p>\n\n\n\n<h2 class=\"wp-block-heading\">Ventajas de trabajar en Ambev<\/h2>\n\n\n\n<p>Adem\u00e1s de oportunidades de crecimiento profesional, trabajar en Ambev ofrece una serie de atractivas ventajas. Entre ellas<\/p>\n\n\n\n<h3 class=\"wp-block-heading\">Seguro m\u00e9dico y dental<\/h3>\n\n\n\n<p>Ambev valora el bienestar de sus empleados, a los que ofrece completos planes sanitarios y dentales.<\/p>\n\n\n\n<h3 class=\"wp-block-heading\">Programas de desarrollo profesional<\/h3>\n\n\n\n<p>La empresa invierte en el desarrollo de sus empleados, ofreciendo programas de formaci\u00f3n y cualificaci\u00f3n para promover el crecimiento profesional.<\/p>\n\n\n\n<h3 class=\"wp-block-heading\">Cultura inclusiva<\/h3>\n\n\n\n<p>Ambev promueve una cultura integradora en la que se valora la diversidad. La empresa se esfuerza por crear un entorno de trabajo acogedor y respetuoso para todos.<\/p>\n\n\n\n<h3 class=\"wp-block-heading\">Remuneraci\u00f3n competitiva<\/h3>\n\n\n\n<p>Ambev ofrece salarios competitivos y beneficios adicionales, reconociendo el valor y la contribuci\u00f3n de sus empleados.<\/p>\n\n\n\n<h2 class=\"wp-block-heading\">C\u00f3mo destacar en el proceso de selecci\u00f3n<\/h2>\n\n\n\n<p>Prep\u00e1rate para la entrevista: Antes de la entrevista, investiga sobre Ambev, sus marcas y su cultura organizativa. Demuestra tu entusiasmo por la empresa y prep\u00e1rate para destacar tus competencias y experiencia relevantes.<\/p>\n\n\n\n<h3 class=\"wp-block-heading\">Destaque sus logros<\/h3>\n\n\n\n<p>Al presentar tu CV y durante la entrevista, destaca tus logros anteriores que sean relevantes para el puesto deseado. Demuestre c\u00f3mo puede contribuir al \u00e9xito de Ambev.<\/p>\n\n\n\n<h3 class=\"wp-block-heading\">Demuestre su inter\u00e9s por el sector<\/h3>\n\n\n\n<p>Demuestre su inter\u00e9s por el sector de las bebidas y su familiaridad con las tendencias del mercado. Esto demuestra que est\u00e1s comprometido y comprendes el entorno en el que opera Ambev.<\/p>\n\n\n\n<h3 class=\"wp-block-heading\">Demostrar aptitudes de comportamiento<\/h3>\n\n\n\n<p>Adem\u00e1s de las aptitudes t\u00e9cnicas, Ambev valora las aptitudes de comportamiento, como el trabajo en equipo, la proactividad y la adaptabilidad. Aseg\u00farate de destacar estas aptitudes durante el proceso de selecci\u00f3n.<\/p>\n\n\n\n<h2 class=\"wp-block-heading\">Trabajar en Ambev<\/h2>\n\n\n\n<p>Las oportunidades de empleo en Ambev son amplias y diversas, y ofrecen una v\u00eda de crecimiento profesional en una empresa l\u00edder en el mercado de las bebidas. Si buscas retos y quieres formar parte de un equipo din\u00e1mico, no dejes de explorar las vacantes y presentar tu candidatura. Prep\u00e1rate, destaca tus habilidades y prep\u00e1rate para contribuir al \u00e9xito de Ambev. \u00a1Tu pr\u00f3xima gran oportunidad puede estar m\u00e1s cerca de lo que crees!<\/p>\n\n\n\n<p><strong>V\u00e9ase tambi\u00e9n: <a href=\"https:\/\/www.vagadeempregosp.com.br\/wp-content\/uploads\/2022\/09\/Trabalhe-Conosco-Ambev.png\">Trabajar con Ambev<\/a><\/strong><\/p>\n\n\n\n<p>25 de diciembre de 2023<\/p>","protected":false},"excerpt":{"rendered":"<p>A Ambev, uma das maiores empresas de bebidas do mundo, est\u00e1 constantemente em busca de talentos para integrar sua equipe. Se voc\u00ea est\u00e1 em busca de novas oportunidades de emprego e deseja fazer parte de uma empresa inovadora e l\u00edder em seu segmento, este \u00e9 o momento certo para explorar as diversas vagas oferecidas pela&hellip;&nbsp;<\/p>","protected":false},"author":11,"featured_media":21432,"comment_status":"closed","ping_status":"closed","sticky":false,"template":"","format":"standard","meta":{"neve_meta_sidebar":"","neve_meta_container":"","neve_meta_enable_content_width":"","neve_meta_content_width":0,"neve_meta_title_alignment":"","neve_meta_author_avatar":"","neve_post_elements_order":"","neve_meta_disable_header":"","neve_meta_disable_footer":"","neve_meta_disable_title":"","footnotes":""},"categories":[297],"tags":[],"class_list":["post-21416","post","type-post","status-publish","format-standard","has-post-thumbnail","hentry","category-vagas-de-emprego-internacional"],"yoast_head":"<!-- This site is optimized with the Yoast SEO plugin v27.5 - https:\/\/yoast.com\/product\/yoast-seo-wordpress\/ -->\n<title>Empregos na Ambev: Veja as oportunidades dispon\u00edveis pelo pa\u00eds - Transformando Vidas com Tecnologia, Informa\u00e7\u00e3o e Oportunidades: Explore Nossa Jornada de Crescimento<\/title>\n<meta name=\"robots\" content=\"index, follow, max-snippet:-1, max-image-preview:large, max-video-preview:-1\" \/>\n<link rel=\"canonical\" href=\"https:\/\/www.vagadeempregosp.com.br\/es\/empleos-en-ambev-vea-las-oportunidades-disponibles-en-todo-el-pais\/\" \/>\n<meta property=\"og:locale\" content=\"es_ES\" \/>\n<meta property=\"og:type\" content=\"article\" \/>\n<meta property=\"og:title\" content=\"Empregos na Ambev: Veja as oportunidades dispon\u00edveis pelo pa\u00eds - Transformando Vidas com Tecnologia, Informa\u00e7\u00e3o e Oportunidades: Explore Nossa Jornada de Crescimento\" \/>\n<meta property=\"og:description\" content=\"A Ambev, uma das maiores empresas de bebidas do mundo, est\u00e1 constantemente em busca de talentos para integrar sua equipe. Se voc\u00ea est\u00e1 em busca de novas oportunidades de emprego e deseja fazer parte de uma empresa inovadora e l\u00edder em seu segmento, este \u00e9 o momento certo para explorar as diversas vagas oferecidas pela&hellip;&nbsp;\" \/>\n<meta property=\"og:url\" content=\"https:\/\/www.vagadeempregosp.com.br\/es\/empleos-en-ambev-vea-las-oportunidades-disponibles-en-todo-el-pais\/\" \/>\n<meta property=\"og:site_name\" content=\"Transformando Vidas com Tecnologia, Informa\u00e7\u00e3o e Oportunidades: Explore Nossa Jornada de Crescimento\" \/>\n<meta property=\"article:published_time\" content=\"2023-12-25T03:01:00+00:00\" \/>\n<meta property=\"article:modified_time\" content=\"2025-06-15T18:20:22+00:00\" \/>\n<meta property=\"og:image\" content=\"https:\/\/www.vagadeempregosp.com.br\/wp-content\/uploads\/2023\/12\/image-5.png\" \/>\n\t<meta property=\"og:image:width\" content=\"750\" \/>\n\t<meta property=\"og:image:height\" content=\"484\" \/>\n\t<meta property=\"og:image:type\" content=\"image\/png\" \/>\n<meta name=\"author\" content=\"Michele\" \/>\n<meta name=\"twitter:card\" content=\"summary_large_image\" \/>\n<meta name=\"twitter:label1\" content=\"Escrito por\" \/>\n\t<meta name=\"twitter:data1\" content=\"Michele\" \/>\n\t<meta name=\"twitter:label2\" content=\"Tiempo de lectura\" \/>\n\t<meta name=\"twitter:data2\" content=\"4 minutos\" \/>\n<script type=\"application\/ld+json\" class=\"yoast-schema-graph\">{\"@context\":\"https:\\\/\\\/schema.org\",\"@graph\":[{\"@type\":\"Article\",\"@id\":\"https:\\\/\\\/www.vagadeempregosp.com.br\\\/empregos-na-ambev-veja-as-oportunidades-disponiveis-pelo-pais\\\/#article\",\"isPartOf\":{\"@id\":\"https:\\\/\\\/www.vagadeempregosp.com.br\\\/empregos-na-ambev-veja-as-oportunidades-disponiveis-pelo-pais\\\/\"},\"author\":{\"name\":\"Michele\",\"@id\":\"https:\\\/\\\/www.vagadeempregosp.com.br\\\/#\\\/schema\\\/person\\\/15cdff8822aa2f27a8a65ee7bbfe7ce6\"},\"headline\":\"Empregos na Ambev: Veja as oportunidades dispon\u00edveis pelo pa\u00eds\",\"datePublished\":\"2023-12-25T03:01:00+00:00\",\"dateModified\":\"2025-06-15T18:20:22+00:00\",\"mainEntityOfPage\":{\"@id\":\"https:\\\/\\\/www.vagadeempregosp.com.br\\\/empregos-na-ambev-veja-as-oportunidades-disponiveis-pelo-pais\\\/\"},\"wordCount\":909,\"image\":{\"@id\":\"https:\\\/\\\/www.vagadeempregosp.com.br\\\/empregos-na-ambev-veja-as-oportunidades-disponiveis-pelo-pais\\\/#primaryimage\"},\"thumbnailUrl\":\"https:\\\/\\\/www.vagadeempregosp.com.br\\\/wp-content\\\/uploads\\\/2023\\\/12\\\/image-5.png\",\"articleSection\":[\"Vagas de Emprego Internacional\"],\"inLanguage\":\"es\"},{\"@type\":\"WebPage\",\"@id\":\"https:\\\/\\\/www.vagadeempregosp.com.br\\\/empregos-na-ambev-veja-as-oportunidades-disponiveis-pelo-pais\\\/\",\"url\":\"https:\\\/\\\/www.vagadeempregosp.com.br\\\/empregos-na-ambev-veja-as-oportunidades-disponiveis-pelo-pais\\\/\",\"name\":\"Empregos na Ambev: Veja as oportunidades dispon\u00edveis pelo pa\u00eds - Transformando Vidas com Tecnologia, Informa\u00e7\u00e3o e Oportunidades: Explore Nossa Jornada de Crescimento\",\"isPartOf\":{\"@id\":\"https:\\\/\\\/www.vagadeempregosp.com.br\\\/#website\"},\"primaryImageOfPage\":{\"@id\":\"https:\\\/\\\/www.vagadeempregosp.com.br\\\/empregos-na-ambev-veja-as-oportunidades-disponiveis-pelo-pais\\\/#primaryimage\"},\"image\":{\"@id\":\"https:\\\/\\\/www.vagadeempregosp.com.br\\\/empregos-na-ambev-veja-as-oportunidades-disponiveis-pelo-pais\\\/#primaryimage\"},\"thumbnailUrl\":\"https:\\\/\\\/www.vagadeempregosp.com.br\\\/wp-content\\\/uploads\\\/2023\\\/12\\\/image-5.png\",\"datePublished\":\"2023-12-25T03:01:00+00:00\",\"dateModified\":\"2025-06-15T18:20:22+00:00\",\"author\":{\"@id\":\"https:\\\/\\\/www.vagadeempregosp.com.br\\\/#\\\/schema\\\/person\\\/15cdff8822aa2f27a8a65ee7bbfe7ce6\"},\"breadcrumb\":{\"@id\":\"https:\\\/\\\/www.vagadeempregosp.com.br\\\/empregos-na-ambev-veja-as-oportunidades-disponiveis-pelo-pais\\\/#breadcrumb\"},\"inLanguage\":\"es\",\"potentialAction\":[{\"@type\":\"ReadAction\",\"target\":[\"https:\\\/\\\/www.vagadeempregosp.com.br\\\/empregos-na-ambev-veja-as-oportunidades-disponiveis-pelo-pais\\\/\"]}]},{\"@type\":\"ImageObject\",\"inLanguage\":\"es\",\"@id\":\"https:\\\/\\\/www.vagadeempregosp.com.br\\\/empregos-na-ambev-veja-as-oportunidades-disponiveis-pelo-pais\\\/#primaryimage\",\"url\":\"https:\\\/\\\/www.vagadeempregosp.com.br\\\/wp-content\\\/uploads\\\/2023\\\/12\\\/image-5.png\",\"contentUrl\":\"https:\\\/\\\/www.vagadeempregosp.com.br\\\/wp-content\\\/uploads\\\/2023\\\/12\\\/image-5.png\",\"width\":750,\"height\":484},{\"@type\":\"BreadcrumbList\",\"@id\":\"https:\\\/\\\/www.vagadeempregosp.com.br\\\/empregos-na-ambev-veja-as-oportunidades-disponiveis-pelo-pais\\\/#breadcrumb\",\"itemListElement\":[{\"@type\":\"ListItem\",\"position\":1,\"name\":\"In\u00edcio\",\"item\":\"https:\\\/\\\/www.vagadeempregosp.com.br\\\/\"},{\"@type\":\"ListItem\",\"position\":2,\"name\":\"Empregos na Ambev: Veja as oportunidades dispon\u00edveis pelo pa\u00eds\"}]},{\"@type\":\"WebSite\",\"@id\":\"https:\\\/\\\/www.vagadeempregosp.com.br\\\/#website\",\"url\":\"https:\\\/\\\/www.vagadeempregosp.com.br\\\/\",\"name\":\"Transformando Vidas com Tecnologia, Informa\u00e7\u00e3o e Oportunidades: Explore Nossa Jornada de Crescimento\",\"description\":\"Transformando Vidas com Tecnologia, Informa\u00e7\u00e3o e Oportunidades: Explore Nossa Jornada de Crescimento\",\"potentialAction\":[{\"@type\":\"SearchAction\",\"target\":{\"@type\":\"EntryPoint\",\"urlTemplate\":\"https:\\\/\\\/www.vagadeempregosp.com.br\\\/?s={search_term_string}\"},\"query-input\":{\"@type\":\"PropertyValueSpecification\",\"valueRequired\":true,\"valueName\":\"search_term_string\"}}],\"inLanguage\":\"es\"},{\"@type\":\"Person\",\"@id\":\"https:\\\/\\\/www.vagadeempregosp.com.br\\\/#\\\/schema\\\/person\\\/15cdff8822aa2f27a8a65ee7bbfe7ce6\",\"name\":\"Michele\",\"image\":{\"@type\":\"ImageObject\",\"inLanguage\":\"es\",\"@id\":\"https:\\\/\\\/secure.gravatar.com\\\/avatar\\\/6b0eb9d22841282815e2cd856a0061c45e1761cd54b22e952d98c4746939aa85?s=96&r=g\",\"url\":\"https:\\\/\\\/secure.gravatar.com\\\/avatar\\\/6b0eb9d22841282815e2cd856a0061c45e1761cd54b22e952d98c4746939aa85?s=96&r=g\",\"contentUrl\":\"https:\\\/\\\/secure.gravatar.com\\\/avatar\\\/6b0eb9d22841282815e2cd856a0061c45e1761cd54b22e952d98c4746939aa85?s=96&r=g\",\"caption\":\"Michele\"},\"description\":\"Formada em Letras - Portugu\u00eas\\\/ Ingl\u00eas, e idealizadora do site Escritora de Sucesso, busca expandir o conhecimento de todos com informa\u00e7\u00f5es relevantes sobre diversos assuntos, enquanto redatora. No Vaga de Emprego SP, traz oportunidades e dicas sobre o mercado de trabalho.\",\"url\":\"https:\\\/\\\/www.vagadeempregosp.com.br\\\/es\\\/author\\\/michele\\\/\"}]}<\/script>\n<!-- \/ Yoast SEO plugin. -->","yoast_head_json":{"title":"Empleo en Ambev: Vea las oportunidades disponibles en todo el pa\u00eds - Transformando vidas con tecnolog\u00eda, informaci\u00f3n y oportunidades: Explore nuestro viaje de crecimiento","robots":{"index":"index","follow":"follow","max-snippet":"max-snippet:-1","max-image-preview":"max-image-preview:large","max-video-preview":"max-video-preview:-1"},"canonical":"https:\/\/www.vagadeempregosp.com.br\/es\/empleos-en-ambev-vea-las-oportunidades-disponibles-en-todo-el-pais\/","og_locale":"es_ES","og_type":"article","og_title":"Empregos na Ambev: Veja as oportunidades dispon\u00edveis pelo pa\u00eds - Transformando Vidas com Tecnologia, Informa\u00e7\u00e3o e Oportunidades: Explore Nossa Jornada de Crescimento","og_description":"A Ambev, uma das maiores empresas de bebidas do mundo, est\u00e1 constantemente em busca de talentos para integrar sua equipe. Se voc\u00ea est\u00e1 em busca de novas oportunidades de emprego e deseja fazer parte de uma empresa inovadora e l\u00edder em seu segmento, este \u00e9 o momento certo para explorar as diversas vagas oferecidas pela&hellip;&nbsp;","og_url":"https:\/\/www.vagadeempregosp.com.br\/es\/empleos-en-ambev-vea-las-oportunidades-disponibles-en-todo-el-pais\/","og_site_name":"Transformando Vidas com Tecnologia, Informa\u00e7\u00e3o e Oportunidades: Explore Nossa Jornada de Crescimento","article_published_time":"2023-12-25T03:01:00+00:00","article_modified_time":"2025-06-15T18:20:22+00:00","og_image":[{"width":750,"height":484,"url":"https:\/\/www.vagadeempregosp.com.br\/wp-content\/uploads\/2023\/12\/image-5.png","type":"image\/png"}],"author":"Michele","twitter_card":"summary_large_image","twitter_misc":{"Escrito por":"Michele","Tiempo de lectura":"4 minutos"},"schema":{"@context":"https:\/\/schema.org","@graph":[{"@type":"Article","@id":"https:\/\/www.vagadeempregosp.com.br\/empregos-na-ambev-veja-as-oportunidades-disponiveis-pelo-pais\/#article","isPartOf":{"@id":"https:\/\/www.vagadeempregosp.com.br\/empregos-na-ambev-veja-as-oportunidades-disponiveis-pelo-pais\/"},"author":{"name":"Michele","@id":"https:\/\/www.vagadeempregosp.com.br\/#\/schema\/person\/15cdff8822aa2f27a8a65ee7bbfe7ce6"},"headline":"Empregos na Ambev: Veja as oportunidades dispon\u00edveis pelo pa\u00eds","datePublished":"2023-12-25T03:01:00+00:00","dateModified":"2025-06-15T18:20:22+00:00","mainEntityOfPage":{"@id":"https:\/\/www.vagadeempregosp.com.br\/empregos-na-ambev-veja-as-oportunidades-disponiveis-pelo-pais\/"},"wordCount":909,"image":{"@id":"https:\/\/www.vagadeempregosp.com.br\/empregos-na-ambev-veja-as-oportunidades-disponiveis-pelo-pais\/#primaryimage"},"thumbnailUrl":"https:\/\/www.vagadeempregosp.com.br\/wp-content\/uploads\/2023\/12\/image-5.png","articleSection":["Vagas de Emprego Internacional"],"inLanguage":"es"},{"@type":"WebPage","@id":"https:\/\/www.vagadeempregosp.com.br\/empregos-na-ambev-veja-as-oportunidades-disponiveis-pelo-pais\/","url":"https:\/\/www.vagadeempregosp.com.br\/empregos-na-ambev-veja-as-oportunidades-disponiveis-pelo-pais\/","name":"Empleo en Ambev: Vea las oportunidades disponibles en todo el pa\u00eds - Transformando vidas con tecnolog\u00eda, informaci\u00f3n y oportunidades: Explore nuestro viaje de crecimiento","isPartOf":{"@id":"https:\/\/www.vagadeempregosp.com.br\/#website"},"primaryImageOfPage":{"@id":"https:\/\/www.vagadeempregosp.com.br\/empregos-na-ambev-veja-as-oportunidades-disponiveis-pelo-pais\/#primaryimage"},"image":{"@id":"https:\/\/www.vagadeempregosp.com.br\/empregos-na-ambev-veja-as-oportunidades-disponiveis-pelo-pais\/#primaryimage"},"thumbnailUrl":"https:\/\/www.vagadeempregosp.com.br\/wp-content\/uploads\/2023\/12\/image-5.png","datePublished":"2023-12-25T03:01:00+00:00","dateModified":"2025-06-15T18:20:22+00:00","author":{"@id":"https:\/\/www.vagadeempregosp.com.br\/#\/schema\/person\/15cdff8822aa2f27a8a65ee7bbfe7ce6"},"breadcrumb":{"@id":"https:\/\/www.vagadeempregosp.com.br\/empregos-na-ambev-veja-as-oportunidades-disponiveis-pelo-pais\/#breadcrumb"},"inLanguage":"es","potentialAction":[{"@type":"ReadAction","target":["https:\/\/www.vagadeempregosp.com.br\/empregos-na-ambev-veja-as-oportunidades-disponiveis-pelo-pais\/"]}]},{"@type":"ImageObject","inLanguage":"es","@id":"https:\/\/www.vagadeempregosp.com.br\/empregos-na-ambev-veja-as-oportunidades-disponiveis-pelo-pais\/#primaryimage","url":"https:\/\/www.vagadeempregosp.com.br\/wp-content\/uploads\/2023\/12\/image-5.png","contentUrl":"https:\/\/www.vagadeempregosp.com.br\/wp-content\/uploads\/2023\/12\/image-5.png","width":750,"height":484},{"@type":"BreadcrumbList","@id":"https:\/\/www.vagadeempregosp.com.br\/empregos-na-ambev-veja-as-oportunidades-disponiveis-pelo-pais\/#breadcrumb","itemListElement":[{"@type":"ListItem","position":1,"name":"In\u00edcio","item":"https:\/\/www.vagadeempregosp.com.br\/"},{"@type":"ListItem","position":2,"name":"Empregos na Ambev: Veja as oportunidades dispon\u00edveis pelo pa\u00eds"}]},{"@type":"WebSite","@id":"https:\/\/www.vagadeempregosp.com.br\/#website","url":"https:\/\/www.vagadeempregosp.com.br\/","name":"Transformar vidas con tecnolog\u00eda, informaci\u00f3n y oportunidades: Explore nuestro viaje de crecimiento","description":"Transformar vidas con tecnolog\u00eda, informaci\u00f3n y oportunidades: Explore nuestro viaje de crecimiento","potentialAction":[{"@type":"SearchAction","target":{"@type":"EntryPoint","urlTemplate":"https:\/\/www.vagadeempregosp.com.br\/?s={search_term_string}"},"query-input":{"@type":"PropertyValueSpecification","valueRequired":true,"valueName":"search_term_string"}}],"inLanguage":"es"},{"@type":"Person","@id":"https:\/\/www.vagadeempregosp.com.br\/#\/schema\/person\/15cdff8822aa2f27a8a65ee7bbfe7ce6","name":"Michele","image":{"@type":"ImageObject","inLanguage":"es","@id":"https:\/\/secure.gravatar.com\/avatar\/6b0eb9d22841282815e2cd856a0061c45e1761cd54b22e952d98c4746939aa85?s=96&r=g","url":"https:\/\/secure.gravatar.com\/avatar\/6b0eb9d22841282815e2cd856a0061c45e1761cd54b22e952d98c4746939aa85?s=96&r=g","contentUrl":"https:\/\/secure.gravatar.com\/avatar\/6b0eb9d22841282815e2cd856a0061c45e1761cd54b22e952d98c4746939aa85?s=96&r=g","caption":"Michele"},"description":"Graduada en Lenguas - Portugu\u00e9s\/Ingl\u00e9s, y creadora del sitio Escritora de Sucesso, busca ampliar el conocimiento de todos con informaciones relevantes sobre diversos temas, como escritora. En Vaga de Emprego SP, ofrece oportunidades y consejos sobre el mercado laboral.","url":"https:\/\/www.vagadeempregosp.com.br\/es\/author\/michele\/"}]}},"_links":{"self":[{"href":"https:\/\/www.vagadeempregosp.com.br\/es\/wp-json\/wp\/v2\/posts\/21416","targetHints":{"allow":["GET"]}}],"collection":[{"href":"https:\/\/www.vagadeempregosp.com.br\/es\/wp-json\/wp\/v2\/posts"}],"about":[{"href":"https:\/\/www.vagadeempregosp.com.br\/es\/wp-json\/wp\/v2\/types\/post"}],"author":[{"embeddable":true,"href":"https:\/\/www.vagadeempregosp.com.br\/es\/wp-json\/wp\/v2\/users\/11"}],"replies":[{"embeddable":true,"href":"https:\/\/www.vagadeempregosp.com.br\/es\/wp-json\/wp\/v2\/comments?post=21416"}],"version-history":[{"count":2,"href":"https:\/\/www.vagadeempregosp.com.br\/es\/wp-json\/wp\/v2\/posts\/21416\/revisions"}],"predecessor-version":[{"id":21433,"href":"https:\/\/www.vagadeempregosp.com.br\/es\/wp-json\/wp\/v2\/posts\/21416\/revisions\/21433"}],"wp:featuredmedia":[{"embeddable":true,"href":"https:\/\/www.vagadeempregosp.com.br\/es\/wp-json\/wp\/v2\/media\/21432"}],"wp:attachment":[{"href":"https:\/\/www.vagadeempregosp.com.br\/es\/wp-json\/wp\/v2\/media?parent=21416"}],"wp:term":[{"taxonomy":"category","embeddable":true,"href":"https:\/\/www.vagadeempregosp.com.br\/es\/wp-json\/wp\/v2\/categories?post=21416"},{"taxonomy":"post_tag","embeddable":true,"href":"https:\/\/www.vagadeempregosp.com.br\/es\/wp-json\/wp\/v2\/tags?post=21416"}],"curies":[{"name":"wp","href":"https:\/\/api.w.org\/{rel}","templated":true}]}}