{"id":20415,"date":"2023-07-20T00:01:00","date_gmt":"2023-07-20T03:01:00","guid":{"rendered":"https:\/\/www.vagadeempregosp.com.br\/?p=20415"},"modified":"2023-07-15T07:28:42","modified_gmt":"2023-07-15T10:28:42","slug":"empleo-en-ambev","status":"publish","type":"post","link":"https:\/\/www.vagadeempregosp.com.br\/es\/empregos-ambev\/","title":{"rendered":"Aprendizaje, pr\u00e1cticas, analistas, ayudantes de cocina, cajeros, administrativos y mucho m\u00e1s en Ambev"},"content":{"rendered":"<p>Actualizado<\/p>\n\n\n<div class=\"wp-block-post-date\"><time datetime=\"2023-07-20T00:01:00-03:00\">20\/07\/2023<\/time><\/div>\n\n\n<p>En <strong>Empleo en Ambev <\/strong>son una gran oportunidad para quienes deseen formar parte de una empresa que crece d\u00eda a d\u00eda y ofrece vacantes en diversos departamentos del sector. Parte del grupo Anheuser-Busch InBev, la corporaci\u00f3n opera en el segmento de bebidas, fabricando refrescos, t\u00e9s, zumos, bebidas energ\u00e9ticas y cervezas. Consulte a continuaci\u00f3n las vacantes disponibles en la empresa.<\/p>\n\n\n\n<figure class=\"wp-block-image size-large\"><img loading=\"lazy\" decoding=\"async\" width=\"1024\" height=\"1024\" src=\"https:\/\/www.vagadeempregosp.com.br\/wp-content\/uploads\/2023\/02\/image-11-1024x1024.png\" alt=\"\" class=\"wp-image-20422\" srcset=\"https:\/\/www.vagadeempregosp.com.br\/wp-content\/uploads\/2023\/02\/image-11-1024x1024.png 1024w, https:\/\/www.vagadeempregosp.com.br\/wp-content\/uploads\/2023\/02\/image-11-300x300.png 300w, https:\/\/www.vagadeempregosp.com.br\/wp-content\/uploads\/2023\/02\/image-11-150x150.png 150w, https:\/\/www.vagadeempregosp.com.br\/wp-content\/uploads\/2023\/02\/image-11-768x768.png 768w, https:\/\/www.vagadeempregosp.com.br\/wp-content\/uploads\/2023\/02\/image-11.png 1384w\" sizes=\"auto, (max-width: 1024px) 100vw, 1024px\" \/><figcaption class=\"wp-element-caption\">Imagen: Ambev - Reproducci\u00f3n<\/figcaption><\/figure>\n\n\n\n<h2 class=\"wp-block-heading\">M\u00e1s informaci\u00f3n sobre empleos en Ambev<\/h2>\n\n\n\n<p>Ambev es una empresa brasile\u00f1a que opera en el segmento de bebidas, especialmente en la producci\u00f3n de cerveza. La marca forma parte del grupo Anheuser-Busch InBev, considerado el mayor fabricante de cerveza del mundo.&nbsp;<\/p>\n\n\n\n<p>Entre los valores que forman parte de la cultura de Ambev est\u00e1n la colaboraci\u00f3n, la visi\u00f3n a largo plazo y la escucha activa. Cabe destacar que la inclusi\u00f3n y la diversidad tambi\u00e9n se respetan en el lugar de trabajo de la empresa.&nbsp;<\/p>\n\n\n\n<p>Consulte las oportunidades de empleo disponibles en Ambev anunciadas recientemente:<\/p>\n\n\n\n<ul class=\"wp-block-list\">\n<li>Operario de f\u00e1brica;<\/li>\n\n\n\n<li>Asistente de marketing;<\/li>\n\n\n\n<li>Secretario de conferencia;<\/li>\n\n\n\n<li>Analista de log\u00edstica;&nbsp;<\/li>\n\n\n\n<li>M\u00e9dico laboralista;<\/li>\n\n\n\n<li>Empleado de almac\u00e9n;<\/li>\n\n\n\n<li>Supervisor de almac\u00e9n;<\/li>\n\n\n\n<li>T\u00e9cnico de control;<\/li>\n\n\n\n<li>Parque m\u00f3vil;<\/li>\n\n\n\n<li>T\u00e9cnico mec\u00e1nico;<\/li>\n\n\n\n<li>Promotor de ventas;<\/li>\n\n\n\n<li>Representante comercial;&nbsp;<\/li>\n\n\n\n<li>Operador de carretilla elevadora;<\/li>\n\n\n\n<li>Representante de ventas (mujeres);<\/li>\n\n\n\n<li>Seguridad en el trabajo;<\/li>\n\n\n\n<li>T\u00e9cnico de Control Jr.<\/li>\n<\/ul>\n\n\n\n<p>Adem\u00e1s de oportunidades en puestos permanentes, Ambev tambi\u00e9n cuenta con un programa de pr\u00e1cticas, que ofrece vacantes exclusivas para j\u00f3venes talentos. Entre los beneficios que se ofrecen a los estudiantes est\u00e1n un estipendio, gympass, subsidio de transporte, seguro m\u00e9dico, vales de comida, entre otros.&nbsp;<\/p>\n\n\n\n<p>Cabe destacar que la corporaci\u00f3n tambi\u00e9n cuenta con un programa de contrataci\u00f3n de profesionales en busca de J\u00f3venes Aprendices, con vacantes concentradas en varios departamentos, como personal y gesti\u00f3n, log\u00edstica y finanzas.<\/p>\n\n\n\n<h3 class=\"wp-block-heading\">C\u00f3mo solicitarlo&nbsp;<\/h3>\n\n\n\n<p>Para solicitar una de las oportunidades que ofrece la empresa <strong>Ambev<\/strong>Lo \u00fanico que tiene que hacer es entrar en la web oficial de contrataci\u00f3n, elegir el puesto que desea y, si cumple los requisitos, enviar su CV por Internet.<\/p>\n\n\n\n<ul class=\"wp-block-list\">\n<li><a href=\"https:\/\/ambev.gupy.io\/\">Empleo en Ambev<\/a>.&nbsp;<\/li>\n<\/ul>\n\n\n\n<p>Vale la pena recordar que Ambev tiene un Banco de Talentos siempre abierto. As\u00ed que, si no encuentras una oportunidad que se ajuste a tu perfil, puedes enviar tu CV y esperar a que se abra un puesto compatible.&nbsp;<\/p>\n\n\n\n<h2 class=\"wp-block-heading\">Acerca de la empresa<\/h2>\n\n\n\n<p>Fundada en 1999 en Brasil, Ambev es una empresa especializada en la fabricaci\u00f3n y venta en el mercado de productos relacionados con el sector de las bebidas. La cartera de la empresa incluye cervezas, zumos, refrescos, t\u00e9s y bebidas energ\u00e9ticas.<\/p>\n\n\n\n<p>Ambev cuenta actualmente con un equipo corporativo de m\u00e1s de 35.000 empleados s\u00f3lo en Brasil. Adem\u00e1s del territorio nacional, la corporaci\u00f3n tambi\u00e9n est\u00e1 presente en otros 16 pa\u00edses de todo el mundo.<\/p>\n\n\n\n<p>Con 100 centros de distribuci\u00f3n y 6 centros de excelencia, Ambev se encarga actualmente de producir en sus f\u00e1bricas 50 marcas de cerveza y 10 marcas diferentes de refrescos.&nbsp;<\/p>\n\n\n\n<p><strong>V\u00e9ase tambi\u00e9n: <a href=\"https:\/\/www.vagadeempregosp.com.br\/es\/empleos-banco-mercantil-de-brasil\/\">Analistas, Superintendente Comercial, Asistente de Proyectos y m\u00e1s en el Banco Mercantil do Brasil<\/a><\/strong><\/p>","protected":false},"excerpt":{"rendered":"<p>Atualizado Os empregos Ambev s\u00e3o uma \u00f3tima oportunidade para quem deseja fazer parte de uma empresa que cresce todos os dias e oferece vagas em departamentos variados na ind\u00fastria. Fazendo parte do grupo Anheuser-Busch InBev, a corpora\u00e7\u00e3o opera no segmento de bebidas, fabricando refrigerantes, ch\u00e1s, sucos, energ\u00e9ticos e cervejas. A seguir, confira as vagas dispon\u00edveis&hellip;&nbsp;<\/p>","protected":false},"author":11,"featured_media":20422,"comment_status":"closed","ping_status":"closed","sticky":false,"template":"","format":"standard","meta":{"neve_meta_sidebar":"","neve_meta_container":"","neve_meta_enable_content_width":"","neve_meta_content_width":0,"neve_meta_title_alignment":"","neve_meta_author_avatar":"","neve_post_elements_order":"","neve_meta_disable_header":"","neve_meta_disable_footer":"","neve_meta_disable_title":"","footnotes":""},"categories":[43],"tags":[72,79,78],"class_list":["post-20415","post","type-post","status-publish","format-standard","has-post-thumbnail","hentry","category-vagas-nacionais","tag-ambev","tag-oportunidades","tag-vagas-de-emprego"],"yoast_head":"<!-- This site is optimized with the Yoast SEO plugin v27.5 - https:\/\/yoast.com\/product\/yoast-seo-wordpress\/ -->\n<title>Aprendiz, Est\u00e1gios, Analistas, Auxiliar de Cozinha, Caixa, Conferente e muito mais na Empresa Ambev - Transformando Vidas com Tecnologia, Informa\u00e7\u00e3o e Oportunidades: Explore Nossa Jornada de Crescimento<\/title>\n<meta name=\"robots\" content=\"index, follow, max-snippet:-1, max-image-preview:large, max-video-preview:-1\" \/>\n<link rel=\"canonical\" href=\"https:\/\/www.vagadeempregosp.com.br\/es\/empleo-en-ambev\/\" \/>\n<meta property=\"og:locale\" content=\"es_ES\" \/>\n<meta property=\"og:type\" content=\"article\" \/>\n<meta property=\"og:title\" content=\"Aprendiz, Est\u00e1gios, Analistas, Auxiliar de Cozinha, Caixa, Conferente e muito mais na Empresa Ambev - Transformando Vidas com Tecnologia, Informa\u00e7\u00e3o e Oportunidades: Explore Nossa Jornada de Crescimento\" \/>\n<meta property=\"og:description\" content=\"Atualizado Os empregos Ambev s\u00e3o uma \u00f3tima oportunidade para quem deseja fazer parte de uma empresa que cresce todos os dias e oferece vagas em departamentos variados na ind\u00fastria. Fazendo parte do grupo Anheuser-Busch InBev, a corpora\u00e7\u00e3o opera no segmento de bebidas, fabricando refrigerantes, ch\u00e1s, sucos, energ\u00e9ticos e cervejas. A seguir, confira as vagas dispon\u00edveis&hellip;&nbsp;\" \/>\n<meta property=\"og:url\" content=\"https:\/\/www.vagadeempregosp.com.br\/es\/empleo-en-ambev\/\" \/>\n<meta property=\"og:site_name\" content=\"Transformando Vidas com Tecnologia, Informa\u00e7\u00e3o e Oportunidades: Explore Nossa Jornada de Crescimento\" \/>\n<meta property=\"article:published_time\" content=\"2023-07-20T03:01:00+00:00\" \/>\n<meta property=\"og:image\" content=\"https:\/\/www.vagadeempregosp.com.br\/wp-content\/uploads\/2023\/02\/image-11.png\" \/>\n\t<meta property=\"og:image:width\" content=\"1384\" \/>\n\t<meta property=\"og:image:height\" content=\"1384\" \/>\n\t<meta property=\"og:image:type\" content=\"image\/png\" \/>\n<meta name=\"author\" content=\"Michele\" \/>\n<meta name=\"twitter:card\" content=\"summary_large_image\" \/>\n<meta name=\"twitter:label1\" content=\"Escrito por\" \/>\n\t<meta name=\"twitter:data1\" content=\"Michele\" \/>\n\t<meta name=\"twitter:label2\" content=\"Tiempo de lectura\" \/>\n\t<meta name=\"twitter:data2\" content=\"3 minutos\" \/>\n<script type=\"application\/ld+json\" class=\"yoast-schema-graph\">{\"@context\":\"https:\\\/\\\/schema.org\",\"@graph\":[{\"@type\":\"Article\",\"@id\":\"https:\\\/\\\/www.vagadeempregosp.com.br\\\/empregos-ambev\\\/#article\",\"isPartOf\":{\"@id\":\"https:\\\/\\\/www.vagadeempregosp.com.br\\\/empregos-ambev\\\/\"},\"author\":{\"name\":\"Michele\",\"@id\":\"https:\\\/\\\/www.vagadeempregosp.com.br\\\/#\\\/schema\\\/person\\\/15cdff8822aa2f27a8a65ee7bbfe7ce6\"},\"headline\":\"Aprendiz, Est\u00e1gios, Analistas, Auxiliar de Cozinha, Caixa, Conferente e muito mais na Empresa Ambev\",\"datePublished\":\"2023-07-20T03:01:00+00:00\",\"mainEntityOfPage\":{\"@id\":\"https:\\\/\\\/www.vagadeempregosp.com.br\\\/empregos-ambev\\\/\"},\"wordCount\":546,\"image\":{\"@id\":\"https:\\\/\\\/www.vagadeempregosp.com.br\\\/empregos-ambev\\\/#primaryimage\"},\"thumbnailUrl\":\"https:\\\/\\\/www.vagadeempregosp.com.br\\\/wp-content\\\/uploads\\\/2023\\\/02\\\/image-11.png\",\"keywords\":[\"Ambev\",\"oportunidades\",\"vagas de emprego\"],\"articleSection\":[\"Vagas de Emprego Nacionais\"],\"inLanguage\":\"es\"},{\"@type\":\"WebPage\",\"@id\":\"https:\\\/\\\/www.vagadeempregosp.com.br\\\/empregos-ambev\\\/\",\"url\":\"https:\\\/\\\/www.vagadeempregosp.com.br\\\/empregos-ambev\\\/\",\"name\":\"Aprendiz, Est\u00e1gios, Analistas, Auxiliar de Cozinha, Caixa, Conferente e muito mais na Empresa Ambev - Transformando Vidas com Tecnologia, Informa\u00e7\u00e3o e Oportunidades: Explore Nossa Jornada de Crescimento\",\"isPartOf\":{\"@id\":\"https:\\\/\\\/www.vagadeempregosp.com.br\\\/#website\"},\"primaryImageOfPage\":{\"@id\":\"https:\\\/\\\/www.vagadeempregosp.com.br\\\/empregos-ambev\\\/#primaryimage\"},\"image\":{\"@id\":\"https:\\\/\\\/www.vagadeempregosp.com.br\\\/empregos-ambev\\\/#primaryimage\"},\"thumbnailUrl\":\"https:\\\/\\\/www.vagadeempregosp.com.br\\\/wp-content\\\/uploads\\\/2023\\\/02\\\/image-11.png\",\"datePublished\":\"2023-07-20T03:01:00+00:00\",\"author\":{\"@id\":\"https:\\\/\\\/www.vagadeempregosp.com.br\\\/#\\\/schema\\\/person\\\/15cdff8822aa2f27a8a65ee7bbfe7ce6\"},\"breadcrumb\":{\"@id\":\"https:\\\/\\\/www.vagadeempregosp.com.br\\\/empregos-ambev\\\/#breadcrumb\"},\"inLanguage\":\"es\",\"potentialAction\":[{\"@type\":\"ReadAction\",\"target\":[\"https:\\\/\\\/www.vagadeempregosp.com.br\\\/empregos-ambev\\\/\"]}]},{\"@type\":\"ImageObject\",\"inLanguage\":\"es\",\"@id\":\"https:\\\/\\\/www.vagadeempregosp.com.br\\\/empregos-ambev\\\/#primaryimage\",\"url\":\"https:\\\/\\\/www.vagadeempregosp.com.br\\\/wp-content\\\/uploads\\\/2023\\\/02\\\/image-11.png\",\"contentUrl\":\"https:\\\/\\\/www.vagadeempregosp.com.br\\\/wp-content\\\/uploads\\\/2023\\\/02\\\/image-11.png\",\"width\":1384,\"height\":1384},{\"@type\":\"BreadcrumbList\",\"@id\":\"https:\\\/\\\/www.vagadeempregosp.com.br\\\/empregos-ambev\\\/#breadcrumb\",\"itemListElement\":[{\"@type\":\"ListItem\",\"position\":1,\"name\":\"In\u00edcio\",\"item\":\"https:\\\/\\\/www.vagadeempregosp.com.br\\\/\"},{\"@type\":\"ListItem\",\"position\":2,\"name\":\"Vagas de Emprego Nacionais\",\"item\":\"https:\\\/\\\/www.vagadeempregosp.com.br\\\/category\\\/vagas-nacionais\\\/\"},{\"@type\":\"ListItem\",\"position\":3,\"name\":\"Aprendiz, Est\u00e1gios, Analistas, Auxiliar de Cozinha, Caixa, Conferente e muito mais na Empresa Ambev\"}]},{\"@type\":\"WebSite\",\"@id\":\"https:\\\/\\\/www.vagadeempregosp.com.br\\\/#website\",\"url\":\"https:\\\/\\\/www.vagadeempregosp.com.br\\\/\",\"name\":\"Transformando Vidas com Tecnologia, Informa\u00e7\u00e3o e Oportunidades: Explore Nossa Jornada de Crescimento\",\"description\":\"Transformando Vidas com Tecnologia, Informa\u00e7\u00e3o e Oportunidades: Explore Nossa Jornada de Crescimento\",\"potentialAction\":[{\"@type\":\"SearchAction\",\"target\":{\"@type\":\"EntryPoint\",\"urlTemplate\":\"https:\\\/\\\/www.vagadeempregosp.com.br\\\/?s={search_term_string}\"},\"query-input\":{\"@type\":\"PropertyValueSpecification\",\"valueRequired\":true,\"valueName\":\"search_term_string\"}}],\"inLanguage\":\"es\"},{\"@type\":\"Person\",\"@id\":\"https:\\\/\\\/www.vagadeempregosp.com.br\\\/#\\\/schema\\\/person\\\/15cdff8822aa2f27a8a65ee7bbfe7ce6\",\"name\":\"Michele\",\"image\":{\"@type\":\"ImageObject\",\"inLanguage\":\"es\",\"@id\":\"https:\\\/\\\/secure.gravatar.com\\\/avatar\\\/6b0eb9d22841282815e2cd856a0061c45e1761cd54b22e952d98c4746939aa85?s=96&r=g\",\"url\":\"https:\\\/\\\/secure.gravatar.com\\\/avatar\\\/6b0eb9d22841282815e2cd856a0061c45e1761cd54b22e952d98c4746939aa85?s=96&r=g\",\"contentUrl\":\"https:\\\/\\\/secure.gravatar.com\\\/avatar\\\/6b0eb9d22841282815e2cd856a0061c45e1761cd54b22e952d98c4746939aa85?s=96&r=g\",\"caption\":\"Michele\"},\"description\":\"Formada em Letras - Portugu\u00eas\\\/ Ingl\u00eas, e idealizadora do site Escritora de Sucesso, busca expandir o conhecimento de todos com informa\u00e7\u00f5es relevantes sobre diversos assuntos, enquanto redatora. No Vaga de Emprego SP, traz oportunidades e dicas sobre o mercado de trabalho.\",\"url\":\"https:\\\/\\\/www.vagadeempregosp.com.br\\\/es\\\/author\\\/michele\\\/\"}]}<\/script>\n<!-- \/ Yoast SEO plugin. -->","yoast_head_json":{"title":"Aprendizajes, pr\u00e1cticas, analistas, ayudantes de cocina, cajeros, administrativos y mucho m\u00e1s en Ambev - Transformando vidas con tecnolog\u00eda, informaci\u00f3n y oportunidades: Explore nuestro viaje de crecimiento.","robots":{"index":"index","follow":"follow","max-snippet":"max-snippet:-1","max-image-preview":"max-image-preview:large","max-video-preview":"max-video-preview:-1"},"canonical":"https:\/\/www.vagadeempregosp.com.br\/es\/empleo-en-ambev\/","og_locale":"es_ES","og_type":"article","og_title":"Aprendiz, Est\u00e1gios, Analistas, Auxiliar de Cozinha, Caixa, Conferente e muito mais na Empresa Ambev - Transformando Vidas com Tecnologia, Informa\u00e7\u00e3o e Oportunidades: Explore Nossa Jornada de Crescimento","og_description":"Atualizado Os empregos Ambev s\u00e3o uma \u00f3tima oportunidade para quem deseja fazer parte de uma empresa que cresce todos os dias e oferece vagas em departamentos variados na ind\u00fastria. Fazendo parte do grupo Anheuser-Busch InBev, a corpora\u00e7\u00e3o opera no segmento de bebidas, fabricando refrigerantes, ch\u00e1s, sucos, energ\u00e9ticos e cervejas. A seguir, confira as vagas dispon\u00edveis&hellip;&nbsp;","og_url":"https:\/\/www.vagadeempregosp.com.br\/es\/empleo-en-ambev\/","og_site_name":"Transformando Vidas com Tecnologia, Informa\u00e7\u00e3o e Oportunidades: Explore Nossa Jornada de Crescimento","article_published_time":"2023-07-20T03:01:00+00:00","og_image":[{"width":1384,"height":1384,"url":"https:\/\/www.vagadeempregosp.com.br\/wp-content\/uploads\/2023\/02\/image-11.png","type":"image\/png"}],"author":"Michele","twitter_card":"summary_large_image","twitter_misc":{"Escrito por":"Michele","Tiempo de lectura":"3 minutos"},"schema":{"@context":"https:\/\/schema.org","@graph":[{"@type":"Article","@id":"https:\/\/www.vagadeempregosp.com.br\/empregos-ambev\/#article","isPartOf":{"@id":"https:\/\/www.vagadeempregosp.com.br\/empregos-ambev\/"},"author":{"name":"Michele","@id":"https:\/\/www.vagadeempregosp.com.br\/#\/schema\/person\/15cdff8822aa2f27a8a65ee7bbfe7ce6"},"headline":"Aprendiz, Est\u00e1gios, Analistas, Auxiliar de Cozinha, Caixa, Conferente e muito mais na Empresa Ambev","datePublished":"2023-07-20T03:01:00+00:00","mainEntityOfPage":{"@id":"https:\/\/www.vagadeempregosp.com.br\/empregos-ambev\/"},"wordCount":546,"image":{"@id":"https:\/\/www.vagadeempregosp.com.br\/empregos-ambev\/#primaryimage"},"thumbnailUrl":"https:\/\/www.vagadeempregosp.com.br\/wp-content\/uploads\/2023\/02\/image-11.png","keywords":["Ambev","oportunidades","vagas de emprego"],"articleSection":["Vagas de Emprego Nacionais"],"inLanguage":"es"},{"@type":"WebPage","@id":"https:\/\/www.vagadeempregosp.com.br\/empregos-ambev\/","url":"https:\/\/www.vagadeempregosp.com.br\/empregos-ambev\/","name":"Aprendizajes, pr\u00e1cticas, analistas, ayudantes de cocina, cajeros, administrativos y mucho m\u00e1s en Ambev - Transformando vidas con tecnolog\u00eda, informaci\u00f3n y oportunidades: Explore nuestro viaje de crecimiento.","isPartOf":{"@id":"https:\/\/www.vagadeempregosp.com.br\/#website"},"primaryImageOfPage":{"@id":"https:\/\/www.vagadeempregosp.com.br\/empregos-ambev\/#primaryimage"},"image":{"@id":"https:\/\/www.vagadeempregosp.com.br\/empregos-ambev\/#primaryimage"},"thumbnailUrl":"https:\/\/www.vagadeempregosp.com.br\/wp-content\/uploads\/2023\/02\/image-11.png","datePublished":"2023-07-20T03:01:00+00:00","author":{"@id":"https:\/\/www.vagadeempregosp.com.br\/#\/schema\/person\/15cdff8822aa2f27a8a65ee7bbfe7ce6"},"breadcrumb":{"@id":"https:\/\/www.vagadeempregosp.com.br\/empregos-ambev\/#breadcrumb"},"inLanguage":"es","potentialAction":[{"@type":"ReadAction","target":["https:\/\/www.vagadeempregosp.com.br\/empregos-ambev\/"]}]},{"@type":"ImageObject","inLanguage":"es","@id":"https:\/\/www.vagadeempregosp.com.br\/empregos-ambev\/#primaryimage","url":"https:\/\/www.vagadeempregosp.com.br\/wp-content\/uploads\/2023\/02\/image-11.png","contentUrl":"https:\/\/www.vagadeempregosp.com.br\/wp-content\/uploads\/2023\/02\/image-11.png","width":1384,"height":1384},{"@type":"BreadcrumbList","@id":"https:\/\/www.vagadeempregosp.com.br\/empregos-ambev\/#breadcrumb","itemListElement":[{"@type":"ListItem","position":1,"name":"In\u00edcio","item":"https:\/\/www.vagadeempregosp.com.br\/"},{"@type":"ListItem","position":2,"name":"Vagas de Emprego Nacionais","item":"https:\/\/www.vagadeempregosp.com.br\/category\/vagas-nacionais\/"},{"@type":"ListItem","position":3,"name":"Aprendiz, Est\u00e1gios, Analistas, Auxiliar de Cozinha, Caixa, Conferente e muito mais na Empresa Ambev"}]},{"@type":"WebSite","@id":"https:\/\/www.vagadeempregosp.com.br\/#website","url":"https:\/\/www.vagadeempregosp.com.br\/","name":"Transformar vidas con tecnolog\u00eda, informaci\u00f3n y oportunidades: Explore nuestro viaje de crecimiento","description":"Transformar vidas con tecnolog\u00eda, informaci\u00f3n y oportunidades: Explore nuestro viaje de crecimiento","potentialAction":[{"@type":"SearchAction","target":{"@type":"EntryPoint","urlTemplate":"https:\/\/www.vagadeempregosp.com.br\/?s={search_term_string}"},"query-input":{"@type":"PropertyValueSpecification","valueRequired":true,"valueName":"search_term_string"}}],"inLanguage":"es"},{"@type":"Person","@id":"https:\/\/www.vagadeempregosp.com.br\/#\/schema\/person\/15cdff8822aa2f27a8a65ee7bbfe7ce6","name":"Michele","image":{"@type":"ImageObject","inLanguage":"es","@id":"https:\/\/secure.gravatar.com\/avatar\/6b0eb9d22841282815e2cd856a0061c45e1761cd54b22e952d98c4746939aa85?s=96&r=g","url":"https:\/\/secure.gravatar.com\/avatar\/6b0eb9d22841282815e2cd856a0061c45e1761cd54b22e952d98c4746939aa85?s=96&r=g","contentUrl":"https:\/\/secure.gravatar.com\/avatar\/6b0eb9d22841282815e2cd856a0061c45e1761cd54b22e952d98c4746939aa85?s=96&r=g","caption":"Michele"},"description":"Graduada en Lenguas - Portugu\u00e9s\/Ingl\u00e9s, y creadora del sitio Escritora de Sucesso, busca ampliar el conocimiento de todos con informaciones relevantes sobre diversos temas, como escritora. En Vaga de Emprego SP, ofrece oportunidades y consejos sobre el mercado laboral.","url":"https:\/\/www.vagadeempregosp.com.br\/es\/author\/michele\/"}]}},"_links":{"self":[{"href":"https:\/\/www.vagadeempregosp.com.br\/es\/wp-json\/wp\/v2\/posts\/20415","targetHints":{"allow":["GET"]}}],"collection":[{"href":"https:\/\/www.vagadeempregosp.com.br\/es\/wp-json\/wp\/v2\/posts"}],"about":[{"href":"https:\/\/www.vagadeempregosp.com.br\/es\/wp-json\/wp\/v2\/types\/post"}],"author":[{"embeddable":true,"href":"https:\/\/www.vagadeempregosp.com.br\/es\/wp-json\/wp\/v2\/users\/11"}],"replies":[{"embeddable":true,"href":"https:\/\/www.vagadeempregosp.com.br\/es\/wp-json\/wp\/v2\/comments?post=20415"}],"version-history":[{"count":4,"href":"https:\/\/www.vagadeempregosp.com.br\/es\/wp-json\/wp\/v2\/posts\/20415\/revisions"}],"predecessor-version":[{"id":20980,"href":"https:\/\/www.vagadeempregosp.com.br\/es\/wp-json\/wp\/v2\/posts\/20415\/revisions\/20980"}],"wp:featuredmedia":[{"embeddable":true,"href":"https:\/\/www.vagadeempregosp.com.br\/es\/wp-json\/wp\/v2\/media\/20422"}],"wp:attachment":[{"href":"https:\/\/www.vagadeempregosp.com.br\/es\/wp-json\/wp\/v2\/media?parent=20415"}],"wp:term":[{"taxonomy":"category","embeddable":true,"href":"https:\/\/www.vagadeempregosp.com.br\/es\/wp-json\/wp\/v2\/categories?post=20415"},{"taxonomy":"post_tag","embeddable":true,"href":"https:\/\/www.vagadeempregosp.com.br\/es\/wp-json\/wp\/v2\/tags?post=20415"}],"curies":[{"name":"wp","href":"https:\/\/api.w.org\/{rel}","templated":true}]}}