{"id":20413,"date":"2023-07-19T00:01:00","date_gmt":"2023-07-19T03:01:00","guid":{"rendered":"https:\/\/www.vagadeempregosp.com.br\/?p=20413"},"modified":"2023-08-04T14:12:48","modified_gmt":"2023-08-04T17:12:48","slug":"empleo-en-santander-2","status":"publish","type":"post","link":"https:\/\/www.vagadeempregosp.com.br\/es\/empregos-santander\/","title":{"rendered":"Gerentes, analistas de operaciones, gerentes de negocios digitales y m\u00e1s en Santander"},"content":{"rendered":"<p>Actualizado<\/p>\n\n\n<div class=\"wp-block-post-date\"><time datetime=\"2023-07-19T00:01:00-03:00\">19\/07\/2023<\/time><\/div>\n\n\n<p>En <strong>Empleo en Santander <\/strong>ofrecen oportunidades de crecimiento y promoci\u00f3n profesional a todos los profesionales. Actualmente, la instituci\u00f3n es el tercer mayor banco privado de Brasil, y tambi\u00e9n est\u00e1 presente en los sectores minorista y mayorista. Consulte a continuaci\u00f3n las oportunidades disponibles en la corporaci\u00f3n.<\/p>\n\n\n\n<figure class=\"wp-block-image size-large\"><img loading=\"lazy\" decoding=\"async\" width=\"1024\" height=\"537\" src=\"https:\/\/www.vagadeempregosp.com.br\/wp-content\/uploads\/2023\/02\/image-10-1024x537.png\" alt=\"\" class=\"wp-image-20421\" srcset=\"https:\/\/www.vagadeempregosp.com.br\/wp-content\/uploads\/2023\/02\/image-10-1024x537.png 1024w, https:\/\/www.vagadeempregosp.com.br\/wp-content\/uploads\/2023\/02\/image-10-300x157.png 300w, https:\/\/www.vagadeempregosp.com.br\/wp-content\/uploads\/2023\/02\/image-10-768x402.png 768w, https:\/\/www.vagadeempregosp.com.br\/wp-content\/uploads\/2023\/02\/image-10.png 1500w\" sizes=\"auto, (max-width: 1024px) 100vw, 1024px\" \/><figcaption class=\"wp-element-caption\">Imagen: Santander - Reproducci\u00f3n<\/figcaption><\/figure>\n\n\n\n<h2 class=\"wp-block-heading\">Siga las ofertas de empleo del Santander<\/h2>\n\n\n\n<p>Santander es la tercera mayor instituci\u00f3n financiera de Brasil en el sector privado. Adem\u00e1s de formar parte del segmento financiero, la empresa tambi\u00e9n opera en el comercio minorista y mayorista, ofreciendo ofertas de alto valor a\u00f1adido en el mercado nacional.&nbsp;<\/p>\n\n\n\n<p>El Grupo Santander es una corporaci\u00f3n global que, combinando sus marcas, cuenta con m\u00e1s de 107 millones de clientes, que operan a trav\u00e9s de 13.000 oficinas. Para hacerlo posible, cuenta con un equipo corporativo de 183.000 empleados en todo el mundo.&nbsp;<\/p>\n\n\n\n<p>Estas son las oportunidades de empleo que ofrece actualmente el Santander:<\/p>\n\n\n\n<ul class=\"wp-block-list\">\n<li>Director de Negocios y Servicios;<\/li>\n\n\n\n<li>Agente de Call Center;<\/li>\n\n\n\n<li>Propietario del producto;<\/li>\n\n\n\n<li>Gerente de la empresa;<\/li>\n\n\n\n<li>Analista Senior de Desarrollo;<\/li>\n\n\n\n<li>Especialista en ventas;<\/li>\n\n\n\n<li>Auditor en pr\u00e1cticas;&nbsp;<\/li>\n\n\n\n<li>Director Comercial;<\/li>\n\n\n\n<li>Analista de seguridad de la informaci\u00f3n;<\/li>\n\n\n\n<li>Director General (Agencia);<\/li>\n\n\n\n<li>Asesor de inversiones;<\/li>\n\n\n\n<li>Dise\u00f1ador gr\u00e1fico;<\/li>\n\n\n\n<li>Consultor de seguridad de la informaci\u00f3n;<\/li>\n\n\n\n<li>Analista senior;<\/li>\n\n\n\n<li>Consultor de seguridad de la informaci\u00f3n;<\/li>\n\n\n\n<li>Responsable de ventas Servicios;<\/li>\n\n\n\n<li>Especialista en continuidad empresarial;<\/li>\n\n\n\n<li>Analista de riesgos.<\/li>\n<\/ul>\n\n\n\n<p>Adem\u00e1s de puestos fijos, Santander tambi\u00e9n ofrece oportunidades exclusivas para estudiantes, con vacantes en el programa de pr\u00e1cticas en diversos departamentos. Entre los beneficios ofrecidos a los j\u00f3venes se encuentran asistencia m\u00e9dica, vales de comida, seguro de vida, vales de transporte y un estipendio.<\/p>\n\n\n\n<p>Cabe se\u00f1alar que el Santander cuenta con otros programas para acoger a estudiantes en su equipo corporativo, entre ellos Young Apprentice, Trainee y Summer Job.<\/p>\n\n\n\n<h3 class=\"wp-block-heading\">C\u00f3mo solicitarlo<\/h3>\n\n\n\n<p>Para solicitar las vacantes que se ofrecen en el equipo corporativo del Santander, basta con acceder a uno de los canales de contrataci\u00f3n de la empresa. En los portales podr\u00e1s encontrar todas las oportunidades disponibles y sus respectivos requisitos y beneficios.&nbsp;<\/p>\n\n\n\n<ul class=\"wp-block-list\">\n<li><a href=\"https:\/\/www.santander.com.br\/institucional-santander\/trabalhe-conosco\">Empleo en Santander<\/a> <\/li>\n<\/ul>\n\n\n\n<p>Para tener \u00e9xito durante el proceso de selecci\u00f3n, es importante cumplir los requisitos del puesto. Si el profesional es apto para el puesto, la organizaci\u00f3n se pondr\u00e1 en contacto con usted para proceder a la solicitud.<\/p>\n\n\n\n<h2 class=\"wp-block-heading\">Acerca de la empresa<\/h2>\n\n\n\n<p>O <strong>Santander <\/strong>es la tercera mayor instituci\u00f3n financiera de Brasil en el sector privado. Parte del Grupo Santander, la corporaci\u00f3n tiene millones de clientes activos y opera a trav\u00e9s de miles de unidades en todo el pa\u00eds.<\/p>\n\n\n\n<p>En la cartera de la empresa, los clientes pueden encontrar una amplia variedad de productos y servicios, como cuentas corrientes, tarjetas de cr\u00e9dito, pr\u00e9stamos, seguros, financiaci\u00f3n y posibilidades de inversi\u00f3n.&nbsp;<\/p>\n\n\n\n<p>Adem\u00e1s de poder resolver cuestiones financieras en una de las unidades presenciales del banco, los clientes tambi\u00e9n pueden utilizar el servicio virtual, que ofrece el apoyo adecuado para resolver problemas.&nbsp;<\/p>\n\n\n\n<p><strong>V\u00e9ase tambi\u00e9n: <a href=\"https:\/\/www.vagadeempregosp.com.br\/es\/empleos-banco-mercantil-de-brasil\/\">Analistas, Superintendente Comercial, Asistente de Proyectos y m\u00e1s en el Banco Mercantil do Brasil<\/a><\/strong><\/p>","protected":false},"excerpt":{"rendered":"<p>Atualizado Os empregos Santander oferecem oportunidade de crescimento e avan\u00e7o de carreira para todos os profissionais. Neste momento, a institui\u00e7\u00e3o \u00e9 o terceiro maior banco privado do territ\u00f3rio brasileiro, al\u00e9m de marcar presen\u00e7a nos setores de varejo e atacado. Confira, a seguir, as oportunidades dispon\u00edveis na corpora\u00e7\u00e3o. Acompanhe as vagas de empregos Santander O Santander&hellip;&nbsp;<\/p>","protected":false},"author":11,"featured_media":20421,"comment_status":"closed","ping_status":"closed","sticky":false,"template":"","format":"standard","meta":{"neve_meta_sidebar":"","neve_meta_container":"","neve_meta_enable_content_width":"","neve_meta_content_width":0,"neve_meta_title_alignment":"","neve_meta_author_avatar":"","neve_post_elements_order":"","neve_meta_disable_header":"","neve_meta_disable_footer":"","neve_meta_disable_title":"","footnotes":""},"categories":[43],"tags":[79,288,78],"class_list":["post-20413","post","type-post","status-publish","format-standard","has-post-thumbnail","hentry","category-vagas-nacionais","tag-oportunidades","tag-santander","tag-vagas-de-emprego"],"yoast_head":"<!-- This site is optimized with the Yoast SEO plugin v27.5 - https:\/\/yoast.com\/product\/yoast-seo-wordpress\/ -->\n<title>Gerentes, Analista de Opera\u00e7\u00f5es, Gerente de Neg\u00f3cios Digitais e muito mais no Santander - Transformando Vidas com Tecnologia, Informa\u00e7\u00e3o e Oportunidades: Explore Nossa Jornada de Crescimento<\/title>\n<meta name=\"robots\" content=\"index, follow, max-snippet:-1, max-image-preview:large, max-video-preview:-1\" \/>\n<link rel=\"canonical\" href=\"https:\/\/www.vagadeempregosp.com.br\/es\/empleo-en-santander-2\/\" \/>\n<meta property=\"og:locale\" content=\"es_ES\" \/>\n<meta property=\"og:type\" content=\"article\" \/>\n<meta property=\"og:title\" content=\"Gerentes, Analista de Opera\u00e7\u00f5es, Gerente de Neg\u00f3cios Digitais e muito mais no Santander - Transformando Vidas com Tecnologia, Informa\u00e7\u00e3o e Oportunidades: Explore Nossa Jornada de Crescimento\" \/>\n<meta property=\"og:description\" content=\"Atualizado Os empregos Santander oferecem oportunidade de crescimento e avan\u00e7o de carreira para todos os profissionais. Neste momento, a institui\u00e7\u00e3o \u00e9 o terceiro maior banco privado do territ\u00f3rio brasileiro, al\u00e9m de marcar presen\u00e7a nos setores de varejo e atacado. Confira, a seguir, as oportunidades dispon\u00edveis na corpora\u00e7\u00e3o. Acompanhe as vagas de empregos Santander O Santander&hellip;&nbsp;\" \/>\n<meta property=\"og:url\" content=\"https:\/\/www.vagadeempregosp.com.br\/es\/empleo-en-santander-2\/\" \/>\n<meta property=\"og:site_name\" content=\"Transformando Vidas com Tecnologia, Informa\u00e7\u00e3o e Oportunidades: Explore Nossa Jornada de Crescimento\" \/>\n<meta property=\"article:published_time\" content=\"2023-07-19T03:01:00+00:00\" \/>\n<meta property=\"article:modified_time\" content=\"2023-08-04T17:12:48+00:00\" \/>\n<meta property=\"og:image\" content=\"https:\/\/www.vagadeempregosp.com.br\/wp-content\/uploads\/2023\/02\/image-10.png\" \/>\n\t<meta property=\"og:image:width\" content=\"1500\" \/>\n\t<meta property=\"og:image:height\" content=\"786\" \/>\n\t<meta property=\"og:image:type\" content=\"image\/png\" \/>\n<meta name=\"author\" content=\"Michele\" \/>\n<meta name=\"twitter:card\" content=\"summary_large_image\" \/>\n<meta name=\"twitter:label1\" content=\"Escrito por\" \/>\n\t<meta name=\"twitter:data1\" content=\"Michele\" \/>\n\t<meta name=\"twitter:label2\" content=\"Tiempo de lectura\" \/>\n\t<meta name=\"twitter:data2\" content=\"3 minutos\" \/>\n<script type=\"application\/ld+json\" class=\"yoast-schema-graph\">{\"@context\":\"https:\\\/\\\/schema.org\",\"@graph\":[{\"@type\":\"Article\",\"@id\":\"https:\\\/\\\/www.vagadeempregosp.com.br\\\/empregos-santander\\\/#article\",\"isPartOf\":{\"@id\":\"https:\\\/\\\/www.vagadeempregosp.com.br\\\/empregos-santander\\\/\"},\"author\":{\"name\":\"Michele\",\"@id\":\"https:\\\/\\\/www.vagadeempregosp.com.br\\\/#\\\/schema\\\/person\\\/15cdff8822aa2f27a8a65ee7bbfe7ce6\"},\"headline\":\"Gerentes, Analista de Opera\u00e7\u00f5es, Gerente de Neg\u00f3cios Digitais e muito mais no Santander\",\"datePublished\":\"2023-07-19T03:01:00+00:00\",\"dateModified\":\"2023-08-04T17:12:48+00:00\",\"mainEntityOfPage\":{\"@id\":\"https:\\\/\\\/www.vagadeempregosp.com.br\\\/empregos-santander\\\/\"},\"wordCount\":537,\"image\":{\"@id\":\"https:\\\/\\\/www.vagadeempregosp.com.br\\\/empregos-santander\\\/#primaryimage\"},\"thumbnailUrl\":\"https:\\\/\\\/www.vagadeempregosp.com.br\\\/wp-content\\\/uploads\\\/2023\\\/02\\\/image-10.png\",\"keywords\":[\"oportunidades\",\"Santander\",\"vagas de emprego\"],\"articleSection\":[\"Vagas de Emprego Nacionais\"],\"inLanguage\":\"es\"},{\"@type\":\"WebPage\",\"@id\":\"https:\\\/\\\/www.vagadeempregosp.com.br\\\/empregos-santander\\\/\",\"url\":\"https:\\\/\\\/www.vagadeempregosp.com.br\\\/empregos-santander\\\/\",\"name\":\"Gerentes, Analista de Opera\u00e7\u00f5es, Gerente de Neg\u00f3cios Digitais e muito mais no Santander - Transformando Vidas com Tecnologia, Informa\u00e7\u00e3o e Oportunidades: Explore Nossa Jornada de Crescimento\",\"isPartOf\":{\"@id\":\"https:\\\/\\\/www.vagadeempregosp.com.br\\\/#website\"},\"primaryImageOfPage\":{\"@id\":\"https:\\\/\\\/www.vagadeempregosp.com.br\\\/empregos-santander\\\/#primaryimage\"},\"image\":{\"@id\":\"https:\\\/\\\/www.vagadeempregosp.com.br\\\/empregos-santander\\\/#primaryimage\"},\"thumbnailUrl\":\"https:\\\/\\\/www.vagadeempregosp.com.br\\\/wp-content\\\/uploads\\\/2023\\\/02\\\/image-10.png\",\"datePublished\":\"2023-07-19T03:01:00+00:00\",\"dateModified\":\"2023-08-04T17:12:48+00:00\",\"author\":{\"@id\":\"https:\\\/\\\/www.vagadeempregosp.com.br\\\/#\\\/schema\\\/person\\\/15cdff8822aa2f27a8a65ee7bbfe7ce6\"},\"breadcrumb\":{\"@id\":\"https:\\\/\\\/www.vagadeempregosp.com.br\\\/empregos-santander\\\/#breadcrumb\"},\"inLanguage\":\"es\",\"potentialAction\":[{\"@type\":\"ReadAction\",\"target\":[\"https:\\\/\\\/www.vagadeempregosp.com.br\\\/empregos-santander\\\/\"]}]},{\"@type\":\"ImageObject\",\"inLanguage\":\"es\",\"@id\":\"https:\\\/\\\/www.vagadeempregosp.com.br\\\/empregos-santander\\\/#primaryimage\",\"url\":\"https:\\\/\\\/www.vagadeempregosp.com.br\\\/wp-content\\\/uploads\\\/2023\\\/02\\\/image-10.png\",\"contentUrl\":\"https:\\\/\\\/www.vagadeempregosp.com.br\\\/wp-content\\\/uploads\\\/2023\\\/02\\\/image-10.png\",\"width\":1500,\"height\":786},{\"@type\":\"BreadcrumbList\",\"@id\":\"https:\\\/\\\/www.vagadeempregosp.com.br\\\/empregos-santander\\\/#breadcrumb\",\"itemListElement\":[{\"@type\":\"ListItem\",\"position\":1,\"name\":\"In\u00edcio\",\"item\":\"https:\\\/\\\/www.vagadeempregosp.com.br\\\/\"},{\"@type\":\"ListItem\",\"position\":2,\"name\":\"Vagas de Emprego Nacionais\",\"item\":\"https:\\\/\\\/www.vagadeempregosp.com.br\\\/category\\\/vagas-nacionais\\\/\"},{\"@type\":\"ListItem\",\"position\":3,\"name\":\"Gerentes, Analista de Opera\u00e7\u00f5es, Gerente de Neg\u00f3cios Digitais e muito mais no Santander\"}]},{\"@type\":\"WebSite\",\"@id\":\"https:\\\/\\\/www.vagadeempregosp.com.br\\\/#website\",\"url\":\"https:\\\/\\\/www.vagadeempregosp.com.br\\\/\",\"name\":\"Transformando Vidas com Tecnologia, Informa\u00e7\u00e3o e Oportunidades: Explore Nossa Jornada de Crescimento\",\"description\":\"Transformando Vidas com Tecnologia, Informa\u00e7\u00e3o e Oportunidades: Explore Nossa Jornada de Crescimento\",\"potentialAction\":[{\"@type\":\"SearchAction\",\"target\":{\"@type\":\"EntryPoint\",\"urlTemplate\":\"https:\\\/\\\/www.vagadeempregosp.com.br\\\/?s={search_term_string}\"},\"query-input\":{\"@type\":\"PropertyValueSpecification\",\"valueRequired\":true,\"valueName\":\"search_term_string\"}}],\"inLanguage\":\"es\"},{\"@type\":\"Person\",\"@id\":\"https:\\\/\\\/www.vagadeempregosp.com.br\\\/#\\\/schema\\\/person\\\/15cdff8822aa2f27a8a65ee7bbfe7ce6\",\"name\":\"Michele\",\"image\":{\"@type\":\"ImageObject\",\"inLanguage\":\"es\",\"@id\":\"https:\\\/\\\/secure.gravatar.com\\\/avatar\\\/6b0eb9d22841282815e2cd856a0061c45e1761cd54b22e952d98c4746939aa85?s=96&r=g\",\"url\":\"https:\\\/\\\/secure.gravatar.com\\\/avatar\\\/6b0eb9d22841282815e2cd856a0061c45e1761cd54b22e952d98c4746939aa85?s=96&r=g\",\"contentUrl\":\"https:\\\/\\\/secure.gravatar.com\\\/avatar\\\/6b0eb9d22841282815e2cd856a0061c45e1761cd54b22e952d98c4746939aa85?s=96&r=g\",\"caption\":\"Michele\"},\"description\":\"Formada em Letras - Portugu\u00eas\\\/ Ingl\u00eas, e idealizadora do site Escritora de Sucesso, busca expandir o conhecimento de todos com informa\u00e7\u00f5es relevantes sobre diversos assuntos, enquanto redatora. No Vaga de Emprego SP, traz oportunidades e dicas sobre o mercado de trabalho.\",\"url\":\"https:\\\/\\\/www.vagadeempregosp.com.br\\\/es\\\/author\\\/michele\\\/\"}]}<\/script>\n<!-- \/ Yoast SEO plugin. -->","yoast_head_json":{"title":"Gerentes, Analistas de Operaciones, Gerentes de Negocios Digitales y m\u00e1s en Santander - Transformando vidas con tecnolog\u00eda, informaci\u00f3n y oportunidades: Explore Nuestro Viaje de Crecimiento","robots":{"index":"index","follow":"follow","max-snippet":"max-snippet:-1","max-image-preview":"max-image-preview:large","max-video-preview":"max-video-preview:-1"},"canonical":"https:\/\/www.vagadeempregosp.com.br\/es\/empleo-en-santander-2\/","og_locale":"es_ES","og_type":"article","og_title":"Gerentes, Analista de Opera\u00e7\u00f5es, Gerente de Neg\u00f3cios Digitais e muito mais no Santander - Transformando Vidas com Tecnologia, Informa\u00e7\u00e3o e Oportunidades: Explore Nossa Jornada de Crescimento","og_description":"Atualizado Os empregos Santander oferecem oportunidade de crescimento e avan\u00e7o de carreira para todos os profissionais. Neste momento, a institui\u00e7\u00e3o \u00e9 o terceiro maior banco privado do territ\u00f3rio brasileiro, al\u00e9m de marcar presen\u00e7a nos setores de varejo e atacado. Confira, a seguir, as oportunidades dispon\u00edveis na corpora\u00e7\u00e3o. Acompanhe as vagas de empregos Santander O Santander&hellip;&nbsp;","og_url":"https:\/\/www.vagadeempregosp.com.br\/es\/empleo-en-santander-2\/","og_site_name":"Transformando Vidas com Tecnologia, Informa\u00e7\u00e3o e Oportunidades: Explore Nossa Jornada de Crescimento","article_published_time":"2023-07-19T03:01:00+00:00","article_modified_time":"2023-08-04T17:12:48+00:00","og_image":[{"width":1500,"height":786,"url":"https:\/\/www.vagadeempregosp.com.br\/wp-content\/uploads\/2023\/02\/image-10.png","type":"image\/png"}],"author":"Michele","twitter_card":"summary_large_image","twitter_misc":{"Escrito por":"Michele","Tiempo de lectura":"3 minutos"},"schema":{"@context":"https:\/\/schema.org","@graph":[{"@type":"Article","@id":"https:\/\/www.vagadeempregosp.com.br\/empregos-santander\/#article","isPartOf":{"@id":"https:\/\/www.vagadeempregosp.com.br\/empregos-santander\/"},"author":{"name":"Michele","@id":"https:\/\/www.vagadeempregosp.com.br\/#\/schema\/person\/15cdff8822aa2f27a8a65ee7bbfe7ce6"},"headline":"Gerentes, Analista de Opera\u00e7\u00f5es, Gerente de Neg\u00f3cios Digitais e muito mais no Santander","datePublished":"2023-07-19T03:01:00+00:00","dateModified":"2023-08-04T17:12:48+00:00","mainEntityOfPage":{"@id":"https:\/\/www.vagadeempregosp.com.br\/empregos-santander\/"},"wordCount":537,"image":{"@id":"https:\/\/www.vagadeempregosp.com.br\/empregos-santander\/#primaryimage"},"thumbnailUrl":"https:\/\/www.vagadeempregosp.com.br\/wp-content\/uploads\/2023\/02\/image-10.png","keywords":["oportunidades","Santander","vagas de emprego"],"articleSection":["Vagas de Emprego Nacionais"],"inLanguage":"es"},{"@type":"WebPage","@id":"https:\/\/www.vagadeempregosp.com.br\/empregos-santander\/","url":"https:\/\/www.vagadeempregosp.com.br\/empregos-santander\/","name":"Gerentes, Analistas de Operaciones, Gerentes de Negocios Digitales y m\u00e1s en Santander - Transformando vidas con tecnolog\u00eda, informaci\u00f3n y oportunidades: Explore Nuestro Viaje de Crecimiento","isPartOf":{"@id":"https:\/\/www.vagadeempregosp.com.br\/#website"},"primaryImageOfPage":{"@id":"https:\/\/www.vagadeempregosp.com.br\/empregos-santander\/#primaryimage"},"image":{"@id":"https:\/\/www.vagadeempregosp.com.br\/empregos-santander\/#primaryimage"},"thumbnailUrl":"https:\/\/www.vagadeempregosp.com.br\/wp-content\/uploads\/2023\/02\/image-10.png","datePublished":"2023-07-19T03:01:00+00:00","dateModified":"2023-08-04T17:12:48+00:00","author":{"@id":"https:\/\/www.vagadeempregosp.com.br\/#\/schema\/person\/15cdff8822aa2f27a8a65ee7bbfe7ce6"},"breadcrumb":{"@id":"https:\/\/www.vagadeempregosp.com.br\/empregos-santander\/#breadcrumb"},"inLanguage":"es","potentialAction":[{"@type":"ReadAction","target":["https:\/\/www.vagadeempregosp.com.br\/empregos-santander\/"]}]},{"@type":"ImageObject","inLanguage":"es","@id":"https:\/\/www.vagadeempregosp.com.br\/empregos-santander\/#primaryimage","url":"https:\/\/www.vagadeempregosp.com.br\/wp-content\/uploads\/2023\/02\/image-10.png","contentUrl":"https:\/\/www.vagadeempregosp.com.br\/wp-content\/uploads\/2023\/02\/image-10.png","width":1500,"height":786},{"@type":"BreadcrumbList","@id":"https:\/\/www.vagadeempregosp.com.br\/empregos-santander\/#breadcrumb","itemListElement":[{"@type":"ListItem","position":1,"name":"In\u00edcio","item":"https:\/\/www.vagadeempregosp.com.br\/"},{"@type":"ListItem","position":2,"name":"Vagas de Emprego Nacionais","item":"https:\/\/www.vagadeempregosp.com.br\/category\/vagas-nacionais\/"},{"@type":"ListItem","position":3,"name":"Gerentes, Analista de Opera\u00e7\u00f5es, Gerente de Neg\u00f3cios Digitais e muito mais no Santander"}]},{"@type":"WebSite","@id":"https:\/\/www.vagadeempregosp.com.br\/#website","url":"https:\/\/www.vagadeempregosp.com.br\/","name":"Transformar vidas con tecnolog\u00eda, informaci\u00f3n y oportunidades: Explore nuestro viaje de crecimiento","description":"Transformar vidas con tecnolog\u00eda, informaci\u00f3n y oportunidades: Explore nuestro viaje de crecimiento","potentialAction":[{"@type":"SearchAction","target":{"@type":"EntryPoint","urlTemplate":"https:\/\/www.vagadeempregosp.com.br\/?s={search_term_string}"},"query-input":{"@type":"PropertyValueSpecification","valueRequired":true,"valueName":"search_term_string"}}],"inLanguage":"es"},{"@type":"Person","@id":"https:\/\/www.vagadeempregosp.com.br\/#\/schema\/person\/15cdff8822aa2f27a8a65ee7bbfe7ce6","name":"Michele","image":{"@type":"ImageObject","inLanguage":"es","@id":"https:\/\/secure.gravatar.com\/avatar\/6b0eb9d22841282815e2cd856a0061c45e1761cd54b22e952d98c4746939aa85?s=96&r=g","url":"https:\/\/secure.gravatar.com\/avatar\/6b0eb9d22841282815e2cd856a0061c45e1761cd54b22e952d98c4746939aa85?s=96&r=g","contentUrl":"https:\/\/secure.gravatar.com\/avatar\/6b0eb9d22841282815e2cd856a0061c45e1761cd54b22e952d98c4746939aa85?s=96&r=g","caption":"Michele"},"description":"Graduada en Lenguas - Portugu\u00e9s\/Ingl\u00e9s, y creadora del sitio Escritora de Sucesso, busca ampliar el conocimiento de todos con informaciones relevantes sobre diversos temas, como escritora. En Vaga de Emprego SP, ofrece oportunidades y consejos sobre el mercado laboral.","url":"https:\/\/www.vagadeempregosp.com.br\/es\/author\/michele\/"}]}},"_links":{"self":[{"href":"https:\/\/www.vagadeempregosp.com.br\/es\/wp-json\/wp\/v2\/posts\/20413","targetHints":{"allow":["GET"]}}],"collection":[{"href":"https:\/\/www.vagadeempregosp.com.br\/es\/wp-json\/wp\/v2\/posts"}],"about":[{"href":"https:\/\/www.vagadeempregosp.com.br\/es\/wp-json\/wp\/v2\/types\/post"}],"author":[{"embeddable":true,"href":"https:\/\/www.vagadeempregosp.com.br\/es\/wp-json\/wp\/v2\/users\/11"}],"replies":[{"embeddable":true,"href":"https:\/\/www.vagadeempregosp.com.br\/es\/wp-json\/wp\/v2\/comments?post=20413"}],"version-history":[{"count":5,"href":"https:\/\/www.vagadeempregosp.com.br\/es\/wp-json\/wp\/v2\/posts\/20413\/revisions"}],"predecessor-version":[{"id":21191,"href":"https:\/\/www.vagadeempregosp.com.br\/es\/wp-json\/wp\/v2\/posts\/20413\/revisions\/21191"}],"wp:featuredmedia":[{"embeddable":true,"href":"https:\/\/www.vagadeempregosp.com.br\/es\/wp-json\/wp\/v2\/media\/20421"}],"wp:attachment":[{"href":"https:\/\/www.vagadeempregosp.com.br\/es\/wp-json\/wp\/v2\/media?parent=20413"}],"wp:term":[{"taxonomy":"category","embeddable":true,"href":"https:\/\/www.vagadeempregosp.com.br\/es\/wp-json\/wp\/v2\/categories?post=20413"},{"taxonomy":"post_tag","embeddable":true,"href":"https:\/\/www.vagadeempregosp.com.br\/es\/wp-json\/wp\/v2\/tags?post=20413"}],"curies":[{"name":"wp","href":"https:\/\/api.w.org\/{rel}","templated":true}]}}