{"id":19626,"date":"2023-07-28T00:02:00","date_gmt":"2023-07-28T03:02:00","guid":{"rendered":"https:\/\/www.vagadeempregosp.com.br\/?p=19626"},"modified":"2025-04-27T17:42:19","modified_gmt":"2025-04-27T20:42:19","slug":"empleos-en-oro-y-plata","status":"publish","type":"post","link":"https:\/\/www.vagadeempregosp.com.br\/es\/empregos-ouro-e-prata\/","title":{"rendered":"Conductor de Autob\u00fas, Servicios Generales, Mec\u00e1nico, Chapista y mucho m\u00e1s en la empresa Ouro e Prata"},"content":{"rendered":"<p>Actualizado<\/p>\n\n\n<div class=\"wp-block-post-date\"><time datetime=\"2023-07-28T00:02:00-03:00\">28\/07\/2023<\/time><\/div>\n\n\n<p>En<strong> Trabajos en oro y plata<\/strong> tienen muchas ventajas para el mercado laboral, ya que la historia de la empresa comienza en 1939, cuando los hermanos Fleck descubrieron la necesidad de modernizar el transporte de pasajeros por carretera y prestar un servicio de calidad a la sociedad. Desde entonces, m\u00e1s de 80 a\u00f1os de trabajo concienzudo, fuertes inversiones en personal, tecnolog\u00eda e innovaci\u00f3n han fortalecido nuestra posici\u00f3n en el mercado. En reconocimiento a ello, decenas de premios complementan nuestra labor y trayectoria. Sus rutas cubren el sur y el norte de Brasil, atendiendo a m\u00e1s de 400 destinos en 10 estados. En su n\u00facleo se encuentran valores como: responsabilidad medioambiental y social, operar con seguridad, deleitar a los clientes, mejora continua, valorar a las personas y centrarse en los resultados.<\/p>\n\n\n\n<figure class=\"wp-block-image size-full\"><img loading=\"lazy\" decoding=\"async\" width=\"402\" height=\"125\" src=\"https:\/\/www.vagadeempregosp.com.br\/wp-content\/uploads\/2022\/12\/Empregos-Ouro-e-Prata.png\" alt=\"Via\u00e7\u00e3o Ouro e Prata\" class=\"wp-image-19652\" srcset=\"https:\/\/www.vagadeempregosp.com.br\/wp-content\/uploads\/2022\/12\/Empregos-Ouro-e-Prata.png 402w, https:\/\/www.vagadeempregosp.com.br\/wp-content\/uploads\/2022\/12\/Empregos-Ouro-e-Prata-300x93.png 300w\" sizes=\"auto, (max-width: 402px) 100vw, 402px\" \/><figcaption class=\"wp-element-caption\">Imagen: Via\u00e7\u00e3o Ouro e Prata - Reproducci\u00f3n<\/figcaption><\/figure>\n\n\n\n<h2 class=\"wp-block-heading\">Inf\u00f3rmese sobre las ofertas de empleo de Ouro e Prata<\/h2>\n\n\n\n<p>Hay vacantes de pr\u00e1cticas para estudiantes de bachillerato que cursen estudios nocturnos con la posibilidad de ser contratados. Las oportunidades son para residentes de los estados de S\u00e3o Paulo, Rio Grande do Sul y Par\u00e1.<\/p>\n\n\n\n<p>Se ofrecen asociaciones con instituciones educativas, seguro m\u00e9dico, comedor, vales de comida, acceso a la Universidad Corporativa, seguro de vida, vales de transporte, atenci\u00f3n dental y psicol\u00f3gica. Consulte a continuaci\u00f3n todos los puestos ofertados:<\/p>\n\n\n\n<ul class=\"wp-block-list\">\n<li>Anl. PCM;<\/li>\n\n\n\n<li>Conductor de autob\u00fas;<\/li>\n\n\n\n<li>Asistente administrativo - PCD;<\/li>\n\n\n\n<li>Servicios Generales;<\/li>\n\n\n\n<li>Ayudante de chapado;<\/li>\n\n\n\n<li>Mec\u00e1nico 1\/2 Oficial;<\/li>\n\n\n\n<li>Asistente de explotaci\u00f3n de carreteras;<\/li>\n\n\n\n<li>Pr\u00e1cticas en institutos;<\/li>\n\n\n\n<li>Asistente de seguridad - PCD;<\/li>\n\n\n\n<li>Oficial Plater 1\/2;<\/li>\n\n\n\n<li>Asistente de ventas;<\/li>\n\n\n\n<li>Electricista oficial.<\/li>\n<\/ul>\n\n\n\n<h3 class=\"wp-block-heading\">C\u00f3mo solicitarlo<\/h3>\n\n\n\n<p>Para solicitar las vacantes anteriores, el primer paso es registrarse en el sitio web que figura a continuaci\u00f3n para no perderse ninguna otra oportunidad de empleo que surja:<\/p>\n\n\n\n<ul class=\"wp-block-list\">\n<li>Vacantes de oro y plata.<\/li>\n<\/ul>\n\n\n\n<p>El siguiente paso es encontrar el puesto que desea y, si su perfil se ajusta a \u00e9l, hacer clic para presentar su candidatura.<\/p>\n\n\n\n<p><strong>V\u00e9ase tambi\u00e9n: <a href=\"https:\/\/www.vagadeempregosp.com.br\/es\/empleos-indigo\/\">Encargado de parking, monitor de parking y m\u00e1s en Indigo Company<\/a><\/strong><\/p>\n\n\n\n<h2 class=\"wp-block-heading\">Acerca de Ouro e Prata<\/h2>\n\n\n\n<p>La empresa est\u00e1 comprometida con la excelencia en el servicio y para ello invierte en la valoraci\u00f3n de las personas, la formaci\u00f3n de equipos, el desarrollo de proyectos y la innovaci\u00f3n continua. El resultado de esta dedicaci\u00f3n es el reconocimiento del mercado, que se refleja en todos los premios que han recibido a lo largo de su historia.<\/p>\n\n\n\n<p>Originalmente se fund\u00f3 con el nombre de Via\u00e7\u00e3o Crissiuma y no utiliz\u00f3 su nombre actual hasta 1948. Est\u00e1 considerada una de las mayores empresas del sector del transporte de pasajeros por carretera de Rio Grande do Sul, con aproximadamente 1.100 empleados. En la d\u00e9cada de 1990, comenz\u00f3 a prestar servicio en una l\u00ednea fuera de Rio Grande do Sul que pasaba por Santa Catarina, Paran\u00e1, Mato Grosso do Sul y Mato Grosso. En la actualidad, esta l\u00ednea s\u00f3lo presta servicio a la BR-163, y existe un ramal que pasa por Canarana, Campo Verde, Barra do Gar\u00e7as y Primavera do Leste y se ampli\u00f3 en 2006 hasta Santar\u00e9m, en el estado de Par\u00e1.<\/p>\n\n\n\n<p>En 2015, la empresa empez\u00f3 a prestar servicio a m\u00e1s ciudades de los estados mencionados. Tambi\u00e9n se cre\u00f3 una extensi\u00f3n de la l\u00ednea Porto Alegre x Santar\u00e9m, de Santar\u00e9m a Bel\u00e9m do Par\u00e1. Ese mismo a\u00f1o, comenz\u00f3 a ofrecer l\u00edneas desde S\u00e3o Carlos, en S\u00e3o Paulo, y terminando en RS. En 2016, la empresa empez\u00f3 a prestar servicio a los estados de Goi\u00e1s y Tocantins, as\u00ed como al estado de Maranh\u00e3o durante un breve periodo.&nbsp;<\/p>","protected":false},"excerpt":{"rendered":"<p>Atualizado em Os Empregos Ouro e Prata contam com muitas vantagens para o mercado de trabalho, visto que a hist\u00f3ria da empresa come\u00e7a em 1939 quando os irm\u00e3os Fleck descobriram a necessidade de modernizar o transporte rodovi\u00e1rio de passageiros e prestar um servi\u00e7o de qualidade \u00e0 sociedade. Desde ent\u00e3o, mais de 80 anos de trabalho&hellip;&nbsp;<\/p>","protected":false},"author":11,"featured_media":19652,"comment_status":"closed","ping_status":"closed","sticky":false,"template":"","format":"standard","meta":{"neve_meta_sidebar":"","neve_meta_container":"","neve_meta_enable_content_width":"","neve_meta_content_width":0,"neve_meta_title_alignment":"","neve_meta_author_avatar":"","neve_post_elements_order":"","neve_meta_disable_header":"","neve_meta_disable_footer":"","neve_meta_disable_title":"","footnotes":""},"categories":[43],"tags":[79,248,78],"class_list":["post-19626","post","type-post","status-publish","format-standard","has-post-thumbnail","hentry","category-vagas-nacionais","tag-oportunidades","tag-ouro-e-prata","tag-vagas-de-emprego"],"yoast_head":"<!-- This site is optimized with the Yoast SEO plugin v27.5 - https:\/\/yoast.com\/product\/yoast-seo-wordpress\/ -->\n<title>Motorista de \u00d4nibus, Servi\u00e7os Gerais, Mec\u00e2nico, Chapeador e muito mais na Empresa Ouro e Prata - Transformando Vidas com Tecnologia, Informa\u00e7\u00e3o e Oportunidades: Explore Nossa Jornada de Crescimento<\/title>\n<meta name=\"robots\" content=\"index, follow, max-snippet:-1, max-image-preview:large, max-video-preview:-1\" \/>\n<link rel=\"canonical\" href=\"https:\/\/www.vagadeempregosp.com.br\/es\/empleos-en-oro-y-plata\/\" \/>\n<meta property=\"og:locale\" content=\"es_ES\" \/>\n<meta property=\"og:type\" content=\"article\" \/>\n<meta property=\"og:title\" content=\"Motorista de \u00d4nibus, Servi\u00e7os Gerais, Mec\u00e2nico, Chapeador e muito mais na Empresa Ouro e Prata - Transformando Vidas com Tecnologia, Informa\u00e7\u00e3o e Oportunidades: Explore Nossa Jornada de Crescimento\" \/>\n<meta property=\"og:description\" content=\"Atualizado em Os Empregos Ouro e Prata contam com muitas vantagens para o mercado de trabalho, visto que a hist\u00f3ria da empresa come\u00e7a em 1939 quando os irm\u00e3os Fleck descobriram a necessidade de modernizar o transporte rodovi\u00e1rio de passageiros e prestar um servi\u00e7o de qualidade \u00e0 sociedade. Desde ent\u00e3o, mais de 80 anos de trabalho&hellip;&nbsp;\" \/>\n<meta property=\"og:url\" content=\"https:\/\/www.vagadeempregosp.com.br\/es\/empleos-en-oro-y-plata\/\" \/>\n<meta property=\"og:site_name\" content=\"Transformando Vidas com Tecnologia, Informa\u00e7\u00e3o e Oportunidades: Explore Nossa Jornada de Crescimento\" \/>\n<meta property=\"article:published_time\" content=\"2023-07-28T03:02:00+00:00\" \/>\n<meta property=\"article:modified_time\" content=\"2025-04-27T20:42:19+00:00\" \/>\n<meta property=\"og:image\" content=\"https:\/\/www.vagadeempregosp.com.br\/wp-content\/uploads\/2022\/12\/Empregos-Ouro-e-Prata.png\" \/>\n\t<meta property=\"og:image:width\" content=\"402\" \/>\n\t<meta property=\"og:image:height\" content=\"125\" \/>\n\t<meta property=\"og:image:type\" content=\"image\/png\" \/>\n<meta name=\"author\" content=\"Michele\" \/>\n<meta name=\"twitter:card\" content=\"summary_large_image\" \/>\n<meta name=\"twitter:label1\" content=\"Escrito por\" \/>\n\t<meta name=\"twitter:data1\" content=\"Michele\" \/>\n\t<meta name=\"twitter:label2\" content=\"Tiempo de lectura\" \/>\n\t<meta name=\"twitter:data2\" content=\"3 minutos\" \/>\n<script type=\"application\/ld+json\" class=\"yoast-schema-graph\">{\"@context\":\"https:\\\/\\\/schema.org\",\"@graph\":[{\"@type\":\"Article\",\"@id\":\"https:\\\/\\\/www.vagadeempregosp.com.br\\\/empregos-ouro-e-prata\\\/#article\",\"isPartOf\":{\"@id\":\"https:\\\/\\\/www.vagadeempregosp.com.br\\\/empregos-ouro-e-prata\\\/\"},\"author\":{\"name\":\"Michele\",\"@id\":\"https:\\\/\\\/www.vagadeempregosp.com.br\\\/#\\\/schema\\\/person\\\/15cdff8822aa2f27a8a65ee7bbfe7ce6\"},\"headline\":\"Motorista de \u00d4nibus, Servi\u00e7os Gerais, Mec\u00e2nico, Chapeador e muito mais na Empresa Ouro e Prata\",\"datePublished\":\"2023-07-28T03:02:00+00:00\",\"dateModified\":\"2025-04-27T20:42:19+00:00\",\"mainEntityOfPage\":{\"@id\":\"https:\\\/\\\/www.vagadeempregosp.com.br\\\/empregos-ouro-e-prata\\\/\"},\"wordCount\":602,\"image\":{\"@id\":\"https:\\\/\\\/www.vagadeempregosp.com.br\\\/empregos-ouro-e-prata\\\/#primaryimage\"},\"thumbnailUrl\":\"https:\\\/\\\/www.vagadeempregosp.com.br\\\/wp-content\\\/uploads\\\/2022\\\/12\\\/Empregos-Ouro-e-Prata.png\",\"keywords\":[\"oportunidades\",\"Ouro e Prata\",\"vagas de emprego\"],\"articleSection\":[\"Vagas de Emprego Nacionais\"],\"inLanguage\":\"es\"},{\"@type\":\"WebPage\",\"@id\":\"https:\\\/\\\/www.vagadeempregosp.com.br\\\/empregos-ouro-e-prata\\\/\",\"url\":\"https:\\\/\\\/www.vagadeempregosp.com.br\\\/empregos-ouro-e-prata\\\/\",\"name\":\"Motorista de \u00d4nibus, Servi\u00e7os Gerais, Mec\u00e2nico, Chapeador e muito mais na Empresa Ouro e Prata - Transformando Vidas com Tecnologia, Informa\u00e7\u00e3o e Oportunidades: Explore Nossa Jornada de Crescimento\",\"isPartOf\":{\"@id\":\"https:\\\/\\\/www.vagadeempregosp.com.br\\\/#website\"},\"primaryImageOfPage\":{\"@id\":\"https:\\\/\\\/www.vagadeempregosp.com.br\\\/empregos-ouro-e-prata\\\/#primaryimage\"},\"image\":{\"@id\":\"https:\\\/\\\/www.vagadeempregosp.com.br\\\/empregos-ouro-e-prata\\\/#primaryimage\"},\"thumbnailUrl\":\"https:\\\/\\\/www.vagadeempregosp.com.br\\\/wp-content\\\/uploads\\\/2022\\\/12\\\/Empregos-Ouro-e-Prata.png\",\"datePublished\":\"2023-07-28T03:02:00+00:00\",\"dateModified\":\"2025-04-27T20:42:19+00:00\",\"author\":{\"@id\":\"https:\\\/\\\/www.vagadeempregosp.com.br\\\/#\\\/schema\\\/person\\\/15cdff8822aa2f27a8a65ee7bbfe7ce6\"},\"breadcrumb\":{\"@id\":\"https:\\\/\\\/www.vagadeempregosp.com.br\\\/empregos-ouro-e-prata\\\/#breadcrumb\"},\"inLanguage\":\"es\",\"potentialAction\":[{\"@type\":\"ReadAction\",\"target\":[\"https:\\\/\\\/www.vagadeempregosp.com.br\\\/empregos-ouro-e-prata\\\/\"]}]},{\"@type\":\"ImageObject\",\"inLanguage\":\"es\",\"@id\":\"https:\\\/\\\/www.vagadeempregosp.com.br\\\/empregos-ouro-e-prata\\\/#primaryimage\",\"url\":\"https:\\\/\\\/www.vagadeempregosp.com.br\\\/wp-content\\\/uploads\\\/2022\\\/12\\\/Empregos-Ouro-e-Prata.png\",\"contentUrl\":\"https:\\\/\\\/www.vagadeempregosp.com.br\\\/wp-content\\\/uploads\\\/2022\\\/12\\\/Empregos-Ouro-e-Prata.png\",\"width\":402,\"height\":125,\"caption\":\"Imagem: Ouro e Prata - Reprodu\u00e7\u00e3o\"},{\"@type\":\"BreadcrumbList\",\"@id\":\"https:\\\/\\\/www.vagadeempregosp.com.br\\\/empregos-ouro-e-prata\\\/#breadcrumb\",\"itemListElement\":[{\"@type\":\"ListItem\",\"position\":1,\"name\":\"In\u00edcio\",\"item\":\"https:\\\/\\\/www.vagadeempregosp.com.br\\\/\"},{\"@type\":\"ListItem\",\"position\":2,\"name\":\"Vagas de Emprego Nacionais\",\"item\":\"https:\\\/\\\/www.vagadeempregosp.com.br\\\/category\\\/vagas-nacionais\\\/\"},{\"@type\":\"ListItem\",\"position\":3,\"name\":\"Motorista de \u00d4nibus, Servi\u00e7os Gerais, Mec\u00e2nico, Chapeador e muito mais na Empresa Ouro e Prata\"}]},{\"@type\":\"WebSite\",\"@id\":\"https:\\\/\\\/www.vagadeempregosp.com.br\\\/#website\",\"url\":\"https:\\\/\\\/www.vagadeempregosp.com.br\\\/\",\"name\":\"Transformando Vidas com Tecnologia, Informa\u00e7\u00e3o e Oportunidades: Explore Nossa Jornada de Crescimento\",\"description\":\"Transformando Vidas com Tecnologia, Informa\u00e7\u00e3o e Oportunidades: Explore Nossa Jornada de Crescimento\",\"potentialAction\":[{\"@type\":\"SearchAction\",\"target\":{\"@type\":\"EntryPoint\",\"urlTemplate\":\"https:\\\/\\\/www.vagadeempregosp.com.br\\\/?s={search_term_string}\"},\"query-input\":{\"@type\":\"PropertyValueSpecification\",\"valueRequired\":true,\"valueName\":\"search_term_string\"}}],\"inLanguage\":\"es\"},{\"@type\":\"Person\",\"@id\":\"https:\\\/\\\/www.vagadeempregosp.com.br\\\/#\\\/schema\\\/person\\\/15cdff8822aa2f27a8a65ee7bbfe7ce6\",\"name\":\"Michele\",\"image\":{\"@type\":\"ImageObject\",\"inLanguage\":\"es\",\"@id\":\"https:\\\/\\\/secure.gravatar.com\\\/avatar\\\/6b0eb9d22841282815e2cd856a0061c45e1761cd54b22e952d98c4746939aa85?s=96&r=g\",\"url\":\"https:\\\/\\\/secure.gravatar.com\\\/avatar\\\/6b0eb9d22841282815e2cd856a0061c45e1761cd54b22e952d98c4746939aa85?s=96&r=g\",\"contentUrl\":\"https:\\\/\\\/secure.gravatar.com\\\/avatar\\\/6b0eb9d22841282815e2cd856a0061c45e1761cd54b22e952d98c4746939aa85?s=96&r=g\",\"caption\":\"Michele\"},\"description\":\"Formada em Letras - Portugu\u00eas\\\/ Ingl\u00eas, e idealizadora do site Escritora de Sucesso, busca expandir o conhecimento de todos com informa\u00e7\u00f5es relevantes sobre diversos assuntos, enquanto redatora. No Vaga de Emprego SP, traz oportunidades e dicas sobre o mercado de trabalho.\",\"url\":\"https:\\\/\\\/www.vagadeempregosp.com.br\\\/es\\\/author\\\/michele\\\/\"}]}<\/script>\n<!-- \/ Yoast SEO plugin. -->","yoast_head_json":{"title":"Conductor de Autob\u00fas, Servicios Generales, Mec\u00e1nico, Chapista y mucho m\u00e1s en Ouro e Prata - Transformando Vidas con Tecnolog\u00eda, Informaci\u00f3n y Oportunidades: Explore Nuestra Trayectoria de Crecimiento","robots":{"index":"index","follow":"follow","max-snippet":"max-snippet:-1","max-image-preview":"max-image-preview:large","max-video-preview":"max-video-preview:-1"},"canonical":"https:\/\/www.vagadeempregosp.com.br\/es\/empleos-en-oro-y-plata\/","og_locale":"es_ES","og_type":"article","og_title":"Motorista de \u00d4nibus, Servi\u00e7os Gerais, Mec\u00e2nico, Chapeador e muito mais na Empresa Ouro e Prata - Transformando Vidas com Tecnologia, Informa\u00e7\u00e3o e Oportunidades: Explore Nossa Jornada de Crescimento","og_description":"Atualizado em Os Empregos Ouro e Prata contam com muitas vantagens para o mercado de trabalho, visto que a hist\u00f3ria da empresa come\u00e7a em 1939 quando os irm\u00e3os Fleck descobriram a necessidade de modernizar o transporte rodovi\u00e1rio de passageiros e prestar um servi\u00e7o de qualidade \u00e0 sociedade. Desde ent\u00e3o, mais de 80 anos de trabalho&hellip;&nbsp;","og_url":"https:\/\/www.vagadeempregosp.com.br\/es\/empleos-en-oro-y-plata\/","og_site_name":"Transformando Vidas com Tecnologia, Informa\u00e7\u00e3o e Oportunidades: Explore Nossa Jornada de Crescimento","article_published_time":"2023-07-28T03:02:00+00:00","article_modified_time":"2025-04-27T20:42:19+00:00","og_image":[{"width":402,"height":125,"url":"https:\/\/www.vagadeempregosp.com.br\/wp-content\/uploads\/2022\/12\/Empregos-Ouro-e-Prata.png","type":"image\/png"}],"author":"Michele","twitter_card":"summary_large_image","twitter_misc":{"Escrito por":"Michele","Tiempo de lectura":"3 minutos"},"schema":{"@context":"https:\/\/schema.org","@graph":[{"@type":"Article","@id":"https:\/\/www.vagadeempregosp.com.br\/empregos-ouro-e-prata\/#article","isPartOf":{"@id":"https:\/\/www.vagadeempregosp.com.br\/empregos-ouro-e-prata\/"},"author":{"name":"Michele","@id":"https:\/\/www.vagadeempregosp.com.br\/#\/schema\/person\/15cdff8822aa2f27a8a65ee7bbfe7ce6"},"headline":"Motorista de \u00d4nibus, Servi\u00e7os Gerais, Mec\u00e2nico, Chapeador e muito mais na Empresa Ouro e Prata","datePublished":"2023-07-28T03:02:00+00:00","dateModified":"2025-04-27T20:42:19+00:00","mainEntityOfPage":{"@id":"https:\/\/www.vagadeempregosp.com.br\/empregos-ouro-e-prata\/"},"wordCount":602,"image":{"@id":"https:\/\/www.vagadeempregosp.com.br\/empregos-ouro-e-prata\/#primaryimage"},"thumbnailUrl":"https:\/\/www.vagadeempregosp.com.br\/wp-content\/uploads\/2022\/12\/Empregos-Ouro-e-Prata.png","keywords":["oportunidades","Ouro e Prata","vagas de emprego"],"articleSection":["Vagas de Emprego Nacionais"],"inLanguage":"es"},{"@type":"WebPage","@id":"https:\/\/www.vagadeempregosp.com.br\/empregos-ouro-e-prata\/","url":"https:\/\/www.vagadeempregosp.com.br\/empregos-ouro-e-prata\/","name":"Conductor de Autob\u00fas, Servicios Generales, Mec\u00e1nico, Chapista y mucho m\u00e1s en Ouro e Prata - Transformando Vidas con Tecnolog\u00eda, Informaci\u00f3n y Oportunidades: Explore Nuestra Trayectoria de Crecimiento","isPartOf":{"@id":"https:\/\/www.vagadeempregosp.com.br\/#website"},"primaryImageOfPage":{"@id":"https:\/\/www.vagadeempregosp.com.br\/empregos-ouro-e-prata\/#primaryimage"},"image":{"@id":"https:\/\/www.vagadeempregosp.com.br\/empregos-ouro-e-prata\/#primaryimage"},"thumbnailUrl":"https:\/\/www.vagadeempregosp.com.br\/wp-content\/uploads\/2022\/12\/Empregos-Ouro-e-Prata.png","datePublished":"2023-07-28T03:02:00+00:00","dateModified":"2025-04-27T20:42:19+00:00","author":{"@id":"https:\/\/www.vagadeempregosp.com.br\/#\/schema\/person\/15cdff8822aa2f27a8a65ee7bbfe7ce6"},"breadcrumb":{"@id":"https:\/\/www.vagadeempregosp.com.br\/empregos-ouro-e-prata\/#breadcrumb"},"inLanguage":"es","potentialAction":[{"@type":"ReadAction","target":["https:\/\/www.vagadeempregosp.com.br\/empregos-ouro-e-prata\/"]}]},{"@type":"ImageObject","inLanguage":"es","@id":"https:\/\/www.vagadeempregosp.com.br\/empregos-ouro-e-prata\/#primaryimage","url":"https:\/\/www.vagadeempregosp.com.br\/wp-content\/uploads\/2022\/12\/Empregos-Ouro-e-Prata.png","contentUrl":"https:\/\/www.vagadeempregosp.com.br\/wp-content\/uploads\/2022\/12\/Empregos-Ouro-e-Prata.png","width":402,"height":125,"caption":"Imagem: Ouro e Prata - Reprodu\u00e7\u00e3o"},{"@type":"BreadcrumbList","@id":"https:\/\/www.vagadeempregosp.com.br\/empregos-ouro-e-prata\/#breadcrumb","itemListElement":[{"@type":"ListItem","position":1,"name":"In\u00edcio","item":"https:\/\/www.vagadeempregosp.com.br\/"},{"@type":"ListItem","position":2,"name":"Vagas de Emprego Nacionais","item":"https:\/\/www.vagadeempregosp.com.br\/category\/vagas-nacionais\/"},{"@type":"ListItem","position":3,"name":"Motorista de \u00d4nibus, Servi\u00e7os Gerais, Mec\u00e2nico, Chapeador e muito mais na Empresa Ouro e Prata"}]},{"@type":"WebSite","@id":"https:\/\/www.vagadeempregosp.com.br\/#website","url":"https:\/\/www.vagadeempregosp.com.br\/","name":"Transformar vidas con tecnolog\u00eda, informaci\u00f3n y oportunidades: Explore nuestro viaje de crecimiento","description":"Transformar vidas con tecnolog\u00eda, informaci\u00f3n y oportunidades: Explore nuestro viaje de crecimiento","potentialAction":[{"@type":"SearchAction","target":{"@type":"EntryPoint","urlTemplate":"https:\/\/www.vagadeempregosp.com.br\/?s={search_term_string}"},"query-input":{"@type":"PropertyValueSpecification","valueRequired":true,"valueName":"search_term_string"}}],"inLanguage":"es"},{"@type":"Person","@id":"https:\/\/www.vagadeempregosp.com.br\/#\/schema\/person\/15cdff8822aa2f27a8a65ee7bbfe7ce6","name":"Michele","image":{"@type":"ImageObject","inLanguage":"es","@id":"https:\/\/secure.gravatar.com\/avatar\/6b0eb9d22841282815e2cd856a0061c45e1761cd54b22e952d98c4746939aa85?s=96&r=g","url":"https:\/\/secure.gravatar.com\/avatar\/6b0eb9d22841282815e2cd856a0061c45e1761cd54b22e952d98c4746939aa85?s=96&r=g","contentUrl":"https:\/\/secure.gravatar.com\/avatar\/6b0eb9d22841282815e2cd856a0061c45e1761cd54b22e952d98c4746939aa85?s=96&r=g","caption":"Michele"},"description":"Graduada en Lenguas - Portugu\u00e9s\/Ingl\u00e9s, y creadora del sitio Escritora de Sucesso, busca ampliar el conocimiento de todos con informaciones relevantes sobre diversos temas, como escritora. En Vaga de Emprego SP, ofrece oportunidades y consejos sobre el mercado laboral.","url":"https:\/\/www.vagadeempregosp.com.br\/es\/author\/michele\/"}]}},"_links":{"self":[{"href":"https:\/\/www.vagadeempregosp.com.br\/es\/wp-json\/wp\/v2\/posts\/19626","targetHints":{"allow":["GET"]}}],"collection":[{"href":"https:\/\/www.vagadeempregosp.com.br\/es\/wp-json\/wp\/v2\/posts"}],"about":[{"href":"https:\/\/www.vagadeempregosp.com.br\/es\/wp-json\/wp\/v2\/types\/post"}],"author":[{"embeddable":true,"href":"https:\/\/www.vagadeempregosp.com.br\/es\/wp-json\/wp\/v2\/users\/11"}],"replies":[{"embeddable":true,"href":"https:\/\/www.vagadeempregosp.com.br\/es\/wp-json\/wp\/v2\/comments?post=19626"}],"version-history":[{"count":7,"href":"https:\/\/www.vagadeempregosp.com.br\/es\/wp-json\/wp\/v2\/posts\/19626\/revisions"}],"predecessor-version":[{"id":22678,"href":"https:\/\/www.vagadeempregosp.com.br\/es\/wp-json\/wp\/v2\/posts\/19626\/revisions\/22678"}],"wp:featuredmedia":[{"embeddable":true,"href":"https:\/\/www.vagadeempregosp.com.br\/es\/wp-json\/wp\/v2\/media\/19652"}],"wp:attachment":[{"href":"https:\/\/www.vagadeempregosp.com.br\/es\/wp-json\/wp\/v2\/media?parent=19626"}],"wp:term":[{"taxonomy":"category","embeddable":true,"href":"https:\/\/www.vagadeempregosp.com.br\/es\/wp-json\/wp\/v2\/categories?post=19626"},{"taxonomy":"post_tag","embeddable":true,"href":"https:\/\/www.vagadeempregosp.com.br\/es\/wp-json\/wp\/v2\/tags?post=19626"}],"curies":[{"name":"wp","href":"https:\/\/api.w.org\/{rel}","templated":true}]}}