{"id":19510,"date":"2023-08-31T02:02:00","date_gmt":"2023-08-31T05:02:00","guid":{"rendered":"https:\/\/www.vagadeempregosp.com.br\/?p=19510"},"modified":"2025-09-11T21:10:34","modified_gmt":"2025-09-12T00:10:34","slug":"mondelez-jobs-2","status":"publish","type":"post","link":"https:\/\/www.vagadeempregosp.com.br\/es\/empregos-mondelez-2\/","title":{"rendered":"Ayudante general de PCD, jefe de equipo, supervisor de producci\u00f3n y mucho m\u00e1s en Mondelez"},"content":{"rendered":"<p>Actualizado <\/p>\n\n\n<div class=\"wp-block-post-date\"><time datetime=\"2023-08-31T02:02:00-03:00\">31\/08\/2023<\/time><\/div>\n\n\n<p>En <strong>Empleo en Mondelez<\/strong> tienen muchos puntos destacados dentro del mercado laboral, ya que la empresa forma parte de Mondelez International, una empresa mundial de aperitivos. Tienen f\u00e1bricas en Curitiba, en el estado de Paran\u00e1, y en Vit\u00f3ria de Santo Ant\u00e3o, en el estado de Pernambuco. Las oportunidades encontradas ser\u00e1n para cubrir puestos dentro de sus f\u00e1bricas o como promotores en todo Brasil. Sus valores son: amar sus marcas y a sus consumidores, hacer lo correcto y crecer cada d\u00eda. Si compartes estos valores y vacantes, \u00a1ap\u00fantate y \u00fanete al equipo!<\/p>\n\n\n\n<figure class=\"wp-block-image size-large\"><img loading=\"lazy\" decoding=\"async\" width=\"1024\" height=\"253\" src=\"https:\/\/www.vagadeempregosp.com.br\/wp-content\/uploads\/2022\/12\/Empregos-Mondelez-1024x253.png\" alt=\"Empleo en Mondelez\" class=\"wp-image-19515\" srcset=\"https:\/\/www.vagadeempregosp.com.br\/wp-content\/uploads\/2022\/12\/Empregos-Mondelez-1024x253.png 1024w, https:\/\/www.vagadeempregosp.com.br\/wp-content\/uploads\/2022\/12\/Empregos-Mondelez-300x74.png 300w, https:\/\/www.vagadeempregosp.com.br\/wp-content\/uploads\/2022\/12\/Empregos-Mondelez-768x189.png 768w, https:\/\/www.vagadeempregosp.com.br\/wp-content\/uploads\/2022\/12\/Empregos-Mondelez.png 1038w\" sizes=\"auto, (max-width: 1024px) 100vw, 1024px\" \/><figcaption class=\"wp-element-caption\">Imagen: Mondelez - Reproducci\u00f3n<\/figcaption><\/figure>\n\n\n\n<h2 class=\"wp-block-heading\">Ver todas las ofertas de empleo de Mondelez<\/h2>\n\n\n\n<p>Hay oportunidades para quienes tengan cualificaciones t\u00e9cnicas en Electr\u00f3nica, Qu\u00edmica, Mec\u00e1nica, Alimentaci\u00f3n, Farmacia, Lecher\u00eda y Biolog\u00eda. Tambi\u00e9n est\u00e1n abiertas a personas con discapacidad.<\/p>\n\n\n\n<p>Se ofrecen PLR, asistencia m\u00e9dica, seguro de vida, asistencia dental, aparcamiento, guarder\u00eda, farmacia, comidas in situ, vales de transporte y vales de comida. Consulte a continuaci\u00f3n todos los puestos anunciados y descubra c\u00f3mo rellenar su solicitud:<\/p>\n\n\n\n<ul class=\"wp-block-list\">\n<li>Ayudante general de temporada - PCD;<\/li>\n\n\n\n<li>Jefe de equipo - Supervisor de producci\u00f3n.<\/li>\n<\/ul>\n\n\n\n<h3 class=\"wp-block-heading\">C\u00f3mo solicitarlo<\/h3>\n\n\n\n<p>Para encontrar trabajo en esta empresa, el primer paso es registrarse en la base de datos de la empresa. <\/p>\n\n\n\n<ul class=\"wp-block-list\"><\/ul>\n\n\n\n<p>A continuaci\u00f3n, rellena correctamente tu perfil y todos tus datos personales y profesionales para que la empresa pueda ponerse en contacto contigo y recibas notificaciones de las nuevas oportunidades que surjan en la empresa.<\/p>\n\n\n\n<p>Cuando llegue el momento de la entrevista, no olvides saludar al entrevistador con un firme apret\u00f3n de manos para mostrar confianza. M\u00edralos a los ojos, incluso en las entrevistas online.<\/p>\n\n\n\n<p>Tampoco hables mal de tu jefe anterior o actual, ya que se considerar\u00eda poco \u00e9tico. Evita tambi\u00e9n divulgar informaci\u00f3n confidencial sobre las empresas en las que trabajas o has trabajado. Intenta investigar un poco sobre la empresa y comenta lo que averig\u00fces para indicar tu inter\u00e9s.<\/p>\n\n\n\n<p><strong>V\u00e9ase tambi\u00e9n: <a href=\"https:\/\/www.vagadeempregosp.com.br\/es\/empleos-en-brasif\/\">Auxiliar de Servicios Generales, Ayudante Mec\u00e1nico, Mec\u00e1nico Electricista, Joven Aprendiz, Pr\u00e1cticas y mucho m\u00e1s en Brasif<\/a><\/strong><\/p>\n\n\n\n<h2 class=\"wp-block-heading\">Acerca de Mondelez<\/h2>\n\n\n\n<p>Es la principal empresa de aperitivos del mundo, con una cartera de marcas deliciosas, como Tang, Oreo, Halls, Club Social, Tridens y Lacta. En Brasil, es el mayor fabricante de chocolate y est\u00e1 presente en suelo brasile\u00f1o desde 1993, cuando, a\u00fan con el nombre de Kraft Foods, adquiri\u00f3 Q-Refresko S.A., la mayor empresa de bebidas en polvo del pa\u00eds, y m\u00e1s tarde Cadbury Adams, Lacta y Nabisco, concentrando as\u00ed su mercado en cinco categor\u00edas globales: Queso, Chocolate, Confiter\u00eda, Chicle, Bebidas en polvo y Galletas.<\/p>\n\n\n\n<p>M\u00e1s de 100.000 empleados directos en todo el mundo, 13.000 de ellos en Brasil, en 3 oficinas corporativas (Recife, S\u00e3o Paulo y Curitiba), 4 f\u00e1bricas (Piracicaba, Curitiba, Bauru, Vit\u00f3ria de Santo Ant\u00e3o), as\u00ed como nuestros centros t\u00e9cnicos y de distribuci\u00f3n repartidos por todo Brasil.<\/p>\n\n\n\n<p>Para encontrar el nombre, la empresa pidi\u00f3 sugerencias a empleados de todo el mundo y recibi\u00f3 1.000 nominaciones de dos empleados, uno de Europa y otro de Estados Unidos, que realizaron una exhaustiva investigaci\u00f3n sobre el nombre en 28 idiomas. El nombre es una forma de evocar \"mundo delicioso\", donde \"Monde\" viene del lat\u00edn \"mundo\" y \"delez\" es similar a \"delicioso\".<\/p>","protected":false},"excerpt":{"rendered":"<p>Atualizado Os Empregos Mondelez contam com muitos destaques dentro do mercado de trabalho, pois a empresa faz&nbsp;parte da Mondelez Internacional, empresa global de snacks. Eles possuem f\u00e1brica em Curitiba, no Paran\u00e1 e em Vit\u00f3ria de Santo Ant\u00e3o, no estado do Pernambuco. As oportunidades encontradas l\u00e1 ser\u00e3o para preencher cargos dentro de suas f\u00e1bricas ou como&hellip;&nbsp;<\/p>","protected":false},"author":11,"featured_media":19515,"comment_status":"closed","ping_status":"closed","sticky":false,"template":"","format":"standard","meta":{"neve_meta_sidebar":"","neve_meta_container":"","neve_meta_enable_content_width":"","neve_meta_content_width":0,"neve_meta_title_alignment":"","neve_meta_author_avatar":"","neve_post_elements_order":"","neve_meta_disable_header":"","neve_meta_disable_footer":"","neve_meta_disable_title":"","footnotes":""},"categories":[43],"tags":[150,79,78],"class_list":["post-19510","post","type-post","status-publish","format-standard","has-post-thumbnail","hentry","category-vagas-nacionais","tag-mondelez","tag-oportunidades","tag-vagas-de-emprego"],"yoast_head":"<!-- This site is optimized with the Yoast SEO plugin v27.5 - https:\/\/yoast.com\/product\/yoast-seo-wordpress\/ -->\n<title>Ajudante Geral PCD, L\u00edder de Equipe, Supervisor(a) de Produ\u00e7\u00e3o e muito mais na Empresa Mondelez - Transformando Vidas com Tecnologia, Informa\u00e7\u00e3o e Oportunidades: Explore Nossa Jornada de Crescimento<\/title>\n<meta name=\"robots\" content=\"index, follow, max-snippet:-1, max-image-preview:large, max-video-preview:-1\" \/>\n<link rel=\"canonical\" href=\"https:\/\/www.vagadeempregosp.com.br\/es\/mondelez-jobs-2\/\" \/>\n<meta property=\"og:locale\" content=\"es_ES\" \/>\n<meta property=\"og:type\" content=\"article\" \/>\n<meta property=\"og:title\" content=\"Ajudante Geral PCD, L\u00edder de Equipe, Supervisor(a) de Produ\u00e7\u00e3o e muito mais na Empresa Mondelez - Transformando Vidas com Tecnologia, Informa\u00e7\u00e3o e Oportunidades: Explore Nossa Jornada de Crescimento\" \/>\n<meta property=\"og:description\" content=\"Atualizado Os Empregos Mondelez contam com muitos destaques dentro do mercado de trabalho, pois a empresa faz&nbsp;parte da Mondelez Internacional, empresa global de snacks. Eles possuem f\u00e1brica em Curitiba, no Paran\u00e1 e em Vit\u00f3ria de Santo Ant\u00e3o, no estado do Pernambuco. As oportunidades encontradas l\u00e1 ser\u00e3o para preencher cargos dentro de suas f\u00e1bricas ou como&hellip;&nbsp;\" \/>\n<meta property=\"og:url\" content=\"https:\/\/www.vagadeempregosp.com.br\/es\/mondelez-jobs-2\/\" \/>\n<meta property=\"og:site_name\" content=\"Transformando Vidas com Tecnologia, Informa\u00e7\u00e3o e Oportunidades: Explore Nossa Jornada de Crescimento\" \/>\n<meta property=\"article:published_time\" content=\"2023-08-31T05:02:00+00:00\" \/>\n<meta property=\"article:modified_time\" content=\"2025-09-12T00:10:34+00:00\" \/>\n<meta property=\"og:image\" content=\"https:\/\/www.vagadeempregosp.com.br\/wp-content\/uploads\/2022\/12\/Empregos-Mondelez.png\" \/>\n\t<meta property=\"og:image:width\" content=\"1038\" \/>\n\t<meta property=\"og:image:height\" content=\"256\" \/>\n\t<meta property=\"og:image:type\" content=\"image\/png\" \/>\n<meta name=\"author\" content=\"Michele\" \/>\n<meta name=\"twitter:card\" content=\"summary_large_image\" \/>\n<meta name=\"twitter:label1\" content=\"Escrito por\" \/>\n\t<meta name=\"twitter:data1\" content=\"Michele\" \/>\n\t<meta name=\"twitter:label2\" content=\"Tiempo de lectura\" \/>\n\t<meta name=\"twitter:data2\" content=\"3 minutos\" \/>\n<script type=\"application\/ld+json\" class=\"yoast-schema-graph\">{\"@context\":\"https:\\\/\\\/schema.org\",\"@graph\":[{\"@type\":\"Article\",\"@id\":\"https:\\\/\\\/www.vagadeempregosp.com.br\\\/empregos-mondelez-2\\\/#article\",\"isPartOf\":{\"@id\":\"https:\\\/\\\/www.vagadeempregosp.com.br\\\/empregos-mondelez-2\\\/\"},\"author\":{\"name\":\"Michele\",\"@id\":\"https:\\\/\\\/www.vagadeempregosp.com.br\\\/#\\\/schema\\\/person\\\/15cdff8822aa2f27a8a65ee7bbfe7ce6\"},\"headline\":\"Ajudante Geral PCD, L\u00edder de Equipe, Supervisor(a) de Produ\u00e7\u00e3o e muito mais na Empresa Mondelez\",\"datePublished\":\"2023-08-31T05:02:00+00:00\",\"dateModified\":\"2025-09-12T00:10:34+00:00\",\"mainEntityOfPage\":{\"@id\":\"https:\\\/\\\/www.vagadeempregosp.com.br\\\/empregos-mondelez-2\\\/\"},\"wordCount\":592,\"image\":{\"@id\":\"https:\\\/\\\/www.vagadeempregosp.com.br\\\/empregos-mondelez-2\\\/#primaryimage\"},\"thumbnailUrl\":\"https:\\\/\\\/www.vagadeempregosp.com.br\\\/wp-content\\\/uploads\\\/2022\\\/12\\\/Empregos-Mondelez.png\",\"keywords\":[\"Mondelez\",\"oportunidades\",\"vagas de emprego\"],\"articleSection\":[\"Vagas de Emprego Nacionais\"],\"inLanguage\":\"es\"},{\"@type\":\"WebPage\",\"@id\":\"https:\\\/\\\/www.vagadeempregosp.com.br\\\/empregos-mondelez-2\\\/\",\"url\":\"https:\\\/\\\/www.vagadeempregosp.com.br\\\/empregos-mondelez-2\\\/\",\"name\":\"Ajudante Geral PCD, L\u00edder de Equipe, Supervisor(a) de Produ\u00e7\u00e3o e muito mais na Empresa Mondelez - Transformando Vidas com Tecnologia, Informa\u00e7\u00e3o e Oportunidades: Explore Nossa Jornada de Crescimento\",\"isPartOf\":{\"@id\":\"https:\\\/\\\/www.vagadeempregosp.com.br\\\/#website\"},\"primaryImageOfPage\":{\"@id\":\"https:\\\/\\\/www.vagadeempregosp.com.br\\\/empregos-mondelez-2\\\/#primaryimage\"},\"image\":{\"@id\":\"https:\\\/\\\/www.vagadeempregosp.com.br\\\/empregos-mondelez-2\\\/#primaryimage\"},\"thumbnailUrl\":\"https:\\\/\\\/www.vagadeempregosp.com.br\\\/wp-content\\\/uploads\\\/2022\\\/12\\\/Empregos-Mondelez.png\",\"datePublished\":\"2023-08-31T05:02:00+00:00\",\"dateModified\":\"2025-09-12T00:10:34+00:00\",\"author\":{\"@id\":\"https:\\\/\\\/www.vagadeempregosp.com.br\\\/#\\\/schema\\\/person\\\/15cdff8822aa2f27a8a65ee7bbfe7ce6\"},\"breadcrumb\":{\"@id\":\"https:\\\/\\\/www.vagadeempregosp.com.br\\\/empregos-mondelez-2\\\/#breadcrumb\"},\"inLanguage\":\"es\",\"potentialAction\":[{\"@type\":\"ReadAction\",\"target\":[\"https:\\\/\\\/www.vagadeempregosp.com.br\\\/empregos-mondelez-2\\\/\"]}]},{\"@type\":\"ImageObject\",\"inLanguage\":\"es\",\"@id\":\"https:\\\/\\\/www.vagadeempregosp.com.br\\\/empregos-mondelez-2\\\/#primaryimage\",\"url\":\"https:\\\/\\\/www.vagadeempregosp.com.br\\\/wp-content\\\/uploads\\\/2022\\\/12\\\/Empregos-Mondelez.png\",\"contentUrl\":\"https:\\\/\\\/www.vagadeempregosp.com.br\\\/wp-content\\\/uploads\\\/2022\\\/12\\\/Empregos-Mondelez.png\",\"width\":1038,\"height\":256,\"caption\":\"Imagem: Mondelez - Reprodu\u00e7\u00e3o\"},{\"@type\":\"BreadcrumbList\",\"@id\":\"https:\\\/\\\/www.vagadeempregosp.com.br\\\/empregos-mondelez-2\\\/#breadcrumb\",\"itemListElement\":[{\"@type\":\"ListItem\",\"position\":1,\"name\":\"In\u00edcio\",\"item\":\"https:\\\/\\\/www.vagadeempregosp.com.br\\\/\"},{\"@type\":\"ListItem\",\"position\":2,\"name\":\"Vagas de Emprego Nacionais\",\"item\":\"https:\\\/\\\/www.vagadeempregosp.com.br\\\/category\\\/vagas-nacionais\\\/\"},{\"@type\":\"ListItem\",\"position\":3,\"name\":\"Ajudante Geral PCD, L\u00edder de Equipe, Supervisor(a) de Produ\u00e7\u00e3o e muito mais na Empresa Mondelez\"}]},{\"@type\":\"WebSite\",\"@id\":\"https:\\\/\\\/www.vagadeempregosp.com.br\\\/#website\",\"url\":\"https:\\\/\\\/www.vagadeempregosp.com.br\\\/\",\"name\":\"Transformando Vidas com Tecnologia, Informa\u00e7\u00e3o e Oportunidades: Explore Nossa Jornada de Crescimento\",\"description\":\"Transformando Vidas com Tecnologia, Informa\u00e7\u00e3o e Oportunidades: Explore Nossa Jornada de Crescimento\",\"potentialAction\":[{\"@type\":\"SearchAction\",\"target\":{\"@type\":\"EntryPoint\",\"urlTemplate\":\"https:\\\/\\\/www.vagadeempregosp.com.br\\\/?s={search_term_string}\"},\"query-input\":{\"@type\":\"PropertyValueSpecification\",\"valueRequired\":true,\"valueName\":\"search_term_string\"}}],\"inLanguage\":\"es\"},{\"@type\":\"Person\",\"@id\":\"https:\\\/\\\/www.vagadeempregosp.com.br\\\/#\\\/schema\\\/person\\\/15cdff8822aa2f27a8a65ee7bbfe7ce6\",\"name\":\"Michele\",\"image\":{\"@type\":\"ImageObject\",\"inLanguage\":\"es\",\"@id\":\"https:\\\/\\\/secure.gravatar.com\\\/avatar\\\/6b0eb9d22841282815e2cd856a0061c45e1761cd54b22e952d98c4746939aa85?s=96&r=g\",\"url\":\"https:\\\/\\\/secure.gravatar.com\\\/avatar\\\/6b0eb9d22841282815e2cd856a0061c45e1761cd54b22e952d98c4746939aa85?s=96&r=g\",\"contentUrl\":\"https:\\\/\\\/secure.gravatar.com\\\/avatar\\\/6b0eb9d22841282815e2cd856a0061c45e1761cd54b22e952d98c4746939aa85?s=96&r=g\",\"caption\":\"Michele\"},\"description\":\"Formada em Letras - Portugu\u00eas\\\/ Ingl\u00eas, e idealizadora do site Escritora de Sucesso, busca expandir o conhecimento de todos com informa\u00e7\u00f5es relevantes sobre diversos assuntos, enquanto redatora. No Vaga de Emprego SP, traz oportunidades e dicas sobre o mercado de trabalho.\",\"url\":\"https:\\\/\\\/www.vagadeempregosp.com.br\\\/es\\\/author\\\/michele\\\/\"}]}<\/script>\n<!-- \/ Yoast SEO plugin. -->","yoast_head_json":{"title":"Ayudante General PCD, Jefe de Equipo, Supervisor de Producci\u00f3n y mucho m\u00e1s en Mondelez - Transformando vidas con tecnolog\u00eda, informaci\u00f3n y oportunidades: Explore Nuestro Viaje de Crecimiento","robots":{"index":"index","follow":"follow","max-snippet":"max-snippet:-1","max-image-preview":"max-image-preview:large","max-video-preview":"max-video-preview:-1"},"canonical":"https:\/\/www.vagadeempregosp.com.br\/es\/mondelez-jobs-2\/","og_locale":"es_ES","og_type":"article","og_title":"Ajudante Geral PCD, L\u00edder de Equipe, Supervisor(a) de Produ\u00e7\u00e3o e muito mais na Empresa Mondelez - Transformando Vidas com Tecnologia, Informa\u00e7\u00e3o e Oportunidades: Explore Nossa Jornada de Crescimento","og_description":"Atualizado Os Empregos Mondelez contam com muitos destaques dentro do mercado de trabalho, pois a empresa faz&nbsp;parte da Mondelez Internacional, empresa global de snacks. Eles possuem f\u00e1brica em Curitiba, no Paran\u00e1 e em Vit\u00f3ria de Santo Ant\u00e3o, no estado do Pernambuco. As oportunidades encontradas l\u00e1 ser\u00e3o para preencher cargos dentro de suas f\u00e1bricas ou como&hellip;&nbsp;","og_url":"https:\/\/www.vagadeempregosp.com.br\/es\/mondelez-jobs-2\/","og_site_name":"Transformando Vidas com Tecnologia, Informa\u00e7\u00e3o e Oportunidades: Explore Nossa Jornada de Crescimento","article_published_time":"2023-08-31T05:02:00+00:00","article_modified_time":"2025-09-12T00:10:34+00:00","og_image":[{"width":1038,"height":256,"url":"https:\/\/www.vagadeempregosp.com.br\/wp-content\/uploads\/2022\/12\/Empregos-Mondelez.png","type":"image\/png"}],"author":"Michele","twitter_card":"summary_large_image","twitter_misc":{"Escrito por":"Michele","Tiempo de lectura":"3 minutos"},"schema":{"@context":"https:\/\/schema.org","@graph":[{"@type":"Article","@id":"https:\/\/www.vagadeempregosp.com.br\/empregos-mondelez-2\/#article","isPartOf":{"@id":"https:\/\/www.vagadeempregosp.com.br\/empregos-mondelez-2\/"},"author":{"name":"Michele","@id":"https:\/\/www.vagadeempregosp.com.br\/#\/schema\/person\/15cdff8822aa2f27a8a65ee7bbfe7ce6"},"headline":"Ajudante Geral PCD, L\u00edder de Equipe, Supervisor(a) de Produ\u00e7\u00e3o e muito mais na Empresa Mondelez","datePublished":"2023-08-31T05:02:00+00:00","dateModified":"2025-09-12T00:10:34+00:00","mainEntityOfPage":{"@id":"https:\/\/www.vagadeempregosp.com.br\/empregos-mondelez-2\/"},"wordCount":592,"image":{"@id":"https:\/\/www.vagadeempregosp.com.br\/empregos-mondelez-2\/#primaryimage"},"thumbnailUrl":"https:\/\/www.vagadeempregosp.com.br\/wp-content\/uploads\/2022\/12\/Empregos-Mondelez.png","keywords":["Mondelez","oportunidades","vagas de emprego"],"articleSection":["Vagas de Emprego Nacionais"],"inLanguage":"es"},{"@type":"WebPage","@id":"https:\/\/www.vagadeempregosp.com.br\/empregos-mondelez-2\/","url":"https:\/\/www.vagadeempregosp.com.br\/empregos-mondelez-2\/","name":"Ayudante General PCD, Jefe de Equipo, Supervisor de Producci\u00f3n y mucho m\u00e1s en Mondelez - Transformando vidas con tecnolog\u00eda, informaci\u00f3n y oportunidades: Explore Nuestro Viaje de Crecimiento","isPartOf":{"@id":"https:\/\/www.vagadeempregosp.com.br\/#website"},"primaryImageOfPage":{"@id":"https:\/\/www.vagadeempregosp.com.br\/empregos-mondelez-2\/#primaryimage"},"image":{"@id":"https:\/\/www.vagadeempregosp.com.br\/empregos-mondelez-2\/#primaryimage"},"thumbnailUrl":"https:\/\/www.vagadeempregosp.com.br\/wp-content\/uploads\/2022\/12\/Empregos-Mondelez.png","datePublished":"2023-08-31T05:02:00+00:00","dateModified":"2025-09-12T00:10:34+00:00","author":{"@id":"https:\/\/www.vagadeempregosp.com.br\/#\/schema\/person\/15cdff8822aa2f27a8a65ee7bbfe7ce6"},"breadcrumb":{"@id":"https:\/\/www.vagadeempregosp.com.br\/empregos-mondelez-2\/#breadcrumb"},"inLanguage":"es","potentialAction":[{"@type":"ReadAction","target":["https:\/\/www.vagadeempregosp.com.br\/empregos-mondelez-2\/"]}]},{"@type":"ImageObject","inLanguage":"es","@id":"https:\/\/www.vagadeempregosp.com.br\/empregos-mondelez-2\/#primaryimage","url":"https:\/\/www.vagadeempregosp.com.br\/wp-content\/uploads\/2022\/12\/Empregos-Mondelez.png","contentUrl":"https:\/\/www.vagadeempregosp.com.br\/wp-content\/uploads\/2022\/12\/Empregos-Mondelez.png","width":1038,"height":256,"caption":"Imagem: Mondelez - Reprodu\u00e7\u00e3o"},{"@type":"BreadcrumbList","@id":"https:\/\/www.vagadeempregosp.com.br\/empregos-mondelez-2\/#breadcrumb","itemListElement":[{"@type":"ListItem","position":1,"name":"In\u00edcio","item":"https:\/\/www.vagadeempregosp.com.br\/"},{"@type":"ListItem","position":2,"name":"Vagas de Emprego Nacionais","item":"https:\/\/www.vagadeempregosp.com.br\/category\/vagas-nacionais\/"},{"@type":"ListItem","position":3,"name":"Ajudante Geral PCD, L\u00edder de Equipe, Supervisor(a) de Produ\u00e7\u00e3o e muito mais na Empresa Mondelez"}]},{"@type":"WebSite","@id":"https:\/\/www.vagadeempregosp.com.br\/#website","url":"https:\/\/www.vagadeempregosp.com.br\/","name":"Transformar vidas con tecnolog\u00eda, informaci\u00f3n y oportunidades: Explore nuestro viaje de crecimiento","description":"Transformar vidas con tecnolog\u00eda, informaci\u00f3n y oportunidades: Explore nuestro viaje de crecimiento","potentialAction":[{"@type":"SearchAction","target":{"@type":"EntryPoint","urlTemplate":"https:\/\/www.vagadeempregosp.com.br\/?s={search_term_string}"},"query-input":{"@type":"PropertyValueSpecification","valueRequired":true,"valueName":"search_term_string"}}],"inLanguage":"es"},{"@type":"Person","@id":"https:\/\/www.vagadeempregosp.com.br\/#\/schema\/person\/15cdff8822aa2f27a8a65ee7bbfe7ce6","name":"Michele","image":{"@type":"ImageObject","inLanguage":"es","@id":"https:\/\/secure.gravatar.com\/avatar\/6b0eb9d22841282815e2cd856a0061c45e1761cd54b22e952d98c4746939aa85?s=96&r=g","url":"https:\/\/secure.gravatar.com\/avatar\/6b0eb9d22841282815e2cd856a0061c45e1761cd54b22e952d98c4746939aa85?s=96&r=g","contentUrl":"https:\/\/secure.gravatar.com\/avatar\/6b0eb9d22841282815e2cd856a0061c45e1761cd54b22e952d98c4746939aa85?s=96&r=g","caption":"Michele"},"description":"Graduada en Lenguas - Portugu\u00e9s\/Ingl\u00e9s, y creadora del sitio Escritora de Sucesso, busca ampliar el conocimiento de todos con informaciones relevantes sobre diversos temas, como escritora. En Vaga de Emprego SP, ofrece oportunidades y consejos sobre el mercado laboral.","url":"https:\/\/www.vagadeempregosp.com.br\/es\/author\/michele\/"}]}},"_links":{"self":[{"href":"https:\/\/www.vagadeempregosp.com.br\/es\/wp-json\/wp\/v2\/posts\/19510","targetHints":{"allow":["GET"]}}],"collection":[{"href":"https:\/\/www.vagadeempregosp.com.br\/es\/wp-json\/wp\/v2\/posts"}],"about":[{"href":"https:\/\/www.vagadeempregosp.com.br\/es\/wp-json\/wp\/v2\/types\/post"}],"author":[{"embeddable":true,"href":"https:\/\/www.vagadeempregosp.com.br\/es\/wp-json\/wp\/v2\/users\/11"}],"replies":[{"embeddable":true,"href":"https:\/\/www.vagadeempregosp.com.br\/es\/wp-json\/wp\/v2\/comments?post=19510"}],"version-history":[{"count":7,"href":"https:\/\/www.vagadeempregosp.com.br\/es\/wp-json\/wp\/v2\/posts\/19510\/revisions"}],"predecessor-version":[{"id":22982,"href":"https:\/\/www.vagadeempregosp.com.br\/es\/wp-json\/wp\/v2\/posts\/19510\/revisions\/22982"}],"wp:featuredmedia":[{"embeddable":true,"href":"https:\/\/www.vagadeempregosp.com.br\/es\/wp-json\/wp\/v2\/media\/19515"}],"wp:attachment":[{"href":"https:\/\/www.vagadeempregosp.com.br\/es\/wp-json\/wp\/v2\/media?parent=19510"}],"wp:term":[{"taxonomy":"category","embeddable":true,"href":"https:\/\/www.vagadeempregosp.com.br\/es\/wp-json\/wp\/v2\/categories?post=19510"},{"taxonomy":"post_tag","embeddable":true,"href":"https:\/\/www.vagadeempregosp.com.br\/es\/wp-json\/wp\/v2\/tags?post=19510"}],"curies":[{"name":"wp","href":"https:\/\/api.w.org\/{rel}","templated":true}]}}