{"id":19496,"date":"2023-07-26T00:42:00","date_gmt":"2023-07-26T03:42:00","guid":{"rendered":"https:\/\/www.vagadeempregosp.com.br\/?p=19496"},"modified":"2025-05-13T20:31:54","modified_gmt":"2025-05-13T23:31:54","slug":"empleos-en-brasif","status":"publish","type":"post","link":"https:\/\/www.vagadeempregosp.com.br\/es\/empregos-brasif\/","title":{"rendered":"Auxiliar de Servicios Generales, Auxiliar de Almac\u00e9n, Ayudante de Mec\u00e1nico, Mec\u00e1nico Electricista, Joven Aprendiz, Pr\u00e1cticas y mucho m\u00e1s en Brasif."},"content":{"rendered":"<p>Actualizado<\/p>\n\n\n<div class=\"wp-block-post-date\"><time datetime=\"2023-07-26T00:42:00-03:00\">26\/07\/2023<\/time><\/div>\n\n\n<p>En<strong> Empleo en Brasif<\/strong> tiene muchas ventajas. La empresa se fund\u00f3 en 1965, inicialmente en el campo de los productos sider\u00fargicos. En la actualidad, sus negocios se han expandido a una amplia gama de \u00e1reas, que incluyen art\u00edculos para el hogar, agroindustria, tiendas de ropa interior, alquiler y distribuci\u00f3n de maquinaria pesada, desarrollo financiero e inmobiliario, entre otras actividades. Adem\u00e1s de su enfoque empresarial, la empresa tambi\u00e9n lleva a cabo actividades culturales y sociales. De esta forma, la distribuidora seguir\u00e1 contribuyendo al desarrollo de Brasil a partir de su esp\u00edritu pionero y su historia de \u00e9xito empresarial.<\/p>\n\n\n\n<figure class=\"wp-block-image size-full\"><img loading=\"lazy\" decoding=\"async\" width=\"371\" height=\"243\" src=\"https:\/\/www.vagadeempregosp.com.br\/wp-content\/uploads\/2022\/12\/empregos-brasif.png\" alt=\"empleos en brasif\" class=\"wp-image-19501\" srcset=\"https:\/\/www.vagadeempregosp.com.br\/wp-content\/uploads\/2022\/12\/empregos-brasif.png 371w, https:\/\/www.vagadeempregosp.com.br\/wp-content\/uploads\/2022\/12\/empregos-brasif-300x196.png 300w\" sizes=\"auto, (max-width: 371px) 100vw, 371px\" \/><figcaption class=\"wp-element-caption\">Imagen: Brasif - Reproducci\u00f3n<\/figcaption><\/figure>\n\n\n\n<h2 class=\"wp-block-heading\">Conozca la oferta de empleo de Brasif<\/h2>\n\n\n\n<p>Hay oportunidades para j\u00f3venes aprendices que ya hayan terminado el bachillerato o sigan estudiando y tengan conocimientos b\u00e1sicos del paquete Office. Tambi\u00e9n hay vacantes para aprendices de Administraci\u00f3n, Ingenier\u00eda Mec\u00e1nica o \u00e1reas afines.<\/p>\n\n\n\n<p>Las vacantes est\u00e1n disponibles en varias regiones del pa\u00eds. Consulte a continuaci\u00f3n todos los puestos ofertados y descubra c\u00f3mo presentar su candidatura:<\/p>\n\n\n\n<ul class=\"wp-block-list\">\n<li>Coordinador de formaci\u00f3n t\u00e9cnica;<\/li>\n\n\n\n<li>Ayudante de mec\u00e1nico;<\/li>\n\n\n\n<li>Pr\u00e1cticas fiscales;<\/li>\n\n\n\n<li>Analista de sistemas Jr;<\/li>\n\n\n\n<li>Servicios de mantenimiento Superv;<\/li>\n\n\n\n<li>Analista inform\u00e1tico<\/li>\n\n\n\n<li>Pr\u00e1cticas de log\u00edstica;<\/li>\n\n\n\n<li>Asistente administrativo;<\/li>\n\n\n\n<li>Electricista mec\u00e1nico;<\/li>\n\n\n\n<li>Consultor externo postventa;<\/li>\n\n\n\n<li>Comercial Ass;<\/li>\n\n\n\n<li>Director Regional;<\/li>\n\n\n\n<li>Servicio Ass;<\/li>\n\n\n\n<li>Mec\u00e1nico de mantenimiento interno;<\/li>\n\n\n\n<li>Asistente financiero;<\/li>\n\n\n\n<li>Controlador de patio;<\/li>\n\n\n\n<li>Joven aprendiz;<\/li>\n\n\n\n<li>Ayudante de almac\u00e9n;<\/li>\n\n\n\n<li>Mec\u00e1nico de carretillas elevadoras;<\/li>\n\n\n\n<li>Asistente de Servicios Generales;<\/li>\n\n\n\n<li>Pr\u00e1cticas de Ingenier\u00eda Mec\u00e1nica;<\/li>\n\n\n\n<li>Comprador completo;<\/li>\n\n\n\n<li>Pr\u00e1cticas en la Administraci\u00f3n;<\/li>\n\n\n\n<li>CONSULTOR DE SERVICIOS COMERCIALES;<\/li>\n\n\n\n<li>Pr\u00e1cticas financieras;<\/li>\n\n\n\n<li>CONSULTOR ESPECIALIZADO EN NEUM\u00c1TICOS Y MOTORES.<\/li>\n<\/ul>\n\n\n\n<h3 class=\"wp-block-heading\">C\u00f3mo solicitarlo<\/h3>\n\n\n\n<p>Para formar parte de esta empresa, debe estar registrado en la base de datos a trav\u00e9s del siguiente enlace.<\/p>\n\n\n\n<ul class=\"wp-block-list\">\n<li>Vacantes en Brasif.<\/li>\n<\/ul>\n\n\n\n<p>Si es la primera vez que visitas la plataforma, tendr\u00e1s que registrarte en el sitio para poder aprovechar otras oportunidades y empresas que se pongan en contacto contigo a trav\u00e9s de ella.<\/p>\n\n\n\n<p>As\u00ed que rellene correctamente toda la informaci\u00f3n solicitada para evitar errores. Para tu comodidad, puedes acceder a esta p\u00e1gina utilizando tu cuenta de LinkedIn, el correo electr\u00f3nico de Google o incluso Facebook. Por \u00faltimo, espera a que la empresa se ponga en contacto contigo.<\/p>\n\n\n\n<p><strong>V\u00e9ase tambi\u00e9n: <a href=\"https:\/\/www.vagadeempregosp.com.br\/es\/empleos-getnet\/\">Marketing Manager, Product Manager, IT Specialists, Developers, Analysts y mucho m\u00e1s en Getnet Company<\/a><\/strong><\/p>\n\n\n\n<h2 class=\"wp-block-heading\">Acerca de Brasif<\/h2>\n\n\n\n<p>La empresa es distribuidora de las siguientes marcas: Case Construction, uno de los mayores fabricantes mundiales de equipos de construcci\u00f3n; Hyster-Yale, l\u00edder mundial en equipos de manipulaci\u00f3n de materiales; FPT Industrial, Brasif M\u00e1quinas, marca con presencia brasile\u00f1a en furgonetas, autobuses, camiones y primer distribuidor general de l\u00edneas de motores para el mercado de generaci\u00f3n de energ\u00eda.<\/p>\n\n\n\n<p>Adem\u00e1s, cuentan con un s\u00f3lido negocio de alquiler centrado en soluciones de manipulaci\u00f3n de materiales. Atienden a los mercados de manipulaci\u00f3n de materiales, construcci\u00f3n, gas, miner\u00eda, petr\u00f3leo, mecanizado, energ\u00eda y muchos m\u00e1s. Operan en los principales centros econ\u00f3micos de Brasil en Paran\u00e1, S\u00e3o Paulo, el Distrito Federal, Mato Grosso, Tocantins, Mato Grosso do Sul, Goi\u00e1s, Minas Gerais, Esp\u00edrito Santo y R\u00edo de Janeiro.<\/p>\n\n\n\n<p>Su misi\u00f3n es mantener la m\u00e1xima disponibilidad operativa y contribuir al progreso y la productividad sostenible de sus clientes. Por eso conf\u00edan en la calidad de sus t\u00e9cnicos y seleccionan cuidadosamente a sus socios y proveedores para ofrecer el mejor coste de propiedad de los productos que comercializan, proporcionando as\u00ed a sus clientes la m\u00e1xima eficiencia operativa.<\/p>","protected":false},"excerpt":{"rendered":"<p>Atualizado em Os empregos Brasif conta com muitos benef\u00edcios. A empresa nasceu em 1965, inicialmente no ramo de produtos sider\u00fargicos. Hoje em dia os seus neg\u00f3cios se expandem para as mais diversas \u00e1reas, que inclui homewear, agroneg\u00f3cio, lojas de roupas \u00edntimas, loca\u00e7\u00e3o e distribui\u00e7\u00e3o de m\u00e1quinas pesadas, empreendimentos financeiros e imobili\u00e1rios, entre outras atividades. Al\u00e9m&hellip;&nbsp;<\/p>","protected":false},"author":11,"featured_media":19501,"comment_status":"closed","ping_status":"closed","sticky":false,"template":"","format":"standard","meta":{"neve_meta_sidebar":"","neve_meta_container":"","neve_meta_enable_content_width":"","neve_meta_content_width":0,"neve_meta_title_alignment":"","neve_meta_author_avatar":"","neve_post_elements_order":"","neve_meta_disable_header":"","neve_meta_disable_footer":"","neve_meta_disable_title":"","footnotes":""},"categories":[43],"tags":[230,79,78],"class_list":["post-19496","post","type-post","status-publish","format-standard","has-post-thumbnail","hentry","category-vagas-nacionais","tag-brasif","tag-oportunidades","tag-vagas-de-emprego"],"yoast_head":"<!-- This site is optimized with the Yoast SEO plugin v27.5 - https:\/\/yoast.com\/product\/yoast-seo-wordpress\/ -->\n<title>Auxiliar de Servi\u00e7os Gerais, Auxiliar de Almoxarifado, Ajudante de Mec\u00e2nico, Mec\u00e2nico Eletricista, Jovem Aprendiz, Est\u00e1gios e muito mais na Empresa Brasif - Transformando Vidas com Tecnologia, Informa\u00e7\u00e3o e Oportunidades: Explore Nossa Jornada de Crescimento<\/title>\n<meta name=\"robots\" content=\"index, follow, max-snippet:-1, max-image-preview:large, max-video-preview:-1\" \/>\n<link rel=\"canonical\" href=\"https:\/\/www.vagadeempregosp.com.br\/es\/empleos-en-brasif\/\" \/>\n<meta property=\"og:locale\" content=\"es_ES\" \/>\n<meta property=\"og:type\" content=\"article\" \/>\n<meta property=\"og:title\" content=\"Auxiliar de Servi\u00e7os Gerais, Auxiliar de Almoxarifado, Ajudante de Mec\u00e2nico, Mec\u00e2nico Eletricista, Jovem Aprendiz, Est\u00e1gios e muito mais na Empresa Brasif - Transformando Vidas com Tecnologia, Informa\u00e7\u00e3o e Oportunidades: Explore Nossa Jornada de Crescimento\" \/>\n<meta property=\"og:description\" content=\"Atualizado em Os empregos Brasif conta com muitos benef\u00edcios. A empresa nasceu em 1965, inicialmente no ramo de produtos sider\u00fargicos. Hoje em dia os seus neg\u00f3cios se expandem para as mais diversas \u00e1reas, que inclui homewear, agroneg\u00f3cio, lojas de roupas \u00edntimas, loca\u00e7\u00e3o e distribui\u00e7\u00e3o de m\u00e1quinas pesadas, empreendimentos financeiros e imobili\u00e1rios, entre outras atividades. Al\u00e9m&hellip;&nbsp;\" \/>\n<meta property=\"og:url\" content=\"https:\/\/www.vagadeempregosp.com.br\/es\/empleos-en-brasif\/\" \/>\n<meta property=\"og:site_name\" content=\"Transformando Vidas com Tecnologia, Informa\u00e7\u00e3o e Oportunidades: Explore Nossa Jornada de Crescimento\" \/>\n<meta property=\"article:published_time\" content=\"2023-07-26T03:42:00+00:00\" \/>\n<meta property=\"article:modified_time\" content=\"2025-05-13T23:31:54+00:00\" \/>\n<meta property=\"og:image\" content=\"https:\/\/www.vagadeempregosp.com.br\/wp-content\/uploads\/2022\/12\/empregos-brasif.png\" \/>\n\t<meta property=\"og:image:width\" content=\"371\" \/>\n\t<meta property=\"og:image:height\" content=\"243\" \/>\n\t<meta property=\"og:image:type\" content=\"image\/png\" \/>\n<meta name=\"author\" content=\"Michele\" \/>\n<meta name=\"twitter:card\" content=\"summary_large_image\" \/>\n<meta name=\"twitter:label1\" content=\"Escrito por\" \/>\n\t<meta name=\"twitter:data1\" content=\"Michele\" \/>\n\t<meta name=\"twitter:label2\" content=\"Tiempo de lectura\" \/>\n\t<meta name=\"twitter:data2\" content=\"3 minutos\" \/>\n<script type=\"application\/ld+json\" class=\"yoast-schema-graph\">{\"@context\":\"https:\\\/\\\/schema.org\",\"@graph\":[{\"@type\":\"Article\",\"@id\":\"https:\\\/\\\/www.vagadeempregosp.com.br\\\/empregos-brasif\\\/#article\",\"isPartOf\":{\"@id\":\"https:\\\/\\\/www.vagadeempregosp.com.br\\\/empregos-brasif\\\/\"},\"author\":{\"name\":\"Michele\",\"@id\":\"https:\\\/\\\/www.vagadeempregosp.com.br\\\/#\\\/schema\\\/person\\\/15cdff8822aa2f27a8a65ee7bbfe7ce6\"},\"headline\":\"Auxiliar de Servi\u00e7os Gerais, Auxiliar de Almoxarifado, Ajudante de Mec\u00e2nico, Mec\u00e2nico Eletricista, Jovem Aprendiz, Est\u00e1gios e muito mais na Empresa Brasif\",\"datePublished\":\"2023-07-26T03:42:00+00:00\",\"dateModified\":\"2025-05-13T23:31:54+00:00\",\"mainEntityOfPage\":{\"@id\":\"https:\\\/\\\/www.vagadeempregosp.com.br\\\/empregos-brasif\\\/\"},\"wordCount\":625,\"image\":{\"@id\":\"https:\\\/\\\/www.vagadeempregosp.com.br\\\/empregos-brasif\\\/#primaryimage\"},\"thumbnailUrl\":\"https:\\\/\\\/www.vagadeempregosp.com.br\\\/wp-content\\\/uploads\\\/2022\\\/12\\\/empregos-brasif.png\",\"keywords\":[\"Brasif\",\"oportunidades\",\"vagas de emprego\"],\"articleSection\":[\"Vagas de Emprego Nacionais\"],\"inLanguage\":\"es\"},{\"@type\":\"WebPage\",\"@id\":\"https:\\\/\\\/www.vagadeempregosp.com.br\\\/empregos-brasif\\\/\",\"url\":\"https:\\\/\\\/www.vagadeempregosp.com.br\\\/empregos-brasif\\\/\",\"name\":\"Auxiliar de Servi\u00e7os Gerais, Auxiliar de Almoxarifado, Ajudante de Mec\u00e2nico, Mec\u00e2nico Eletricista, Jovem Aprendiz, Est\u00e1gios e muito mais na Empresa Brasif - Transformando Vidas com Tecnologia, Informa\u00e7\u00e3o e Oportunidades: Explore Nossa Jornada de Crescimento\",\"isPartOf\":{\"@id\":\"https:\\\/\\\/www.vagadeempregosp.com.br\\\/#website\"},\"primaryImageOfPage\":{\"@id\":\"https:\\\/\\\/www.vagadeempregosp.com.br\\\/empregos-brasif\\\/#primaryimage\"},\"image\":{\"@id\":\"https:\\\/\\\/www.vagadeempregosp.com.br\\\/empregos-brasif\\\/#primaryimage\"},\"thumbnailUrl\":\"https:\\\/\\\/www.vagadeempregosp.com.br\\\/wp-content\\\/uploads\\\/2022\\\/12\\\/empregos-brasif.png\",\"datePublished\":\"2023-07-26T03:42:00+00:00\",\"dateModified\":\"2025-05-13T23:31:54+00:00\",\"author\":{\"@id\":\"https:\\\/\\\/www.vagadeempregosp.com.br\\\/#\\\/schema\\\/person\\\/15cdff8822aa2f27a8a65ee7bbfe7ce6\"},\"breadcrumb\":{\"@id\":\"https:\\\/\\\/www.vagadeempregosp.com.br\\\/empregos-brasif\\\/#breadcrumb\"},\"inLanguage\":\"es\",\"potentialAction\":[{\"@type\":\"ReadAction\",\"target\":[\"https:\\\/\\\/www.vagadeempregosp.com.br\\\/empregos-brasif\\\/\"]}]},{\"@type\":\"ImageObject\",\"inLanguage\":\"es\",\"@id\":\"https:\\\/\\\/www.vagadeempregosp.com.br\\\/empregos-brasif\\\/#primaryimage\",\"url\":\"https:\\\/\\\/www.vagadeempregosp.com.br\\\/wp-content\\\/uploads\\\/2022\\\/12\\\/empregos-brasif.png\",\"contentUrl\":\"https:\\\/\\\/www.vagadeempregosp.com.br\\\/wp-content\\\/uploads\\\/2022\\\/12\\\/empregos-brasif.png\",\"width\":371,\"height\":243,\"caption\":\"Imagem: Brasif - Reprodu\u00e7\u00e3o\"},{\"@type\":\"BreadcrumbList\",\"@id\":\"https:\\\/\\\/www.vagadeempregosp.com.br\\\/empregos-brasif\\\/#breadcrumb\",\"itemListElement\":[{\"@type\":\"ListItem\",\"position\":1,\"name\":\"In\u00edcio\",\"item\":\"https:\\\/\\\/www.vagadeempregosp.com.br\\\/\"},{\"@type\":\"ListItem\",\"position\":2,\"name\":\"Vagas de Emprego Nacionais\",\"item\":\"https:\\\/\\\/www.vagadeempregosp.com.br\\\/category\\\/vagas-nacionais\\\/\"},{\"@type\":\"ListItem\",\"position\":3,\"name\":\"Auxiliar de Servi\u00e7os Gerais, Auxiliar de Almoxarifado, Ajudante de Mec\u00e2nico, Mec\u00e2nico Eletricista, Jovem Aprendiz, Est\u00e1gios e muito mais na Empresa Brasif\"}]},{\"@type\":\"WebSite\",\"@id\":\"https:\\\/\\\/www.vagadeempregosp.com.br\\\/#website\",\"url\":\"https:\\\/\\\/www.vagadeempregosp.com.br\\\/\",\"name\":\"Transformando Vidas com Tecnologia, Informa\u00e7\u00e3o e Oportunidades: Explore Nossa Jornada de Crescimento\",\"description\":\"Transformando Vidas com Tecnologia, Informa\u00e7\u00e3o e Oportunidades: Explore Nossa Jornada de Crescimento\",\"potentialAction\":[{\"@type\":\"SearchAction\",\"target\":{\"@type\":\"EntryPoint\",\"urlTemplate\":\"https:\\\/\\\/www.vagadeempregosp.com.br\\\/?s={search_term_string}\"},\"query-input\":{\"@type\":\"PropertyValueSpecification\",\"valueRequired\":true,\"valueName\":\"search_term_string\"}}],\"inLanguage\":\"es\"},{\"@type\":\"Person\",\"@id\":\"https:\\\/\\\/www.vagadeempregosp.com.br\\\/#\\\/schema\\\/person\\\/15cdff8822aa2f27a8a65ee7bbfe7ce6\",\"name\":\"Michele\",\"image\":{\"@type\":\"ImageObject\",\"inLanguage\":\"es\",\"@id\":\"https:\\\/\\\/secure.gravatar.com\\\/avatar\\\/6b0eb9d22841282815e2cd856a0061c45e1761cd54b22e952d98c4746939aa85?s=96&r=g\",\"url\":\"https:\\\/\\\/secure.gravatar.com\\\/avatar\\\/6b0eb9d22841282815e2cd856a0061c45e1761cd54b22e952d98c4746939aa85?s=96&r=g\",\"contentUrl\":\"https:\\\/\\\/secure.gravatar.com\\\/avatar\\\/6b0eb9d22841282815e2cd856a0061c45e1761cd54b22e952d98c4746939aa85?s=96&r=g\",\"caption\":\"Michele\"},\"description\":\"Formada em Letras - Portugu\u00eas\\\/ Ingl\u00eas, e idealizadora do site Escritora de Sucesso, busca expandir o conhecimento de todos com informa\u00e7\u00f5es relevantes sobre diversos assuntos, enquanto redatora. No Vaga de Emprego SP, traz oportunidades e dicas sobre o mercado de trabalho.\",\"url\":\"https:\\\/\\\/www.vagadeempregosp.com.br\\\/es\\\/author\\\/michele\\\/\"}]}<\/script>\n<!-- \/ Yoast SEO plugin. -->","yoast_head_json":{"title":"Auxiliar de Servicios Generales, Auxiliar de Almac\u00e9n, Ayudante Mec\u00e1nico, Mec\u00e1nico Electricista, Joven Aprendiz, Pr\u00e1cticas y mucho m\u00e1s en Brasif - Transformando vidas con tecnolog\u00eda, informaci\u00f3n y oportunidades: Explore Nuestro Viaje de Crecimiento","robots":{"index":"index","follow":"follow","max-snippet":"max-snippet:-1","max-image-preview":"max-image-preview:large","max-video-preview":"max-video-preview:-1"},"canonical":"https:\/\/www.vagadeempregosp.com.br\/es\/empleos-en-brasif\/","og_locale":"es_ES","og_type":"article","og_title":"Auxiliar de Servi\u00e7os Gerais, Auxiliar de Almoxarifado, Ajudante de Mec\u00e2nico, Mec\u00e2nico Eletricista, Jovem Aprendiz, Est\u00e1gios e muito mais na Empresa Brasif - Transformando Vidas com Tecnologia, Informa\u00e7\u00e3o e Oportunidades: Explore Nossa Jornada de Crescimento","og_description":"Atualizado em Os empregos Brasif conta com muitos benef\u00edcios. A empresa nasceu em 1965, inicialmente no ramo de produtos sider\u00fargicos. Hoje em dia os seus neg\u00f3cios se expandem para as mais diversas \u00e1reas, que inclui homewear, agroneg\u00f3cio, lojas de roupas \u00edntimas, loca\u00e7\u00e3o e distribui\u00e7\u00e3o de m\u00e1quinas pesadas, empreendimentos financeiros e imobili\u00e1rios, entre outras atividades. Al\u00e9m&hellip;&nbsp;","og_url":"https:\/\/www.vagadeempregosp.com.br\/es\/empleos-en-brasif\/","og_site_name":"Transformando Vidas com Tecnologia, Informa\u00e7\u00e3o e Oportunidades: Explore Nossa Jornada de Crescimento","article_published_time":"2023-07-26T03:42:00+00:00","article_modified_time":"2025-05-13T23:31:54+00:00","og_image":[{"width":371,"height":243,"url":"https:\/\/www.vagadeempregosp.com.br\/wp-content\/uploads\/2022\/12\/empregos-brasif.png","type":"image\/png"}],"author":"Michele","twitter_card":"summary_large_image","twitter_misc":{"Escrito por":"Michele","Tiempo de lectura":"3 minutos"},"schema":{"@context":"https:\/\/schema.org","@graph":[{"@type":"Article","@id":"https:\/\/www.vagadeempregosp.com.br\/empregos-brasif\/#article","isPartOf":{"@id":"https:\/\/www.vagadeempregosp.com.br\/empregos-brasif\/"},"author":{"name":"Michele","@id":"https:\/\/www.vagadeempregosp.com.br\/#\/schema\/person\/15cdff8822aa2f27a8a65ee7bbfe7ce6"},"headline":"Auxiliar de Servi\u00e7os Gerais, Auxiliar de Almoxarifado, Ajudante de Mec\u00e2nico, Mec\u00e2nico Eletricista, Jovem Aprendiz, Est\u00e1gios e muito mais na Empresa Brasif","datePublished":"2023-07-26T03:42:00+00:00","dateModified":"2025-05-13T23:31:54+00:00","mainEntityOfPage":{"@id":"https:\/\/www.vagadeempregosp.com.br\/empregos-brasif\/"},"wordCount":625,"image":{"@id":"https:\/\/www.vagadeempregosp.com.br\/empregos-brasif\/#primaryimage"},"thumbnailUrl":"https:\/\/www.vagadeempregosp.com.br\/wp-content\/uploads\/2022\/12\/empregos-brasif.png","keywords":["Brasif","oportunidades","vagas de emprego"],"articleSection":["Vagas de Emprego Nacionais"],"inLanguage":"es"},{"@type":"WebPage","@id":"https:\/\/www.vagadeempregosp.com.br\/empregos-brasif\/","url":"https:\/\/www.vagadeempregosp.com.br\/empregos-brasif\/","name":"Auxiliar de Servicios Generales, Auxiliar de Almac\u00e9n, Ayudante Mec\u00e1nico, Mec\u00e1nico Electricista, Joven Aprendiz, Pr\u00e1cticas y mucho m\u00e1s en Brasif - Transformando vidas con tecnolog\u00eda, informaci\u00f3n y oportunidades: Explore Nuestro Viaje de Crecimiento","isPartOf":{"@id":"https:\/\/www.vagadeempregosp.com.br\/#website"},"primaryImageOfPage":{"@id":"https:\/\/www.vagadeempregosp.com.br\/empregos-brasif\/#primaryimage"},"image":{"@id":"https:\/\/www.vagadeempregosp.com.br\/empregos-brasif\/#primaryimage"},"thumbnailUrl":"https:\/\/www.vagadeempregosp.com.br\/wp-content\/uploads\/2022\/12\/empregos-brasif.png","datePublished":"2023-07-26T03:42:00+00:00","dateModified":"2025-05-13T23:31:54+00:00","author":{"@id":"https:\/\/www.vagadeempregosp.com.br\/#\/schema\/person\/15cdff8822aa2f27a8a65ee7bbfe7ce6"},"breadcrumb":{"@id":"https:\/\/www.vagadeempregosp.com.br\/empregos-brasif\/#breadcrumb"},"inLanguage":"es","potentialAction":[{"@type":"ReadAction","target":["https:\/\/www.vagadeempregosp.com.br\/empregos-brasif\/"]}]},{"@type":"ImageObject","inLanguage":"es","@id":"https:\/\/www.vagadeempregosp.com.br\/empregos-brasif\/#primaryimage","url":"https:\/\/www.vagadeempregosp.com.br\/wp-content\/uploads\/2022\/12\/empregos-brasif.png","contentUrl":"https:\/\/www.vagadeempregosp.com.br\/wp-content\/uploads\/2022\/12\/empregos-brasif.png","width":371,"height":243,"caption":"Imagem: Brasif - Reprodu\u00e7\u00e3o"},{"@type":"BreadcrumbList","@id":"https:\/\/www.vagadeempregosp.com.br\/empregos-brasif\/#breadcrumb","itemListElement":[{"@type":"ListItem","position":1,"name":"In\u00edcio","item":"https:\/\/www.vagadeempregosp.com.br\/"},{"@type":"ListItem","position":2,"name":"Vagas de Emprego Nacionais","item":"https:\/\/www.vagadeempregosp.com.br\/category\/vagas-nacionais\/"},{"@type":"ListItem","position":3,"name":"Auxiliar de Servi\u00e7os Gerais, Auxiliar de Almoxarifado, Ajudante de Mec\u00e2nico, Mec\u00e2nico Eletricista, Jovem Aprendiz, Est\u00e1gios e muito mais na Empresa Brasif"}]},{"@type":"WebSite","@id":"https:\/\/www.vagadeempregosp.com.br\/#website","url":"https:\/\/www.vagadeempregosp.com.br\/","name":"Transformar vidas con tecnolog\u00eda, informaci\u00f3n y oportunidades: Explore nuestro viaje de crecimiento","description":"Transformar vidas con tecnolog\u00eda, informaci\u00f3n y oportunidades: Explore nuestro viaje de crecimiento","potentialAction":[{"@type":"SearchAction","target":{"@type":"EntryPoint","urlTemplate":"https:\/\/www.vagadeempregosp.com.br\/?s={search_term_string}"},"query-input":{"@type":"PropertyValueSpecification","valueRequired":true,"valueName":"search_term_string"}}],"inLanguage":"es"},{"@type":"Person","@id":"https:\/\/www.vagadeempregosp.com.br\/#\/schema\/person\/15cdff8822aa2f27a8a65ee7bbfe7ce6","name":"Michele","image":{"@type":"ImageObject","inLanguage":"es","@id":"https:\/\/secure.gravatar.com\/avatar\/6b0eb9d22841282815e2cd856a0061c45e1761cd54b22e952d98c4746939aa85?s=96&r=g","url":"https:\/\/secure.gravatar.com\/avatar\/6b0eb9d22841282815e2cd856a0061c45e1761cd54b22e952d98c4746939aa85?s=96&r=g","contentUrl":"https:\/\/secure.gravatar.com\/avatar\/6b0eb9d22841282815e2cd856a0061c45e1761cd54b22e952d98c4746939aa85?s=96&r=g","caption":"Michele"},"description":"Graduada en Lenguas - Portugu\u00e9s\/Ingl\u00e9s, y creadora del sitio Escritora de Sucesso, busca ampliar el conocimiento de todos con informaciones relevantes sobre diversos temas, como escritora. En Vaga de Emprego SP, ofrece oportunidades y consejos sobre el mercado laboral.","url":"https:\/\/www.vagadeempregosp.com.br\/es\/author\/michele\/"}]}},"_links":{"self":[{"href":"https:\/\/www.vagadeempregosp.com.br\/es\/wp-json\/wp\/v2\/posts\/19496","targetHints":{"allow":["GET"]}}],"collection":[{"href":"https:\/\/www.vagadeempregosp.com.br\/es\/wp-json\/wp\/v2\/posts"}],"about":[{"href":"https:\/\/www.vagadeempregosp.com.br\/es\/wp-json\/wp\/v2\/types\/post"}],"author":[{"embeddable":true,"href":"https:\/\/www.vagadeempregosp.com.br\/es\/wp-json\/wp\/v2\/users\/11"}],"replies":[{"embeddable":true,"href":"https:\/\/www.vagadeempregosp.com.br\/es\/wp-json\/wp\/v2\/comments?post=19496"}],"version-history":[{"count":6,"href":"https:\/\/www.vagadeempregosp.com.br\/es\/wp-json\/wp\/v2\/posts\/19496\/revisions"}],"predecessor-version":[{"id":22715,"href":"https:\/\/www.vagadeempregosp.com.br\/es\/wp-json\/wp\/v2\/posts\/19496\/revisions\/22715"}],"wp:featuredmedia":[{"embeddable":true,"href":"https:\/\/www.vagadeempregosp.com.br\/es\/wp-json\/wp\/v2\/media\/19501"}],"wp:attachment":[{"href":"https:\/\/www.vagadeempregosp.com.br\/es\/wp-json\/wp\/v2\/media?parent=19496"}],"wp:term":[{"taxonomy":"category","embeddable":true,"href":"https:\/\/www.vagadeempregosp.com.br\/es\/wp-json\/wp\/v2\/categories?post=19496"},{"taxonomy":"post_tag","embeddable":true,"href":"https:\/\/www.vagadeempregosp.com.br\/es\/wp-json\/wp\/v2\/tags?post=19496"}],"curies":[{"name":"wp","href":"https:\/\/api.w.org\/{rel}","templated":true}]}}