{"id":19418,"date":"2023-07-24T00:03:00","date_gmt":"2023-07-24T03:03:00","guid":{"rendered":"https:\/\/www.vagadeempregosp.com.br\/?p=19418"},"modified":"2023-07-22T14:56:24","modified_gmt":"2023-07-22T17:56:24","slug":"melitta-jobs","status":"publish","type":"post","link":"https:\/\/www.vagadeempregosp.com.br\/es\/empregos-melitta\/","title":{"rendered":"Promotores motorizados, carretilleros, clasificadores, analistas y mucho m\u00e1s en Melitta"},"content":{"rendered":"<p>Actualizado<\/p>\n\n\n<div class=\"wp-block-post-date\"><time datetime=\"2023-07-24T00:03:00-03:00\">24\/07\/2023<\/time><\/div>\n\n\n<p>En <strong>Empleo en Melitta<\/strong> son puestos disponibles en una de las mayores referencias del sector alimentario brasile\u00f1o. La empresa ofrece a sus empleados un entorno de trabajo colaborativo e inclusivo, as\u00ed como diversos sectores en los que los candidatos pueden elegir la ubicaci\u00f3n que mejor se adapte a sus aptitudes profesionales. Siga leyendo y sepa m\u00e1s.&nbsp;<\/p>\n\n\n\n<figure class=\"wp-block-image size-large\"><img loading=\"lazy\" decoding=\"async\" width=\"1024\" height=\"563\" src=\"https:\/\/www.vagadeempregosp.com.br\/wp-content\/uploads\/2022\/11\/Empregos-Melitta-1024x563.png\" alt=\"Empleo en Melitta\" class=\"wp-image-19426\" srcset=\"https:\/\/www.vagadeempregosp.com.br\/wp-content\/uploads\/2022\/11\/Empregos-Melitta-1024x563.png 1024w, https:\/\/www.vagadeempregosp.com.br\/wp-content\/uploads\/2022\/11\/Empregos-Melitta-300x165.png 300w, https:\/\/www.vagadeempregosp.com.br\/wp-content\/uploads\/2022\/11\/Empregos-Melitta-768x422.png 768w, https:\/\/www.vagadeempregosp.com.br\/wp-content\/uploads\/2022\/11\/Empregos-Melitta.png 1200w\" sizes=\"auto, (max-width: 1024px) 100vw, 1024px\" \/><figcaption class=\"wp-element-caption\">Imagen: Melitta - Reproducci\u00f3n<\/figcaption><\/figure>\n\n\n\n<h2 class=\"wp-block-heading\">Ver oportunidades de empleo en Melitta&nbsp;<\/h2>\n\n\n\n<p>Las oportunidades de empleo de Melitta abarcan distintas \u00e1reas de la empresa. Para ser uno de los nuevos miembros, hay que cumplir ciertos requisitos. Echa un vistazo a algunas de las oportunidades disponibles a continuaci\u00f3n.&nbsp;<\/p>\n\n\n\n<ul class=\"wp-block-list\">\n<li>Coordinadores de TI - Infraestructura;<\/li>\n\n\n\n<li>Base de datos CV - Sector promotor motorizado;<\/li>\n\n\n\n<li>Separadores;<\/li>\n\n\n\n<li>Analistas superiores de seguridad de la informaci\u00f3n;<\/li>\n\n\n\n<li>Analistas fiscales.&nbsp;<\/li>\n<\/ul>\n\n\n\n<p>Si no encuentra un puesto que se ajuste a sus competencias profesionales, puede registrar su CV en el Banco de Talentos de la empresa, de modo que cuando surjan nuevas oportunidades, la empresa se pondr\u00e1 en contacto con usted para informarle de los siguientes pasos del proceso de selecci\u00f3n.&nbsp;<\/p>\n\n\n\n<h3 class=\"wp-block-heading\">C\u00f3mo solicitarlo&nbsp;<\/h3>\n\n\n\n<p>Se especifican determinados criterios para cada vacante, por lo que, para aumentar sus posibilidades de ser contratado, debe cumplir los requisitos m\u00ednimos y vivir en zonas cercanas a las unidades con vacantes. Para consultar las vacantes y otra informaci\u00f3n sobre c\u00f3mo solicitarlas, solo tiene que visitar el siguiente enlace:<\/p>\n\n\n\n<ul class=\"wp-block-list\">\n<li><a href=\"https:\/\/www.vagas.com.br\/empregos\/melitta\">Oportunidades Melitta<\/a>.&nbsp;<\/li>\n<\/ul>\n\n\n\n<p>Es importante que los candidatos se aseguren de rellenar correctamente todos los campos del formulario de solicitud, especialmente los de contacto personal, ya que as\u00ed es como la empresa se pondr\u00e1 en contacto con ellos para informarles de las siguientes fases del proceso de selecci\u00f3n.<\/p>\n\n\n\n<p><strong>V\u00e9ase tambi\u00e9n: <a href=\"https:\/\/www.vagadeempregosp.com.br\/es\/empleo-en-bayer\/\">J\u00f3venes aprendices, becarios, analistas, investigadores y mucho m\u00e1s en la empresa Bayer<\/a><\/strong><\/p>\n\n\n\n<h2 class=\"wp-block-heading\">Acerca de Melitta<\/h2>\n\n\n\n<p>Melitta, empresa multinacional alemana que opera en m\u00e1s de 100 pa\u00edses, ofrece a los consumidores productos de alta calidad para la preparaci\u00f3n y el consumo de caf\u00e9.&nbsp;<\/p>\n\n\n\n<p>Para quienes disfrutan del mejor caf\u00e9 de Brasil, la marca Melitta ofrece una gama completa de productos, que incluye filtros de papel, caf\u00e9 helado y caliente, bebidas instant\u00e1neas, caf\u00e9 espresso en c\u00e1psulas y accesorios para preparar caf\u00e9 helado y caliente. Adem\u00e1s, recuerde las marcas Caf\u00e9 Bar\u00e3o y Caf\u00e9 Bom Jesus, que tambi\u00e9n forman parte de su cartera.&nbsp;<\/p>\n\n\n\n<p>Fundada en Dresde en 1908 por Melitta Bentz, que invent\u00f3 el primer filtro de caf\u00e9 de papel, Melitta tiene hoy la segunda mayor cuota de mercado en Brasil. El sistema de preparaci\u00f3n del caf\u00e9 ya era un \u00e9xito. En aquella \u00e9poca, la Sra. Melitta registr\u00f3 la marca y lanz\u00f3 el embalaje verde y rojo para los filtros de papel, que se sigue utilizando hoy en d\u00eda.<\/p>\n\n\n\n<p>Pensando en el mercado internacional, Melitta abri\u00f3 una sucursal en S\u00e3o Paulo en 1968, que se convirti\u00f3 en el centro de operaciones de la empresa en Brasil. La idea era mejorar la forma en que los brasile\u00f1os preparaban el caf\u00e9 utilizando un soporte y un filtro de papel.<\/p>\n\n\n\n<p>Como empresa familiar, la corporaci\u00f3n es uno de los principales recursos en sostenibilidad y siempre se centra en desarrollar su negocio con una perspectiva a largo plazo. Con esto en mente, la empresa es consciente de su obligaci\u00f3n de proteger a las personas y el medio ambiente, y trabaja cada d\u00eda para equilibrar de la mejor manera posible los intereses ecol\u00f3gicos, econ\u00f3micos y sociales.<\/p>","protected":false},"excerpt":{"rendered":"<p>Atualizado em Os Empregos Melitta s\u00e3o cargos dispon\u00edveis em uma das maiores refer\u00eancias no setor aliment\u00edcio brasileiro. A empresa oferece aos seus colaboradores um ambiente de trabalho colaborativo e inclusivo, al\u00e9m de v\u00e1rios setores onde os candidatos podem escolher o local que melhor se adapte \u00e0s suas habilidades profissionais. Continue lendo e tenha acesso a&hellip;&nbsp;<\/p>","protected":false},"author":11,"featured_media":19426,"comment_status":"closed","ping_status":"closed","sticky":false,"template":"","format":"standard","meta":{"neve_meta_sidebar":"","neve_meta_container":"","neve_meta_enable_content_width":"","neve_meta_content_width":0,"neve_meta_title_alignment":"","neve_meta_author_avatar":"","neve_post_elements_order":"","neve_meta_disable_header":"","neve_meta_disable_footer":"","neve_meta_disable_title":"","footnotes":""},"categories":[43],"tags":[222,79,78],"class_list":["post-19418","post","type-post","status-publish","format-standard","has-post-thumbnail","hentry","category-vagas-nacionais","tag-melitta","tag-oportunidades","tag-vagas-de-emprego"],"yoast_head":"<!-- This site is optimized with the Yoast SEO plugin v27.5 - https:\/\/yoast.com\/product\/yoast-seo-wordpress\/ -->\n<title>Promotor Motorizado, Operador de Empilhadeira, Separadores, Analistas e muito mais na Empresa Melitta - Transformando Vidas com Tecnologia, Informa\u00e7\u00e3o e Oportunidades: Explore Nossa Jornada de Crescimento<\/title>\n<meta name=\"robots\" content=\"index, follow, max-snippet:-1, max-image-preview:large, max-video-preview:-1\" \/>\n<link rel=\"canonical\" href=\"https:\/\/www.vagadeempregosp.com.br\/es\/melitta-jobs\/\" \/>\n<meta property=\"og:locale\" content=\"es_ES\" \/>\n<meta property=\"og:type\" content=\"article\" \/>\n<meta property=\"og:title\" content=\"Promotor Motorizado, Operador de Empilhadeira, Separadores, Analistas e muito mais na Empresa Melitta - Transformando Vidas com Tecnologia, Informa\u00e7\u00e3o e Oportunidades: Explore Nossa Jornada de Crescimento\" \/>\n<meta property=\"og:description\" content=\"Atualizado em Os Empregos Melitta s\u00e3o cargos dispon\u00edveis em uma das maiores refer\u00eancias no setor aliment\u00edcio brasileiro. A empresa oferece aos seus colaboradores um ambiente de trabalho colaborativo e inclusivo, al\u00e9m de v\u00e1rios setores onde os candidatos podem escolher o local que melhor se adapte \u00e0s suas habilidades profissionais. Continue lendo e tenha acesso a&hellip;&nbsp;\" \/>\n<meta property=\"og:url\" content=\"https:\/\/www.vagadeempregosp.com.br\/es\/melitta-jobs\/\" \/>\n<meta property=\"og:site_name\" content=\"Transformando Vidas com Tecnologia, Informa\u00e7\u00e3o e Oportunidades: Explore Nossa Jornada de Crescimento\" \/>\n<meta property=\"article:published_time\" content=\"2023-07-24T03:03:00+00:00\" \/>\n<meta property=\"og:image\" content=\"https:\/\/www.vagadeempregosp.com.br\/wp-content\/uploads\/2022\/11\/Empregos-Melitta.png\" \/>\n\t<meta property=\"og:image:width\" content=\"1200\" \/>\n\t<meta property=\"og:image:height\" content=\"660\" \/>\n\t<meta property=\"og:image:type\" content=\"image\/png\" \/>\n<meta name=\"author\" content=\"Michele\" \/>\n<meta name=\"twitter:card\" content=\"summary_large_image\" \/>\n<meta name=\"twitter:label1\" content=\"Escrito por\" \/>\n\t<meta name=\"twitter:data1\" content=\"Michele\" \/>\n\t<meta name=\"twitter:label2\" content=\"Tiempo de lectura\" \/>\n\t<meta name=\"twitter:data2\" content=\"3 minutos\" \/>\n<script type=\"application\/ld+json\" class=\"yoast-schema-graph\">{\"@context\":\"https:\\\/\\\/schema.org\",\"@graph\":[{\"@type\":\"Article\",\"@id\":\"https:\\\/\\\/www.vagadeempregosp.com.br\\\/empregos-melitta\\\/#article\",\"isPartOf\":{\"@id\":\"https:\\\/\\\/www.vagadeempregosp.com.br\\\/empregos-melitta\\\/\"},\"author\":{\"name\":\"Michele\",\"@id\":\"https:\\\/\\\/www.vagadeempregosp.com.br\\\/#\\\/schema\\\/person\\\/15cdff8822aa2f27a8a65ee7bbfe7ce6\"},\"headline\":\"Promotor Motorizado, Operador de Empilhadeira, Separadores, Analistas e muito mais na Empresa Melitta\",\"datePublished\":\"2023-07-24T03:03:00+00:00\",\"mainEntityOfPage\":{\"@id\":\"https:\\\/\\\/www.vagadeempregosp.com.br\\\/empregos-melitta\\\/\"},\"wordCount\":595,\"image\":{\"@id\":\"https:\\\/\\\/www.vagadeempregosp.com.br\\\/empregos-melitta\\\/#primaryimage\"},\"thumbnailUrl\":\"https:\\\/\\\/www.vagadeempregosp.com.br\\\/wp-content\\\/uploads\\\/2022\\\/11\\\/Empregos-Melitta.png\",\"keywords\":[\"Melitta\",\"oportunidades\",\"vagas de emprego\"],\"articleSection\":[\"Vagas de Emprego Nacionais\"],\"inLanguage\":\"es\"},{\"@type\":\"WebPage\",\"@id\":\"https:\\\/\\\/www.vagadeempregosp.com.br\\\/empregos-melitta\\\/\",\"url\":\"https:\\\/\\\/www.vagadeempregosp.com.br\\\/empregos-melitta\\\/\",\"name\":\"Promotor Motorizado, Operador de Empilhadeira, Separadores, Analistas e muito mais na Empresa Melitta - Transformando Vidas com Tecnologia, Informa\u00e7\u00e3o e Oportunidades: Explore Nossa Jornada de Crescimento\",\"isPartOf\":{\"@id\":\"https:\\\/\\\/www.vagadeempregosp.com.br\\\/#website\"},\"primaryImageOfPage\":{\"@id\":\"https:\\\/\\\/www.vagadeempregosp.com.br\\\/empregos-melitta\\\/#primaryimage\"},\"image\":{\"@id\":\"https:\\\/\\\/www.vagadeempregosp.com.br\\\/empregos-melitta\\\/#primaryimage\"},\"thumbnailUrl\":\"https:\\\/\\\/www.vagadeempregosp.com.br\\\/wp-content\\\/uploads\\\/2022\\\/11\\\/Empregos-Melitta.png\",\"datePublished\":\"2023-07-24T03:03:00+00:00\",\"author\":{\"@id\":\"https:\\\/\\\/www.vagadeempregosp.com.br\\\/#\\\/schema\\\/person\\\/15cdff8822aa2f27a8a65ee7bbfe7ce6\"},\"breadcrumb\":{\"@id\":\"https:\\\/\\\/www.vagadeempregosp.com.br\\\/empregos-melitta\\\/#breadcrumb\"},\"inLanguage\":\"es\",\"potentialAction\":[{\"@type\":\"ReadAction\",\"target\":[\"https:\\\/\\\/www.vagadeempregosp.com.br\\\/empregos-melitta\\\/\"]}]},{\"@type\":\"ImageObject\",\"inLanguage\":\"es\",\"@id\":\"https:\\\/\\\/www.vagadeempregosp.com.br\\\/empregos-melitta\\\/#primaryimage\",\"url\":\"https:\\\/\\\/www.vagadeempregosp.com.br\\\/wp-content\\\/uploads\\\/2022\\\/11\\\/Empregos-Melitta.png\",\"contentUrl\":\"https:\\\/\\\/www.vagadeempregosp.com.br\\\/wp-content\\\/uploads\\\/2022\\\/11\\\/Empregos-Melitta.png\",\"width\":1200,\"height\":660,\"caption\":\"Imagem: Melitta - Reprodu\u00e7\u00e3o\"},{\"@type\":\"BreadcrumbList\",\"@id\":\"https:\\\/\\\/www.vagadeempregosp.com.br\\\/empregos-melitta\\\/#breadcrumb\",\"itemListElement\":[{\"@type\":\"ListItem\",\"position\":1,\"name\":\"In\u00edcio\",\"item\":\"https:\\\/\\\/www.vagadeempregosp.com.br\\\/\"},{\"@type\":\"ListItem\",\"position\":2,\"name\":\"Vagas de Emprego Nacionais\",\"item\":\"https:\\\/\\\/www.vagadeempregosp.com.br\\\/category\\\/vagas-nacionais\\\/\"},{\"@type\":\"ListItem\",\"position\":3,\"name\":\"Promotor Motorizado, Operador de Empilhadeira, Separadores, Analistas e muito mais na Empresa Melitta\"}]},{\"@type\":\"WebSite\",\"@id\":\"https:\\\/\\\/www.vagadeempregosp.com.br\\\/#website\",\"url\":\"https:\\\/\\\/www.vagadeempregosp.com.br\\\/\",\"name\":\"Transformando Vidas com Tecnologia, Informa\u00e7\u00e3o e Oportunidades: Explore Nossa Jornada de Crescimento\",\"description\":\"Transformando Vidas com Tecnologia, Informa\u00e7\u00e3o e Oportunidades: Explore Nossa Jornada de Crescimento\",\"potentialAction\":[{\"@type\":\"SearchAction\",\"target\":{\"@type\":\"EntryPoint\",\"urlTemplate\":\"https:\\\/\\\/www.vagadeempregosp.com.br\\\/?s={search_term_string}\"},\"query-input\":{\"@type\":\"PropertyValueSpecification\",\"valueRequired\":true,\"valueName\":\"search_term_string\"}}],\"inLanguage\":\"es\"},{\"@type\":\"Person\",\"@id\":\"https:\\\/\\\/www.vagadeempregosp.com.br\\\/#\\\/schema\\\/person\\\/15cdff8822aa2f27a8a65ee7bbfe7ce6\",\"name\":\"Michele\",\"image\":{\"@type\":\"ImageObject\",\"inLanguage\":\"es\",\"@id\":\"https:\\\/\\\/secure.gravatar.com\\\/avatar\\\/6b0eb9d22841282815e2cd856a0061c45e1761cd54b22e952d98c4746939aa85?s=96&r=g\",\"url\":\"https:\\\/\\\/secure.gravatar.com\\\/avatar\\\/6b0eb9d22841282815e2cd856a0061c45e1761cd54b22e952d98c4746939aa85?s=96&r=g\",\"contentUrl\":\"https:\\\/\\\/secure.gravatar.com\\\/avatar\\\/6b0eb9d22841282815e2cd856a0061c45e1761cd54b22e952d98c4746939aa85?s=96&r=g\",\"caption\":\"Michele\"},\"description\":\"Formada em Letras - Portugu\u00eas\\\/ Ingl\u00eas, e idealizadora do site Escritora de Sucesso, busca expandir o conhecimento de todos com informa\u00e7\u00f5es relevantes sobre diversos assuntos, enquanto redatora. No Vaga de Emprego SP, traz oportunidades e dicas sobre o mercado de trabalho.\",\"url\":\"https:\\\/\\\/www.vagadeempregosp.com.br\\\/es\\\/author\\\/michele\\\/\"}]}<\/script>\n<!-- \/ Yoast SEO plugin. -->","yoast_head_json":{"title":"Promotor motorizado, carretillero, clasificadores, analistas y m\u00e1s en Melitta - Transformando vidas con tecnolog\u00eda, informaci\u00f3n y oportunidades: Explore nuestro viaje de crecimiento","robots":{"index":"index","follow":"follow","max-snippet":"max-snippet:-1","max-image-preview":"max-image-preview:large","max-video-preview":"max-video-preview:-1"},"canonical":"https:\/\/www.vagadeempregosp.com.br\/es\/melitta-jobs\/","og_locale":"es_ES","og_type":"article","og_title":"Promotor Motorizado, Operador de Empilhadeira, Separadores, Analistas e muito mais na Empresa Melitta - Transformando Vidas com Tecnologia, Informa\u00e7\u00e3o e Oportunidades: Explore Nossa Jornada de Crescimento","og_description":"Atualizado em Os Empregos Melitta s\u00e3o cargos dispon\u00edveis em uma das maiores refer\u00eancias no setor aliment\u00edcio brasileiro. A empresa oferece aos seus colaboradores um ambiente de trabalho colaborativo e inclusivo, al\u00e9m de v\u00e1rios setores onde os candidatos podem escolher o local que melhor se adapte \u00e0s suas habilidades profissionais. Continue lendo e tenha acesso a&hellip;&nbsp;","og_url":"https:\/\/www.vagadeempregosp.com.br\/es\/melitta-jobs\/","og_site_name":"Transformando Vidas com Tecnologia, Informa\u00e7\u00e3o e Oportunidades: Explore Nossa Jornada de Crescimento","article_published_time":"2023-07-24T03:03:00+00:00","og_image":[{"width":1200,"height":660,"url":"https:\/\/www.vagadeempregosp.com.br\/wp-content\/uploads\/2022\/11\/Empregos-Melitta.png","type":"image\/png"}],"author":"Michele","twitter_card":"summary_large_image","twitter_misc":{"Escrito por":"Michele","Tiempo de lectura":"3 minutos"},"schema":{"@context":"https:\/\/schema.org","@graph":[{"@type":"Article","@id":"https:\/\/www.vagadeempregosp.com.br\/empregos-melitta\/#article","isPartOf":{"@id":"https:\/\/www.vagadeempregosp.com.br\/empregos-melitta\/"},"author":{"name":"Michele","@id":"https:\/\/www.vagadeempregosp.com.br\/#\/schema\/person\/15cdff8822aa2f27a8a65ee7bbfe7ce6"},"headline":"Promotor Motorizado, Operador de Empilhadeira, Separadores, Analistas e muito mais na Empresa Melitta","datePublished":"2023-07-24T03:03:00+00:00","mainEntityOfPage":{"@id":"https:\/\/www.vagadeempregosp.com.br\/empregos-melitta\/"},"wordCount":595,"image":{"@id":"https:\/\/www.vagadeempregosp.com.br\/empregos-melitta\/#primaryimage"},"thumbnailUrl":"https:\/\/www.vagadeempregosp.com.br\/wp-content\/uploads\/2022\/11\/Empregos-Melitta.png","keywords":["Melitta","oportunidades","vagas de emprego"],"articleSection":["Vagas de Emprego Nacionais"],"inLanguage":"es"},{"@type":"WebPage","@id":"https:\/\/www.vagadeempregosp.com.br\/empregos-melitta\/","url":"https:\/\/www.vagadeempregosp.com.br\/empregos-melitta\/","name":"Promotor motorizado, carretillero, clasificadores, analistas y m\u00e1s en Melitta - Transformando vidas con tecnolog\u00eda, informaci\u00f3n y oportunidades: Explore nuestro viaje de crecimiento","isPartOf":{"@id":"https:\/\/www.vagadeempregosp.com.br\/#website"},"primaryImageOfPage":{"@id":"https:\/\/www.vagadeempregosp.com.br\/empregos-melitta\/#primaryimage"},"image":{"@id":"https:\/\/www.vagadeempregosp.com.br\/empregos-melitta\/#primaryimage"},"thumbnailUrl":"https:\/\/www.vagadeempregosp.com.br\/wp-content\/uploads\/2022\/11\/Empregos-Melitta.png","datePublished":"2023-07-24T03:03:00+00:00","author":{"@id":"https:\/\/www.vagadeempregosp.com.br\/#\/schema\/person\/15cdff8822aa2f27a8a65ee7bbfe7ce6"},"breadcrumb":{"@id":"https:\/\/www.vagadeempregosp.com.br\/empregos-melitta\/#breadcrumb"},"inLanguage":"es","potentialAction":[{"@type":"ReadAction","target":["https:\/\/www.vagadeempregosp.com.br\/empregos-melitta\/"]}]},{"@type":"ImageObject","inLanguage":"es","@id":"https:\/\/www.vagadeempregosp.com.br\/empregos-melitta\/#primaryimage","url":"https:\/\/www.vagadeempregosp.com.br\/wp-content\/uploads\/2022\/11\/Empregos-Melitta.png","contentUrl":"https:\/\/www.vagadeempregosp.com.br\/wp-content\/uploads\/2022\/11\/Empregos-Melitta.png","width":1200,"height":660,"caption":"Imagem: Melitta - Reprodu\u00e7\u00e3o"},{"@type":"BreadcrumbList","@id":"https:\/\/www.vagadeempregosp.com.br\/empregos-melitta\/#breadcrumb","itemListElement":[{"@type":"ListItem","position":1,"name":"In\u00edcio","item":"https:\/\/www.vagadeempregosp.com.br\/"},{"@type":"ListItem","position":2,"name":"Vagas de Emprego Nacionais","item":"https:\/\/www.vagadeempregosp.com.br\/category\/vagas-nacionais\/"},{"@type":"ListItem","position":3,"name":"Promotor Motorizado, Operador de Empilhadeira, Separadores, Analistas e muito mais na Empresa Melitta"}]},{"@type":"WebSite","@id":"https:\/\/www.vagadeempregosp.com.br\/#website","url":"https:\/\/www.vagadeempregosp.com.br\/","name":"Transformar vidas con tecnolog\u00eda, informaci\u00f3n y oportunidades: Explore nuestro viaje de crecimiento","description":"Transformar vidas con tecnolog\u00eda, informaci\u00f3n y oportunidades: Explore nuestro viaje de crecimiento","potentialAction":[{"@type":"SearchAction","target":{"@type":"EntryPoint","urlTemplate":"https:\/\/www.vagadeempregosp.com.br\/?s={search_term_string}"},"query-input":{"@type":"PropertyValueSpecification","valueRequired":true,"valueName":"search_term_string"}}],"inLanguage":"es"},{"@type":"Person","@id":"https:\/\/www.vagadeempregosp.com.br\/#\/schema\/person\/15cdff8822aa2f27a8a65ee7bbfe7ce6","name":"Michele","image":{"@type":"ImageObject","inLanguage":"es","@id":"https:\/\/secure.gravatar.com\/avatar\/6b0eb9d22841282815e2cd856a0061c45e1761cd54b22e952d98c4746939aa85?s=96&r=g","url":"https:\/\/secure.gravatar.com\/avatar\/6b0eb9d22841282815e2cd856a0061c45e1761cd54b22e952d98c4746939aa85?s=96&r=g","contentUrl":"https:\/\/secure.gravatar.com\/avatar\/6b0eb9d22841282815e2cd856a0061c45e1761cd54b22e952d98c4746939aa85?s=96&r=g","caption":"Michele"},"description":"Graduada en Lenguas - Portugu\u00e9s\/Ingl\u00e9s, y creadora del sitio Escritora de Sucesso, busca ampliar el conocimiento de todos con informaciones relevantes sobre diversos temas, como escritora. En Vaga de Emprego SP, ofrece oportunidades y consejos sobre el mercado laboral.","url":"https:\/\/www.vagadeempregosp.com.br\/es\/author\/michele\/"}]}},"_links":{"self":[{"href":"https:\/\/www.vagadeempregosp.com.br\/es\/wp-json\/wp\/v2\/posts\/19418","targetHints":{"allow":["GET"]}}],"collection":[{"href":"https:\/\/www.vagadeempregosp.com.br\/es\/wp-json\/wp\/v2\/posts"}],"about":[{"href":"https:\/\/www.vagadeempregosp.com.br\/es\/wp-json\/wp\/v2\/types\/post"}],"author":[{"embeddable":true,"href":"https:\/\/www.vagadeempregosp.com.br\/es\/wp-json\/wp\/v2\/users\/11"}],"replies":[{"embeddable":true,"href":"https:\/\/www.vagadeempregosp.com.br\/es\/wp-json\/wp\/v2\/comments?post=19418"}],"version-history":[{"count":5,"href":"https:\/\/www.vagadeempregosp.com.br\/es\/wp-json\/wp\/v2\/posts\/19418\/revisions"}],"predecessor-version":[{"id":20983,"href":"https:\/\/www.vagadeempregosp.com.br\/es\/wp-json\/wp\/v2\/posts\/19418\/revisions\/20983"}],"wp:featuredmedia":[{"embeddable":true,"href":"https:\/\/www.vagadeempregosp.com.br\/es\/wp-json\/wp\/v2\/media\/19426"}],"wp:attachment":[{"href":"https:\/\/www.vagadeempregosp.com.br\/es\/wp-json\/wp\/v2\/media?parent=19418"}],"wp:term":[{"taxonomy":"category","embeddable":true,"href":"https:\/\/www.vagadeempregosp.com.br\/es\/wp-json\/wp\/v2\/categories?post=19418"},{"taxonomy":"post_tag","embeddable":true,"href":"https:\/\/www.vagadeempregosp.com.br\/es\/wp-json\/wp\/v2\/tags?post=19418"}],"curies":[{"name":"wp","href":"https:\/\/api.w.org\/{rel}","templated":true}]}}