{"id":19293,"date":"2023-07-18T02:51:00","date_gmt":"2023-07-18T05:51:00","guid":{"rendered":"https:\/\/www.vagadeempregosp.com.br\/?p=19293"},"modified":"2023-07-15T07:25:39","modified_gmt":"2023-07-15T10:25:39","slug":"empleos-wyden","status":"publish","type":"post","link":"https:\/\/www.vagadeempregosp.com.br\/es\/empregos-wyden\/","title":{"rendered":"Asistente Administrativo, Consultores de Ventas, Asistente Administrativo PCD y mucho m\u00e1s en Wyden Company"},"content":{"rendered":"<p>Actualizado<\/p>\n\n\n<div class=\"wp-block-post-date\"><time datetime=\"2023-07-18T02:51:00-03:00\">18\/07\/2023<\/time><\/div>\n\n\n<p>En<strong> Trabajos Wyden<\/strong> cuentan con profesionales que valoran la innovaci\u00f3n en un entorno \u00fanico, con sencillez y \u00e9tica. Siempre ponen al alumno en el centro de sus iniciativas porque consideran que su \u00e9xito es el \u00e9xito de la empresa. Con un gran conocimiento de la cultura digital, la empresa trabaja para crear metodolog\u00edas y contenidos que reflejen los retos y necesidades actuales.<\/p>\n\n\n\n<figure class=\"wp-block-image size-large\"><img loading=\"lazy\" decoding=\"async\" width=\"1024\" height=\"576\" src=\"https:\/\/www.vagadeempregosp.com.br\/wp-content\/uploads\/2022\/11\/empregos-wyden-1024x576.jpg\" alt=\"empleos wyden\" class=\"wp-image-19297\" srcset=\"https:\/\/www.vagadeempregosp.com.br\/wp-content\/uploads\/2022\/11\/empregos-wyden-1024x576.jpg 1024w, https:\/\/www.vagadeempregosp.com.br\/wp-content\/uploads\/2022\/11\/empregos-wyden-300x169.jpg 300w, https:\/\/www.vagadeempregosp.com.br\/wp-content\/uploads\/2022\/11\/empregos-wyden-768x432.jpg 768w, https:\/\/www.vagadeempregosp.com.br\/wp-content\/uploads\/2022\/11\/empregos-wyden-383x215.jpg 383w, https:\/\/www.vagadeempregosp.com.br\/wp-content\/uploads\/2022\/11\/empregos-wyden.jpg 1280w\" sizes=\"auto, (max-width: 1024px) 100vw, 1024px\" \/><figcaption class=\"wp-element-caption\">Imagen: Reproducci\u00f3n<\/figcaption><\/figure>\n\n\n\n<h2 class=\"wp-block-heading\">Siga las oportunidades de trabajo de Wyden&nbsp;<\/h2>\n\n\n\n<p>Los requisitos de formaci\u00f3n para trabajar en la empresa Wyden var\u00edan en funci\u00f3n del puesto y exigen desde estudios b\u00e1sicos hasta estudios superiores. Considere algunas de las vacantes para puestos que pueden cubrirse inmediatamente en la empresa:<\/p>\n\n\n\n<ul class=\"wp-block-list\">\n<li>T\u00e9cnico de soporte inform\u00e1tico;<\/li>\n\n\n\n<li>Profesor (Banco de Talentos) exclusivo para personas con discapacidad;<\/li>\n\n\n\n<li>Jefe de Unidad;<\/li>\n\n\n\n<li>Coordinadores del Centro EAD;<\/li>\n\n\n\n<li>Consultores comerciales;<\/li>\n\n\n\n<li>Auxiliar administrativo (s\u00f3lo para discapacitados);<\/li>\n\n\n\n<li>Asistente administrativo;<\/li>\n\n\n\n<li>Asistente administrativo (s\u00f3lo para discapacitados);<\/li>\n\n\n\n<li>Asistente administrativo para el sector financiero.&nbsp;<\/li>\n<\/ul>\n\n\n\n<p>Cualquier persona interesada en un puesto que no encuentre una vacante que se ajuste a su perfil profesional puede realizar nuevas b\u00fasquedas, ya que el sitio se actualiza con frecuencia y est\u00e1 disponible por tiempo indefinido, por lo que los puestos vacantes pueden cambiar a medida que se cubren.<\/p>\n\n\n\n<h3 class=\"wp-block-heading\">C\u00f3mo solicitarlo&nbsp;<\/h3>\n\n\n\n<p>Para formar parte del equipo de Wyden, debe cumplir ciertos requisitos, como: una formaci\u00f3n acad\u00e9mica adecuada al puesto elegido, conocimientos de la zona, capacidad para trabajar bien en equipo, puntualidad y asistencia. Tenga en cuenta que los criterios pueden cambiar en funci\u00f3n del puesto elegido.<\/p>\n\n\n\n<p>Consulte m\u00e1s informaci\u00f3n, requisitos y vacantes en el sitio web que figura a continuaci\u00f3n:<\/p>\n\n\n\n<ul class=\"wp-block-list\">\n<li><a href=\"https:\/\/wyden.gupy.io\">Wyden Empleo<\/a>.&nbsp;<\/li>\n<\/ul>\n\n\n\n<p>La empresa busca profesionales que se identifiquen con su cultura y su historia. Todas sus oportunidades est\u00e1n abiertas tambi\u00e9n a personas con discapacidad, siempre que cumplan los criterios exigidos para el puesto elegido.&nbsp;<\/p>\n\n\n\n<p><strong>V\u00e9ase tambi\u00e9n: <a href=\"https:\/\/www.vagadeempregosp.com.br\/es\/teknisa-empleo-2\/\">Asistente comercial, Asistente de prospecci\u00f3n de distribuidores, Analistas y m\u00e1s en Teknisa<\/a><\/strong><\/p>\n\n\n\n<h2 class=\"wp-block-heading\">Sobre Wyden&nbsp;<\/h2>\n\n\n\n<p>Wyden es miembro del grupo Yduqs y est\u00e1 formado por una red nacional de doce centros de ense\u00f1anza superior. La empresa tiene una fuerte presencia en las regiones Sudeste, Nordeste y Norte del pa\u00eds, atiende a m\u00e1s de 50.000 estudiantes y ofrece programas de posgrado y licenciatura en formato presencial y a distancia.&nbsp;<\/p>\n\n\n\n<p>Tanto el alto nivel educativo como la solidez de las infraestructuras son pilares cruciales para todas sus instituciones. La empresa, que sigue las mejores pr\u00e1cticas acad\u00e9micas y comerciales, es una referencia para la educaci\u00f3n brasile\u00f1a.&nbsp;<\/p>\n\n\n\n<p>La instituci\u00f3n ofrece la mejor formaci\u00f3n a distancia, totalmente interactiva y flexible, con un amplio apoyo acad\u00e9mico y profesional. Todo para dar a sus estudiantes la mayor libertad y la mejor experiencia posible de aprendizaje a distancia.&nbsp;<\/p>\n\n\n\n<p>Su principal objetivo es convertirse en el mayor grupo educativo de Brasil, ofreciendo a sus alumnos todo el apoyo y alta calidad en su ense\u00f1anza de grado y postgrado, siempre centrada en el futuro de sus estudiantes.&nbsp;<\/p>","protected":false},"excerpt":{"rendered":"<p>Atualizado em Os Empregos Wyden t\u00eam profissionais que valorizam a inova\u00e7\u00e3o em um ambiente \u00fanico com simplicidade e \u00e9tica. Eles sempre colocam o aluno no centro de suas iniciativas porque veem seu sucesso como o sucesso da empresa. Com uma forte compreens\u00e3o da cultura digital, a empresa trabalha criando metodologias e conte\u00fados que refletem os&hellip;&nbsp;<\/p>","protected":false},"author":11,"featured_media":19297,"comment_status":"open","ping_status":"closed","sticky":false,"template":"","format":"standard","meta":{"neve_meta_sidebar":"","neve_meta_container":"","neve_meta_enable_content_width":"","neve_meta_content_width":0,"neve_meta_title_alignment":"","neve_meta_author_avatar":"","neve_post_elements_order":"","neve_meta_disable_header":"","neve_meta_disable_footer":"","neve_meta_disable_title":"","footnotes":""},"categories":[43],"tags":[79,78,208],"class_list":["post-19293","post","type-post","status-publish","format-standard","has-post-thumbnail","hentry","category-vagas-nacionais","tag-oportunidades","tag-vagas-de-emprego","tag-wyden"],"yoast_head":"<!-- This site is optimized with the Yoast SEO plugin v27.5 - https:\/\/yoast.com\/product\/yoast-seo-wordpress\/ -->\n<title>Assistente Administrativo, Consultores Comerciais, Auxiliar Administrativo PCD e muito mais na Empresa Wyden - Transformando Vidas com Tecnologia, Informa\u00e7\u00e3o e Oportunidades: Explore Nossa Jornada de Crescimento<\/title>\n<meta name=\"robots\" content=\"index, follow, max-snippet:-1, max-image-preview:large, max-video-preview:-1\" \/>\n<link rel=\"canonical\" href=\"https:\/\/www.vagadeempregosp.com.br\/es\/empleos-wyden\/\" \/>\n<meta property=\"og:locale\" content=\"es_ES\" \/>\n<meta property=\"og:type\" content=\"article\" \/>\n<meta property=\"og:title\" content=\"Assistente Administrativo, Consultores Comerciais, Auxiliar Administrativo PCD e muito mais na Empresa Wyden - Transformando Vidas com Tecnologia, Informa\u00e7\u00e3o e Oportunidades: Explore Nossa Jornada de Crescimento\" \/>\n<meta property=\"og:description\" content=\"Atualizado em Os Empregos Wyden t\u00eam profissionais que valorizam a inova\u00e7\u00e3o em um ambiente \u00fanico com simplicidade e \u00e9tica. Eles sempre colocam o aluno no centro de suas iniciativas porque veem seu sucesso como o sucesso da empresa. Com uma forte compreens\u00e3o da cultura digital, a empresa trabalha criando metodologias e conte\u00fados que refletem os&hellip;&nbsp;\" \/>\n<meta property=\"og:url\" content=\"https:\/\/www.vagadeempregosp.com.br\/es\/empleos-wyden\/\" \/>\n<meta property=\"og:site_name\" content=\"Transformando Vidas com Tecnologia, Informa\u00e7\u00e3o e Oportunidades: Explore Nossa Jornada de Crescimento\" \/>\n<meta property=\"article:published_time\" content=\"2023-07-18T05:51:00+00:00\" \/>\n<meta property=\"og:image\" content=\"https:\/\/www.vagadeempregosp.com.br\/wp-content\/uploads\/2022\/11\/empregos-wyden.jpg\" \/>\n\t<meta property=\"og:image:width\" content=\"1280\" \/>\n\t<meta property=\"og:image:height\" content=\"720\" \/>\n\t<meta property=\"og:image:type\" content=\"image\/jpeg\" \/>\n<meta name=\"author\" content=\"Michele\" \/>\n<meta name=\"twitter:card\" content=\"summary_large_image\" \/>\n<meta name=\"twitter:label1\" content=\"Escrito por\" \/>\n\t<meta name=\"twitter:data1\" content=\"Michele\" \/>\n\t<meta name=\"twitter:label2\" content=\"Tiempo de lectura\" \/>\n\t<meta name=\"twitter:data2\" content=\"3 minutos\" \/>\n<script type=\"application\/ld+json\" class=\"yoast-schema-graph\">{\"@context\":\"https:\\\/\\\/schema.org\",\"@graph\":[{\"@type\":\"Article\",\"@id\":\"https:\\\/\\\/www.vagadeempregosp.com.br\\\/empregos-wyden\\\/#article\",\"isPartOf\":{\"@id\":\"https:\\\/\\\/www.vagadeempregosp.com.br\\\/empregos-wyden\\\/\"},\"author\":{\"name\":\"Michele\",\"@id\":\"https:\\\/\\\/www.vagadeempregosp.com.br\\\/#\\\/schema\\\/person\\\/15cdff8822aa2f27a8a65ee7bbfe7ce6\"},\"headline\":\"Assistente Administrativo, Consultores Comerciais, Auxiliar Administrativo PCD e muito mais na Empresa Wyden\",\"datePublished\":\"2023-07-18T05:51:00+00:00\",\"mainEntityOfPage\":{\"@id\":\"https:\\\/\\\/www.vagadeempregosp.com.br\\\/empregos-wyden\\\/\"},\"wordCount\":545,\"commentCount\":0,\"image\":{\"@id\":\"https:\\\/\\\/www.vagadeempregosp.com.br\\\/empregos-wyden\\\/#primaryimage\"},\"thumbnailUrl\":\"https:\\\/\\\/www.vagadeempregosp.com.br\\\/wp-content\\\/uploads\\\/2022\\\/11\\\/empregos-wyden.jpg\",\"keywords\":[\"oportunidades\",\"vagas de emprego\",\"Wyden\"],\"articleSection\":[\"Vagas de Emprego Nacionais\"],\"inLanguage\":\"es\",\"potentialAction\":[{\"@type\":\"CommentAction\",\"name\":\"Comment\",\"target\":[\"https:\\\/\\\/www.vagadeempregosp.com.br\\\/empregos-wyden\\\/#respond\"]}]},{\"@type\":\"WebPage\",\"@id\":\"https:\\\/\\\/www.vagadeempregosp.com.br\\\/empregos-wyden\\\/\",\"url\":\"https:\\\/\\\/www.vagadeempregosp.com.br\\\/empregos-wyden\\\/\",\"name\":\"Assistente Administrativo, Consultores Comerciais, Auxiliar Administrativo PCD e muito mais na Empresa Wyden - Transformando Vidas com Tecnologia, Informa\u00e7\u00e3o e Oportunidades: Explore Nossa Jornada de Crescimento\",\"isPartOf\":{\"@id\":\"https:\\\/\\\/www.vagadeempregosp.com.br\\\/#website\"},\"primaryImageOfPage\":{\"@id\":\"https:\\\/\\\/www.vagadeempregosp.com.br\\\/empregos-wyden\\\/#primaryimage\"},\"image\":{\"@id\":\"https:\\\/\\\/www.vagadeempregosp.com.br\\\/empregos-wyden\\\/#primaryimage\"},\"thumbnailUrl\":\"https:\\\/\\\/www.vagadeempregosp.com.br\\\/wp-content\\\/uploads\\\/2022\\\/11\\\/empregos-wyden.jpg\",\"datePublished\":\"2023-07-18T05:51:00+00:00\",\"author\":{\"@id\":\"https:\\\/\\\/www.vagadeempregosp.com.br\\\/#\\\/schema\\\/person\\\/15cdff8822aa2f27a8a65ee7bbfe7ce6\"},\"breadcrumb\":{\"@id\":\"https:\\\/\\\/www.vagadeempregosp.com.br\\\/empregos-wyden\\\/#breadcrumb\"},\"inLanguage\":\"es\",\"potentialAction\":[{\"@type\":\"ReadAction\",\"target\":[\"https:\\\/\\\/www.vagadeempregosp.com.br\\\/empregos-wyden\\\/\"]}]},{\"@type\":\"ImageObject\",\"inLanguage\":\"es\",\"@id\":\"https:\\\/\\\/www.vagadeempregosp.com.br\\\/empregos-wyden\\\/#primaryimage\",\"url\":\"https:\\\/\\\/www.vagadeempregosp.com.br\\\/wp-content\\\/uploads\\\/2022\\\/11\\\/empregos-wyden.jpg\",\"contentUrl\":\"https:\\\/\\\/www.vagadeempregosp.com.br\\\/wp-content\\\/uploads\\\/2022\\\/11\\\/empregos-wyden.jpg\",\"width\":1280,\"height\":720,\"caption\":\"Imagem: Reprodu\u00e7\u00e3o\"},{\"@type\":\"BreadcrumbList\",\"@id\":\"https:\\\/\\\/www.vagadeempregosp.com.br\\\/empregos-wyden\\\/#breadcrumb\",\"itemListElement\":[{\"@type\":\"ListItem\",\"position\":1,\"name\":\"In\u00edcio\",\"item\":\"https:\\\/\\\/www.vagadeempregosp.com.br\\\/\"},{\"@type\":\"ListItem\",\"position\":2,\"name\":\"Vagas de Emprego Nacionais\",\"item\":\"https:\\\/\\\/www.vagadeempregosp.com.br\\\/category\\\/vagas-nacionais\\\/\"},{\"@type\":\"ListItem\",\"position\":3,\"name\":\"Assistente Administrativo, Consultores Comerciais, Auxiliar Administrativo PCD e muito mais na Empresa Wyden\"}]},{\"@type\":\"WebSite\",\"@id\":\"https:\\\/\\\/www.vagadeempregosp.com.br\\\/#website\",\"url\":\"https:\\\/\\\/www.vagadeempregosp.com.br\\\/\",\"name\":\"Transformando Vidas com Tecnologia, Informa\u00e7\u00e3o e Oportunidades: Explore Nossa Jornada de Crescimento\",\"description\":\"Transformando Vidas com Tecnologia, Informa\u00e7\u00e3o e Oportunidades: Explore Nossa Jornada de Crescimento\",\"potentialAction\":[{\"@type\":\"SearchAction\",\"target\":{\"@type\":\"EntryPoint\",\"urlTemplate\":\"https:\\\/\\\/www.vagadeempregosp.com.br\\\/?s={search_term_string}\"},\"query-input\":{\"@type\":\"PropertyValueSpecification\",\"valueRequired\":true,\"valueName\":\"search_term_string\"}}],\"inLanguage\":\"es\"},{\"@type\":\"Person\",\"@id\":\"https:\\\/\\\/www.vagadeempregosp.com.br\\\/#\\\/schema\\\/person\\\/15cdff8822aa2f27a8a65ee7bbfe7ce6\",\"name\":\"Michele\",\"image\":{\"@type\":\"ImageObject\",\"inLanguage\":\"es\",\"@id\":\"https:\\\/\\\/secure.gravatar.com\\\/avatar\\\/6b0eb9d22841282815e2cd856a0061c45e1761cd54b22e952d98c4746939aa85?s=96&r=g\",\"url\":\"https:\\\/\\\/secure.gravatar.com\\\/avatar\\\/6b0eb9d22841282815e2cd856a0061c45e1761cd54b22e952d98c4746939aa85?s=96&r=g\",\"contentUrl\":\"https:\\\/\\\/secure.gravatar.com\\\/avatar\\\/6b0eb9d22841282815e2cd856a0061c45e1761cd54b22e952d98c4746939aa85?s=96&r=g\",\"caption\":\"Michele\"},\"description\":\"Formada em Letras - Portugu\u00eas\\\/ Ingl\u00eas, e idealizadora do site Escritora de Sucesso, busca expandir o conhecimento de todos com informa\u00e7\u00f5es relevantes sobre diversos assuntos, enquanto redatora. No Vaga de Emprego SP, traz oportunidades e dicas sobre o mercado de trabalho.\",\"url\":\"https:\\\/\\\/www.vagadeempregosp.com.br\\\/es\\\/author\\\/michele\\\/\"}]}<\/script>\n<!-- \/ Yoast SEO plugin. -->","yoast_head_json":{"title":"Asistente Administrativo, Consultores de Ventas, Asistente Administrativo PCD y mucho m\u00e1s en Wyden - Transformando vidas con tecnolog\u00eda, informaci\u00f3n y oportunidades: Explore Nuestro Viaje de Crecimiento","robots":{"index":"index","follow":"follow","max-snippet":"max-snippet:-1","max-image-preview":"max-image-preview:large","max-video-preview":"max-video-preview:-1"},"canonical":"https:\/\/www.vagadeempregosp.com.br\/es\/empleos-wyden\/","og_locale":"es_ES","og_type":"article","og_title":"Assistente Administrativo, Consultores Comerciais, Auxiliar Administrativo PCD e muito mais na Empresa Wyden - Transformando Vidas com Tecnologia, Informa\u00e7\u00e3o e Oportunidades: Explore Nossa Jornada de Crescimento","og_description":"Atualizado em Os Empregos Wyden t\u00eam profissionais que valorizam a inova\u00e7\u00e3o em um ambiente \u00fanico com simplicidade e \u00e9tica. Eles sempre colocam o aluno no centro de suas iniciativas porque veem seu sucesso como o sucesso da empresa. Com uma forte compreens\u00e3o da cultura digital, a empresa trabalha criando metodologias e conte\u00fados que refletem os&hellip;&nbsp;","og_url":"https:\/\/www.vagadeempregosp.com.br\/es\/empleos-wyden\/","og_site_name":"Transformando Vidas com Tecnologia, Informa\u00e7\u00e3o e Oportunidades: Explore Nossa Jornada de Crescimento","article_published_time":"2023-07-18T05:51:00+00:00","og_image":[{"width":1280,"height":720,"url":"https:\/\/www.vagadeempregosp.com.br\/wp-content\/uploads\/2022\/11\/empregos-wyden.jpg","type":"image\/jpeg"}],"author":"Michele","twitter_card":"summary_large_image","twitter_misc":{"Escrito por":"Michele","Tiempo de lectura":"3 minutos"},"schema":{"@context":"https:\/\/schema.org","@graph":[{"@type":"Article","@id":"https:\/\/www.vagadeempregosp.com.br\/empregos-wyden\/#article","isPartOf":{"@id":"https:\/\/www.vagadeempregosp.com.br\/empregos-wyden\/"},"author":{"name":"Michele","@id":"https:\/\/www.vagadeempregosp.com.br\/#\/schema\/person\/15cdff8822aa2f27a8a65ee7bbfe7ce6"},"headline":"Assistente Administrativo, Consultores Comerciais, Auxiliar Administrativo PCD e muito mais na Empresa Wyden","datePublished":"2023-07-18T05:51:00+00:00","mainEntityOfPage":{"@id":"https:\/\/www.vagadeempregosp.com.br\/empregos-wyden\/"},"wordCount":545,"commentCount":0,"image":{"@id":"https:\/\/www.vagadeempregosp.com.br\/empregos-wyden\/#primaryimage"},"thumbnailUrl":"https:\/\/www.vagadeempregosp.com.br\/wp-content\/uploads\/2022\/11\/empregos-wyden.jpg","keywords":["oportunidades","vagas de emprego","Wyden"],"articleSection":["Vagas de Emprego Nacionais"],"inLanguage":"es","potentialAction":[{"@type":"CommentAction","name":"Comment","target":["https:\/\/www.vagadeempregosp.com.br\/empregos-wyden\/#respond"]}]},{"@type":"WebPage","@id":"https:\/\/www.vagadeempregosp.com.br\/empregos-wyden\/","url":"https:\/\/www.vagadeempregosp.com.br\/empregos-wyden\/","name":"Asistente Administrativo, Consultores de Ventas, Asistente Administrativo PCD y mucho m\u00e1s en Wyden - Transformando vidas con tecnolog\u00eda, informaci\u00f3n y oportunidades: Explore Nuestro Viaje de Crecimiento","isPartOf":{"@id":"https:\/\/www.vagadeempregosp.com.br\/#website"},"primaryImageOfPage":{"@id":"https:\/\/www.vagadeempregosp.com.br\/empregos-wyden\/#primaryimage"},"image":{"@id":"https:\/\/www.vagadeempregosp.com.br\/empregos-wyden\/#primaryimage"},"thumbnailUrl":"https:\/\/www.vagadeempregosp.com.br\/wp-content\/uploads\/2022\/11\/empregos-wyden.jpg","datePublished":"2023-07-18T05:51:00+00:00","author":{"@id":"https:\/\/www.vagadeempregosp.com.br\/#\/schema\/person\/15cdff8822aa2f27a8a65ee7bbfe7ce6"},"breadcrumb":{"@id":"https:\/\/www.vagadeempregosp.com.br\/empregos-wyden\/#breadcrumb"},"inLanguage":"es","potentialAction":[{"@type":"ReadAction","target":["https:\/\/www.vagadeempregosp.com.br\/empregos-wyden\/"]}]},{"@type":"ImageObject","inLanguage":"es","@id":"https:\/\/www.vagadeempregosp.com.br\/empregos-wyden\/#primaryimage","url":"https:\/\/www.vagadeempregosp.com.br\/wp-content\/uploads\/2022\/11\/empregos-wyden.jpg","contentUrl":"https:\/\/www.vagadeempregosp.com.br\/wp-content\/uploads\/2022\/11\/empregos-wyden.jpg","width":1280,"height":720,"caption":"Imagem: Reprodu\u00e7\u00e3o"},{"@type":"BreadcrumbList","@id":"https:\/\/www.vagadeempregosp.com.br\/empregos-wyden\/#breadcrumb","itemListElement":[{"@type":"ListItem","position":1,"name":"In\u00edcio","item":"https:\/\/www.vagadeempregosp.com.br\/"},{"@type":"ListItem","position":2,"name":"Vagas de Emprego Nacionais","item":"https:\/\/www.vagadeempregosp.com.br\/category\/vagas-nacionais\/"},{"@type":"ListItem","position":3,"name":"Assistente Administrativo, Consultores Comerciais, Auxiliar Administrativo PCD e muito mais na Empresa Wyden"}]},{"@type":"WebSite","@id":"https:\/\/www.vagadeempregosp.com.br\/#website","url":"https:\/\/www.vagadeempregosp.com.br\/","name":"Transformar vidas con tecnolog\u00eda, informaci\u00f3n y oportunidades: Explore nuestro viaje de crecimiento","description":"Transformar vidas con tecnolog\u00eda, informaci\u00f3n y oportunidades: Explore nuestro viaje de crecimiento","potentialAction":[{"@type":"SearchAction","target":{"@type":"EntryPoint","urlTemplate":"https:\/\/www.vagadeempregosp.com.br\/?s={search_term_string}"},"query-input":{"@type":"PropertyValueSpecification","valueRequired":true,"valueName":"search_term_string"}}],"inLanguage":"es"},{"@type":"Person","@id":"https:\/\/www.vagadeempregosp.com.br\/#\/schema\/person\/15cdff8822aa2f27a8a65ee7bbfe7ce6","name":"Michele","image":{"@type":"ImageObject","inLanguage":"es","@id":"https:\/\/secure.gravatar.com\/avatar\/6b0eb9d22841282815e2cd856a0061c45e1761cd54b22e952d98c4746939aa85?s=96&r=g","url":"https:\/\/secure.gravatar.com\/avatar\/6b0eb9d22841282815e2cd856a0061c45e1761cd54b22e952d98c4746939aa85?s=96&r=g","contentUrl":"https:\/\/secure.gravatar.com\/avatar\/6b0eb9d22841282815e2cd856a0061c45e1761cd54b22e952d98c4746939aa85?s=96&r=g","caption":"Michele"},"description":"Graduada en Lenguas - Portugu\u00e9s\/Ingl\u00e9s, y creadora del sitio Escritora de Sucesso, busca ampliar el conocimiento de todos con informaciones relevantes sobre diversos temas, como escritora. En Vaga de Emprego SP, ofrece oportunidades y consejos sobre el mercado laboral.","url":"https:\/\/www.vagadeempregosp.com.br\/es\/author\/michele\/"}]}},"_links":{"self":[{"href":"https:\/\/www.vagadeempregosp.com.br\/es\/wp-json\/wp\/v2\/posts\/19293","targetHints":{"allow":["GET"]}}],"collection":[{"href":"https:\/\/www.vagadeempregosp.com.br\/es\/wp-json\/wp\/v2\/posts"}],"about":[{"href":"https:\/\/www.vagadeempregosp.com.br\/es\/wp-json\/wp\/v2\/types\/post"}],"author":[{"embeddable":true,"href":"https:\/\/www.vagadeempregosp.com.br\/es\/wp-json\/wp\/v2\/users\/11"}],"replies":[{"embeddable":true,"href":"https:\/\/www.vagadeempregosp.com.br\/es\/wp-json\/wp\/v2\/comments?post=19293"}],"version-history":[{"count":5,"href":"https:\/\/www.vagadeempregosp.com.br\/es\/wp-json\/wp\/v2\/posts\/19293\/revisions"}],"predecessor-version":[{"id":20962,"href":"https:\/\/www.vagadeempregosp.com.br\/es\/wp-json\/wp\/v2\/posts\/19293\/revisions\/20962"}],"wp:featuredmedia":[{"embeddable":true,"href":"https:\/\/www.vagadeempregosp.com.br\/es\/wp-json\/wp\/v2\/media\/19297"}],"wp:attachment":[{"href":"https:\/\/www.vagadeempregosp.com.br\/es\/wp-json\/wp\/v2\/media?parent=19293"}],"wp:term":[{"taxonomy":"category","embeddable":true,"href":"https:\/\/www.vagadeempregosp.com.br\/es\/wp-json\/wp\/v2\/categories?post=19293"},{"taxonomy":"post_tag","embeddable":true,"href":"https:\/\/www.vagadeempregosp.com.br\/es\/wp-json\/wp\/v2\/tags?post=19293"}],"curies":[{"name":"wp","href":"https:\/\/api.w.org\/{rel}","templated":true}]}}