{"id":19089,"date":"2023-07-13T01:01:00","date_gmt":"2023-07-13T04:01:00","guid":{"rendered":"https:\/\/www.vagadeempregosp.com.br\/?p=19089"},"modified":"2023-12-15T21:09:18","modified_gmt":"2023-12-16T00:09:18","slug":"empleos-en-danone","status":"publish","type":"post","link":"https:\/\/www.vagadeempregosp.com.br\/es\/empregos-danone\/","title":{"rendered":"Comprador, Gestor de Cuentas, Auxiliar Administrativo, T\u00e9cnico Electromec\u00e1nico, Analistas y m\u00e1s en Danone Company"},"content":{"rendered":"<p>Actualizado<\/p>\n\n\n<div class=\"wp-block-post-date\"><time datetime=\"2023-07-13T01:01:00-03:00\">13\/07\/2023<\/time><\/div>\n\n\n<p>En <strong>Empleo en Danone<\/strong> han destacado en el mercado laboral por las prestaciones que ofrece la empresa, que se ha comprometido a llevar la salud y la nutrici\u00f3n al mayor n\u00famero posible de personas. Y no solo eso; quieren que su misi\u00f3n beneficie a personas de todas las edades en todos los entornos culturales y sociales y en todo el mundo. <\/p>\n\n\n\n<p>La empresa opera actualmente en m\u00e1s de 100 pa\u00edses con un enfoque simplificado y \u00e1gil. Recientemente, en Brasil, integraron sus tres unidades de negocio para trabajar de forma sin\u00e9rgica, ofreciendo una cartera de productos para todas las etapas de la vida: l\u00e1cteos y verduras, agua y nutrici\u00f3n especializada. Si te identificas con una personalidad aut\u00e9ntica, activista, pionera y optimista, \u00fanete a ellos como parte de una empresa diversa y con prop\u00f3sito. La empresa promueve y valora la diversidad y tiene en cuenta a las personas con discapacidad en cada oportunidad.<\/p>\n\n\n\n<figure class=\"wp-block-image size-large\"><img loading=\"lazy\" decoding=\"async\" width=\"1024\" height=\"477\" src=\"https:\/\/www.vagadeempregosp.com.br\/wp-content\/uploads\/2022\/11\/empregos-danone-1024x477.png\" alt=\"empleos en danone\" class=\"wp-image-19093\" srcset=\"https:\/\/www.vagadeempregosp.com.br\/wp-content\/uploads\/2022\/11\/empregos-danone-1024x477.png 1024w, https:\/\/www.vagadeempregosp.com.br\/wp-content\/uploads\/2022\/11\/empregos-danone-300x140.png 300w, https:\/\/www.vagadeempregosp.com.br\/wp-content\/uploads\/2022\/11\/empregos-danone-768x358.png 768w, https:\/\/www.vagadeempregosp.com.br\/wp-content\/uploads\/2022\/11\/empregos-danone-1536x715.png 1536w, https:\/\/www.vagadeempregosp.com.br\/wp-content\/uploads\/2022\/11\/empregos-danone.png 2000w\" sizes=\"auto, (max-width: 1024px) 100vw, 1024px\" \/><figcaption class=\"wp-element-caption\">Imagen: Danone - Reproducci\u00f3n<\/figcaption><\/figure>\n\n\n\n<h2 class=\"wp-block-heading\">Descubra todas las ofertas de empleo de Danone<\/h2>\n\n\n\n<p>Hay varias vacantes en distintas regiones del pa\u00eds. Desc\u00fabralas todas a continuaci\u00f3n y descubra c\u00f3mo presentar su candidatura:<\/p>\n\n\n\n<ul class=\"wp-block-list\">\n<li>Gestor de cuentas;<\/li>\n\n\n\n<li>Ana. de Transporte Junior;<\/li>\n\n\n\n<li>Director regional de merchandising;<\/li>\n\n\n\n<li>Analista junior de comercio exterior;<\/li>\n\n\n\n<li>Supervisor de merchandising;<\/li>\n\n\n\n<li>Director de zona;<\/li>\n\n\n\n<li>Comprador Pl;<\/li>\n\n\n\n<li>Planificaci\u00f3n completa Ana;<\/li>\n\n\n\n<li>Director de Control y Gesti\u00f3n;<\/li>\n\n\n\n<li>Asistente jur\u00eddico administrativo - PCD;<\/li>\n\n\n\n<li>Cient\u00edfico de datos;<\/li>\n\n\n\n<li>Analista senior de marketing;<\/li>\n\n\n\n<li>Planificador de mantenimiento;<\/li>\n\n\n\n<li>Ana. Marketing Junior;<\/li>\n\n\n\n<li>Electromec\u00e1nico T\u00e9cnico Electromec\u00e1nico I;<\/li>\n\n\n\n<li>Ana. Senior de Innovaci\u00f3n Abierta;<\/li>\n\n\n\n<li>Jefe de producto;<\/li>\n\n\n\n<li>Gesti\u00f3n por categor\u00edas Ana;<\/li>\n\n\n\n<li>Director de S&amp;I;<\/li>\n\n\n\n<li>Responsable de formaci\u00f3n junior.<\/li>\n<\/ul>\n\n\n\n<h3 class=\"wp-block-heading\">C\u00f3mo solicitarlo<\/h3>\n\n\n\n<p>Si desea enviar su CV para una de las vacantes anunciadas, debe seguir el enlace que figura a continuaci\u00f3n para completar el proceso de selecci\u00f3n:<\/p>\n\n\n\n<ul class=\"wp-block-list\">\n<li><a href=\"https:\/\/careers.danone.com\/br\/pt\/home.html\">Vacantes en Danone.<\/a><\/li>\n<\/ul>\n\n\n\n<p>A continuaci\u00f3n, s\u00f3lo tienes que encontrar el empleo que te interesa y leer detenidamente todos los criterios para asegurarte de que se ajusta a tu perfil profesional. Si lo es, accede a la plataforma o crea una cuenta si a\u00fan no lo has hecho. Por \u00faltimo, espera a que la empresa se ponga en contacto contigo.<\/p>\n\n\n\n<p><strong>V\u00e9ase tambi\u00e9n: <a href=\"https:\/\/www.vagadeempregosp.com.br\/es\/empleos-cba\/\">Soldador, Mec\u00e1nico de Mantenimiento, Auxiliar Administrativo, Mec\u00e1nico de Autom\u00f3viles y mucho m\u00e1s en CBA Company<\/a><\/strong><\/p>\n\n\n\n<h2 class=\"wp-block-heading\">Acerca de Danone<\/h2>\n\n\n\n<p>La misi\u00f3n de la empresa es llevar la salud al mayor n\u00famero posible de personas a trav\u00e9s de la alimentaci\u00f3n, y ampl\u00edan este enfoque en consonancia con nuestra visi\u00f3n de Un Planeta. El movimiento es un programa de acci\u00f3n para todo aquel que quiera provocar un cambio positivo, cambiando la sociedad a trav\u00e9s de elecciones m\u00e1s saludables y sostenibles. Por eso comparten con ustedes las sesiones de formaci\u00f3n que hemos desarrollado en colaboraci\u00f3n con UNITAR para todos los interesados en unirse a ellos de esta manera.<\/p>\n\n\n\n<p>El Grupo es uno de los l\u00edderes mundiales de la industria alimentaria y tiene dos divisiones en Brasil: Bebidas L\u00e1cteas y Vegetales y Danone Nutricia. En los 50 a\u00f1os que lleva presente en Brasil, la empresa ha revolucionado y conquistado los h\u00e1bitos de consumo de los brasile\u00f1os, estableci\u00e9ndose como sin\u00f3nimo de yogur y nutrici\u00f3n, salud, calidad e innovaci\u00f3n.<\/p>\n\n\n\n<p>A trav\u00e9s de proyectos y la movilizaci\u00f3n de socios (entidades gubernamentales, privadas y p\u00fablicas), se pretende concienciar sobre la importancia de una alimentaci\u00f3n sana y sostenible. En Brasil, la cartera incluye marcas de \u00e9xito como Nutridrink, Activia, Fortifit, Danoninho, Milnutri, Sustain y Souvenaid.<\/p>","protected":false},"excerpt":{"rendered":"<p>Atualizado em Os Empregos Danone t\u00eam se destacado no mercado de trabalho por causa dos benef\u00edcios que a empresa oferta, que est\u00e1 empenhada em levar sa\u00fade e nutri\u00e7\u00e3o ao maior n\u00famero poss\u00edvel de pessoas. N\u00e3o apenas isso; querem que a sua miss\u00e3o beneficie pessoas de todas as idades em todos os contextos culturais e sociais&hellip;&nbsp;<\/p>","protected":false},"author":11,"featured_media":19093,"comment_status":"open","ping_status":"closed","sticky":false,"template":"","format":"standard","meta":{"neve_meta_sidebar":"","neve_meta_container":"","neve_meta_enable_content_width":"","neve_meta_content_width":0,"neve_meta_title_alignment":"","neve_meta_author_avatar":"","neve_post_elements_order":"","neve_meta_disable_header":"","neve_meta_disable_footer":"","neve_meta_disable_title":"","footnotes":""},"categories":[43],"tags":[179,79,78],"class_list":["post-19089","post","type-post","status-publish","format-standard","has-post-thumbnail","hentry","category-vagas-nacionais","tag-danone","tag-oportunidades","tag-vagas-de-emprego"],"yoast_head":"<!-- This site is optimized with the Yoast SEO plugin v27.5 - https:\/\/yoast.com\/product\/yoast-seo-wordpress\/ -->\n<title>Comprador, Gerente de Contas, Assistente Administrativo, T\u00e9cnico Eletromec\u00e2nico, Analistas e muito mais na Empresa Danone - Transformando Vidas com Tecnologia, Informa\u00e7\u00e3o e Oportunidades: Explore Nossa Jornada de Crescimento<\/title>\n<meta name=\"robots\" content=\"index, follow, max-snippet:-1, max-image-preview:large, max-video-preview:-1\" \/>\n<link rel=\"canonical\" href=\"https:\/\/www.vagadeempregosp.com.br\/es\/empleos-en-danone\/\" \/>\n<meta property=\"og:locale\" content=\"es_ES\" \/>\n<meta property=\"og:type\" content=\"article\" \/>\n<meta property=\"og:title\" content=\"Comprador, Gerente de Contas, Assistente Administrativo, T\u00e9cnico Eletromec\u00e2nico, Analistas e muito mais na Empresa Danone - Transformando Vidas com Tecnologia, Informa\u00e7\u00e3o e Oportunidades: Explore Nossa Jornada de Crescimento\" \/>\n<meta property=\"og:description\" content=\"Atualizado em Os Empregos Danone t\u00eam se destacado no mercado de trabalho por causa dos benef\u00edcios que a empresa oferta, que est\u00e1 empenhada em levar sa\u00fade e nutri\u00e7\u00e3o ao maior n\u00famero poss\u00edvel de pessoas. N\u00e3o apenas isso; querem que a sua miss\u00e3o beneficie pessoas de todas as idades em todos os contextos culturais e sociais&hellip;&nbsp;\" \/>\n<meta property=\"og:url\" content=\"https:\/\/www.vagadeempregosp.com.br\/es\/empleos-en-danone\/\" \/>\n<meta property=\"og:site_name\" content=\"Transformando Vidas com Tecnologia, Informa\u00e7\u00e3o e Oportunidades: Explore Nossa Jornada de Crescimento\" \/>\n<meta property=\"article:published_time\" content=\"2023-07-13T04:01:00+00:00\" \/>\n<meta property=\"article:modified_time\" content=\"2023-12-16T00:09:18+00:00\" \/>\n<meta property=\"og:image\" content=\"https:\/\/www.vagadeempregosp.com.br\/wp-content\/uploads\/2022\/11\/empregos-danone.png\" \/>\n\t<meta property=\"og:image:width\" content=\"2000\" \/>\n\t<meta property=\"og:image:height\" content=\"931\" \/>\n\t<meta property=\"og:image:type\" content=\"image\/png\" \/>\n<meta name=\"author\" content=\"Michele\" \/>\n<meta name=\"twitter:card\" content=\"summary_large_image\" \/>\n<meta name=\"twitter:label1\" content=\"Escrito por\" \/>\n\t<meta name=\"twitter:data1\" content=\"Michele\" \/>\n\t<meta name=\"twitter:label2\" content=\"Tiempo de lectura\" \/>\n\t<meta name=\"twitter:data2\" content=\"3 minutos\" \/>\n<script type=\"application\/ld+json\" class=\"yoast-schema-graph\">{\"@context\":\"https:\\\/\\\/schema.org\",\"@graph\":[{\"@type\":\"Article\",\"@id\":\"https:\\\/\\\/www.vagadeempregosp.com.br\\\/empregos-danone\\\/#article\",\"isPartOf\":{\"@id\":\"https:\\\/\\\/www.vagadeempregosp.com.br\\\/empregos-danone\\\/\"},\"author\":{\"name\":\"Michele\",\"@id\":\"https:\\\/\\\/www.vagadeempregosp.com.br\\\/#\\\/schema\\\/person\\\/15cdff8822aa2f27a8a65ee7bbfe7ce6\"},\"headline\":\"Comprador, Gerente de Contas, Assistente Administrativo, T\u00e9cnico Eletromec\u00e2nico, Analistas e muito mais na Empresa Danone\",\"datePublished\":\"2023-07-13T04:01:00+00:00\",\"dateModified\":\"2023-12-16T00:09:18+00:00\",\"mainEntityOfPage\":{\"@id\":\"https:\\\/\\\/www.vagadeempregosp.com.br\\\/empregos-danone\\\/\"},\"wordCount\":612,\"commentCount\":0,\"image\":{\"@id\":\"https:\\\/\\\/www.vagadeempregosp.com.br\\\/empregos-danone\\\/#primaryimage\"},\"thumbnailUrl\":\"https:\\\/\\\/www.vagadeempregosp.com.br\\\/wp-content\\\/uploads\\\/2022\\\/11\\\/empregos-danone.png\",\"keywords\":[\"Danone\",\"oportunidades\",\"vagas de emprego\"],\"articleSection\":[\"Vagas de Emprego Nacionais\"],\"inLanguage\":\"es\",\"potentialAction\":[{\"@type\":\"CommentAction\",\"name\":\"Comment\",\"target\":[\"https:\\\/\\\/www.vagadeempregosp.com.br\\\/empregos-danone\\\/#respond\"]}]},{\"@type\":\"WebPage\",\"@id\":\"https:\\\/\\\/www.vagadeempregosp.com.br\\\/empregos-danone\\\/\",\"url\":\"https:\\\/\\\/www.vagadeempregosp.com.br\\\/empregos-danone\\\/\",\"name\":\"Comprador, Gerente de Contas, Assistente Administrativo, T\u00e9cnico Eletromec\u00e2nico, Analistas e muito mais na Empresa Danone - Transformando Vidas com Tecnologia, Informa\u00e7\u00e3o e Oportunidades: Explore Nossa Jornada de Crescimento\",\"isPartOf\":{\"@id\":\"https:\\\/\\\/www.vagadeempregosp.com.br\\\/#website\"},\"primaryImageOfPage\":{\"@id\":\"https:\\\/\\\/www.vagadeempregosp.com.br\\\/empregos-danone\\\/#primaryimage\"},\"image\":{\"@id\":\"https:\\\/\\\/www.vagadeempregosp.com.br\\\/empregos-danone\\\/#primaryimage\"},\"thumbnailUrl\":\"https:\\\/\\\/www.vagadeempregosp.com.br\\\/wp-content\\\/uploads\\\/2022\\\/11\\\/empregos-danone.png\",\"datePublished\":\"2023-07-13T04:01:00+00:00\",\"dateModified\":\"2023-12-16T00:09:18+00:00\",\"author\":{\"@id\":\"https:\\\/\\\/www.vagadeempregosp.com.br\\\/#\\\/schema\\\/person\\\/15cdff8822aa2f27a8a65ee7bbfe7ce6\"},\"breadcrumb\":{\"@id\":\"https:\\\/\\\/www.vagadeempregosp.com.br\\\/empregos-danone\\\/#breadcrumb\"},\"inLanguage\":\"es\",\"potentialAction\":[{\"@type\":\"ReadAction\",\"target\":[\"https:\\\/\\\/www.vagadeempregosp.com.br\\\/empregos-danone\\\/\"]}]},{\"@type\":\"ImageObject\",\"inLanguage\":\"es\",\"@id\":\"https:\\\/\\\/www.vagadeempregosp.com.br\\\/empregos-danone\\\/#primaryimage\",\"url\":\"https:\\\/\\\/www.vagadeempregosp.com.br\\\/wp-content\\\/uploads\\\/2022\\\/11\\\/empregos-danone.png\",\"contentUrl\":\"https:\\\/\\\/www.vagadeempregosp.com.br\\\/wp-content\\\/uploads\\\/2022\\\/11\\\/empregos-danone.png\",\"width\":2000,\"height\":931,\"caption\":\"Imagem: Danone - Reprodu\u00e7\u00e3o\"},{\"@type\":\"BreadcrumbList\",\"@id\":\"https:\\\/\\\/www.vagadeempregosp.com.br\\\/empregos-danone\\\/#breadcrumb\",\"itemListElement\":[{\"@type\":\"ListItem\",\"position\":1,\"name\":\"In\u00edcio\",\"item\":\"https:\\\/\\\/www.vagadeempregosp.com.br\\\/\"},{\"@type\":\"ListItem\",\"position\":2,\"name\":\"Vagas de Emprego Nacionais\",\"item\":\"https:\\\/\\\/www.vagadeempregosp.com.br\\\/category\\\/vagas-nacionais\\\/\"},{\"@type\":\"ListItem\",\"position\":3,\"name\":\"Comprador, Gerente de Contas, Assistente Administrativo, T\u00e9cnico Eletromec\u00e2nico, Analistas e muito mais na Empresa Danone\"}]},{\"@type\":\"WebSite\",\"@id\":\"https:\\\/\\\/www.vagadeempregosp.com.br\\\/#website\",\"url\":\"https:\\\/\\\/www.vagadeempregosp.com.br\\\/\",\"name\":\"Transformando Vidas com Tecnologia, Informa\u00e7\u00e3o e Oportunidades: Explore Nossa Jornada de Crescimento\",\"description\":\"Transformando Vidas com Tecnologia, Informa\u00e7\u00e3o e Oportunidades: Explore Nossa Jornada de Crescimento\",\"potentialAction\":[{\"@type\":\"SearchAction\",\"target\":{\"@type\":\"EntryPoint\",\"urlTemplate\":\"https:\\\/\\\/www.vagadeempregosp.com.br\\\/?s={search_term_string}\"},\"query-input\":{\"@type\":\"PropertyValueSpecification\",\"valueRequired\":true,\"valueName\":\"search_term_string\"}}],\"inLanguage\":\"es\"},{\"@type\":\"Person\",\"@id\":\"https:\\\/\\\/www.vagadeempregosp.com.br\\\/#\\\/schema\\\/person\\\/15cdff8822aa2f27a8a65ee7bbfe7ce6\",\"name\":\"Michele\",\"image\":{\"@type\":\"ImageObject\",\"inLanguage\":\"es\",\"@id\":\"https:\\\/\\\/secure.gravatar.com\\\/avatar\\\/6b0eb9d22841282815e2cd856a0061c45e1761cd54b22e952d98c4746939aa85?s=96&r=g\",\"url\":\"https:\\\/\\\/secure.gravatar.com\\\/avatar\\\/6b0eb9d22841282815e2cd856a0061c45e1761cd54b22e952d98c4746939aa85?s=96&r=g\",\"contentUrl\":\"https:\\\/\\\/secure.gravatar.com\\\/avatar\\\/6b0eb9d22841282815e2cd856a0061c45e1761cd54b22e952d98c4746939aa85?s=96&r=g\",\"caption\":\"Michele\"},\"description\":\"Formada em Letras - Portugu\u00eas\\\/ Ingl\u00eas, e idealizadora do site Escritora de Sucesso, busca expandir o conhecimento de todos com informa\u00e7\u00f5es relevantes sobre diversos assuntos, enquanto redatora. No Vaga de Emprego SP, traz oportunidades e dicas sobre o mercado de trabalho.\",\"url\":\"https:\\\/\\\/www.vagadeempregosp.com.br\\\/es\\\/author\\\/michele\\\/\"}]}<\/script>\n<!-- \/ Yoast SEO plugin. -->","yoast_head_json":{"title":"Comprador, Gestor de Cuentas, Auxiliar Administrativo, T\u00e9cnico Electromec\u00e1nico, Analistas y m\u00e1s en Danone - Transformando vidas con tecnolog\u00eda, informaci\u00f3n y oportunidades: Explore Nuestro Viaje de Crecimiento","robots":{"index":"index","follow":"follow","max-snippet":"max-snippet:-1","max-image-preview":"max-image-preview:large","max-video-preview":"max-video-preview:-1"},"canonical":"https:\/\/www.vagadeempregosp.com.br\/es\/empleos-en-danone\/","og_locale":"es_ES","og_type":"article","og_title":"Comprador, Gerente de Contas, Assistente Administrativo, T\u00e9cnico Eletromec\u00e2nico, Analistas e muito mais na Empresa Danone - Transformando Vidas com Tecnologia, Informa\u00e7\u00e3o e Oportunidades: Explore Nossa Jornada de Crescimento","og_description":"Atualizado em Os Empregos Danone t\u00eam se destacado no mercado de trabalho por causa dos benef\u00edcios que a empresa oferta, que est\u00e1 empenhada em levar sa\u00fade e nutri\u00e7\u00e3o ao maior n\u00famero poss\u00edvel de pessoas. N\u00e3o apenas isso; querem que a sua miss\u00e3o beneficie pessoas de todas as idades em todos os contextos culturais e sociais&hellip;&nbsp;","og_url":"https:\/\/www.vagadeempregosp.com.br\/es\/empleos-en-danone\/","og_site_name":"Transformando Vidas com Tecnologia, Informa\u00e7\u00e3o e Oportunidades: Explore Nossa Jornada de Crescimento","article_published_time":"2023-07-13T04:01:00+00:00","article_modified_time":"2023-12-16T00:09:18+00:00","og_image":[{"width":2000,"height":931,"url":"https:\/\/www.vagadeempregosp.com.br\/wp-content\/uploads\/2022\/11\/empregos-danone.png","type":"image\/png"}],"author":"Michele","twitter_card":"summary_large_image","twitter_misc":{"Escrito por":"Michele","Tiempo de lectura":"3 minutos"},"schema":{"@context":"https:\/\/schema.org","@graph":[{"@type":"Article","@id":"https:\/\/www.vagadeempregosp.com.br\/empregos-danone\/#article","isPartOf":{"@id":"https:\/\/www.vagadeempregosp.com.br\/empregos-danone\/"},"author":{"name":"Michele","@id":"https:\/\/www.vagadeempregosp.com.br\/#\/schema\/person\/15cdff8822aa2f27a8a65ee7bbfe7ce6"},"headline":"Comprador, Gerente de Contas, Assistente Administrativo, T\u00e9cnico Eletromec\u00e2nico, Analistas e muito mais na Empresa Danone","datePublished":"2023-07-13T04:01:00+00:00","dateModified":"2023-12-16T00:09:18+00:00","mainEntityOfPage":{"@id":"https:\/\/www.vagadeempregosp.com.br\/empregos-danone\/"},"wordCount":612,"commentCount":0,"image":{"@id":"https:\/\/www.vagadeempregosp.com.br\/empregos-danone\/#primaryimage"},"thumbnailUrl":"https:\/\/www.vagadeempregosp.com.br\/wp-content\/uploads\/2022\/11\/empregos-danone.png","keywords":["Danone","oportunidades","vagas de emprego"],"articleSection":["Vagas de Emprego Nacionais"],"inLanguage":"es","potentialAction":[{"@type":"CommentAction","name":"Comment","target":["https:\/\/www.vagadeempregosp.com.br\/empregos-danone\/#respond"]}]},{"@type":"WebPage","@id":"https:\/\/www.vagadeempregosp.com.br\/empregos-danone\/","url":"https:\/\/www.vagadeempregosp.com.br\/empregos-danone\/","name":"Comprador, Gestor de Cuentas, Auxiliar Administrativo, T\u00e9cnico Electromec\u00e1nico, Analistas y m\u00e1s en Danone - Transformando vidas con tecnolog\u00eda, informaci\u00f3n y oportunidades: Explore Nuestro Viaje de Crecimiento","isPartOf":{"@id":"https:\/\/www.vagadeempregosp.com.br\/#website"},"primaryImageOfPage":{"@id":"https:\/\/www.vagadeempregosp.com.br\/empregos-danone\/#primaryimage"},"image":{"@id":"https:\/\/www.vagadeempregosp.com.br\/empregos-danone\/#primaryimage"},"thumbnailUrl":"https:\/\/www.vagadeempregosp.com.br\/wp-content\/uploads\/2022\/11\/empregos-danone.png","datePublished":"2023-07-13T04:01:00+00:00","dateModified":"2023-12-16T00:09:18+00:00","author":{"@id":"https:\/\/www.vagadeempregosp.com.br\/#\/schema\/person\/15cdff8822aa2f27a8a65ee7bbfe7ce6"},"breadcrumb":{"@id":"https:\/\/www.vagadeempregosp.com.br\/empregos-danone\/#breadcrumb"},"inLanguage":"es","potentialAction":[{"@type":"ReadAction","target":["https:\/\/www.vagadeempregosp.com.br\/empregos-danone\/"]}]},{"@type":"ImageObject","inLanguage":"es","@id":"https:\/\/www.vagadeempregosp.com.br\/empregos-danone\/#primaryimage","url":"https:\/\/www.vagadeempregosp.com.br\/wp-content\/uploads\/2022\/11\/empregos-danone.png","contentUrl":"https:\/\/www.vagadeempregosp.com.br\/wp-content\/uploads\/2022\/11\/empregos-danone.png","width":2000,"height":931,"caption":"Imagem: Danone - Reprodu\u00e7\u00e3o"},{"@type":"BreadcrumbList","@id":"https:\/\/www.vagadeempregosp.com.br\/empregos-danone\/#breadcrumb","itemListElement":[{"@type":"ListItem","position":1,"name":"In\u00edcio","item":"https:\/\/www.vagadeempregosp.com.br\/"},{"@type":"ListItem","position":2,"name":"Vagas de Emprego Nacionais","item":"https:\/\/www.vagadeempregosp.com.br\/category\/vagas-nacionais\/"},{"@type":"ListItem","position":3,"name":"Comprador, Gerente de Contas, Assistente Administrativo, T\u00e9cnico Eletromec\u00e2nico, Analistas e muito mais na Empresa Danone"}]},{"@type":"WebSite","@id":"https:\/\/www.vagadeempregosp.com.br\/#website","url":"https:\/\/www.vagadeempregosp.com.br\/","name":"Transformar vidas con tecnolog\u00eda, informaci\u00f3n y oportunidades: Explore nuestro viaje de crecimiento","description":"Transformar vidas con tecnolog\u00eda, informaci\u00f3n y oportunidades: Explore nuestro viaje de crecimiento","potentialAction":[{"@type":"SearchAction","target":{"@type":"EntryPoint","urlTemplate":"https:\/\/www.vagadeempregosp.com.br\/?s={search_term_string}"},"query-input":{"@type":"PropertyValueSpecification","valueRequired":true,"valueName":"search_term_string"}}],"inLanguage":"es"},{"@type":"Person","@id":"https:\/\/www.vagadeempregosp.com.br\/#\/schema\/person\/15cdff8822aa2f27a8a65ee7bbfe7ce6","name":"Michele","image":{"@type":"ImageObject","inLanguage":"es","@id":"https:\/\/secure.gravatar.com\/avatar\/6b0eb9d22841282815e2cd856a0061c45e1761cd54b22e952d98c4746939aa85?s=96&r=g","url":"https:\/\/secure.gravatar.com\/avatar\/6b0eb9d22841282815e2cd856a0061c45e1761cd54b22e952d98c4746939aa85?s=96&r=g","contentUrl":"https:\/\/secure.gravatar.com\/avatar\/6b0eb9d22841282815e2cd856a0061c45e1761cd54b22e952d98c4746939aa85?s=96&r=g","caption":"Michele"},"description":"Graduada en Lenguas - Portugu\u00e9s\/Ingl\u00e9s, y creadora del sitio Escritora de Sucesso, busca ampliar el conocimiento de todos con informaciones relevantes sobre diversos temas, como escritora. En Vaga de Emprego SP, ofrece oportunidades y consejos sobre el mercado laboral.","url":"https:\/\/www.vagadeempregosp.com.br\/es\/author\/michele\/"}]}},"_links":{"self":[{"href":"https:\/\/www.vagadeempregosp.com.br\/es\/wp-json\/wp\/v2\/posts\/19089","targetHints":{"allow":["GET"]}}],"collection":[{"href":"https:\/\/www.vagadeempregosp.com.br\/es\/wp-json\/wp\/v2\/posts"}],"about":[{"href":"https:\/\/www.vagadeempregosp.com.br\/es\/wp-json\/wp\/v2\/types\/post"}],"author":[{"embeddable":true,"href":"https:\/\/www.vagadeempregosp.com.br\/es\/wp-json\/wp\/v2\/users\/11"}],"replies":[{"embeddable":true,"href":"https:\/\/www.vagadeempregosp.com.br\/es\/wp-json\/wp\/v2\/comments?post=19089"}],"version-history":[{"count":6,"href":"https:\/\/www.vagadeempregosp.com.br\/es\/wp-json\/wp\/v2\/posts\/19089\/revisions"}],"predecessor-version":[{"id":21403,"href":"https:\/\/www.vagadeempregosp.com.br\/es\/wp-json\/wp\/v2\/posts\/19089\/revisions\/21403"}],"wp:featuredmedia":[{"embeddable":true,"href":"https:\/\/www.vagadeempregosp.com.br\/es\/wp-json\/wp\/v2\/media\/19093"}],"wp:attachment":[{"href":"https:\/\/www.vagadeempregosp.com.br\/es\/wp-json\/wp\/v2\/media?parent=19089"}],"wp:term":[{"taxonomy":"category","embeddable":true,"href":"https:\/\/www.vagadeempregosp.com.br\/es\/wp-json\/wp\/v2\/categories?post=19089"},{"taxonomy":"post_tag","embeddable":true,"href":"https:\/\/www.vagadeempregosp.com.br\/es\/wp-json\/wp\/v2\/tags?post=19089"}],"curies":[{"name":"wp","href":"https:\/\/api.w.org\/{rel}","templated":true}]}}