{"id":18977,"date":"2023-07-10T01:42:00","date_gmt":"2023-07-10T04:42:00","guid":{"rendered":"https:\/\/www.vagadeempregosp.com.br\/?p=18977"},"modified":"2025-10-03T07:02:50","modified_gmt":"2025-10-03T10:02:50","slug":"empleos-de-carga","status":"publish","type":"post","link":"https:\/\/www.vagadeempregosp.com.br\/es\/empregos-carguero\/","title":{"rendered":"Analistas de seguridad de la informaci\u00f3n, desarrolladores, coordinadores de ingenier\u00eda de software y m\u00e1s en Carguero"},"content":{"rendered":"<p>Actualizado<\/p>\n\n\n<div class=\"wp-block-post-date\"><time datetime=\"2023-07-10T01:42:00-03:00\">10\/07\/2023<\/time><\/div>\n\n\n<p>En <strong>Carguero Empleo<\/strong> destacan en el mercado laboral por las ventajas que ofrece la empresa, que naci\u00f3 en 2019 de la fusi\u00f3n de Louis Dreyfous y Amaggi, dos grandes transportistas del espacio agroalimentario. Su objetivo es utilizar la tecnolog\u00eda para reducir la burocracia en el proceso log\u00edstico, aportando mayor transparencia y accesibilidad para todos. Trabajan a un ritmo de crecimiento r\u00e1pido y su cultura se basa en valores que expresan y reafirman sus objetivos a diario, por lo que aqu\u00ed encontrar\u00e1s mucha autonom\u00eda y colaboraci\u00f3n para alcanzar tus metas.&nbsp;<\/p>\n\n\n\n<figure class=\"wp-block-image size-large\"><img loading=\"lazy\" decoding=\"async\" width=\"1024\" height=\"574\" src=\"https:\/\/www.vagadeempregosp.com.br\/wp-content\/uploads\/2022\/11\/Empregos-Carguero-1024x574.jpg\" alt=\"Carguero Empleo\" class=\"wp-image-18982\" srcset=\"https:\/\/www.vagadeempregosp.com.br\/wp-content\/uploads\/2022\/11\/Empregos-Carguero-1024x574.jpg 1024w, https:\/\/www.vagadeempregosp.com.br\/wp-content\/uploads\/2022\/11\/Empregos-Carguero-300x168.jpg 300w, https:\/\/www.vagadeempregosp.com.br\/wp-content\/uploads\/2022\/11\/Empregos-Carguero-768x431.jpg 768w, https:\/\/www.vagadeempregosp.com.br\/wp-content\/uploads\/2022\/11\/Empregos-Carguero-1536x861.jpg 1536w, https:\/\/www.vagadeempregosp.com.br\/wp-content\/uploads\/2022\/11\/Empregos-Carguero-350x195.jpg 350w, https:\/\/www.vagadeempregosp.com.br\/wp-content\/uploads\/2022\/11\/Empregos-Carguero-383x215.jpg 383w, https:\/\/www.vagadeempregosp.com.br\/wp-content\/uploads\/2022\/11\/Empregos-Carguero.jpg 2014w\" sizes=\"auto, (max-width: 1024px) 100vw, 1024px\" \/><figcaption class=\"wp-element-caption\">Imagen: Carguero - Reproducci\u00f3n<\/figcaption><\/figure>\n\n\n\n<h2 class=\"wp-block-heading\">Descubre todas las ofertas de empleo en Empregos Carguero<\/h2>\n\n\n\n<p>Se ofrecen numerosas ventajas, como una subvenci\u00f3n para asistir a eventos y cursos, un entorno din\u00e1mico y de colaboraci\u00f3n, un d\u00eda libre el d\u00eda de tu cumplea\u00f1os, Home Office, ayuda para el cuidado de los hijos, horario flexible, permiso de paternidad y maternidad ampliado, bonificaciones, un convenio de farmacia, un convenio dental y m\u00e9dico, Zenklub y Gympass.<\/p>\n\n\n\n<p>Vea abajo los puestos ofrecidos, recordando que la mayor\u00eda son para la regi\u00f3n de S\u00e3o Paulo, pero pueden ser remotos:<\/p>\n\n\n\n<ul class=\"wp-block-list\">\n<li>Ana. de Seguridad de la Informaci\u00f3n;<\/li>\n\n\n\n<li>Full-stack Full-stack (an\u00e1lisis de sistemas)<\/li>\n\n\n\n<li>Arquitecto m\u00f3vil;<\/li>\n\n\n\n<li>Coord. de Ingenier\u00eda de Software<\/li>\n\n\n\n<li>Desarrollo. C#.<\/li>\n<\/ul>\n\n\n\n<h3 class=\"wp-block-heading\">C\u00f3mo solicitarlo<\/h3>\n\n\n\n<p>Para enviar su CV para uno de los puestos de la lista, vaya al siguiente enlace, que es donde se seleccionan los candidatos:<\/p>\n\n\n\n<ul class=\"wp-block-list\">\n<li>Gupy de Carrguero.<\/li>\n<\/ul>\n\n\n\n<p>A continuaci\u00f3n, tienes que encontrar el trabajo que deseas y leer detenidamente todos los requisitos para ver si realmente se ajusta a tu perfil profesional, ya que la mayor\u00eda de ellos exigen experiencia en el campo, entre otras cosas. Si hay alguna coincidencia, inicia sesi\u00f3n en la p\u00e1gina o cr\u00e9ate una si a\u00fan no lo has hecho.&nbsp;<\/p>\n\n\n\n<p>Si no tiene un puesto concreto, puede rellenar el formulario con todos sus datos y esperar a que la empresa se ponga en contacto con usted.&nbsp;<\/p>\n\n\n\n<p>El d\u00eda de la entrevista hay que estar preparado para todo. Los candidatos suelen tener que hacer una prueba de conocimientos generales y, a veces, din\u00e1micas de grupo. Es posible que el entrevistador te pregunte por tus cualidades y defectos, tus expectativas salariales, por qu\u00e9 quieres trabajar en la empresa, entre otras cuestiones.<\/p>\n\n\n\n<p><strong>V\u00e9ase tambi\u00e9n: <a href=\"https:\/\/www.vagadeempregosp.com.br\/es\/hola-trabajos\/\">Oi Empleo<\/a><\/strong><\/p>\n\n\n\n<h2 class=\"wp-block-heading\">Acerca de Carguero<\/h2>\n\n\n\n<p>En esta empresa puedes encontrar oportunidades para crecer, ya que invierten en la formaci\u00f3n y el desarrollo de sus empleados. Al fin y al cabo, saben valorar a quienes se comprometen y creen en lo que est\u00e1n construyendo. Procesan datos y hechos, centr\u00e1ndose en ofrecer resultados y un gran valor para sus clientes.<\/p>\n\n\n\n<p>En su cultura, respetan la individualidad de cada empleado y valoran su singularidad. Aprenden continuamente de sus errores y desarrollan y crean soluciones innovadoras que funcionan fuera de lo com\u00fan.<\/p>\n\n\n\n<p>Su equipo de m\u00e1s de 70 personas es un equipo multidisciplinar separado por CUADRADOS, din\u00e1mico y con ganas de innovar. Con ello, \u00a1sus productos alcanzan nuevas cotas, mercados y clientes! A medida que crecen, necesitan m\u00e1s personas para satisfacer estas necesidades, \u00a1as\u00ed como nuevos retos en el camino! Buscan profesionales capaces de proponer y aplicar libremente nuevas soluciones y marcos tecnol\u00f3gicos. Desarrollar\u00e1n y coordinar\u00e1n equipos, eventos, socios y proyectos, y ser\u00e1n una referencia para las nuevas tecnolog\u00edas en el \u00e1rea.<\/p>","protected":false},"excerpt":{"rendered":"<p>Atualizado em Os Empregos Carguero possuem destaque no mercado de trabalho em virtude dos benef\u00edcios ofertados pela empresa, que nasceu em 2019 da fus\u00e3o de Louis Dreyfous e Amaggi, dois grandes embarcadores no espa\u00e7o do agroneg\u00f3cio. Seu objetivo \u00e9 usar a tecnologia para desburocratizar o processo log\u00edstico, trazendo mais transpar\u00eancia e acessibilidade a todos. Trabalham&hellip;&nbsp;<\/p>","protected":false},"author":11,"featured_media":18982,"comment_status":"open","ping_status":"closed","sticky":false,"template":"","format":"standard","meta":{"neve_meta_sidebar":"","neve_meta_container":"","neve_meta_enable_content_width":"","neve_meta_content_width":0,"neve_meta_title_alignment":"","neve_meta_author_avatar":"","neve_post_elements_order":"","neve_meta_disable_header":"","neve_meta_disable_footer":"","neve_meta_disable_title":"","footnotes":""},"categories":[43],"tags":[168,79,78],"class_list":["post-18977","post","type-post","status-publish","format-standard","has-post-thumbnail","hentry","category-vagas-nacionais","tag-carguero","tag-oportunidades","tag-vagas-de-emprego"],"yoast_head":"<!-- This site is optimized with the Yoast SEO plugin v27.5 - https:\/\/yoast.com\/product\/yoast-seo-wordpress\/ -->\n<title>Analista de Seguran\u00e7a da Informa\u00e7\u00e3o, Desenvolvedores, Coordenadores de Engenharia de Software e mais na Empresa Carguero - Transformando Vidas com Tecnologia, Informa\u00e7\u00e3o e Oportunidades: Explore Nossa Jornada de Crescimento<\/title>\n<meta name=\"robots\" content=\"index, follow, max-snippet:-1, max-image-preview:large, max-video-preview:-1\" \/>\n<link rel=\"canonical\" href=\"https:\/\/www.vagadeempregosp.com.br\/es\/empleos-de-carga\/\" \/>\n<meta property=\"og:locale\" content=\"es_ES\" \/>\n<meta property=\"og:type\" content=\"article\" \/>\n<meta property=\"og:title\" content=\"Analista de Seguran\u00e7a da Informa\u00e7\u00e3o, Desenvolvedores, Coordenadores de Engenharia de Software e mais na Empresa Carguero - Transformando Vidas com Tecnologia, Informa\u00e7\u00e3o e Oportunidades: Explore Nossa Jornada de Crescimento\" \/>\n<meta property=\"og:description\" content=\"Atualizado em Os Empregos Carguero possuem destaque no mercado de trabalho em virtude dos benef\u00edcios ofertados pela empresa, que nasceu em 2019 da fus\u00e3o de Louis Dreyfous e Amaggi, dois grandes embarcadores no espa\u00e7o do agroneg\u00f3cio. Seu objetivo \u00e9 usar a tecnologia para desburocratizar o processo log\u00edstico, trazendo mais transpar\u00eancia e acessibilidade a todos. Trabalham&hellip;&nbsp;\" \/>\n<meta property=\"og:url\" content=\"https:\/\/www.vagadeempregosp.com.br\/es\/empleos-de-carga\/\" \/>\n<meta property=\"og:site_name\" content=\"Transformando Vidas com Tecnologia, Informa\u00e7\u00e3o e Oportunidades: Explore Nossa Jornada de Crescimento\" \/>\n<meta property=\"article:published_time\" content=\"2023-07-10T04:42:00+00:00\" \/>\n<meta property=\"article:modified_time\" content=\"2025-10-03T10:02:50+00:00\" \/>\n<meta property=\"og:image\" content=\"https:\/\/www.vagadeempregosp.com.br\/wp-content\/uploads\/2022\/11\/Empregos-Carguero.jpg\" \/>\n\t<meta property=\"og:image:width\" content=\"2014\" \/>\n\t<meta property=\"og:image:height\" content=\"1129\" \/>\n\t<meta property=\"og:image:type\" content=\"image\/jpeg\" \/>\n<meta name=\"author\" content=\"Michele\" \/>\n<meta name=\"twitter:card\" content=\"summary_large_image\" \/>\n<meta name=\"twitter:label1\" content=\"Escrito por\" \/>\n\t<meta name=\"twitter:data1\" content=\"Michele\" \/>\n\t<meta name=\"twitter:label2\" content=\"Tiempo de lectura\" \/>\n\t<meta name=\"twitter:data2\" content=\"3 minutos\" \/>\n<script type=\"application\/ld+json\" class=\"yoast-schema-graph\">{\"@context\":\"https:\\\/\\\/schema.org\",\"@graph\":[{\"@type\":\"Article\",\"@id\":\"https:\\\/\\\/www.vagadeempregosp.com.br\\\/empregos-carguero\\\/#article\",\"isPartOf\":{\"@id\":\"https:\\\/\\\/www.vagadeempregosp.com.br\\\/empregos-carguero\\\/\"},\"author\":{\"name\":\"Michele\",\"@id\":\"https:\\\/\\\/www.vagadeempregosp.com.br\\\/#\\\/schema\\\/person\\\/15cdff8822aa2f27a8a65ee7bbfe7ce6\"},\"headline\":\"Analista de Seguran\u00e7a da Informa\u00e7\u00e3o, Desenvolvedores, Coordenadores de Engenharia de Software e mais na Empresa Carguero\",\"datePublished\":\"2023-07-10T04:42:00+00:00\",\"dateModified\":\"2025-10-03T10:02:50+00:00\",\"mainEntityOfPage\":{\"@id\":\"https:\\\/\\\/www.vagadeempregosp.com.br\\\/empregos-carguero\\\/\"},\"wordCount\":585,\"commentCount\":0,\"image\":{\"@id\":\"https:\\\/\\\/www.vagadeempregosp.com.br\\\/empregos-carguero\\\/#primaryimage\"},\"thumbnailUrl\":\"https:\\\/\\\/www.vagadeempregosp.com.br\\\/wp-content\\\/uploads\\\/2022\\\/11\\\/Empregos-Carguero.jpg\",\"keywords\":[\"Carguero\",\"oportunidades\",\"vagas de emprego\"],\"articleSection\":[\"Vagas de Emprego Nacionais\"],\"inLanguage\":\"es\",\"potentialAction\":[{\"@type\":\"CommentAction\",\"name\":\"Comment\",\"target\":[\"https:\\\/\\\/www.vagadeempregosp.com.br\\\/empregos-carguero\\\/#respond\"]}]},{\"@type\":\"WebPage\",\"@id\":\"https:\\\/\\\/www.vagadeempregosp.com.br\\\/empregos-carguero\\\/\",\"url\":\"https:\\\/\\\/www.vagadeempregosp.com.br\\\/empregos-carguero\\\/\",\"name\":\"Analista de Seguran\u00e7a da Informa\u00e7\u00e3o, Desenvolvedores, Coordenadores de Engenharia de Software e mais na Empresa Carguero - Transformando Vidas com Tecnologia, Informa\u00e7\u00e3o e Oportunidades: Explore Nossa Jornada de Crescimento\",\"isPartOf\":{\"@id\":\"https:\\\/\\\/www.vagadeempregosp.com.br\\\/#website\"},\"primaryImageOfPage\":{\"@id\":\"https:\\\/\\\/www.vagadeempregosp.com.br\\\/empregos-carguero\\\/#primaryimage\"},\"image\":{\"@id\":\"https:\\\/\\\/www.vagadeempregosp.com.br\\\/empregos-carguero\\\/#primaryimage\"},\"thumbnailUrl\":\"https:\\\/\\\/www.vagadeempregosp.com.br\\\/wp-content\\\/uploads\\\/2022\\\/11\\\/Empregos-Carguero.jpg\",\"datePublished\":\"2023-07-10T04:42:00+00:00\",\"dateModified\":\"2025-10-03T10:02:50+00:00\",\"author\":{\"@id\":\"https:\\\/\\\/www.vagadeempregosp.com.br\\\/#\\\/schema\\\/person\\\/15cdff8822aa2f27a8a65ee7bbfe7ce6\"},\"breadcrumb\":{\"@id\":\"https:\\\/\\\/www.vagadeempregosp.com.br\\\/empregos-carguero\\\/#breadcrumb\"},\"inLanguage\":\"es\",\"potentialAction\":[{\"@type\":\"ReadAction\",\"target\":[\"https:\\\/\\\/www.vagadeempregosp.com.br\\\/empregos-carguero\\\/\"]}]},{\"@type\":\"ImageObject\",\"inLanguage\":\"es\",\"@id\":\"https:\\\/\\\/www.vagadeempregosp.com.br\\\/empregos-carguero\\\/#primaryimage\",\"url\":\"https:\\\/\\\/www.vagadeempregosp.com.br\\\/wp-content\\\/uploads\\\/2022\\\/11\\\/Empregos-Carguero.jpg\",\"contentUrl\":\"https:\\\/\\\/www.vagadeempregosp.com.br\\\/wp-content\\\/uploads\\\/2022\\\/11\\\/Empregos-Carguero.jpg\",\"width\":2014,\"height\":1129,\"caption\":\"Imagem: Carguero - Reprodu\u00e7\u00e3o\"},{\"@type\":\"BreadcrumbList\",\"@id\":\"https:\\\/\\\/www.vagadeempregosp.com.br\\\/empregos-carguero\\\/#breadcrumb\",\"itemListElement\":[{\"@type\":\"ListItem\",\"position\":1,\"name\":\"In\u00edcio\",\"item\":\"https:\\\/\\\/www.vagadeempregosp.com.br\\\/\"},{\"@type\":\"ListItem\",\"position\":2,\"name\":\"Vagas de Emprego Nacionais\",\"item\":\"https:\\\/\\\/www.vagadeempregosp.com.br\\\/category\\\/vagas-nacionais\\\/\"},{\"@type\":\"ListItem\",\"position\":3,\"name\":\"Analista de Seguran\u00e7a da Informa\u00e7\u00e3o, Desenvolvedores, Coordenadores de Engenharia de Software e mais na Empresa Carguero\"}]},{\"@type\":\"WebSite\",\"@id\":\"https:\\\/\\\/www.vagadeempregosp.com.br\\\/#website\",\"url\":\"https:\\\/\\\/www.vagadeempregosp.com.br\\\/\",\"name\":\"Transformando Vidas com Tecnologia, Informa\u00e7\u00e3o e Oportunidades: Explore Nossa Jornada de Crescimento\",\"description\":\"Transformando Vidas com Tecnologia, Informa\u00e7\u00e3o e Oportunidades: Explore Nossa Jornada de Crescimento\",\"potentialAction\":[{\"@type\":\"SearchAction\",\"target\":{\"@type\":\"EntryPoint\",\"urlTemplate\":\"https:\\\/\\\/www.vagadeempregosp.com.br\\\/?s={search_term_string}\"},\"query-input\":{\"@type\":\"PropertyValueSpecification\",\"valueRequired\":true,\"valueName\":\"search_term_string\"}}],\"inLanguage\":\"es\"},{\"@type\":\"Person\",\"@id\":\"https:\\\/\\\/www.vagadeempregosp.com.br\\\/#\\\/schema\\\/person\\\/15cdff8822aa2f27a8a65ee7bbfe7ce6\",\"name\":\"Michele\",\"image\":{\"@type\":\"ImageObject\",\"inLanguage\":\"es\",\"@id\":\"https:\\\/\\\/secure.gravatar.com\\\/avatar\\\/6b0eb9d22841282815e2cd856a0061c45e1761cd54b22e952d98c4746939aa85?s=96&r=g\",\"url\":\"https:\\\/\\\/secure.gravatar.com\\\/avatar\\\/6b0eb9d22841282815e2cd856a0061c45e1761cd54b22e952d98c4746939aa85?s=96&r=g\",\"contentUrl\":\"https:\\\/\\\/secure.gravatar.com\\\/avatar\\\/6b0eb9d22841282815e2cd856a0061c45e1761cd54b22e952d98c4746939aa85?s=96&r=g\",\"caption\":\"Michele\"},\"description\":\"Formada em Letras - Portugu\u00eas\\\/ Ingl\u00eas, e idealizadora do site Escritora de Sucesso, busca expandir o conhecimento de todos com informa\u00e7\u00f5es relevantes sobre diversos assuntos, enquanto redatora. No Vaga de Emprego SP, traz oportunidades e dicas sobre o mercado de trabalho.\",\"url\":\"https:\\\/\\\/www.vagadeempregosp.com.br\\\/es\\\/author\\\/michele\\\/\"}]}<\/script>\n<!-- \/ Yoast SEO plugin. -->","yoast_head_json":{"title":"Analistas de Seguridad de la Informaci\u00f3n, Desarrolladores, Coordinadores de Ingenier\u00eda de Software y m\u00e1s en Carguero - Transformando vidas con tecnolog\u00eda, informaci\u00f3n y oportunidades: Explore Nuestro Viaje de Crecimiento","robots":{"index":"index","follow":"follow","max-snippet":"max-snippet:-1","max-image-preview":"max-image-preview:large","max-video-preview":"max-video-preview:-1"},"canonical":"https:\/\/www.vagadeempregosp.com.br\/es\/empleos-de-carga\/","og_locale":"es_ES","og_type":"article","og_title":"Analista de Seguran\u00e7a da Informa\u00e7\u00e3o, Desenvolvedores, Coordenadores de Engenharia de Software e mais na Empresa Carguero - Transformando Vidas com Tecnologia, Informa\u00e7\u00e3o e Oportunidades: Explore Nossa Jornada de Crescimento","og_description":"Atualizado em Os Empregos Carguero possuem destaque no mercado de trabalho em virtude dos benef\u00edcios ofertados pela empresa, que nasceu em 2019 da fus\u00e3o de Louis Dreyfous e Amaggi, dois grandes embarcadores no espa\u00e7o do agroneg\u00f3cio. Seu objetivo \u00e9 usar a tecnologia para desburocratizar o processo log\u00edstico, trazendo mais transpar\u00eancia e acessibilidade a todos. Trabalham&hellip;&nbsp;","og_url":"https:\/\/www.vagadeempregosp.com.br\/es\/empleos-de-carga\/","og_site_name":"Transformando Vidas com Tecnologia, Informa\u00e7\u00e3o e Oportunidades: Explore Nossa Jornada de Crescimento","article_published_time":"2023-07-10T04:42:00+00:00","article_modified_time":"2025-10-03T10:02:50+00:00","og_image":[{"width":2014,"height":1129,"url":"https:\/\/www.vagadeempregosp.com.br\/wp-content\/uploads\/2022\/11\/Empregos-Carguero.jpg","type":"image\/jpeg"}],"author":"Michele","twitter_card":"summary_large_image","twitter_misc":{"Escrito por":"Michele","Tiempo de lectura":"3 minutos"},"schema":{"@context":"https:\/\/schema.org","@graph":[{"@type":"Article","@id":"https:\/\/www.vagadeempregosp.com.br\/empregos-carguero\/#article","isPartOf":{"@id":"https:\/\/www.vagadeempregosp.com.br\/empregos-carguero\/"},"author":{"name":"Michele","@id":"https:\/\/www.vagadeempregosp.com.br\/#\/schema\/person\/15cdff8822aa2f27a8a65ee7bbfe7ce6"},"headline":"Analista de Seguran\u00e7a da Informa\u00e7\u00e3o, Desenvolvedores, Coordenadores de Engenharia de Software e mais na Empresa Carguero","datePublished":"2023-07-10T04:42:00+00:00","dateModified":"2025-10-03T10:02:50+00:00","mainEntityOfPage":{"@id":"https:\/\/www.vagadeempregosp.com.br\/empregos-carguero\/"},"wordCount":585,"commentCount":0,"image":{"@id":"https:\/\/www.vagadeempregosp.com.br\/empregos-carguero\/#primaryimage"},"thumbnailUrl":"https:\/\/www.vagadeempregosp.com.br\/wp-content\/uploads\/2022\/11\/Empregos-Carguero.jpg","keywords":["Carguero","oportunidades","vagas de emprego"],"articleSection":["Vagas de Emprego Nacionais"],"inLanguage":"es","potentialAction":[{"@type":"CommentAction","name":"Comment","target":["https:\/\/www.vagadeempregosp.com.br\/empregos-carguero\/#respond"]}]},{"@type":"WebPage","@id":"https:\/\/www.vagadeempregosp.com.br\/empregos-carguero\/","url":"https:\/\/www.vagadeempregosp.com.br\/empregos-carguero\/","name":"Analistas de Seguridad de la Informaci\u00f3n, Desarrolladores, Coordinadores de Ingenier\u00eda de Software y m\u00e1s en Carguero - Transformando vidas con tecnolog\u00eda, informaci\u00f3n y oportunidades: Explore Nuestro Viaje de Crecimiento","isPartOf":{"@id":"https:\/\/www.vagadeempregosp.com.br\/#website"},"primaryImageOfPage":{"@id":"https:\/\/www.vagadeempregosp.com.br\/empregos-carguero\/#primaryimage"},"image":{"@id":"https:\/\/www.vagadeempregosp.com.br\/empregos-carguero\/#primaryimage"},"thumbnailUrl":"https:\/\/www.vagadeempregosp.com.br\/wp-content\/uploads\/2022\/11\/Empregos-Carguero.jpg","datePublished":"2023-07-10T04:42:00+00:00","dateModified":"2025-10-03T10:02:50+00:00","author":{"@id":"https:\/\/www.vagadeempregosp.com.br\/#\/schema\/person\/15cdff8822aa2f27a8a65ee7bbfe7ce6"},"breadcrumb":{"@id":"https:\/\/www.vagadeempregosp.com.br\/empregos-carguero\/#breadcrumb"},"inLanguage":"es","potentialAction":[{"@type":"ReadAction","target":["https:\/\/www.vagadeempregosp.com.br\/empregos-carguero\/"]}]},{"@type":"ImageObject","inLanguage":"es","@id":"https:\/\/www.vagadeempregosp.com.br\/empregos-carguero\/#primaryimage","url":"https:\/\/www.vagadeempregosp.com.br\/wp-content\/uploads\/2022\/11\/Empregos-Carguero.jpg","contentUrl":"https:\/\/www.vagadeempregosp.com.br\/wp-content\/uploads\/2022\/11\/Empregos-Carguero.jpg","width":2014,"height":1129,"caption":"Imagem: Carguero - Reprodu\u00e7\u00e3o"},{"@type":"BreadcrumbList","@id":"https:\/\/www.vagadeempregosp.com.br\/empregos-carguero\/#breadcrumb","itemListElement":[{"@type":"ListItem","position":1,"name":"In\u00edcio","item":"https:\/\/www.vagadeempregosp.com.br\/"},{"@type":"ListItem","position":2,"name":"Vagas de Emprego Nacionais","item":"https:\/\/www.vagadeempregosp.com.br\/category\/vagas-nacionais\/"},{"@type":"ListItem","position":3,"name":"Analista de Seguran\u00e7a da Informa\u00e7\u00e3o, Desenvolvedores, Coordenadores de Engenharia de Software e mais na Empresa Carguero"}]},{"@type":"WebSite","@id":"https:\/\/www.vagadeempregosp.com.br\/#website","url":"https:\/\/www.vagadeempregosp.com.br\/","name":"Transformar vidas con tecnolog\u00eda, informaci\u00f3n y oportunidades: Explore nuestro viaje de crecimiento","description":"Transformar vidas con tecnolog\u00eda, informaci\u00f3n y oportunidades: Explore nuestro viaje de crecimiento","potentialAction":[{"@type":"SearchAction","target":{"@type":"EntryPoint","urlTemplate":"https:\/\/www.vagadeempregosp.com.br\/?s={search_term_string}"},"query-input":{"@type":"PropertyValueSpecification","valueRequired":true,"valueName":"search_term_string"}}],"inLanguage":"es"},{"@type":"Person","@id":"https:\/\/www.vagadeempregosp.com.br\/#\/schema\/person\/15cdff8822aa2f27a8a65ee7bbfe7ce6","name":"Michele","image":{"@type":"ImageObject","inLanguage":"es","@id":"https:\/\/secure.gravatar.com\/avatar\/6b0eb9d22841282815e2cd856a0061c45e1761cd54b22e952d98c4746939aa85?s=96&r=g","url":"https:\/\/secure.gravatar.com\/avatar\/6b0eb9d22841282815e2cd856a0061c45e1761cd54b22e952d98c4746939aa85?s=96&r=g","contentUrl":"https:\/\/secure.gravatar.com\/avatar\/6b0eb9d22841282815e2cd856a0061c45e1761cd54b22e952d98c4746939aa85?s=96&r=g","caption":"Michele"},"description":"Graduada en Lenguas - Portugu\u00e9s\/Ingl\u00e9s, y creadora del sitio Escritora de Sucesso, busca ampliar el conocimiento de todos con informaciones relevantes sobre diversos temas, como escritora. En Vaga de Emprego SP, ofrece oportunidades y consejos sobre el mercado laboral.","url":"https:\/\/www.vagadeempregosp.com.br\/es\/author\/michele\/"}]}},"_links":{"self":[{"href":"https:\/\/www.vagadeempregosp.com.br\/es\/wp-json\/wp\/v2\/posts\/18977","targetHints":{"allow":["GET"]}}],"collection":[{"href":"https:\/\/www.vagadeempregosp.com.br\/es\/wp-json\/wp\/v2\/posts"}],"about":[{"href":"https:\/\/www.vagadeempregosp.com.br\/es\/wp-json\/wp\/v2\/types\/post"}],"author":[{"embeddable":true,"href":"https:\/\/www.vagadeempregosp.com.br\/es\/wp-json\/wp\/v2\/users\/11"}],"replies":[{"embeddable":true,"href":"https:\/\/www.vagadeempregosp.com.br\/es\/wp-json\/wp\/v2\/comments?post=18977"}],"version-history":[{"count":7,"href":"https:\/\/www.vagadeempregosp.com.br\/es\/wp-json\/wp\/v2\/posts\/18977\/revisions"}],"predecessor-version":[{"id":23002,"href":"https:\/\/www.vagadeempregosp.com.br\/es\/wp-json\/wp\/v2\/posts\/18977\/revisions\/23002"}],"wp:featuredmedia":[{"embeddable":true,"href":"https:\/\/www.vagadeempregosp.com.br\/es\/wp-json\/wp\/v2\/media\/18982"}],"wp:attachment":[{"href":"https:\/\/www.vagadeempregosp.com.br\/es\/wp-json\/wp\/v2\/media?parent=18977"}],"wp:term":[{"taxonomy":"category","embeddable":true,"href":"https:\/\/www.vagadeempregosp.com.br\/es\/wp-json\/wp\/v2\/categories?post=18977"},{"taxonomy":"post_tag","embeddable":true,"href":"https:\/\/www.vagadeempregosp.com.br\/es\/wp-json\/wp\/v2\/tags?post=18977"}],"curies":[{"name":"wp","href":"https:\/\/api.w.org\/{rel}","templated":true}]}}