{"id":18956,"date":"2023-07-07T00:01:00","date_gmt":"2023-07-07T03:01:00","guid":{"rendered":"https:\/\/www.vagadeempregosp.com.br\/?p=18956"},"modified":"2023-06-28T15:52:26","modified_gmt":"2023-06-28T18:52:26","slug":"araujo-farmacia-empleo","status":"publish","type":"post","link":"https:\/\/www.vagadeempregosp.com.br\/es\/empregos-drogaria-araujo\/","title":{"rendered":"Dependiente, Gestor, Subdirector, Analistas, Pr\u00e1cticas y mucho m\u00e1s en Drogaria Ara\u00fajo"},"content":{"rendered":"<p>Actualizado<\/p>\n\n\n<div class=\"wp-block-post-date\"><time datetime=\"2023-07-07T00:01:00-03:00\">07\/07\/2023<\/time><\/div>\n\n\n<p>En <strong>Empleo en Drogaria Ara\u00fajo<\/strong> se destacan en el mercado laboral debido a los beneficios ofrecidos por la empresa. Es la mayor cadena de farmacias de Minas Gerais, sin\u00f3nimo de confianza y comodidad en la vida de los mineros. Esta historia de \u00e9xito, que comenz\u00f3 en 1906, es tambi\u00e9n una historia de esp\u00edritu pionero y compromiso con el cliente. Cuando se trata de innovaci\u00f3n y servicios que mejoran su vida, la empresa est\u00e1 siempre en primer lugar. Est\u00e1n acelerando su expansi\u00f3n y buscando nuevos talentos que quieran crecer con la empresa. Su objetivo es encontrar profesionales totalmente centrados en su asesoramiento para innovar continuamente y superar las expectativas de los clientes.<\/p>\n\n\n\n<figure class=\"wp-block-image size-large\"><img loading=\"lazy\" decoding=\"async\" width=\"1024\" height=\"532\" src=\"https:\/\/www.vagadeempregosp.com.br\/wp-content\/uploads\/2022\/11\/Empregos-drogaria-araujo-1024x532.jpg\" alt=\"Trabajos en farmacia Araujo\" class=\"wp-image-18963\" srcset=\"https:\/\/www.vagadeempregosp.com.br\/wp-content\/uploads\/2022\/11\/Empregos-drogaria-araujo-1024x532.jpg 1024w, https:\/\/www.vagadeempregosp.com.br\/wp-content\/uploads\/2022\/11\/Empregos-drogaria-araujo-300x156.jpg 300w, https:\/\/www.vagadeempregosp.com.br\/wp-content\/uploads\/2022\/11\/Empregos-drogaria-araujo-768x399.jpg 768w, https:\/\/www.vagadeempregosp.com.br\/wp-content\/uploads\/2022\/11\/Empregos-drogaria-araujo-1536x799.jpg 1536w, https:\/\/www.vagadeempregosp.com.br\/wp-content\/uploads\/2022\/11\/Empregos-drogaria-araujo.jpg 1600w\" sizes=\"auto, (max-width: 1024px) 100vw, 1024px\" \/><figcaption class=\"wp-element-caption\">Imagen: Drogaria Araujo - Reproducci\u00f3n<\/figcaption><\/figure>\n\n\n\n<h2 class=\"wp-block-heading\">Descubra las ofertas de empleo de Drogaria Ara\u00fajo<\/h2>\n\n\n\n<p>Las vacantes est\u00e1n dirigidas a residentes en el estado de Minas Gerais y hay oportunidades para estudiantes en pr\u00e1cticas de gesti\u00f3n comercial, administraci\u00f3n, ingenier\u00eda de producci\u00f3n o \u00e1reas afines. Consulte todos los puestos a continuaci\u00f3n:<\/p>\n\n\n\n<ul class=\"wp-block-list\">\n<li>Ana. Comercial (fijaci\u00f3n de precios);<\/li>\n\n\n\n<li>Pr\u00e1cticas administrativas;<\/li>\n\n\n\n<li>Director farmac\u00e9utico;<\/li>\n\n\n\n<li>Analista s\u00e9nior de sistemas;<\/li>\n\n\n\n<li>Consultor de Gesti\u00f3n de Personas;<\/li>\n\n\n\n<li>Subdirector de tienda;<\/li>\n\n\n\n<li>Director farmac\u00e9utico;<\/li>\n\n\n\n<li>Dependienta;<\/li>\n\n\n\n<li>Subdirector de Farmacia.<\/li>\n<\/ul>\n\n\n\n<h3 class=\"wp-block-heading\">C\u00f3mo solicitarlo<\/h3>\n\n\n\n<p>Si desea enviar su CV para una de las oportunidades mencionadas, dir\u00edjase al sitio donde se realiza la selecci\u00f3n. S\u00f3lo tiene que seguir el siguiente enlace:<\/p>\n\n\n\n<ul class=\"wp-block-list\">\n<li><a href=\"https:\/\/trabalheconosco.vagas.com.br\/drogaria-araujo\">Farmacia Ara\u00fajo<\/a>.<\/li>\n<\/ul>\n\n\n\n<p>&nbsp;Despu\u00e9s, busca el puesto que te interesa y lee atentamente todos los requisitos para asegurarte de que se adapta a tu perfil profesional, ya que la mayor\u00eda de ellos piden experiencia en el puesto, entre otros requisitos. Si eres compatible, reg\u00edstrate en la p\u00e1gina si a\u00fan no tienes una, o inicia sesi\u00f3n si ya la tienes.<\/p>\n\n\n\n<p>Si no hay ninguna oportunidad especificada, rellene el formulario e introduzca todos sus datos personales para que la empresa pueda ponerse en contacto con usted.<\/p>\n\n\n\n<p>El d\u00eda de la entrevista, es esencial prepararse. En general, se pide al candidato que realice un test de portugu\u00e9s y matem\u00e1ticas, as\u00ed como algunas din\u00e1micas de grupo. El entrevistador tambi\u00e9n puede preguntar cu\u00e1les son sus defectos y cualidades, por qu\u00e9 quiere entrar en la empresa, cu\u00e1les son sus expectativas salariales, entre otras cuestiones.<\/p>\n\n\n\n<h2 class=\"wp-block-heading\">Sobre Drogaria Ara\u00fajo<\/h2>\n\n\n\n<p>Su historia comenz\u00f3 en Belo Horizonte en 1906, una historia de esp\u00edritu pionero, innovaci\u00f3n y compromiso con los clientes. El primer turno de 24 horas en la capital de Minas Gerais, el primer telemarketing, la primera farmacia del pa\u00eds en ofrecer un drive-thru, el primer modelo de farmacia.<\/p>\n\n\n\n<p>Hoy, con m\u00e1s de 240 tiendas en el estado de Minas Gerais, la empresa ocupa el primer lugar cuando se trata de proporcionar innovaciones que mejoran la vida de nuestros empleados, clientes y socios. Est\u00e1n en expansi\u00f3n y transformaci\u00f3n digital y siempre est\u00e1n buscando nuevos talentos que quieran crecer con ellos y su equipo. Buscan profesionales que est\u00e9n alineados con su misi\u00f3n de satisfacer las necesidades de sus clientes y que tengan una visi\u00f3n y unos valores que sean referencia en los mercados en los que operan con \u00e9tica, responsabilidad y seriedad, buscando siempre mejores resultados.<\/p>\n\n\n\n<p>Si te gusta trabajar en equipo y te inspira un entorno estimulante con metas y objetivos que exigen una mejora continua, \u00a1presenta tu candidatura y \u00fanete a este equipo!<\/p>","protected":false},"excerpt":{"rendered":"<p>Atualizado em Os Empregos Drogaria Ara\u00fajo t\u00eam destaque no mercado de trabalho em raz\u00e3o dos benef\u00edcios oferecidos pela empresa. Ela \u00e9 maior rede de farm\u00e1cias de Minas Gerais, \u00e9 sin\u00f4nimo de confian\u00e7a e comodidade na vida do povo mineiro. Esta hist\u00f3ria de sucesso que come\u00e7ou em 1906 \u00e9 tamb\u00e9m uma hist\u00f3ria de pioneirismo e compromisso&hellip;&nbsp;<\/p>","protected":false},"author":11,"featured_media":18963,"comment_status":"open","ping_status":"closed","sticky":false,"template":"","format":"standard","meta":{"neve_meta_sidebar":"","neve_meta_container":"","neve_meta_enable_content_width":"","neve_meta_content_width":0,"neve_meta_title_alignment":"","neve_meta_author_avatar":"","neve_post_elements_order":"","neve_meta_disable_header":"","neve_meta_disable_footer":"","neve_meta_disable_title":"","footnotes":""},"categories":[43],"tags":[165,79,78],"class_list":["post-18956","post","type-post","status-publish","format-standard","has-post-thumbnail","hentry","category-vagas-nacionais","tag-drogaria-araujo","tag-oportunidades","tag-vagas-de-emprego"],"yoast_head":"<!-- This site is optimized with the Yoast SEO plugin v27.5 - https:\/\/yoast.com\/product\/yoast-seo-wordpress\/ -->\n<title>Fiscal de Loja, Gerente, Sub Gerente, Analistas, Est\u00e1gios e muito mais na Empresa Drogaria Ara\u00fajo - Transformando Vidas com Tecnologia, Informa\u00e7\u00e3o e Oportunidades: Explore Nossa Jornada de Crescimento<\/title>\n<meta name=\"robots\" content=\"index, follow, max-snippet:-1, max-image-preview:large, max-video-preview:-1\" \/>\n<link rel=\"canonical\" href=\"https:\/\/www.vagadeempregosp.com.br\/es\/araujo-farmacia-empleo\/\" \/>\n<meta property=\"og:locale\" content=\"es_ES\" \/>\n<meta property=\"og:type\" content=\"article\" \/>\n<meta property=\"og:title\" content=\"Fiscal de Loja, Gerente, Sub Gerente, Analistas, Est\u00e1gios e muito mais na Empresa Drogaria Ara\u00fajo - Transformando Vidas com Tecnologia, Informa\u00e7\u00e3o e Oportunidades: Explore Nossa Jornada de Crescimento\" \/>\n<meta property=\"og:description\" content=\"Atualizado em Os Empregos Drogaria Ara\u00fajo t\u00eam destaque no mercado de trabalho em raz\u00e3o dos benef\u00edcios oferecidos pela empresa. Ela \u00e9 maior rede de farm\u00e1cias de Minas Gerais, \u00e9 sin\u00f4nimo de confian\u00e7a e comodidade na vida do povo mineiro. Esta hist\u00f3ria de sucesso que come\u00e7ou em 1906 \u00e9 tamb\u00e9m uma hist\u00f3ria de pioneirismo e compromisso&hellip;&nbsp;\" \/>\n<meta property=\"og:url\" content=\"https:\/\/www.vagadeempregosp.com.br\/es\/araujo-farmacia-empleo\/\" \/>\n<meta property=\"og:site_name\" content=\"Transformando Vidas com Tecnologia, Informa\u00e7\u00e3o e Oportunidades: Explore Nossa Jornada de Crescimento\" \/>\n<meta property=\"article:published_time\" content=\"2023-07-07T03:01:00+00:00\" \/>\n<meta property=\"og:image\" content=\"https:\/\/www.vagadeempregosp.com.br\/wp-content\/uploads\/2022\/11\/Empregos-drogaria-araujo.jpg\" \/>\n\t<meta property=\"og:image:width\" content=\"1600\" \/>\n\t<meta property=\"og:image:height\" content=\"832\" \/>\n\t<meta property=\"og:image:type\" content=\"image\/jpeg\" \/>\n<meta name=\"author\" content=\"Michele\" \/>\n<meta name=\"twitter:card\" content=\"summary_large_image\" \/>\n<meta name=\"twitter:label1\" content=\"Escrito por\" \/>\n\t<meta name=\"twitter:data1\" content=\"Michele\" \/>\n\t<meta name=\"twitter:label2\" content=\"Tiempo de lectura\" \/>\n\t<meta name=\"twitter:data2\" content=\"3 minutos\" \/>\n<script type=\"application\/ld+json\" class=\"yoast-schema-graph\">{\"@context\":\"https:\\\/\\\/schema.org\",\"@graph\":[{\"@type\":\"Article\",\"@id\":\"https:\\\/\\\/www.vagadeempregosp.com.br\\\/empregos-drogaria-araujo\\\/#article\",\"isPartOf\":{\"@id\":\"https:\\\/\\\/www.vagadeempregosp.com.br\\\/empregos-drogaria-araujo\\\/\"},\"author\":{\"name\":\"Michele\",\"@id\":\"https:\\\/\\\/www.vagadeempregosp.com.br\\\/#\\\/schema\\\/person\\\/15cdff8822aa2f27a8a65ee7bbfe7ce6\"},\"headline\":\"Fiscal de Loja, Gerente, Sub Gerente, Analistas, Est\u00e1gios e muito mais na Empresa Drogaria Ara\u00fajo\",\"datePublished\":\"2023-07-07T03:01:00+00:00\",\"mainEntityOfPage\":{\"@id\":\"https:\\\/\\\/www.vagadeempregosp.com.br\\\/empregos-drogaria-araujo\\\/\"},\"wordCount\":592,\"commentCount\":0,\"image\":{\"@id\":\"https:\\\/\\\/www.vagadeempregosp.com.br\\\/empregos-drogaria-araujo\\\/#primaryimage\"},\"thumbnailUrl\":\"https:\\\/\\\/www.vagadeempregosp.com.br\\\/wp-content\\\/uploads\\\/2022\\\/11\\\/Empregos-drogaria-araujo.jpg\",\"keywords\":[\"Drogaria Araujo\",\"oportunidades\",\"vagas de emprego\"],\"articleSection\":[\"Vagas de Emprego Nacionais\"],\"inLanguage\":\"es\",\"potentialAction\":[{\"@type\":\"CommentAction\",\"name\":\"Comment\",\"target\":[\"https:\\\/\\\/www.vagadeempregosp.com.br\\\/empregos-drogaria-araujo\\\/#respond\"]}]},{\"@type\":\"WebPage\",\"@id\":\"https:\\\/\\\/www.vagadeempregosp.com.br\\\/empregos-drogaria-araujo\\\/\",\"url\":\"https:\\\/\\\/www.vagadeempregosp.com.br\\\/empregos-drogaria-araujo\\\/\",\"name\":\"Fiscal de Loja, Gerente, Sub Gerente, Analistas, Est\u00e1gios e muito mais na Empresa Drogaria Ara\u00fajo - Transformando Vidas com Tecnologia, Informa\u00e7\u00e3o e Oportunidades: Explore Nossa Jornada de Crescimento\",\"isPartOf\":{\"@id\":\"https:\\\/\\\/www.vagadeempregosp.com.br\\\/#website\"},\"primaryImageOfPage\":{\"@id\":\"https:\\\/\\\/www.vagadeempregosp.com.br\\\/empregos-drogaria-araujo\\\/#primaryimage\"},\"image\":{\"@id\":\"https:\\\/\\\/www.vagadeempregosp.com.br\\\/empregos-drogaria-araujo\\\/#primaryimage\"},\"thumbnailUrl\":\"https:\\\/\\\/www.vagadeempregosp.com.br\\\/wp-content\\\/uploads\\\/2022\\\/11\\\/Empregos-drogaria-araujo.jpg\",\"datePublished\":\"2023-07-07T03:01:00+00:00\",\"author\":{\"@id\":\"https:\\\/\\\/www.vagadeempregosp.com.br\\\/#\\\/schema\\\/person\\\/15cdff8822aa2f27a8a65ee7bbfe7ce6\"},\"breadcrumb\":{\"@id\":\"https:\\\/\\\/www.vagadeempregosp.com.br\\\/empregos-drogaria-araujo\\\/#breadcrumb\"},\"inLanguage\":\"es\",\"potentialAction\":[{\"@type\":\"ReadAction\",\"target\":[\"https:\\\/\\\/www.vagadeempregosp.com.br\\\/empregos-drogaria-araujo\\\/\"]}]},{\"@type\":\"ImageObject\",\"inLanguage\":\"es\",\"@id\":\"https:\\\/\\\/www.vagadeempregosp.com.br\\\/empregos-drogaria-araujo\\\/#primaryimage\",\"url\":\"https:\\\/\\\/www.vagadeempregosp.com.br\\\/wp-content\\\/uploads\\\/2022\\\/11\\\/Empregos-drogaria-araujo.jpg\",\"contentUrl\":\"https:\\\/\\\/www.vagadeempregosp.com.br\\\/wp-content\\\/uploads\\\/2022\\\/11\\\/Empregos-drogaria-araujo.jpg\",\"width\":1600,\"height\":832,\"caption\":\"Imagem: Drogaria Araujo - Reprodu\u00e7\u00e3o\"},{\"@type\":\"BreadcrumbList\",\"@id\":\"https:\\\/\\\/www.vagadeempregosp.com.br\\\/empregos-drogaria-araujo\\\/#breadcrumb\",\"itemListElement\":[{\"@type\":\"ListItem\",\"position\":1,\"name\":\"In\u00edcio\",\"item\":\"https:\\\/\\\/www.vagadeempregosp.com.br\\\/\"},{\"@type\":\"ListItem\",\"position\":2,\"name\":\"Vagas de Emprego Nacionais\",\"item\":\"https:\\\/\\\/www.vagadeempregosp.com.br\\\/category\\\/vagas-nacionais\\\/\"},{\"@type\":\"ListItem\",\"position\":3,\"name\":\"Fiscal de Loja, Gerente, Sub Gerente, Analistas, Est\u00e1gios e muito mais na Empresa Drogaria Ara\u00fajo\"}]},{\"@type\":\"WebSite\",\"@id\":\"https:\\\/\\\/www.vagadeempregosp.com.br\\\/#website\",\"url\":\"https:\\\/\\\/www.vagadeempregosp.com.br\\\/\",\"name\":\"Transformando Vidas com Tecnologia, Informa\u00e7\u00e3o e Oportunidades: Explore Nossa Jornada de Crescimento\",\"description\":\"Transformando Vidas com Tecnologia, Informa\u00e7\u00e3o e Oportunidades: Explore Nossa Jornada de Crescimento\",\"potentialAction\":[{\"@type\":\"SearchAction\",\"target\":{\"@type\":\"EntryPoint\",\"urlTemplate\":\"https:\\\/\\\/www.vagadeempregosp.com.br\\\/?s={search_term_string}\"},\"query-input\":{\"@type\":\"PropertyValueSpecification\",\"valueRequired\":true,\"valueName\":\"search_term_string\"}}],\"inLanguage\":\"es\"},{\"@type\":\"Person\",\"@id\":\"https:\\\/\\\/www.vagadeempregosp.com.br\\\/#\\\/schema\\\/person\\\/15cdff8822aa2f27a8a65ee7bbfe7ce6\",\"name\":\"Michele\",\"image\":{\"@type\":\"ImageObject\",\"inLanguage\":\"es\",\"@id\":\"https:\\\/\\\/secure.gravatar.com\\\/avatar\\\/6b0eb9d22841282815e2cd856a0061c45e1761cd54b22e952d98c4746939aa85?s=96&r=g\",\"url\":\"https:\\\/\\\/secure.gravatar.com\\\/avatar\\\/6b0eb9d22841282815e2cd856a0061c45e1761cd54b22e952d98c4746939aa85?s=96&r=g\",\"contentUrl\":\"https:\\\/\\\/secure.gravatar.com\\\/avatar\\\/6b0eb9d22841282815e2cd856a0061c45e1761cd54b22e952d98c4746939aa85?s=96&r=g\",\"caption\":\"Michele\"},\"description\":\"Formada em Letras - Portugu\u00eas\\\/ Ingl\u00eas, e idealizadora do site Escritora de Sucesso, busca expandir o conhecimento de todos com informa\u00e7\u00f5es relevantes sobre diversos assuntos, enquanto redatora. No Vaga de Emprego SP, traz oportunidades e dicas sobre o mercado de trabalho.\",\"url\":\"https:\\\/\\\/www.vagadeempregosp.com.br\\\/es\\\/author\\\/michele\\\/\"}]}<\/script>\n<!-- \/ Yoast SEO plugin. -->","yoast_head_json":{"title":"Dependiente, Gestor, Ayudante de Gestor, Analistas, Pr\u00e1cticas y m\u00e1s en Drogaria Ara\u00fajo - Transformando vidas con tecnolog\u00eda, informaci\u00f3n y oportunidades: Explore Nuestro Viaje de Crecimiento","robots":{"index":"index","follow":"follow","max-snippet":"max-snippet:-1","max-image-preview":"max-image-preview:large","max-video-preview":"max-video-preview:-1"},"canonical":"https:\/\/www.vagadeempregosp.com.br\/es\/araujo-farmacia-empleo\/","og_locale":"es_ES","og_type":"article","og_title":"Fiscal de Loja, Gerente, Sub Gerente, Analistas, Est\u00e1gios e muito mais na Empresa Drogaria Ara\u00fajo - Transformando Vidas com Tecnologia, Informa\u00e7\u00e3o e Oportunidades: Explore Nossa Jornada de Crescimento","og_description":"Atualizado em Os Empregos Drogaria Ara\u00fajo t\u00eam destaque no mercado de trabalho em raz\u00e3o dos benef\u00edcios oferecidos pela empresa. Ela \u00e9 maior rede de farm\u00e1cias de Minas Gerais, \u00e9 sin\u00f4nimo de confian\u00e7a e comodidade na vida do povo mineiro. Esta hist\u00f3ria de sucesso que come\u00e7ou em 1906 \u00e9 tamb\u00e9m uma hist\u00f3ria de pioneirismo e compromisso&hellip;&nbsp;","og_url":"https:\/\/www.vagadeempregosp.com.br\/es\/araujo-farmacia-empleo\/","og_site_name":"Transformando Vidas com Tecnologia, Informa\u00e7\u00e3o e Oportunidades: Explore Nossa Jornada de Crescimento","article_published_time":"2023-07-07T03:01:00+00:00","og_image":[{"width":1600,"height":832,"url":"https:\/\/www.vagadeempregosp.com.br\/wp-content\/uploads\/2022\/11\/Empregos-drogaria-araujo.jpg","type":"image\/jpeg"}],"author":"Michele","twitter_card":"summary_large_image","twitter_misc":{"Escrito por":"Michele","Tiempo de lectura":"3 minutos"},"schema":{"@context":"https:\/\/schema.org","@graph":[{"@type":"Article","@id":"https:\/\/www.vagadeempregosp.com.br\/empregos-drogaria-araujo\/#article","isPartOf":{"@id":"https:\/\/www.vagadeempregosp.com.br\/empregos-drogaria-araujo\/"},"author":{"name":"Michele","@id":"https:\/\/www.vagadeempregosp.com.br\/#\/schema\/person\/15cdff8822aa2f27a8a65ee7bbfe7ce6"},"headline":"Fiscal de Loja, Gerente, Sub Gerente, Analistas, Est\u00e1gios e muito mais na Empresa Drogaria Ara\u00fajo","datePublished":"2023-07-07T03:01:00+00:00","mainEntityOfPage":{"@id":"https:\/\/www.vagadeempregosp.com.br\/empregos-drogaria-araujo\/"},"wordCount":592,"commentCount":0,"image":{"@id":"https:\/\/www.vagadeempregosp.com.br\/empregos-drogaria-araujo\/#primaryimage"},"thumbnailUrl":"https:\/\/www.vagadeempregosp.com.br\/wp-content\/uploads\/2022\/11\/Empregos-drogaria-araujo.jpg","keywords":["Drogaria Araujo","oportunidades","vagas de emprego"],"articleSection":["Vagas de Emprego Nacionais"],"inLanguage":"es","potentialAction":[{"@type":"CommentAction","name":"Comment","target":["https:\/\/www.vagadeempregosp.com.br\/empregos-drogaria-araujo\/#respond"]}]},{"@type":"WebPage","@id":"https:\/\/www.vagadeempregosp.com.br\/empregos-drogaria-araujo\/","url":"https:\/\/www.vagadeempregosp.com.br\/empregos-drogaria-araujo\/","name":"Dependiente, Gestor, Ayudante de Gestor, Analistas, Pr\u00e1cticas y m\u00e1s en Drogaria Ara\u00fajo - Transformando vidas con tecnolog\u00eda, informaci\u00f3n y oportunidades: Explore Nuestro Viaje de Crecimiento","isPartOf":{"@id":"https:\/\/www.vagadeempregosp.com.br\/#website"},"primaryImageOfPage":{"@id":"https:\/\/www.vagadeempregosp.com.br\/empregos-drogaria-araujo\/#primaryimage"},"image":{"@id":"https:\/\/www.vagadeempregosp.com.br\/empregos-drogaria-araujo\/#primaryimage"},"thumbnailUrl":"https:\/\/www.vagadeempregosp.com.br\/wp-content\/uploads\/2022\/11\/Empregos-drogaria-araujo.jpg","datePublished":"2023-07-07T03:01:00+00:00","author":{"@id":"https:\/\/www.vagadeempregosp.com.br\/#\/schema\/person\/15cdff8822aa2f27a8a65ee7bbfe7ce6"},"breadcrumb":{"@id":"https:\/\/www.vagadeempregosp.com.br\/empregos-drogaria-araujo\/#breadcrumb"},"inLanguage":"es","potentialAction":[{"@type":"ReadAction","target":["https:\/\/www.vagadeempregosp.com.br\/empregos-drogaria-araujo\/"]}]},{"@type":"ImageObject","inLanguage":"es","@id":"https:\/\/www.vagadeempregosp.com.br\/empregos-drogaria-araujo\/#primaryimage","url":"https:\/\/www.vagadeempregosp.com.br\/wp-content\/uploads\/2022\/11\/Empregos-drogaria-araujo.jpg","contentUrl":"https:\/\/www.vagadeempregosp.com.br\/wp-content\/uploads\/2022\/11\/Empregos-drogaria-araujo.jpg","width":1600,"height":832,"caption":"Imagem: Drogaria Araujo - Reprodu\u00e7\u00e3o"},{"@type":"BreadcrumbList","@id":"https:\/\/www.vagadeempregosp.com.br\/empregos-drogaria-araujo\/#breadcrumb","itemListElement":[{"@type":"ListItem","position":1,"name":"In\u00edcio","item":"https:\/\/www.vagadeempregosp.com.br\/"},{"@type":"ListItem","position":2,"name":"Vagas de Emprego Nacionais","item":"https:\/\/www.vagadeempregosp.com.br\/category\/vagas-nacionais\/"},{"@type":"ListItem","position":3,"name":"Fiscal de Loja, Gerente, Sub Gerente, Analistas, Est\u00e1gios e muito mais na Empresa Drogaria Ara\u00fajo"}]},{"@type":"WebSite","@id":"https:\/\/www.vagadeempregosp.com.br\/#website","url":"https:\/\/www.vagadeempregosp.com.br\/","name":"Transformar vidas con tecnolog\u00eda, informaci\u00f3n y oportunidades: Explore nuestro viaje de crecimiento","description":"Transformar vidas con tecnolog\u00eda, informaci\u00f3n y oportunidades: Explore nuestro viaje de crecimiento","potentialAction":[{"@type":"SearchAction","target":{"@type":"EntryPoint","urlTemplate":"https:\/\/www.vagadeempregosp.com.br\/?s={search_term_string}"},"query-input":{"@type":"PropertyValueSpecification","valueRequired":true,"valueName":"search_term_string"}}],"inLanguage":"es"},{"@type":"Person","@id":"https:\/\/www.vagadeempregosp.com.br\/#\/schema\/person\/15cdff8822aa2f27a8a65ee7bbfe7ce6","name":"Michele","image":{"@type":"ImageObject","inLanguage":"es","@id":"https:\/\/secure.gravatar.com\/avatar\/6b0eb9d22841282815e2cd856a0061c45e1761cd54b22e952d98c4746939aa85?s=96&r=g","url":"https:\/\/secure.gravatar.com\/avatar\/6b0eb9d22841282815e2cd856a0061c45e1761cd54b22e952d98c4746939aa85?s=96&r=g","contentUrl":"https:\/\/secure.gravatar.com\/avatar\/6b0eb9d22841282815e2cd856a0061c45e1761cd54b22e952d98c4746939aa85?s=96&r=g","caption":"Michele"},"description":"Graduada en Lenguas - Portugu\u00e9s\/Ingl\u00e9s, y creadora del sitio Escritora de Sucesso, busca ampliar el conocimiento de todos con informaciones relevantes sobre diversos temas, como escritora. En Vaga de Emprego SP, ofrece oportunidades y consejos sobre el mercado laboral.","url":"https:\/\/www.vagadeempregosp.com.br\/es\/author\/michele\/"}]}},"_links":{"self":[{"href":"https:\/\/www.vagadeempregosp.com.br\/es\/wp-json\/wp\/v2\/posts\/18956","targetHints":{"allow":["GET"]}}],"collection":[{"href":"https:\/\/www.vagadeempregosp.com.br\/es\/wp-json\/wp\/v2\/posts"}],"about":[{"href":"https:\/\/www.vagadeempregosp.com.br\/es\/wp-json\/wp\/v2\/types\/post"}],"author":[{"embeddable":true,"href":"https:\/\/www.vagadeempregosp.com.br\/es\/wp-json\/wp\/v2\/users\/11"}],"replies":[{"embeddable":true,"href":"https:\/\/www.vagadeempregosp.com.br\/es\/wp-json\/wp\/v2\/comments?post=18956"}],"version-history":[{"count":6,"href":"https:\/\/www.vagadeempregosp.com.br\/es\/wp-json\/wp\/v2\/posts\/18956\/revisions"}],"predecessor-version":[{"id":20924,"href":"https:\/\/www.vagadeempregosp.com.br\/es\/wp-json\/wp\/v2\/posts\/18956\/revisions\/20924"}],"wp:featuredmedia":[{"embeddable":true,"href":"https:\/\/www.vagadeempregosp.com.br\/es\/wp-json\/wp\/v2\/media\/18963"}],"wp:attachment":[{"href":"https:\/\/www.vagadeempregosp.com.br\/es\/wp-json\/wp\/v2\/media?parent=18956"}],"wp:term":[{"taxonomy":"category","embeddable":true,"href":"https:\/\/www.vagadeempregosp.com.br\/es\/wp-json\/wp\/v2\/categories?post=18956"},{"taxonomy":"post_tag","embeddable":true,"href":"https:\/\/www.vagadeempregosp.com.br\/es\/wp-json\/wp\/v2\/tags?post=18956"}],"curies":[{"name":"wp","href":"https:\/\/api.w.org\/{rel}","templated":true}]}}