{"id":18938,"date":"2023-07-07T03:52:00","date_gmt":"2023-07-07T06:52:00","guid":{"rendered":"https:\/\/www.vagadeempregosp.com.br\/?p=18938"},"modified":"2023-06-28T15:54:42","modified_gmt":"2023-06-28T18:54:42","slug":"empleo-en-alfa-education","status":"publish","type":"post","link":"https:\/\/www.vagadeempregosp.com.br\/es\/empregos-alfa-rede-de-ensino\/","title":{"rendered":"Portero, Auxiliar de Servicios Generales, Joven Aprendiz y mucho m\u00e1s en Alfa Rede de Ensino"},"content":{"rendered":"<p>Actualizado<\/p>\n\n\n<div class=\"wp-block-post-date\"><time datetime=\"2023-07-07T03:52:00-03:00\">07\/07\/2023<\/time><\/div>\n\n\n<p>En<strong> Alfa Education Network Empleo <\/strong>ofrecen a los nuevos empleados salarios fijos en l\u00ednea con la media del mercado, as\u00ed como diversos beneficios incluidos en el contrato de trabajo. La red Alfa es una de las mayores instituciones de ense\u00f1anza de Brasil y cuenta con unidades en todo el pa\u00eds, ofreciendo oportunidades permanentes, temporales, de pr\u00e1cticas y de j\u00f3venes aprendices.&nbsp;<\/p>\n\n\n\n<figure class=\"wp-block-image size-full\"><img loading=\"lazy\" decoding=\"async\" width=\"224\" height=\"224\" src=\"https:\/\/www.vagadeempregosp.com.br\/wp-content\/uploads\/2022\/11\/Alfa-Rede-de-Ensino.png\" alt=\"Red de Educaci\u00f3n Alfa\" class=\"wp-image-18940\" srcset=\"https:\/\/www.vagadeempregosp.com.br\/wp-content\/uploads\/2022\/11\/Alfa-Rede-de-Ensino.png 224w, https:\/\/www.vagadeempregosp.com.br\/wp-content\/uploads\/2022\/11\/Alfa-Rede-de-Ensino-150x150.png 150w\" sizes=\"auto, (max-width: 224px) 100vw, 224px\" \/><figcaption class=\"wp-element-caption\">Imagen: Alfa Rede de Ensino - Reproducci\u00f3n<\/figcaption><\/figure>\n\n\n\n<h2 class=\"wp-block-heading\">Consulte las ofertas de empleo de Alfa Rede de Ensino&nbsp;<\/h2>\n\n\n\n<p>Si vives cerca de los centros de contrataci\u00f3n, tus posibilidades de ser contratado por Alfa aumentan considerablemente. La empresa tiene centros en varias ciudades de Brasil. Los interesados deben identificarse con la cultura de la empresa y cumplir los requisitos m\u00ednimos del \u00e1rea deseada.&nbsp;<\/p>\n\n\n\n<p>La empresa busca nuevos talentos que se identifiquen con su cultura, adem\u00e1s de cumplir los criterios m\u00ednimos para el puesto elegido. Actualmente, la empresa ofrece puestos fijos, oportunidades para j\u00f3venes aprendices, pr\u00e1cticas y un banco de talentos, que estar\u00e1 disponible para que los profesionales que no encuentren una oportunidad que se ajuste a su perfil puedan optar a futuras vacantes. Estos son algunos de los puestos que se pueden cubrir:<\/p>\n\n\n\n<ul class=\"wp-block-list\">\n<li>Vacante de Portero - Palho\u00e7a\/SC;<\/li>\n\n\n\n<li>Supervisores de Personas y Gesti\u00f3n - Business Partner - Florian\u00f3polis\/SC;<\/li>\n\n\n\n<li>Joven Aprendiz - Cascavel;<\/li>\n\n\n\n<li>Asistente de Servicios Generales - Blumenau;<\/li>\n\n\n\n<li>Analistas de Personas y Gesti\u00f3n Business Partner - S\u00e3o Jos\u00e9 dos Pinhais\/PR;<\/li>\n\n\n\n<li>Agente de matriculaci\u00f3n (vacante temporal) - Francisco Beltr\u00e3o.&nbsp;<\/li>\n<\/ul>\n\n\n\n<h3 class=\"wp-block-heading\">C\u00f3mo solicitarlo&nbsp;<\/h3>\n\n\n\n<p>Para ser uno de los nuevos empleados de Alfa Rede de Ensino, hay que comprobar algunos criterios. La empresa publica vacantes con frecuencia, por lo que si no encuentras una oportunidad que se ajuste a tu CV, puedes volver a buscar m\u00e1s adelante, ya que el enlace permanecer\u00e1 activo por tiempo indefinido.&nbsp;<\/p>\n\n\n\n<p>Para consultar todas las instrucciones y vacantes disponibles, s\u00f3lo tiene que visitar el sitio web:<\/p>\n\n\n\n<ul class=\"wp-block-list\">\n<li><a href=\"https:\/\/alfarededeensino.gupy.io\">Carreiras Alfa Rede de Ensino;<\/a><\/li>\n<\/ul>\n\n\n\n<p>Adem\u00e1s de salarios compatibles, la empresa ofrece a sus nuevos empleados una serie de prestaciones, como seguro m\u00e9dico y dental, <em>d\u00eda libre <\/em>en el mes del aniversario, oportunidades de desarrollo profesional y muchas otras. Alfa tambi\u00e9n valora la inclusi\u00f3n y la diversidad, todas sus vacantes son elegibles para personas con discapacidad, independientemente de su color, raza, g\u00e9nero u orientaci\u00f3n sexual, todos son bienvenidos a participar en la selecci\u00f3n.&nbsp;<\/p>\n\n\n\n<p><strong>V\u00e9ase tambi\u00e9n: <a href=\"https:\/\/www.vagadeempregosp.com.br\/es\/weg-jobs-2\/\">Operario de producci\u00f3n, operario de mecanizado, aprendiz, pr\u00e1cticas y mucho m\u00e1s en WEG<\/a><\/strong><\/p>\n\n\n\n<h2 class=\"wp-block-heading\">Acerca de Alfa Rede de Ensino&nbsp;<\/h2>\n\n\n\n<p>Presente en el mercado nacional desde hace m\u00e1s de treinta a\u00f1os, Alfa Rede de Ensino es uno de los principales centros educativos de Brasil. Est\u00e1 presente en todo el Sur y ofrece a sus alumnos tres pilares fundamentales de la educaci\u00f3n: el Programa Biling\u00fce, la Excelencia Acad\u00e9mica y la Inteligencia Emocional, garantizando mejores resultados en el sector educativo.&nbsp;<\/p>\n\n\n\n<p>La instituci\u00f3n es actualmente la mayor aprobadora de cursos de medicina en Paran\u00e1, y ofrece un equipo comprometido y apasionado por la excelencia en la ense\u00f1anza, lo que hace que la empresa sea reconocida nacionalmente por su eficiencia en la educaci\u00f3n.&nbsp;<\/p>","protected":false},"excerpt":{"rendered":"<p>Atualizado em Os Empregos Alfa Rede de Ensino oferecem aos novos colaboradores sal\u00e1rios fixos de acordo com a m\u00e9dia de mercado, al\u00e9m de v\u00e1rios benef\u00edcios inclusos no contrato de trabalho. A rede Alfa \u00e9 uma das maiores institui\u00e7\u00f5es de ensino do Brasil, e possui unidades espalhadas em todo pa\u00eds, oferecendo oportunidades efetivas, tempor\u00e1rias, est\u00e1gio e&hellip;&nbsp;<\/p>","protected":false},"author":11,"featured_media":18940,"comment_status":"open","ping_status":"closed","sticky":false,"template":"","format":"standard","meta":{"neve_meta_sidebar":"","neve_meta_container":"","neve_meta_enable_content_width":"","neve_meta_content_width":0,"neve_meta_title_alignment":"","neve_meta_author_avatar":"","neve_post_elements_order":"","neve_meta_disable_header":"","neve_meta_disable_footer":"","neve_meta_disable_title":"","footnotes":""},"categories":[43],"tags":[161,79,78],"class_list":["post-18938","post","type-post","status-publish","format-standard","has-post-thumbnail","hentry","category-vagas-nacionais","tag-alfa-rede-de-ensino","tag-oportunidades","tag-vagas-de-emprego"],"yoast_head":"<!-- This site is optimized with the Yoast SEO plugin v27.5 - https:\/\/yoast.com\/product\/yoast-seo-wordpress\/ -->\n<title>Porteiro, Auxiliar de Servi\u00e7os Gerais, Jovem Aprendiz e muito mais na Empresa Alfa Rede de Ensino - Transformando Vidas com Tecnologia, Informa\u00e7\u00e3o e Oportunidades: Explore Nossa Jornada de Crescimento<\/title>\n<meta name=\"robots\" content=\"index, follow, max-snippet:-1, max-image-preview:large, max-video-preview:-1\" \/>\n<link rel=\"canonical\" href=\"https:\/\/www.vagadeempregosp.com.br\/es\/empleo-en-alfa-education\/\" \/>\n<meta property=\"og:locale\" content=\"es_ES\" \/>\n<meta property=\"og:type\" content=\"article\" \/>\n<meta property=\"og:title\" content=\"Porteiro, Auxiliar de Servi\u00e7os Gerais, Jovem Aprendiz e muito mais na Empresa Alfa Rede de Ensino - Transformando Vidas com Tecnologia, Informa\u00e7\u00e3o e Oportunidades: Explore Nossa Jornada de Crescimento\" \/>\n<meta property=\"og:description\" content=\"Atualizado em Os Empregos Alfa Rede de Ensino oferecem aos novos colaboradores sal\u00e1rios fixos de acordo com a m\u00e9dia de mercado, al\u00e9m de v\u00e1rios benef\u00edcios inclusos no contrato de trabalho. A rede Alfa \u00e9 uma das maiores institui\u00e7\u00f5es de ensino do Brasil, e possui unidades espalhadas em todo pa\u00eds, oferecendo oportunidades efetivas, tempor\u00e1rias, est\u00e1gio e&hellip;&nbsp;\" \/>\n<meta property=\"og:url\" content=\"https:\/\/www.vagadeempregosp.com.br\/es\/empleo-en-alfa-education\/\" \/>\n<meta property=\"og:site_name\" content=\"Transformando Vidas com Tecnologia, Informa\u00e7\u00e3o e Oportunidades: Explore Nossa Jornada de Crescimento\" \/>\n<meta property=\"article:published_time\" content=\"2023-07-07T06:52:00+00:00\" \/>\n<meta property=\"og:image\" content=\"https:\/\/www.vagadeempregosp.com.br\/wp-content\/uploads\/2022\/11\/Alfa-Rede-de-Ensino.png\" \/>\n\t<meta property=\"og:image:width\" content=\"224\" \/>\n\t<meta property=\"og:image:height\" content=\"224\" \/>\n\t<meta property=\"og:image:type\" content=\"image\/png\" \/>\n<meta name=\"author\" content=\"Michele\" \/>\n<meta name=\"twitter:card\" content=\"summary_large_image\" \/>\n<meta name=\"twitter:label1\" content=\"Escrito por\" \/>\n\t<meta name=\"twitter:data1\" content=\"Michele\" \/>\n\t<meta name=\"twitter:label2\" content=\"Tiempo de lectura\" \/>\n\t<meta name=\"twitter:data2\" content=\"3 minutos\" \/>\n<script type=\"application\/ld+json\" class=\"yoast-schema-graph\">{\"@context\":\"https:\\\/\\\/schema.org\",\"@graph\":[{\"@type\":\"Article\",\"@id\":\"https:\\\/\\\/www.vagadeempregosp.com.br\\\/empregos-alfa-rede-de-ensino\\\/#article\",\"isPartOf\":{\"@id\":\"https:\\\/\\\/www.vagadeempregosp.com.br\\\/empregos-alfa-rede-de-ensino\\\/\"},\"author\":{\"name\":\"Michele\",\"@id\":\"https:\\\/\\\/www.vagadeempregosp.com.br\\\/#\\\/schema\\\/person\\\/15cdff8822aa2f27a8a65ee7bbfe7ce6\"},\"headline\":\"Porteiro, Auxiliar de Servi\u00e7os Gerais, Jovem Aprendiz e muito mais na Empresa Alfa Rede de Ensino\",\"datePublished\":\"2023-07-07T06:52:00+00:00\",\"mainEntityOfPage\":{\"@id\":\"https:\\\/\\\/www.vagadeempregosp.com.br\\\/empregos-alfa-rede-de-ensino\\\/\"},\"wordCount\":581,\"commentCount\":0,\"image\":{\"@id\":\"https:\\\/\\\/www.vagadeempregosp.com.br\\\/empregos-alfa-rede-de-ensino\\\/#primaryimage\"},\"thumbnailUrl\":\"https:\\\/\\\/www.vagadeempregosp.com.br\\\/wp-content\\\/uploads\\\/2022\\\/11\\\/Alfa-Rede-de-Ensino.png\",\"keywords\":[\"Alfa Rede de Ensino\",\"oportunidades\",\"vagas de emprego\"],\"articleSection\":[\"Vagas de Emprego Nacionais\"],\"inLanguage\":\"es\",\"potentialAction\":[{\"@type\":\"CommentAction\",\"name\":\"Comment\",\"target\":[\"https:\\\/\\\/www.vagadeempregosp.com.br\\\/empregos-alfa-rede-de-ensino\\\/#respond\"]}]},{\"@type\":\"WebPage\",\"@id\":\"https:\\\/\\\/www.vagadeempregosp.com.br\\\/empregos-alfa-rede-de-ensino\\\/\",\"url\":\"https:\\\/\\\/www.vagadeempregosp.com.br\\\/empregos-alfa-rede-de-ensino\\\/\",\"name\":\"Porteiro, Auxiliar de Servi\u00e7os Gerais, Jovem Aprendiz e muito mais na Empresa Alfa Rede de Ensino - Transformando Vidas com Tecnologia, Informa\u00e7\u00e3o e Oportunidades: Explore Nossa Jornada de Crescimento\",\"isPartOf\":{\"@id\":\"https:\\\/\\\/www.vagadeempregosp.com.br\\\/#website\"},\"primaryImageOfPage\":{\"@id\":\"https:\\\/\\\/www.vagadeempregosp.com.br\\\/empregos-alfa-rede-de-ensino\\\/#primaryimage\"},\"image\":{\"@id\":\"https:\\\/\\\/www.vagadeempregosp.com.br\\\/empregos-alfa-rede-de-ensino\\\/#primaryimage\"},\"thumbnailUrl\":\"https:\\\/\\\/www.vagadeempregosp.com.br\\\/wp-content\\\/uploads\\\/2022\\\/11\\\/Alfa-Rede-de-Ensino.png\",\"datePublished\":\"2023-07-07T06:52:00+00:00\",\"author\":{\"@id\":\"https:\\\/\\\/www.vagadeempregosp.com.br\\\/#\\\/schema\\\/person\\\/15cdff8822aa2f27a8a65ee7bbfe7ce6\"},\"breadcrumb\":{\"@id\":\"https:\\\/\\\/www.vagadeempregosp.com.br\\\/empregos-alfa-rede-de-ensino\\\/#breadcrumb\"},\"inLanguage\":\"es\",\"potentialAction\":[{\"@type\":\"ReadAction\",\"target\":[\"https:\\\/\\\/www.vagadeempregosp.com.br\\\/empregos-alfa-rede-de-ensino\\\/\"]}]},{\"@type\":\"ImageObject\",\"inLanguage\":\"es\",\"@id\":\"https:\\\/\\\/www.vagadeempregosp.com.br\\\/empregos-alfa-rede-de-ensino\\\/#primaryimage\",\"url\":\"https:\\\/\\\/www.vagadeempregosp.com.br\\\/wp-content\\\/uploads\\\/2022\\\/11\\\/Alfa-Rede-de-Ensino.png\",\"contentUrl\":\"https:\\\/\\\/www.vagadeempregosp.com.br\\\/wp-content\\\/uploads\\\/2022\\\/11\\\/Alfa-Rede-de-Ensino.png\",\"width\":224,\"height\":224,\"caption\":\"Imagem: Alfa Rede de Ensino - Reprodu\u00e7\u00e3o\"},{\"@type\":\"BreadcrumbList\",\"@id\":\"https:\\\/\\\/www.vagadeempregosp.com.br\\\/empregos-alfa-rede-de-ensino\\\/#breadcrumb\",\"itemListElement\":[{\"@type\":\"ListItem\",\"position\":1,\"name\":\"In\u00edcio\",\"item\":\"https:\\\/\\\/www.vagadeempregosp.com.br\\\/\"},{\"@type\":\"ListItem\",\"position\":2,\"name\":\"Vagas de Emprego Nacionais\",\"item\":\"https:\\\/\\\/www.vagadeempregosp.com.br\\\/category\\\/vagas-nacionais\\\/\"},{\"@type\":\"ListItem\",\"position\":3,\"name\":\"Porteiro, Auxiliar de Servi\u00e7os Gerais, Jovem Aprendiz e muito mais na Empresa Alfa Rede de Ensino\"}]},{\"@type\":\"WebSite\",\"@id\":\"https:\\\/\\\/www.vagadeempregosp.com.br\\\/#website\",\"url\":\"https:\\\/\\\/www.vagadeempregosp.com.br\\\/\",\"name\":\"Transformando Vidas com Tecnologia, Informa\u00e7\u00e3o e Oportunidades: Explore Nossa Jornada de Crescimento\",\"description\":\"Transformando Vidas com Tecnologia, Informa\u00e7\u00e3o e Oportunidades: Explore Nossa Jornada de Crescimento\",\"potentialAction\":[{\"@type\":\"SearchAction\",\"target\":{\"@type\":\"EntryPoint\",\"urlTemplate\":\"https:\\\/\\\/www.vagadeempregosp.com.br\\\/?s={search_term_string}\"},\"query-input\":{\"@type\":\"PropertyValueSpecification\",\"valueRequired\":true,\"valueName\":\"search_term_string\"}}],\"inLanguage\":\"es\"},{\"@type\":\"Person\",\"@id\":\"https:\\\/\\\/www.vagadeempregosp.com.br\\\/#\\\/schema\\\/person\\\/15cdff8822aa2f27a8a65ee7bbfe7ce6\",\"name\":\"Michele\",\"image\":{\"@type\":\"ImageObject\",\"inLanguage\":\"es\",\"@id\":\"https:\\\/\\\/secure.gravatar.com\\\/avatar\\\/6b0eb9d22841282815e2cd856a0061c45e1761cd54b22e952d98c4746939aa85?s=96&r=g\",\"url\":\"https:\\\/\\\/secure.gravatar.com\\\/avatar\\\/6b0eb9d22841282815e2cd856a0061c45e1761cd54b22e952d98c4746939aa85?s=96&r=g\",\"contentUrl\":\"https:\\\/\\\/secure.gravatar.com\\\/avatar\\\/6b0eb9d22841282815e2cd856a0061c45e1761cd54b22e952d98c4746939aa85?s=96&r=g\",\"caption\":\"Michele\"},\"description\":\"Formada em Letras - Portugu\u00eas\\\/ Ingl\u00eas, e idealizadora do site Escritora de Sucesso, busca expandir o conhecimento de todos com informa\u00e7\u00f5es relevantes sobre diversos assuntos, enquanto redatora. No Vaga de Emprego SP, traz oportunidades e dicas sobre o mercado de trabalho.\",\"url\":\"https:\\\/\\\/www.vagadeempregosp.com.br\\\/es\\\/author\\\/michele\\\/\"}]}<\/script>\n<!-- \/ Yoast SEO plugin. -->","yoast_head_json":{"title":"Portero, Auxiliar de Servicios Generales, Joven Aprendiz y mucho m\u00e1s en Alfa Rede de Ensino - Transformando vidas con tecnolog\u00eda, informaci\u00f3n y oportunidades: Explore Nuestro Viaje de Crecimiento","robots":{"index":"index","follow":"follow","max-snippet":"max-snippet:-1","max-image-preview":"max-image-preview:large","max-video-preview":"max-video-preview:-1"},"canonical":"https:\/\/www.vagadeempregosp.com.br\/es\/empleo-en-alfa-education\/","og_locale":"es_ES","og_type":"article","og_title":"Porteiro, Auxiliar de Servi\u00e7os Gerais, Jovem Aprendiz e muito mais na Empresa Alfa Rede de Ensino - Transformando Vidas com Tecnologia, Informa\u00e7\u00e3o e Oportunidades: Explore Nossa Jornada de Crescimento","og_description":"Atualizado em Os Empregos Alfa Rede de Ensino oferecem aos novos colaboradores sal\u00e1rios fixos de acordo com a m\u00e9dia de mercado, al\u00e9m de v\u00e1rios benef\u00edcios inclusos no contrato de trabalho. A rede Alfa \u00e9 uma das maiores institui\u00e7\u00f5es de ensino do Brasil, e possui unidades espalhadas em todo pa\u00eds, oferecendo oportunidades efetivas, tempor\u00e1rias, est\u00e1gio e&hellip;&nbsp;","og_url":"https:\/\/www.vagadeempregosp.com.br\/es\/empleo-en-alfa-education\/","og_site_name":"Transformando Vidas com Tecnologia, Informa\u00e7\u00e3o e Oportunidades: Explore Nossa Jornada de Crescimento","article_published_time":"2023-07-07T06:52:00+00:00","og_image":[{"width":224,"height":224,"url":"https:\/\/www.vagadeempregosp.com.br\/wp-content\/uploads\/2022\/11\/Alfa-Rede-de-Ensino.png","type":"image\/png"}],"author":"Michele","twitter_card":"summary_large_image","twitter_misc":{"Escrito por":"Michele","Tiempo de lectura":"3 minutos"},"schema":{"@context":"https:\/\/schema.org","@graph":[{"@type":"Article","@id":"https:\/\/www.vagadeempregosp.com.br\/empregos-alfa-rede-de-ensino\/#article","isPartOf":{"@id":"https:\/\/www.vagadeempregosp.com.br\/empregos-alfa-rede-de-ensino\/"},"author":{"name":"Michele","@id":"https:\/\/www.vagadeempregosp.com.br\/#\/schema\/person\/15cdff8822aa2f27a8a65ee7bbfe7ce6"},"headline":"Porteiro, Auxiliar de Servi\u00e7os Gerais, Jovem Aprendiz e muito mais na Empresa Alfa Rede de Ensino","datePublished":"2023-07-07T06:52:00+00:00","mainEntityOfPage":{"@id":"https:\/\/www.vagadeempregosp.com.br\/empregos-alfa-rede-de-ensino\/"},"wordCount":581,"commentCount":0,"image":{"@id":"https:\/\/www.vagadeempregosp.com.br\/empregos-alfa-rede-de-ensino\/#primaryimage"},"thumbnailUrl":"https:\/\/www.vagadeempregosp.com.br\/wp-content\/uploads\/2022\/11\/Alfa-Rede-de-Ensino.png","keywords":["Alfa Rede de Ensino","oportunidades","vagas de emprego"],"articleSection":["Vagas de Emprego Nacionais"],"inLanguage":"es","potentialAction":[{"@type":"CommentAction","name":"Comment","target":["https:\/\/www.vagadeempregosp.com.br\/empregos-alfa-rede-de-ensino\/#respond"]}]},{"@type":"WebPage","@id":"https:\/\/www.vagadeempregosp.com.br\/empregos-alfa-rede-de-ensino\/","url":"https:\/\/www.vagadeempregosp.com.br\/empregos-alfa-rede-de-ensino\/","name":"Portero, Auxiliar de Servicios Generales, Joven Aprendiz y mucho m\u00e1s en Alfa Rede de Ensino - Transformando vidas con tecnolog\u00eda, informaci\u00f3n y oportunidades: Explore Nuestro Viaje de Crecimiento","isPartOf":{"@id":"https:\/\/www.vagadeempregosp.com.br\/#website"},"primaryImageOfPage":{"@id":"https:\/\/www.vagadeempregosp.com.br\/empregos-alfa-rede-de-ensino\/#primaryimage"},"image":{"@id":"https:\/\/www.vagadeempregosp.com.br\/empregos-alfa-rede-de-ensino\/#primaryimage"},"thumbnailUrl":"https:\/\/www.vagadeempregosp.com.br\/wp-content\/uploads\/2022\/11\/Alfa-Rede-de-Ensino.png","datePublished":"2023-07-07T06:52:00+00:00","author":{"@id":"https:\/\/www.vagadeempregosp.com.br\/#\/schema\/person\/15cdff8822aa2f27a8a65ee7bbfe7ce6"},"breadcrumb":{"@id":"https:\/\/www.vagadeempregosp.com.br\/empregos-alfa-rede-de-ensino\/#breadcrumb"},"inLanguage":"es","potentialAction":[{"@type":"ReadAction","target":["https:\/\/www.vagadeempregosp.com.br\/empregos-alfa-rede-de-ensino\/"]}]},{"@type":"ImageObject","inLanguage":"es","@id":"https:\/\/www.vagadeempregosp.com.br\/empregos-alfa-rede-de-ensino\/#primaryimage","url":"https:\/\/www.vagadeempregosp.com.br\/wp-content\/uploads\/2022\/11\/Alfa-Rede-de-Ensino.png","contentUrl":"https:\/\/www.vagadeempregosp.com.br\/wp-content\/uploads\/2022\/11\/Alfa-Rede-de-Ensino.png","width":224,"height":224,"caption":"Imagem: Alfa Rede de Ensino - Reprodu\u00e7\u00e3o"},{"@type":"BreadcrumbList","@id":"https:\/\/www.vagadeempregosp.com.br\/empregos-alfa-rede-de-ensino\/#breadcrumb","itemListElement":[{"@type":"ListItem","position":1,"name":"In\u00edcio","item":"https:\/\/www.vagadeempregosp.com.br\/"},{"@type":"ListItem","position":2,"name":"Vagas de Emprego Nacionais","item":"https:\/\/www.vagadeempregosp.com.br\/category\/vagas-nacionais\/"},{"@type":"ListItem","position":3,"name":"Porteiro, Auxiliar de Servi\u00e7os Gerais, Jovem Aprendiz e muito mais na Empresa Alfa Rede de Ensino"}]},{"@type":"WebSite","@id":"https:\/\/www.vagadeempregosp.com.br\/#website","url":"https:\/\/www.vagadeempregosp.com.br\/","name":"Transformar vidas con tecnolog\u00eda, informaci\u00f3n y oportunidades: Explore nuestro viaje de crecimiento","description":"Transformar vidas con tecnolog\u00eda, informaci\u00f3n y oportunidades: Explore nuestro viaje de crecimiento","potentialAction":[{"@type":"SearchAction","target":{"@type":"EntryPoint","urlTemplate":"https:\/\/www.vagadeempregosp.com.br\/?s={search_term_string}"},"query-input":{"@type":"PropertyValueSpecification","valueRequired":true,"valueName":"search_term_string"}}],"inLanguage":"es"},{"@type":"Person","@id":"https:\/\/www.vagadeempregosp.com.br\/#\/schema\/person\/15cdff8822aa2f27a8a65ee7bbfe7ce6","name":"Michele","image":{"@type":"ImageObject","inLanguage":"es","@id":"https:\/\/secure.gravatar.com\/avatar\/6b0eb9d22841282815e2cd856a0061c45e1761cd54b22e952d98c4746939aa85?s=96&r=g","url":"https:\/\/secure.gravatar.com\/avatar\/6b0eb9d22841282815e2cd856a0061c45e1761cd54b22e952d98c4746939aa85?s=96&r=g","contentUrl":"https:\/\/secure.gravatar.com\/avatar\/6b0eb9d22841282815e2cd856a0061c45e1761cd54b22e952d98c4746939aa85?s=96&r=g","caption":"Michele"},"description":"Graduada en Lenguas - Portugu\u00e9s\/Ingl\u00e9s, y creadora del sitio Escritora de Sucesso, busca ampliar el conocimiento de todos con informaciones relevantes sobre diversos temas, como escritora. En Vaga de Emprego SP, ofrece oportunidades y consejos sobre el mercado laboral.","url":"https:\/\/www.vagadeempregosp.com.br\/es\/author\/michele\/"}]}},"_links":{"self":[{"href":"https:\/\/www.vagadeempregosp.com.br\/es\/wp-json\/wp\/v2\/posts\/18938","targetHints":{"allow":["GET"]}}],"collection":[{"href":"https:\/\/www.vagadeempregosp.com.br\/es\/wp-json\/wp\/v2\/posts"}],"about":[{"href":"https:\/\/www.vagadeempregosp.com.br\/es\/wp-json\/wp\/v2\/types\/post"}],"author":[{"embeddable":true,"href":"https:\/\/www.vagadeempregosp.com.br\/es\/wp-json\/wp\/v2\/users\/11"}],"replies":[{"embeddable":true,"href":"https:\/\/www.vagadeempregosp.com.br\/es\/wp-json\/wp\/v2\/comments?post=18938"}],"version-history":[{"count":5,"href":"https:\/\/www.vagadeempregosp.com.br\/es\/wp-json\/wp\/v2\/posts\/18938\/revisions"}],"predecessor-version":[{"id":20921,"href":"https:\/\/www.vagadeempregosp.com.br\/es\/wp-json\/wp\/v2\/posts\/18938\/revisions\/20921"}],"wp:featuredmedia":[{"embeddable":true,"href":"https:\/\/www.vagadeempregosp.com.br\/es\/wp-json\/wp\/v2\/media\/18940"}],"wp:attachment":[{"href":"https:\/\/www.vagadeempregosp.com.br\/es\/wp-json\/wp\/v2\/media?parent=18938"}],"wp:term":[{"taxonomy":"category","embeddable":true,"href":"https:\/\/www.vagadeempregosp.com.br\/es\/wp-json\/wp\/v2\/categories?post=18938"},{"taxonomy":"post_tag","embeddable":true,"href":"https:\/\/www.vagadeempregosp.com.br\/es\/wp-json\/wp\/v2\/tags?post=18938"}],"curies":[{"name":"wp","href":"https:\/\/api.w.org\/{rel}","templated":true}]}}