{"id":18891,"date":"2023-08-31T01:10:00","date_gmt":"2023-08-31T04:10:00","guid":{"rendered":"https:\/\/www.vagadeempregosp.com.br\/?p=18891"},"modified":"2023-08-26T11:39:33","modified_gmt":"2023-08-26T14:39:33","slug":"esmaltec-empleo","status":"publish","type":"post","link":"https:\/\/www.vagadeempregosp.com.br\/es\/empregos-esmaltec\/","title":{"rendered":"Pr\u00e1cticas, per\u00edodos de pr\u00e1cticas y mucho m\u00e1s en Esmaltec"},"content":{"rendered":"<p>Actualizado <\/p>\n\n\n<div class=\"wp-block-post-date\"><time datetime=\"2023-08-31T01:10:00-03:00\">31\/08\/2023<\/time><\/div>\n\n\n<p>En <strong>Empleo en Esmaltec<\/strong> garantizan a sus empleados salarios que se ajustan a la media del mercado, adem\u00e1s de ofrecer diversos beneficios. Las vacantes est\u00e1n disponibles para los niveles de ense\u00f1anza media, t\u00e9cnica y superior, donde los candidatos pueden elegir el cargo que mejor se adapte a su perfil. Siga leyendo y conozca la historia y toda la informaci\u00f3n sobre el funcionamiento del proceso de selecci\u00f3n.&nbsp;<\/p>\n\n\n\n<figure class=\"wp-block-image size-full\"><img loading=\"lazy\" decoding=\"async\" width=\"318\" height=\"318\" src=\"https:\/\/www.vagadeempregosp.com.br\/wp-content\/uploads\/2022\/11\/empregos-esmaltec.jpg\" alt=\"esmaltec empleo\" class=\"wp-image-18893\" srcset=\"https:\/\/www.vagadeempregosp.com.br\/wp-content\/uploads\/2022\/11\/empregos-esmaltec.jpg 318w, https:\/\/www.vagadeempregosp.com.br\/wp-content\/uploads\/2022\/11\/empregos-esmaltec-300x300.jpg 300w, https:\/\/www.vagadeempregosp.com.br\/wp-content\/uploads\/2022\/11\/empregos-esmaltec-150x150.jpg 150w\" sizes=\"auto, (max-width: 318px) 100vw, 318px\" \/><figcaption class=\"wp-element-caption\">Imagen: Esmaltec - Reproducci\u00f3n<\/figcaption><\/figure>\n\n\n\n<h2 class=\"wp-block-heading\">Consulte las ofertas de empleo de Esmaltec&nbsp;<\/h2>\n\n\n\n<p>Esmaltec es una empresa s\u00f3lida que piensa constantemente en el futuro de sus empleados, al tiempo que ofrece nuevas oportunidades a cualquier perfil que encaje en su cultura y cumpla los requisitos para el puesto elegido.&nbsp;<\/p>\n\n\n\n<p>La cultura corporativa de la empresa se distingue por ser diversa, integradora, participativa y armoniosa. Se invita a los candidatos a presentar una solicitud para una de sus vacantes en la que se identifiquen. Consulte a continuaci\u00f3n el formulario de inscripci\u00f3n que debe rellenar para todas las vacantes disponibles.&nbsp;<\/p>\n\n\n\n<ul class=\"wp-block-list\">\n<li>Nombre;<\/li>\n\n\n\n<li>CPF o CNPJ;<\/li>\n\n\n\n<li>Tel\u00e9fono;<\/li>\n\n\n\n<li>Correo electr\u00f3nico;<\/li>\n\n\n\n<li>C\u00d3DIGO POSTAL;<\/li>\n\n\n\n<li>Direcci\u00f3n;<\/li>\n\n\n\n<li>Ciudad;<\/li>\n\n\n\n<li>Barrio;<\/li>\n\n\n\n<li>Seleccione el Estado en el que desea presentar la solicitud;<\/li>\n\n\n\n<li>Elige una vacante;<\/li>\n\n\n\n<li>Introduzca un breve mensaje en el que destaque sus competencias profesionales;<\/li>\n\n\n\n<li>Adjunte su CV en formato PDF.&nbsp;<\/li>\n<\/ul>\n\n\n\n<p>Los interesados deben rellenar el formulario introduciendo todos los campos obligatorios, especialmente tel\u00e9fono y correo electr\u00f3nico, ya que as\u00ed es como la empresa se pondr\u00e1 en contacto con usted para informarle de los siguientes pasos.&nbsp;<\/p>\n\n\n\n<h3 class=\"wp-block-heading\">C\u00f3mo inscribirse<\/h3>\n\n\n\n<p>La p\u00e1gina en cuesti\u00f3n te permitir\u00e1 ver las tres opciones de trabajo disponibles: pr\u00e1cticas, formaci\u00f3n en pr\u00e1cticas y puestos permanentes. Al seleccionar una de estas opciones, podr\u00e1 ver m\u00e1s informaci\u00f3n sobre los requisitos previos del puesto, ya que los distintos requisitos de estudios exigen en breve el ingl\u00e9s y el paquete Office en casi todas las oportunidades. Puede acceder a los formularios de solicitud a trav\u00e9s de la siguiente p\u00e1gina web.&nbsp;<\/p>\n\n\n\n<ul class=\"wp-block-list\">\n<li><a href=\"https:\/\/esmaltec.com.br\/trabalhe-conosco\/\">Oportunidades Esmaltec<\/a>.&nbsp;<\/li>\n<\/ul>\n\n\n\n<p>Las candidaturas deben presentarse haciendo clic en el enlace de oportunidades, eligiendo una de las categor\u00edas disponibles y rellenando la informaci\u00f3n esencial sobre su vida y experiencia profesional para que aumenten las posibilidades de ser contratado y se transmitan a los responsables de contrataci\u00f3n.&nbsp;<\/p>\n\n\n\n<p><strong>V\u00e9ase tambi\u00e9n: <a href=\"https:\/\/www.vagadeempregosp.com.br\/es\/ultrafarma-empleo\/\">Dependientes, auxiliares de limpieza y m\u00e1s en Ultrafarma<\/a><\/strong><\/p>\n\n\n\n<h2 class=\"wp-block-heading\">Acerca de Esmaltec&nbsp;<\/h2>\n\n\n\n<p>Fundada en 1963, Esmaltec es uno de los mayores fabricantes brasile\u00f1os de cocinas dom\u00e9sticas. En la actualidad, la empresa ha cambiado de nombre, adem\u00e1s de mejorar sus marcas y productos. Su sede est\u00e1 ubicada en la ciudad de Maracana\u00fa, en el estado de Cear\u00e1, donde cuenta con m\u00e1s de dos mil empleados que junto con la empresa prestan el mejor servicio a todos sus consumidores.&nbsp;<\/p>\n\n\n\n<p>A lo largo de sus m\u00e1s de cincuenta a\u00f1os de historia, la empresa ha expandido sus unidades por todo Brasil, adem\u00e1s de contar con algunas unidades internacionales en Ocean\u00eda, \u00c1frica, Caribe y Am\u00e9rica. La empresa es reconocida por ofrecer productos de alta tecnolog\u00eda, siempre al d\u00eda con la modernidad y servir a millones de clientes cada a\u00f1o.&nbsp;<\/p>","protected":false},"excerpt":{"rendered":"<p>Atualizado Os Empregos Esmaltec garantem aos seus colaboradores sal\u00e1rios que atendem a m\u00e9dia do mercado, al\u00e9m de oferecer v\u00e1rios benef\u00edcios. As vagas est\u00e3o dispon\u00edveis para n\u00edveis de escolaridade m\u00e9dio, t\u00e9cnico ou superior, onde o candidato poder\u00e1 optar pela fun\u00e7\u00e3o que melhor se adapta ao seu perfil. Continue lendo e conhe\u00e7a a hist\u00f3ria e todas as&hellip;&nbsp;<\/p>","protected":false},"author":11,"featured_media":18893,"comment_status":"open","ping_status":"closed","sticky":false,"template":"","format":"standard","meta":{"neve_meta_sidebar":"","neve_meta_container":"","neve_meta_enable_content_width":"","neve_meta_content_width":0,"neve_meta_title_alignment":"","neve_meta_author_avatar":"","neve_post_elements_order":"","neve_meta_disable_header":"","neve_meta_disable_footer":"","neve_meta_disable_title":"","footnotes":""},"categories":[43],"tags":[156,78],"class_list":["post-18891","post","type-post","status-publish","format-standard","has-post-thumbnail","hentry","category-vagas-nacionais","tag-esmaltec","tag-vagas-de-emprego"],"yoast_head":"<!-- This site is optimized with the Yoast SEO plugin v27.5 - https:\/\/yoast.com\/product\/yoast-seo-wordpress\/ -->\n<title>Est\u00e1gios, Trainee e muito mais na Empresa Esmaltec - Transformando Vidas com Tecnologia, Informa\u00e7\u00e3o e Oportunidades: Explore Nossa Jornada de Crescimento<\/title>\n<meta name=\"robots\" content=\"index, follow, max-snippet:-1, max-image-preview:large, max-video-preview:-1\" \/>\n<link rel=\"canonical\" href=\"https:\/\/www.vagadeempregosp.com.br\/es\/esmaltec-empleo\/\" \/>\n<meta property=\"og:locale\" content=\"es_ES\" \/>\n<meta property=\"og:type\" content=\"article\" \/>\n<meta property=\"og:title\" content=\"Est\u00e1gios, Trainee e muito mais na Empresa Esmaltec - Transformando Vidas com Tecnologia, Informa\u00e7\u00e3o e Oportunidades: Explore Nossa Jornada de Crescimento\" \/>\n<meta property=\"og:description\" content=\"Atualizado Os Empregos Esmaltec garantem aos seus colaboradores sal\u00e1rios que atendem a m\u00e9dia do mercado, al\u00e9m de oferecer v\u00e1rios benef\u00edcios. As vagas est\u00e3o dispon\u00edveis para n\u00edveis de escolaridade m\u00e9dio, t\u00e9cnico ou superior, onde o candidato poder\u00e1 optar pela fun\u00e7\u00e3o que melhor se adapta ao seu perfil. Continue lendo e conhe\u00e7a a hist\u00f3ria e todas as&hellip;&nbsp;\" \/>\n<meta property=\"og:url\" content=\"https:\/\/www.vagadeempregosp.com.br\/es\/esmaltec-empleo\/\" \/>\n<meta property=\"og:site_name\" content=\"Transformando Vidas com Tecnologia, Informa\u00e7\u00e3o e Oportunidades: Explore Nossa Jornada de Crescimento\" \/>\n<meta property=\"article:published_time\" content=\"2023-08-31T04:10:00+00:00\" \/>\n<meta property=\"og:image\" content=\"https:\/\/www.vagadeempregosp.com.br\/wp-content\/uploads\/2022\/11\/empregos-esmaltec.jpg\" \/>\n\t<meta property=\"og:image:width\" content=\"318\" \/>\n\t<meta property=\"og:image:height\" content=\"318\" \/>\n\t<meta property=\"og:image:type\" content=\"image\/jpeg\" \/>\n<meta name=\"author\" content=\"Michele\" \/>\n<meta name=\"twitter:card\" content=\"summary_large_image\" \/>\n<meta name=\"twitter:label1\" content=\"Escrito por\" \/>\n\t<meta name=\"twitter:data1\" content=\"Michele\" \/>\n\t<meta name=\"twitter:label2\" content=\"Tiempo de lectura\" \/>\n\t<meta name=\"twitter:data2\" content=\"3 minutos\" \/>\n<script type=\"application\/ld+json\" class=\"yoast-schema-graph\">{\"@context\":\"https:\\\/\\\/schema.org\",\"@graph\":[{\"@type\":\"Article\",\"@id\":\"https:\\\/\\\/www.vagadeempregosp.com.br\\\/empregos-esmaltec\\\/#article\",\"isPartOf\":{\"@id\":\"https:\\\/\\\/www.vagadeempregosp.com.br\\\/empregos-esmaltec\\\/\"},\"author\":{\"name\":\"Michele\",\"@id\":\"https:\\\/\\\/www.vagadeempregosp.com.br\\\/#\\\/schema\\\/person\\\/15cdff8822aa2f27a8a65ee7bbfe7ce6\"},\"headline\":\"Est\u00e1gios, Trainee e muito mais na Empresa Esmaltec\",\"datePublished\":\"2023-08-31T04:10:00+00:00\",\"mainEntityOfPage\":{\"@id\":\"https:\\\/\\\/www.vagadeempregosp.com.br\\\/empregos-esmaltec\\\/\"},\"wordCount\":530,\"commentCount\":0,\"image\":{\"@id\":\"https:\\\/\\\/www.vagadeempregosp.com.br\\\/empregos-esmaltec\\\/#primaryimage\"},\"thumbnailUrl\":\"https:\\\/\\\/www.vagadeempregosp.com.br\\\/wp-content\\\/uploads\\\/2022\\\/11\\\/empregos-esmaltec.jpg\",\"keywords\":[\"Esmaltec\",\"vagas de emprego\"],\"articleSection\":[\"Vagas de Emprego Nacionais\"],\"inLanguage\":\"es\",\"potentialAction\":[{\"@type\":\"CommentAction\",\"name\":\"Comment\",\"target\":[\"https:\\\/\\\/www.vagadeempregosp.com.br\\\/empregos-esmaltec\\\/#respond\"]}]},{\"@type\":\"WebPage\",\"@id\":\"https:\\\/\\\/www.vagadeempregosp.com.br\\\/empregos-esmaltec\\\/\",\"url\":\"https:\\\/\\\/www.vagadeempregosp.com.br\\\/empregos-esmaltec\\\/\",\"name\":\"Est\u00e1gios, Trainee e muito mais na Empresa Esmaltec - Transformando Vidas com Tecnologia, Informa\u00e7\u00e3o e Oportunidades: Explore Nossa Jornada de Crescimento\",\"isPartOf\":{\"@id\":\"https:\\\/\\\/www.vagadeempregosp.com.br\\\/#website\"},\"primaryImageOfPage\":{\"@id\":\"https:\\\/\\\/www.vagadeempregosp.com.br\\\/empregos-esmaltec\\\/#primaryimage\"},\"image\":{\"@id\":\"https:\\\/\\\/www.vagadeempregosp.com.br\\\/empregos-esmaltec\\\/#primaryimage\"},\"thumbnailUrl\":\"https:\\\/\\\/www.vagadeempregosp.com.br\\\/wp-content\\\/uploads\\\/2022\\\/11\\\/empregos-esmaltec.jpg\",\"datePublished\":\"2023-08-31T04:10:00+00:00\",\"author\":{\"@id\":\"https:\\\/\\\/www.vagadeempregosp.com.br\\\/#\\\/schema\\\/person\\\/15cdff8822aa2f27a8a65ee7bbfe7ce6\"},\"breadcrumb\":{\"@id\":\"https:\\\/\\\/www.vagadeempregosp.com.br\\\/empregos-esmaltec\\\/#breadcrumb\"},\"inLanguage\":\"es\",\"potentialAction\":[{\"@type\":\"ReadAction\",\"target\":[\"https:\\\/\\\/www.vagadeempregosp.com.br\\\/empregos-esmaltec\\\/\"]}]},{\"@type\":\"ImageObject\",\"inLanguage\":\"es\",\"@id\":\"https:\\\/\\\/www.vagadeempregosp.com.br\\\/empregos-esmaltec\\\/#primaryimage\",\"url\":\"https:\\\/\\\/www.vagadeempregosp.com.br\\\/wp-content\\\/uploads\\\/2022\\\/11\\\/empregos-esmaltec.jpg\",\"contentUrl\":\"https:\\\/\\\/www.vagadeempregosp.com.br\\\/wp-content\\\/uploads\\\/2022\\\/11\\\/empregos-esmaltec.jpg\",\"width\":318,\"height\":318,\"caption\":\"Imagem: Esmaltec - Reprodu\u00e7\u00e3o\"},{\"@type\":\"BreadcrumbList\",\"@id\":\"https:\\\/\\\/www.vagadeempregosp.com.br\\\/empregos-esmaltec\\\/#breadcrumb\",\"itemListElement\":[{\"@type\":\"ListItem\",\"position\":1,\"name\":\"In\u00edcio\",\"item\":\"https:\\\/\\\/www.vagadeempregosp.com.br\\\/\"},{\"@type\":\"ListItem\",\"position\":2,\"name\":\"Vagas de Emprego Nacionais\",\"item\":\"https:\\\/\\\/www.vagadeempregosp.com.br\\\/category\\\/vagas-nacionais\\\/\"},{\"@type\":\"ListItem\",\"position\":3,\"name\":\"Est\u00e1gios, Trainee e muito mais na Empresa Esmaltec\"}]},{\"@type\":\"WebSite\",\"@id\":\"https:\\\/\\\/www.vagadeempregosp.com.br\\\/#website\",\"url\":\"https:\\\/\\\/www.vagadeempregosp.com.br\\\/\",\"name\":\"Transformando Vidas com Tecnologia, Informa\u00e7\u00e3o e Oportunidades: Explore Nossa Jornada de Crescimento\",\"description\":\"Transformando Vidas com Tecnologia, Informa\u00e7\u00e3o e Oportunidades: Explore Nossa Jornada de Crescimento\",\"potentialAction\":[{\"@type\":\"SearchAction\",\"target\":{\"@type\":\"EntryPoint\",\"urlTemplate\":\"https:\\\/\\\/www.vagadeempregosp.com.br\\\/?s={search_term_string}\"},\"query-input\":{\"@type\":\"PropertyValueSpecification\",\"valueRequired\":true,\"valueName\":\"search_term_string\"}}],\"inLanguage\":\"es\"},{\"@type\":\"Person\",\"@id\":\"https:\\\/\\\/www.vagadeempregosp.com.br\\\/#\\\/schema\\\/person\\\/15cdff8822aa2f27a8a65ee7bbfe7ce6\",\"name\":\"Michele\",\"image\":{\"@type\":\"ImageObject\",\"inLanguage\":\"es\",\"@id\":\"https:\\\/\\\/secure.gravatar.com\\\/avatar\\\/6b0eb9d22841282815e2cd856a0061c45e1761cd54b22e952d98c4746939aa85?s=96&r=g\",\"url\":\"https:\\\/\\\/secure.gravatar.com\\\/avatar\\\/6b0eb9d22841282815e2cd856a0061c45e1761cd54b22e952d98c4746939aa85?s=96&r=g\",\"contentUrl\":\"https:\\\/\\\/secure.gravatar.com\\\/avatar\\\/6b0eb9d22841282815e2cd856a0061c45e1761cd54b22e952d98c4746939aa85?s=96&r=g\",\"caption\":\"Michele\"},\"description\":\"Formada em Letras - Portugu\u00eas\\\/ Ingl\u00eas, e idealizadora do site Escritora de Sucesso, busca expandir o conhecimento de todos com informa\u00e7\u00f5es relevantes sobre diversos assuntos, enquanto redatora. No Vaga de Emprego SP, traz oportunidades e dicas sobre o mercado de trabalho.\",\"url\":\"https:\\\/\\\/www.vagadeempregosp.com.br\\\/es\\\/author\\\/michele\\\/\"}]}<\/script>\n<!-- \/ Yoast SEO plugin. -->","yoast_head_json":{"title":"Pr\u00e1cticas, per\u00edodos de pr\u00e1cticas y mucho m\u00e1s en Esmaltec - Transformar vidas con tecnolog\u00eda, informaci\u00f3n y oportunidades: Explore nuestro viaje de crecimiento","robots":{"index":"index","follow":"follow","max-snippet":"max-snippet:-1","max-image-preview":"max-image-preview:large","max-video-preview":"max-video-preview:-1"},"canonical":"https:\/\/www.vagadeempregosp.com.br\/es\/esmaltec-empleo\/","og_locale":"es_ES","og_type":"article","og_title":"Est\u00e1gios, Trainee e muito mais na Empresa Esmaltec - Transformando Vidas com Tecnologia, Informa\u00e7\u00e3o e Oportunidades: Explore Nossa Jornada de Crescimento","og_description":"Atualizado Os Empregos Esmaltec garantem aos seus colaboradores sal\u00e1rios que atendem a m\u00e9dia do mercado, al\u00e9m de oferecer v\u00e1rios benef\u00edcios. As vagas est\u00e3o dispon\u00edveis para n\u00edveis de escolaridade m\u00e9dio, t\u00e9cnico ou superior, onde o candidato poder\u00e1 optar pela fun\u00e7\u00e3o que melhor se adapta ao seu perfil. Continue lendo e conhe\u00e7a a hist\u00f3ria e todas as&hellip;&nbsp;","og_url":"https:\/\/www.vagadeempregosp.com.br\/es\/esmaltec-empleo\/","og_site_name":"Transformando Vidas com Tecnologia, Informa\u00e7\u00e3o e Oportunidades: Explore Nossa Jornada de Crescimento","article_published_time":"2023-08-31T04:10:00+00:00","og_image":[{"width":318,"height":318,"url":"https:\/\/www.vagadeempregosp.com.br\/wp-content\/uploads\/2022\/11\/empregos-esmaltec.jpg","type":"image\/jpeg"}],"author":"Michele","twitter_card":"summary_large_image","twitter_misc":{"Escrito por":"Michele","Tiempo de lectura":"3 minutos"},"schema":{"@context":"https:\/\/schema.org","@graph":[{"@type":"Article","@id":"https:\/\/www.vagadeempregosp.com.br\/empregos-esmaltec\/#article","isPartOf":{"@id":"https:\/\/www.vagadeempregosp.com.br\/empregos-esmaltec\/"},"author":{"name":"Michele","@id":"https:\/\/www.vagadeempregosp.com.br\/#\/schema\/person\/15cdff8822aa2f27a8a65ee7bbfe7ce6"},"headline":"Est\u00e1gios, Trainee e muito mais na Empresa Esmaltec","datePublished":"2023-08-31T04:10:00+00:00","mainEntityOfPage":{"@id":"https:\/\/www.vagadeempregosp.com.br\/empregos-esmaltec\/"},"wordCount":530,"commentCount":0,"image":{"@id":"https:\/\/www.vagadeempregosp.com.br\/empregos-esmaltec\/#primaryimage"},"thumbnailUrl":"https:\/\/www.vagadeempregosp.com.br\/wp-content\/uploads\/2022\/11\/empregos-esmaltec.jpg","keywords":["Esmaltec","vagas de emprego"],"articleSection":["Vagas de Emprego Nacionais"],"inLanguage":"es","potentialAction":[{"@type":"CommentAction","name":"Comment","target":["https:\/\/www.vagadeempregosp.com.br\/empregos-esmaltec\/#respond"]}]},{"@type":"WebPage","@id":"https:\/\/www.vagadeempregosp.com.br\/empregos-esmaltec\/","url":"https:\/\/www.vagadeempregosp.com.br\/empregos-esmaltec\/","name":"Pr\u00e1cticas, per\u00edodos de pr\u00e1cticas y mucho m\u00e1s en Esmaltec - Transformar vidas con tecnolog\u00eda, informaci\u00f3n y oportunidades: Explore nuestro viaje de crecimiento","isPartOf":{"@id":"https:\/\/www.vagadeempregosp.com.br\/#website"},"primaryImageOfPage":{"@id":"https:\/\/www.vagadeempregosp.com.br\/empregos-esmaltec\/#primaryimage"},"image":{"@id":"https:\/\/www.vagadeempregosp.com.br\/empregos-esmaltec\/#primaryimage"},"thumbnailUrl":"https:\/\/www.vagadeempregosp.com.br\/wp-content\/uploads\/2022\/11\/empregos-esmaltec.jpg","datePublished":"2023-08-31T04:10:00+00:00","author":{"@id":"https:\/\/www.vagadeempregosp.com.br\/#\/schema\/person\/15cdff8822aa2f27a8a65ee7bbfe7ce6"},"breadcrumb":{"@id":"https:\/\/www.vagadeempregosp.com.br\/empregos-esmaltec\/#breadcrumb"},"inLanguage":"es","potentialAction":[{"@type":"ReadAction","target":["https:\/\/www.vagadeempregosp.com.br\/empregos-esmaltec\/"]}]},{"@type":"ImageObject","inLanguage":"es","@id":"https:\/\/www.vagadeempregosp.com.br\/empregos-esmaltec\/#primaryimage","url":"https:\/\/www.vagadeempregosp.com.br\/wp-content\/uploads\/2022\/11\/empregos-esmaltec.jpg","contentUrl":"https:\/\/www.vagadeempregosp.com.br\/wp-content\/uploads\/2022\/11\/empregos-esmaltec.jpg","width":318,"height":318,"caption":"Imagem: Esmaltec - Reprodu\u00e7\u00e3o"},{"@type":"BreadcrumbList","@id":"https:\/\/www.vagadeempregosp.com.br\/empregos-esmaltec\/#breadcrumb","itemListElement":[{"@type":"ListItem","position":1,"name":"In\u00edcio","item":"https:\/\/www.vagadeempregosp.com.br\/"},{"@type":"ListItem","position":2,"name":"Vagas de Emprego Nacionais","item":"https:\/\/www.vagadeempregosp.com.br\/category\/vagas-nacionais\/"},{"@type":"ListItem","position":3,"name":"Est\u00e1gios, Trainee e muito mais na Empresa Esmaltec"}]},{"@type":"WebSite","@id":"https:\/\/www.vagadeempregosp.com.br\/#website","url":"https:\/\/www.vagadeempregosp.com.br\/","name":"Transformar vidas con tecnolog\u00eda, informaci\u00f3n y oportunidades: Explore nuestro viaje de crecimiento","description":"Transformar vidas con tecnolog\u00eda, informaci\u00f3n y oportunidades: Explore nuestro viaje de crecimiento","potentialAction":[{"@type":"SearchAction","target":{"@type":"EntryPoint","urlTemplate":"https:\/\/www.vagadeempregosp.com.br\/?s={search_term_string}"},"query-input":{"@type":"PropertyValueSpecification","valueRequired":true,"valueName":"search_term_string"}}],"inLanguage":"es"},{"@type":"Person","@id":"https:\/\/www.vagadeempregosp.com.br\/#\/schema\/person\/15cdff8822aa2f27a8a65ee7bbfe7ce6","name":"Michele","image":{"@type":"ImageObject","inLanguage":"es","@id":"https:\/\/secure.gravatar.com\/avatar\/6b0eb9d22841282815e2cd856a0061c45e1761cd54b22e952d98c4746939aa85?s=96&r=g","url":"https:\/\/secure.gravatar.com\/avatar\/6b0eb9d22841282815e2cd856a0061c45e1761cd54b22e952d98c4746939aa85?s=96&r=g","contentUrl":"https:\/\/secure.gravatar.com\/avatar\/6b0eb9d22841282815e2cd856a0061c45e1761cd54b22e952d98c4746939aa85?s=96&r=g","caption":"Michele"},"description":"Graduada en Lenguas - Portugu\u00e9s\/Ingl\u00e9s, y creadora del sitio Escritora de Sucesso, busca ampliar el conocimiento de todos con informaciones relevantes sobre diversos temas, como escritora. En Vaga de Emprego SP, ofrece oportunidades y consejos sobre el mercado laboral.","url":"https:\/\/www.vagadeempregosp.com.br\/es\/author\/michele\/"}]}},"_links":{"self":[{"href":"https:\/\/www.vagadeempregosp.com.br\/es\/wp-json\/wp\/v2\/posts\/18891","targetHints":{"allow":["GET"]}}],"collection":[{"href":"https:\/\/www.vagadeempregosp.com.br\/es\/wp-json\/wp\/v2\/posts"}],"about":[{"href":"https:\/\/www.vagadeempregosp.com.br\/es\/wp-json\/wp\/v2\/types\/post"}],"author":[{"embeddable":true,"href":"https:\/\/www.vagadeempregosp.com.br\/es\/wp-json\/wp\/v2\/users\/11"}],"replies":[{"embeddable":true,"href":"https:\/\/www.vagadeempregosp.com.br\/es\/wp-json\/wp\/v2\/comments?post=18891"}],"version-history":[{"count":4,"href":"https:\/\/www.vagadeempregosp.com.br\/es\/wp-json\/wp\/v2\/posts\/18891\/revisions"}],"predecessor-version":[{"id":20816,"href":"https:\/\/www.vagadeempregosp.com.br\/es\/wp-json\/wp\/v2\/posts\/18891\/revisions\/20816"}],"wp:featuredmedia":[{"embeddable":true,"href":"https:\/\/www.vagadeempregosp.com.br\/es\/wp-json\/wp\/v2\/media\/18893"}],"wp:attachment":[{"href":"https:\/\/www.vagadeempregosp.com.br\/es\/wp-json\/wp\/v2\/media?parent=18891"}],"wp:term":[{"taxonomy":"category","embeddable":true,"href":"https:\/\/www.vagadeempregosp.com.br\/es\/wp-json\/wp\/v2\/categories?post=18891"},{"taxonomy":"post_tag","embeddable":true,"href":"https:\/\/www.vagadeempregosp.com.br\/es\/wp-json\/wp\/v2\/tags?post=18891"}],"curies":[{"name":"wp","href":"https:\/\/api.w.org\/{rel}","templated":true}]}}