{"id":18829,"date":"2023-07-04T00:02:00","date_gmt":"2023-07-04T03:02:00","guid":{"rendered":"https:\/\/www.vagadeempregosp.com.br\/?p=18829"},"modified":"2025-09-11T21:10:15","modified_gmt":"2025-09-12T00:10:15","slug":"empleo-en-mondelez","status":"publish","type":"post","link":"https:\/\/www.vagadeempregosp.com.br\/es\/empregos-mondelez\/","title":{"rendered":"Ayudante general PCD, jefe de equipo de producci\u00f3n en Mondel\u0113z Company."},"content":{"rendered":"<p>Actualizado<\/p>\n\n\n<div class=\"wp-block-post-date\"><time datetime=\"2023-07-04T00:02:00-03:00\">04\/07\/2023<\/time><\/div>\n\n\n<p><strong>Mondel\u0113z Oferta de empleo<\/strong> Sus empleados reciben salarios fijos dentro de la media del mercado y diversos beneficios que pueden cambiar en funci\u00f3n del \u00e1rea en la que decidan trabajar. La empresa desea contratar a candidatos que se identifiquen con sus valores, que son: amar a sus consumidores, sus productos, ser responsable y tener muchas ganas de crecer profesionalmente.&nbsp;<\/p>\n\n\n\n<figure class=\"wp-block-image size-full is-resized\"><img loading=\"lazy\" decoding=\"async\" width=\"284\" height=\"178\" src=\"https:\/\/www.vagadeempregosp.com.br\/wp-content\/uploads\/2022\/10\/empregos-Mondelez.jpg\" alt=\"Empleo en Mondel\u0113z\" class=\"wp-image-18840\" style=\"width:497px;height:312px\"\/><figcaption class=\"wp-element-caption\">Imagen: Mondelez - Reproducci\u00f3n<\/figcaption><\/figure>\n\n\n\n<h2 class=\"wp-block-heading\">Consulta las ofertas de empleo de Mondel\u0113z&nbsp;<\/h2>\n\n\n\n<p>La empresa Mondel\u0113z fomenta un entorno de trabajo variado que supone un reto y una inspiraci\u00f3n para sus empleados, permiti\u00e9ndoles avanzar profesionalmente cada d\u00eda. En su propio sitio web se publican peri\u00f3dicamente nuevas vacantes de empleo, que ofrecen puestos permanentes, as\u00ed como temporales, afirmativos, de pr\u00e1cticas y enfocados a estudiantes de secundaria.<\/p>\n\n\n\n<p>Vivir en las regiones donde la empresa est\u00e1 contratando aumenta la probabilidad de ser contratado, pero hay algunos requisitos fundamentales que deben cumplirse para optar a uno de los puestos. Consulte a continuaci\u00f3n las oportunidades para ser entrevistado que est\u00e1n disponibles:<\/p>\n\n\n\n<ul class=\"wp-block-list\">\n<li>Ayudante General de Temporada Exclusivo para Personas con Discapacidad;<\/li>\n\n\n\n<li>Jefe de equipo Supervisores de producci\u00f3n.&nbsp;<\/li>\n<\/ul>\n\n\n\n<p>Las oportunidades ofrecidas por la empresa Mondel\u0113z pueden estar disponibles para cubrir puestos en sus f\u00e1bricas o para vacantes como promotores que se pueden cubrir en todo Brasil.&nbsp;<\/p>\n\n\n\n<h3 class=\"wp-block-heading\">C\u00f3mo solicitarlo<\/h3>\n\n\n\n<p>Quienes est\u00e9n interesados en unirse a Mondelez deben revisar todos los requisitos esenciales para el puesto que han elegido. Toda la informaci\u00f3n, los formularios de solicitud y las vacantes disponibles se encuentran en el sitio web oficial de la empresa.\u00a0<\/p>\n\n\n\n<ul class=\"wp-block-list\"><\/ul>\n\n\n\n<p>Para garantizar su participaci\u00f3n en el proceso de selecci\u00f3n, el candidato deber\u00e1 cumplir todos los requisitos enumerados en el anuncio de empleo y prestar atenci\u00f3n a la ubicaci\u00f3n del puesto.&nbsp;<\/p>\n\n\n\n<p><strong>V\u00e9ase tambi\u00e9n: <a href=\"https:\/\/www.vagadeempregosp.com.br\/es\/hola-trabajos\/\">Oi Empleo<\/a><\/strong><\/p>\n\n\n\n<h2 class=\"wp-block-heading\">Acerca de Mondelez<\/h2>\n\n\n\n<p>Mondelez es una empresa l\u00edder en snacks con presencia en m\u00e1s de 100 pa\u00edses, liderando el sector de la alimentaci\u00f3n en varios lugares, entre ellos Brasil. La empresa es propietaria de marcas que consumen millones de personas cada d\u00eda, como: Oreo, Milka, BelVita, Trident, Tang, Halls, Clorets, Club Social, Toblerone y muchas otras.&nbsp;<\/p>\n\n\n\n<p>La empresa tiene una amplia cartera de snacks que atraen a una gran variedad de consumidores, lo que la convierte en una referencia en este segmento. En Brasil, Mondelez es l\u00edder en las categor\u00edas de chocolate, queso, postres en polvo, bebidas en polvo, chicles, galletas y goma de mascar.&nbsp;<\/p>\n\n\n\n<p>La empresa cuenta actualmente con m\u00e1s de setecientos puntos de venta en Brasil, con importantes inversiones dentro del pa\u00eds, ampliando su producci\u00f3n a las ciudades de Vit\u00f3ria de Santo Ant\u00e3o, situada en el estado de Pernambuco, y Curitiba, situada en el estado de Paran\u00e1.&nbsp;<\/p>\n\n\n\n<p>La marca valora la inclusi\u00f3n y la diversidad en todas sus unidades en todo el mundo, y contratar al mayor n\u00famero posible de personas que encajen en estas comunidades m\u00e1s peque\u00f1as se ha convertido en su prioridad, ya que considera que romper los estereotipos garantiza una mayor representatividad en el conjunto de la sociedad.&nbsp;<\/p>","protected":false},"excerpt":{"rendered":"<p>Atualizado em Os Empregos Mondel\u0113z oferecem aos seus colaboradores sal\u00e1rios fixos dentro da m\u00e9dia de mercado e diversos benef\u00edcios que podem alterar conforme a \u00e1rea escolhida para atua\u00e7\u00e3o. A companhia preza pelo recrutamento de candidatos que se identifiquem com seus valores, sendo eles: amar os seus consumidores, seus produtos, ser respons\u00e1vel e ter muita vontade&hellip;&nbsp;<\/p>","protected":false},"author":11,"featured_media":18840,"comment_status":"open","ping_status":"closed","sticky":false,"template":"","format":"standard","meta":{"neve_meta_sidebar":"","neve_meta_container":"","neve_meta_enable_content_width":"","neve_meta_content_width":0,"neve_meta_title_alignment":"","neve_meta_author_avatar":"","neve_post_elements_order":"","neve_meta_disable_header":"","neve_meta_disable_footer":"","neve_meta_disable_title":"","footnotes":""},"categories":[43],"tags":[150,79,78],"class_list":["post-18829","post","type-post","status-publish","format-standard","has-post-thumbnail","hentry","category-vagas-nacionais","tag-mondelez","tag-oportunidades","tag-vagas-de-emprego"],"yoast_head":"<!-- This site is optimized with the Yoast SEO plugin v27.5 - https:\/\/yoast.com\/product\/yoast-seo-wordpress\/ -->\n<title>Ajudante Geral PCD, L\u00edder de Equipe Produ\u00e7\u00e3o na Empresa Mondel\u0113z - Transformando Vidas com Tecnologia, Informa\u00e7\u00e3o e Oportunidades: Explore Nossa Jornada de Crescimento<\/title>\n<meta name=\"robots\" content=\"index, follow, max-snippet:-1, max-image-preview:large, max-video-preview:-1\" \/>\n<link rel=\"canonical\" href=\"https:\/\/www.vagadeempregosp.com.br\/es\/empleo-en-mondelez\/\" \/>\n<meta property=\"og:locale\" content=\"es_ES\" \/>\n<meta property=\"og:type\" content=\"article\" \/>\n<meta property=\"og:title\" content=\"Ajudante Geral PCD, L\u00edder de Equipe Produ\u00e7\u00e3o na Empresa Mondel\u0113z - Transformando Vidas com Tecnologia, Informa\u00e7\u00e3o e Oportunidades: Explore Nossa Jornada de Crescimento\" \/>\n<meta property=\"og:description\" content=\"Atualizado em Os Empregos Mondel\u0113z oferecem aos seus colaboradores sal\u00e1rios fixos dentro da m\u00e9dia de mercado e diversos benef\u00edcios que podem alterar conforme a \u00e1rea escolhida para atua\u00e7\u00e3o. A companhia preza pelo recrutamento de candidatos que se identifiquem com seus valores, sendo eles: amar os seus consumidores, seus produtos, ser respons\u00e1vel e ter muita vontade&hellip;&nbsp;\" \/>\n<meta property=\"og:url\" content=\"https:\/\/www.vagadeempregosp.com.br\/es\/empleo-en-mondelez\/\" \/>\n<meta property=\"og:site_name\" content=\"Transformando Vidas com Tecnologia, Informa\u00e7\u00e3o e Oportunidades: Explore Nossa Jornada de Crescimento\" \/>\n<meta property=\"article:published_time\" content=\"2023-07-04T03:02:00+00:00\" \/>\n<meta property=\"article:modified_time\" content=\"2025-09-12T00:10:15+00:00\" \/>\n<meta property=\"og:image\" content=\"https:\/\/www.vagadeempregosp.com.br\/wp-content\/uploads\/2022\/10\/empregos-Mondelez.jpg\" \/>\n\t<meta property=\"og:image:width\" content=\"284\" \/>\n\t<meta property=\"og:image:height\" content=\"178\" \/>\n\t<meta property=\"og:image:type\" content=\"image\/jpeg\" \/>\n<meta name=\"author\" content=\"Michele\" \/>\n<meta name=\"twitter:card\" content=\"summary_large_image\" \/>\n<meta name=\"twitter:label1\" content=\"Escrito por\" \/>\n\t<meta name=\"twitter:data1\" content=\"Michele\" \/>\n\t<meta name=\"twitter:label2\" content=\"Tiempo de lectura\" \/>\n\t<meta name=\"twitter:data2\" content=\"3 minutos\" \/>\n<script type=\"application\/ld+json\" class=\"yoast-schema-graph\">{\"@context\":\"https:\\\/\\\/schema.org\",\"@graph\":[{\"@type\":\"Article\",\"@id\":\"https:\\\/\\\/www.vagadeempregosp.com.br\\\/empregos-mondelez\\\/#article\",\"isPartOf\":{\"@id\":\"https:\\\/\\\/www.vagadeempregosp.com.br\\\/empregos-mondelez\\\/\"},\"author\":{\"name\":\"Michele\",\"@id\":\"https:\\\/\\\/www.vagadeempregosp.com.br\\\/#\\\/schema\\\/person\\\/15cdff8822aa2f27a8a65ee7bbfe7ce6\"},\"headline\":\"Ajudante Geral PCD, L\u00edder de Equipe Produ\u00e7\u00e3o na Empresa Mondel\u0113z\",\"datePublished\":\"2023-07-04T03:02:00+00:00\",\"dateModified\":\"2025-09-12T00:10:15+00:00\",\"mainEntityOfPage\":{\"@id\":\"https:\\\/\\\/www.vagadeempregosp.com.br\\\/empregos-mondelez\\\/\"},\"wordCount\":542,\"commentCount\":0,\"image\":{\"@id\":\"https:\\\/\\\/www.vagadeempregosp.com.br\\\/empregos-mondelez\\\/#primaryimage\"},\"thumbnailUrl\":\"https:\\\/\\\/www.vagadeempregosp.com.br\\\/wp-content\\\/uploads\\\/2022\\\/10\\\/empregos-Mondelez.jpg\",\"keywords\":[\"Mondelez\",\"oportunidades\",\"vagas de emprego\"],\"articleSection\":[\"Vagas de Emprego Nacionais\"],\"inLanguage\":\"es\",\"potentialAction\":[{\"@type\":\"CommentAction\",\"name\":\"Comment\",\"target\":[\"https:\\\/\\\/www.vagadeempregosp.com.br\\\/empregos-mondelez\\\/#respond\"]}]},{\"@type\":\"WebPage\",\"@id\":\"https:\\\/\\\/www.vagadeempregosp.com.br\\\/empregos-mondelez\\\/\",\"url\":\"https:\\\/\\\/www.vagadeempregosp.com.br\\\/empregos-mondelez\\\/\",\"name\":\"Ajudante Geral PCD, L\u00edder de Equipe Produ\u00e7\u00e3o na Empresa Mondel\u0113z - Transformando Vidas com Tecnologia, Informa\u00e7\u00e3o e Oportunidades: Explore Nossa Jornada de Crescimento\",\"isPartOf\":{\"@id\":\"https:\\\/\\\/www.vagadeempregosp.com.br\\\/#website\"},\"primaryImageOfPage\":{\"@id\":\"https:\\\/\\\/www.vagadeempregosp.com.br\\\/empregos-mondelez\\\/#primaryimage\"},\"image\":{\"@id\":\"https:\\\/\\\/www.vagadeempregosp.com.br\\\/empregos-mondelez\\\/#primaryimage\"},\"thumbnailUrl\":\"https:\\\/\\\/www.vagadeempregosp.com.br\\\/wp-content\\\/uploads\\\/2022\\\/10\\\/empregos-Mondelez.jpg\",\"datePublished\":\"2023-07-04T03:02:00+00:00\",\"dateModified\":\"2025-09-12T00:10:15+00:00\",\"author\":{\"@id\":\"https:\\\/\\\/www.vagadeempregosp.com.br\\\/#\\\/schema\\\/person\\\/15cdff8822aa2f27a8a65ee7bbfe7ce6\"},\"breadcrumb\":{\"@id\":\"https:\\\/\\\/www.vagadeempregosp.com.br\\\/empregos-mondelez\\\/#breadcrumb\"},\"inLanguage\":\"es\",\"potentialAction\":[{\"@type\":\"ReadAction\",\"target\":[\"https:\\\/\\\/www.vagadeempregosp.com.br\\\/empregos-mondelez\\\/\"]}]},{\"@type\":\"ImageObject\",\"inLanguage\":\"es\",\"@id\":\"https:\\\/\\\/www.vagadeempregosp.com.br\\\/empregos-mondelez\\\/#primaryimage\",\"url\":\"https:\\\/\\\/www.vagadeempregosp.com.br\\\/wp-content\\\/uploads\\\/2022\\\/10\\\/empregos-Mondelez.jpg\",\"contentUrl\":\"https:\\\/\\\/www.vagadeempregosp.com.br\\\/wp-content\\\/uploads\\\/2022\\\/10\\\/empregos-Mondelez.jpg\",\"width\":284,\"height\":178,\"caption\":\"Imagem: Mondelez - Reprodu\u00e7\u00e3o\"},{\"@type\":\"BreadcrumbList\",\"@id\":\"https:\\\/\\\/www.vagadeempregosp.com.br\\\/empregos-mondelez\\\/#breadcrumb\",\"itemListElement\":[{\"@type\":\"ListItem\",\"position\":1,\"name\":\"In\u00edcio\",\"item\":\"https:\\\/\\\/www.vagadeempregosp.com.br\\\/\"},{\"@type\":\"ListItem\",\"position\":2,\"name\":\"Vagas de Emprego Nacionais\",\"item\":\"https:\\\/\\\/www.vagadeempregosp.com.br\\\/category\\\/vagas-nacionais\\\/\"},{\"@type\":\"ListItem\",\"position\":3,\"name\":\"Ajudante Geral PCD, L\u00edder de Equipe Produ\u00e7\u00e3o na Empresa Mondel\u0113z\"}]},{\"@type\":\"WebSite\",\"@id\":\"https:\\\/\\\/www.vagadeempregosp.com.br\\\/#website\",\"url\":\"https:\\\/\\\/www.vagadeempregosp.com.br\\\/\",\"name\":\"Transformando Vidas com Tecnologia, Informa\u00e7\u00e3o e Oportunidades: Explore Nossa Jornada de Crescimento\",\"description\":\"Transformando Vidas com Tecnologia, Informa\u00e7\u00e3o e Oportunidades: Explore Nossa Jornada de Crescimento\",\"potentialAction\":[{\"@type\":\"SearchAction\",\"target\":{\"@type\":\"EntryPoint\",\"urlTemplate\":\"https:\\\/\\\/www.vagadeempregosp.com.br\\\/?s={search_term_string}\"},\"query-input\":{\"@type\":\"PropertyValueSpecification\",\"valueRequired\":true,\"valueName\":\"search_term_string\"}}],\"inLanguage\":\"es\"},{\"@type\":\"Person\",\"@id\":\"https:\\\/\\\/www.vagadeempregosp.com.br\\\/#\\\/schema\\\/person\\\/15cdff8822aa2f27a8a65ee7bbfe7ce6\",\"name\":\"Michele\",\"image\":{\"@type\":\"ImageObject\",\"inLanguage\":\"es\",\"@id\":\"https:\\\/\\\/secure.gravatar.com\\\/avatar\\\/6b0eb9d22841282815e2cd856a0061c45e1761cd54b22e952d98c4746939aa85?s=96&r=g\",\"url\":\"https:\\\/\\\/secure.gravatar.com\\\/avatar\\\/6b0eb9d22841282815e2cd856a0061c45e1761cd54b22e952d98c4746939aa85?s=96&r=g\",\"contentUrl\":\"https:\\\/\\\/secure.gravatar.com\\\/avatar\\\/6b0eb9d22841282815e2cd856a0061c45e1761cd54b22e952d98c4746939aa85?s=96&r=g\",\"caption\":\"Michele\"},\"description\":\"Formada em Letras - Portugu\u00eas\\\/ Ingl\u00eas, e idealizadora do site Escritora de Sucesso, busca expandir o conhecimento de todos com informa\u00e7\u00f5es relevantes sobre diversos assuntos, enquanto redatora. No Vaga de Emprego SP, traz oportunidades e dicas sobre o mercado de trabalho.\",\"url\":\"https:\\\/\\\/www.vagadeempregosp.com.br\\\/es\\\/author\\\/michele\\\/\"}]}<\/script>\n<!-- \/ Yoast SEO plugin. -->","yoast_head_json":{"title":"PCD Ayudante General, Jefe de Equipo de Producci\u00f3n en Mondel\u0113z - Transformando vidas con tecnolog\u00eda, informaci\u00f3n y oportunidades: Explora nuestro viaje de crecimiento.","robots":{"index":"index","follow":"follow","max-snippet":"max-snippet:-1","max-image-preview":"max-image-preview:large","max-video-preview":"max-video-preview:-1"},"canonical":"https:\/\/www.vagadeempregosp.com.br\/es\/empleo-en-mondelez\/","og_locale":"es_ES","og_type":"article","og_title":"Ajudante Geral PCD, L\u00edder de Equipe Produ\u00e7\u00e3o na Empresa Mondel\u0113z - Transformando Vidas com Tecnologia, Informa\u00e7\u00e3o e Oportunidades: Explore Nossa Jornada de Crescimento","og_description":"Atualizado em Os Empregos Mondel\u0113z oferecem aos seus colaboradores sal\u00e1rios fixos dentro da m\u00e9dia de mercado e diversos benef\u00edcios que podem alterar conforme a \u00e1rea escolhida para atua\u00e7\u00e3o. A companhia preza pelo recrutamento de candidatos que se identifiquem com seus valores, sendo eles: amar os seus consumidores, seus produtos, ser respons\u00e1vel e ter muita vontade&hellip;&nbsp;","og_url":"https:\/\/www.vagadeempregosp.com.br\/es\/empleo-en-mondelez\/","og_site_name":"Transformando Vidas com Tecnologia, Informa\u00e7\u00e3o e Oportunidades: Explore Nossa Jornada de Crescimento","article_published_time":"2023-07-04T03:02:00+00:00","article_modified_time":"2025-09-12T00:10:15+00:00","og_image":[{"width":284,"height":178,"url":"https:\/\/www.vagadeempregosp.com.br\/wp-content\/uploads\/2022\/10\/empregos-Mondelez.jpg","type":"image\/jpeg"}],"author":"Michele","twitter_card":"summary_large_image","twitter_misc":{"Escrito por":"Michele","Tiempo de lectura":"3 minutos"},"schema":{"@context":"https:\/\/schema.org","@graph":[{"@type":"Article","@id":"https:\/\/www.vagadeempregosp.com.br\/empregos-mondelez\/#article","isPartOf":{"@id":"https:\/\/www.vagadeempregosp.com.br\/empregos-mondelez\/"},"author":{"name":"Michele","@id":"https:\/\/www.vagadeempregosp.com.br\/#\/schema\/person\/15cdff8822aa2f27a8a65ee7bbfe7ce6"},"headline":"Ajudante Geral PCD, L\u00edder de Equipe Produ\u00e7\u00e3o na Empresa Mondel\u0113z","datePublished":"2023-07-04T03:02:00+00:00","dateModified":"2025-09-12T00:10:15+00:00","mainEntityOfPage":{"@id":"https:\/\/www.vagadeempregosp.com.br\/empregos-mondelez\/"},"wordCount":542,"commentCount":0,"image":{"@id":"https:\/\/www.vagadeempregosp.com.br\/empregos-mondelez\/#primaryimage"},"thumbnailUrl":"https:\/\/www.vagadeempregosp.com.br\/wp-content\/uploads\/2022\/10\/empregos-Mondelez.jpg","keywords":["Mondelez","oportunidades","vagas de emprego"],"articleSection":["Vagas de Emprego Nacionais"],"inLanguage":"es","potentialAction":[{"@type":"CommentAction","name":"Comment","target":["https:\/\/www.vagadeempregosp.com.br\/empregos-mondelez\/#respond"]}]},{"@type":"WebPage","@id":"https:\/\/www.vagadeempregosp.com.br\/empregos-mondelez\/","url":"https:\/\/www.vagadeempregosp.com.br\/empregos-mondelez\/","name":"PCD Ayudante General, Jefe de Equipo de Producci\u00f3n en Mondel\u0113z - Transformando vidas con tecnolog\u00eda, informaci\u00f3n y oportunidades: Explora nuestro viaje de crecimiento.","isPartOf":{"@id":"https:\/\/www.vagadeempregosp.com.br\/#website"},"primaryImageOfPage":{"@id":"https:\/\/www.vagadeempregosp.com.br\/empregos-mondelez\/#primaryimage"},"image":{"@id":"https:\/\/www.vagadeempregosp.com.br\/empregos-mondelez\/#primaryimage"},"thumbnailUrl":"https:\/\/www.vagadeempregosp.com.br\/wp-content\/uploads\/2022\/10\/empregos-Mondelez.jpg","datePublished":"2023-07-04T03:02:00+00:00","dateModified":"2025-09-12T00:10:15+00:00","author":{"@id":"https:\/\/www.vagadeempregosp.com.br\/#\/schema\/person\/15cdff8822aa2f27a8a65ee7bbfe7ce6"},"breadcrumb":{"@id":"https:\/\/www.vagadeempregosp.com.br\/empregos-mondelez\/#breadcrumb"},"inLanguage":"es","potentialAction":[{"@type":"ReadAction","target":["https:\/\/www.vagadeempregosp.com.br\/empregos-mondelez\/"]}]},{"@type":"ImageObject","inLanguage":"es","@id":"https:\/\/www.vagadeempregosp.com.br\/empregos-mondelez\/#primaryimage","url":"https:\/\/www.vagadeempregosp.com.br\/wp-content\/uploads\/2022\/10\/empregos-Mondelez.jpg","contentUrl":"https:\/\/www.vagadeempregosp.com.br\/wp-content\/uploads\/2022\/10\/empregos-Mondelez.jpg","width":284,"height":178,"caption":"Imagem: Mondelez - Reprodu\u00e7\u00e3o"},{"@type":"BreadcrumbList","@id":"https:\/\/www.vagadeempregosp.com.br\/empregos-mondelez\/#breadcrumb","itemListElement":[{"@type":"ListItem","position":1,"name":"In\u00edcio","item":"https:\/\/www.vagadeempregosp.com.br\/"},{"@type":"ListItem","position":2,"name":"Vagas de Emprego Nacionais","item":"https:\/\/www.vagadeempregosp.com.br\/category\/vagas-nacionais\/"},{"@type":"ListItem","position":3,"name":"Ajudante Geral PCD, L\u00edder de Equipe Produ\u00e7\u00e3o na Empresa Mondel\u0113z"}]},{"@type":"WebSite","@id":"https:\/\/www.vagadeempregosp.com.br\/#website","url":"https:\/\/www.vagadeempregosp.com.br\/","name":"Transformar vidas con tecnolog\u00eda, informaci\u00f3n y oportunidades: Explore nuestro viaje de crecimiento","description":"Transformar vidas con tecnolog\u00eda, informaci\u00f3n y oportunidades: Explore nuestro viaje de crecimiento","potentialAction":[{"@type":"SearchAction","target":{"@type":"EntryPoint","urlTemplate":"https:\/\/www.vagadeempregosp.com.br\/?s={search_term_string}"},"query-input":{"@type":"PropertyValueSpecification","valueRequired":true,"valueName":"search_term_string"}}],"inLanguage":"es"},{"@type":"Person","@id":"https:\/\/www.vagadeempregosp.com.br\/#\/schema\/person\/15cdff8822aa2f27a8a65ee7bbfe7ce6","name":"Michele","image":{"@type":"ImageObject","inLanguage":"es","@id":"https:\/\/secure.gravatar.com\/avatar\/6b0eb9d22841282815e2cd856a0061c45e1761cd54b22e952d98c4746939aa85?s=96&r=g","url":"https:\/\/secure.gravatar.com\/avatar\/6b0eb9d22841282815e2cd856a0061c45e1761cd54b22e952d98c4746939aa85?s=96&r=g","contentUrl":"https:\/\/secure.gravatar.com\/avatar\/6b0eb9d22841282815e2cd856a0061c45e1761cd54b22e952d98c4746939aa85?s=96&r=g","caption":"Michele"},"description":"Graduada en Lenguas - Portugu\u00e9s\/Ingl\u00e9s, y creadora del sitio Escritora de Sucesso, busca ampliar el conocimiento de todos con informaciones relevantes sobre diversos temas, como escritora. En Vaga de Emprego SP, ofrece oportunidades y consejos sobre el mercado laboral.","url":"https:\/\/www.vagadeempregosp.com.br\/es\/author\/michele\/"}]}},"_links":{"self":[{"href":"https:\/\/www.vagadeempregosp.com.br\/es\/wp-json\/wp\/v2\/posts\/18829","targetHints":{"allow":["GET"]}}],"collection":[{"href":"https:\/\/www.vagadeempregosp.com.br\/es\/wp-json\/wp\/v2\/posts"}],"about":[{"href":"https:\/\/www.vagadeempregosp.com.br\/es\/wp-json\/wp\/v2\/types\/post"}],"author":[{"embeddable":true,"href":"https:\/\/www.vagadeempregosp.com.br\/es\/wp-json\/wp\/v2\/users\/11"}],"replies":[{"embeddable":true,"href":"https:\/\/www.vagadeempregosp.com.br\/es\/wp-json\/wp\/v2\/comments?post=18829"}],"version-history":[{"count":6,"href":"https:\/\/www.vagadeempregosp.com.br\/es\/wp-json\/wp\/v2\/posts\/18829\/revisions"}],"predecessor-version":[{"id":22981,"href":"https:\/\/www.vagadeempregosp.com.br\/es\/wp-json\/wp\/v2\/posts\/18829\/revisions\/22981"}],"wp:featuredmedia":[{"embeddable":true,"href":"https:\/\/www.vagadeempregosp.com.br\/es\/wp-json\/wp\/v2\/media\/18840"}],"wp:attachment":[{"href":"https:\/\/www.vagadeempregosp.com.br\/es\/wp-json\/wp\/v2\/media?parent=18829"}],"wp:term":[{"taxonomy":"category","embeddable":true,"href":"https:\/\/www.vagadeempregosp.com.br\/es\/wp-json\/wp\/v2\/categories?post=18829"},{"taxonomy":"post_tag","embeddable":true,"href":"https:\/\/www.vagadeempregosp.com.br\/es\/wp-json\/wp\/v2\/tags?post=18829"}],"curies":[{"name":"wp","href":"https:\/\/api.w.org\/{rel}","templated":true}]}}