{"id":18797,"date":"2023-07-03T01:01:00","date_gmt":"2023-07-03T04:01:00","guid":{"rendered":"https:\/\/www.vagadeempregosp.com.br\/?p=18797"},"modified":"2023-06-28T15:39:52","modified_gmt":"2023-06-28T18:39:52","slug":"empleos-natura","status":"publish","type":"post","link":"https:\/\/www.vagadeempregosp.com.br\/es\/empregos-natura\/","title":{"rendered":"Gestor de proyectos, analistas, asistente de log\u00edstica de PCD, coordinador de marketing, comprador, t\u00e9cnico de mantenimiento y mucho m\u00e1s en Natura"},"content":{"rendered":"<p>Actualizado<\/p>\n\n\n<div class=\"wp-block-post-date\"><time datetime=\"2023-07-03T01:01:00-03:00\">03\/07\/2023<\/time><\/div>\n\n\n<p>En <strong>Empleo en Natura<\/strong>El grupo, que cuenta con m\u00e1s de 7.000 empleados en todo Brasil, anuncia constantemente nuevas oportunidades de empleo en su sitio web. La empresa es una de las mayores referencias en cosm\u00e9ticos y productos de cuidado personal. Para formar parte del equipo, los candidatos deben ser responsables y tener ganas de crecer profesionalmente.<\/p>\n\n\n\n<figure class=\"wp-block-image size-full\"><img loading=\"lazy\" decoding=\"async\" width=\"700\" height=\"700\" src=\"https:\/\/www.vagadeempregosp.com.br\/wp-content\/uploads\/2022\/10\/empregos-natura.jpeg\" alt=\"empleos natura\" class=\"wp-image-18804\" srcset=\"https:\/\/www.vagadeempregosp.com.br\/wp-content\/uploads\/2022\/10\/empregos-natura.jpeg 700w, https:\/\/www.vagadeempregosp.com.br\/wp-content\/uploads\/2022\/10\/empregos-natura-300x300.jpeg 300w, https:\/\/www.vagadeempregosp.com.br\/wp-content\/uploads\/2022\/10\/empregos-natura-150x150.jpeg 150w\" sizes=\"auto, (max-width: 700px) 100vw, 700px\" \/><figcaption class=\"wp-element-caption\">Imagen: Natura - Reproducci\u00f3n<\/figcaption><\/figure>\n\n\n\n<h2 class=\"wp-block-heading\">Consulte las ofertas de empleo de Natura<\/h2>\n\n\n\n<p>Natura ofrece a sus empleados un entorno multicultural, desafiante e inspirador, que les permite crecer cada vez m\u00e1s profesionalmente. En el sitio web de la empresa se anuncian peri\u00f3dicamente nuevas oportunidades, ofreciendo vacantes para puestos permanentes, acci\u00f3n afirmativa, pr\u00e1cticas y j\u00f3venes aprendices.&nbsp;<\/p>\n\n\n\n<p>Para ocupar uno de los puestos tendr\u00e1 que cumplir algunos requisitos b\u00e1sicos, y vivir en regiones donde la empresa est\u00e1 contratando aumenta las posibilidades de ser contratado. Consulte las oportunidades abiertas que se van a cubrir:<\/p>\n\n\n\n<ul class=\"wp-block-list\">\n<li>Supervisores de taller;<\/li>\n\n\n\n<li>Jefe de tienda;<\/li>\n\n\n\n<li>Analista s\u00e9nior de operaciones de RR.HH;<\/li>\n\n\n\n<li>Aprendiz de sostenibilidad;<\/li>\n\n\n\n<li>Coordinador de Estrategia de Mercado Competitivo;<\/li>\n\n\n\n<li>Analista de transporte completo;<\/li>\n\n\n\n<li>T\u00e9cnico de mantenimiento (mecanizado);<\/li>\n\n\n\n<li>Comprador Senior de Servicios Tecnol\u00f3gicos Globales;<\/li>\n\n\n\n<li>Asistente de log\u00edstica (s\u00f3lo PCD);<\/li>\n\n\n\n<li>Analista de planificaci\u00f3n comercial completa (s\u00f3lo PCD);<\/li>\n\n\n\n<li>Analista de transporte completo (s\u00f3lo PCD);<\/li>\n\n\n\n<li>Analista senior de impuestos directos.<\/li>\n<\/ul>\n\n\n\n<h3 class=\"wp-block-heading\">C\u00f3mo solicitarlo&nbsp;<\/h3>\n\n\n\n<p>Los interesados en incorporarse a la empresa Natura deben comprobar todos los requisitos b\u00e1sicos para el puesto que hayan elegido. Se puede acceder a toda la informaci\u00f3n, formularios de inscripci\u00f3n y puestos vacantes a trav\u00e9s de la propia p\u00e1gina web de la empresa:<\/p>\n\n\n\n<ul class=\"wp-block-list\">\n<li>https:\/\/www.natura.com.br\/trabalhe-conosco<\/li>\n<\/ul>\n\n\n\n<p>Para garantizar su participaci\u00f3n en el proceso de selecci\u00f3n, los candidatos deber\u00e1n seguir todas las directrices necesarias que se incluyan en la vacante que deseen ocupar.<\/p>\n\n\n\n<p><strong>V\u00e9ase tambi\u00e9n: <a href=\"https:\/\/www.vagadeempregosp.com.br\/es\/hola-trabajos\/\">Oi Empleo<\/a><\/strong><\/p>\n\n\n\n<h2 class=\"wp-block-heading\">Acerca de Natura<\/h2>\n\n\n\n<p>Natura fue fundada en 1969, transformando el sector brasile\u00f1o de cosm\u00e9ticos. Desde entonces, la empresa ha construido un negocio que ofrece a sus consumidores Bem Estar Bem, una referencia a las relaciones que los individuos tienen consigo mismos y con los elementos de la naturaleza.&nbsp;<\/p>\n\n\n\n<p>La empresa se encarga de crear soluciones innovadoras en todas sus \u00e1reas de negocio. Todos sus productos se han desarrollado para ofrecer a los consumidores una sensaci\u00f3n de bienestar y placer. Despiertan y potencian los sentidos propios y de las personas que les rodean, mejorando la relaci\u00f3n con su cuerpo y aumentando su autoestima.<\/p>\n\n\n\n<p>Adem\u00e1s de tener varias f\u00e1bricas activas en Brasil, la empresa tambi\u00e9n opera en Estados Unidos, Francia, Colombia, Per\u00fa, M\u00e9xico, Chile, Bolivia y Argentina. Actualmente cuenta con m\u00e1s de 6.000 empleados, con f\u00e1bricas en Cajamar, en el estado de S\u00e3o Paulo, Benevides, en Par\u00e1, y centros de investigaci\u00f3n en el estado de Amazonas y Estados Unidos.<\/p>\n\n\n\n<p>Natura tiene una amplia cartera de productos, que var\u00edan en categor\u00edas: perfumes, cabello, rostro, cuerpo y ba\u00f1o. Todos los ingredientes utilizados son de origen vegetal, de la biodiversidad de Brasil, y se suministran en colaboraci\u00f3n con las comunidades regionales.<\/p>","protected":false},"excerpt":{"rendered":"<p>Atualizado em Os Empregos Natura, um grupo que possui mais de sete mil colaboradores espalhados em todo o Brasil, anuncia novas oportunidades de trabalho constantemente em sua p\u00e1gina. A companhia \u00e9 uma das maiores refer\u00eancias em cosm\u00e9ticos e produtos de cuidados pessoais. Para fazer parte da equipe o candidato dever\u00e1 ser respons\u00e1vel e ter vontade&hellip;&nbsp;<\/p>","protected":false},"author":11,"featured_media":18804,"comment_status":"open","ping_status":"closed","sticky":false,"template":"","format":"standard","meta":{"neve_meta_sidebar":"","neve_meta_container":"","neve_meta_enable_content_width":"","neve_meta_content_width":0,"neve_meta_title_alignment":"","neve_meta_author_avatar":"","neve_post_elements_order":"","neve_meta_disable_header":"","neve_meta_disable_footer":"","neve_meta_disable_title":"","footnotes":""},"categories":[43],"tags":[74,79,78],"class_list":["post-18797","post","type-post","status-publish","format-standard","has-post-thumbnail","hentry","category-vagas-nacionais","tag-natura","tag-oportunidades","tag-vagas-de-emprego"],"yoast_head":"<!-- This site is optimized with the Yoast SEO plugin v27.5 - https:\/\/yoast.com\/product\/yoast-seo-wordpress\/ -->\n<title>Gerente de Projetos, Analistas, Auxiliar Log\u00edstico PCD, Coordenador de Marketing, Comprador, T\u00e9cnico de Manuten\u00e7\u00e3o e mais na Natura - Transformando Vidas com Tecnologia, Informa\u00e7\u00e3o e Oportunidades: Explore Nossa Jornada de Crescimento<\/title>\n<meta name=\"description\" content=\"Os Empregos Natura, um grupo que possui mais de sete mil colaboradores espalhados em todo o Brasil, anuncia novas oportunidades.\" \/>\n<meta name=\"robots\" content=\"index, follow, max-snippet:-1, max-image-preview:large, max-video-preview:-1\" \/>\n<link rel=\"canonical\" href=\"https:\/\/www.vagadeempregosp.com.br\/es\/empleos-natura\/\" \/>\n<meta property=\"og:locale\" content=\"es_ES\" \/>\n<meta property=\"og:type\" content=\"article\" \/>\n<meta property=\"og:title\" content=\"Gerente de Projetos, Analistas, Auxiliar Log\u00edstico PCD, Coordenador de Marketing, Comprador, T\u00e9cnico de Manuten\u00e7\u00e3o e mais na Natura - Transformando Vidas com Tecnologia, Informa\u00e7\u00e3o e Oportunidades: Explore Nossa Jornada de Crescimento\" \/>\n<meta property=\"og:description\" content=\"Os Empregos Natura, um grupo que possui mais de sete mil colaboradores espalhados em todo o Brasil, anuncia novas oportunidades.\" \/>\n<meta property=\"og:url\" content=\"https:\/\/www.vagadeempregosp.com.br\/es\/empleos-natura\/\" \/>\n<meta property=\"og:site_name\" content=\"Transformando Vidas com Tecnologia, Informa\u00e7\u00e3o e Oportunidades: Explore Nossa Jornada de Crescimento\" \/>\n<meta property=\"article:published_time\" content=\"2023-07-03T04:01:00+00:00\" \/>\n<meta property=\"og:image\" content=\"https:\/\/www.vagadeempregosp.com.br\/wp-content\/uploads\/2022\/10\/empregos-natura.jpeg\" \/>\n\t<meta property=\"og:image:width\" content=\"700\" \/>\n\t<meta property=\"og:image:height\" content=\"700\" \/>\n\t<meta property=\"og:image:type\" content=\"image\/jpeg\" \/>\n<meta name=\"author\" content=\"Michele\" \/>\n<meta name=\"twitter:card\" content=\"summary_large_image\" \/>\n<meta name=\"twitter:label1\" content=\"Escrito por\" \/>\n\t<meta name=\"twitter:data1\" content=\"Michele\" \/>\n\t<meta name=\"twitter:label2\" content=\"Tiempo de lectura\" \/>\n\t<meta name=\"twitter:data2\" content=\"3 minutos\" \/>\n<script type=\"application\/ld+json\" class=\"yoast-schema-graph\">{\"@context\":\"https:\\\/\\\/schema.org\",\"@graph\":[{\"@type\":\"Article\",\"@id\":\"https:\\\/\\\/www.vagadeempregosp.com.br\\\/empregos-natura\\\/#article\",\"isPartOf\":{\"@id\":\"https:\\\/\\\/www.vagadeempregosp.com.br\\\/empregos-natura\\\/\"},\"author\":{\"name\":\"Michele\",\"@id\":\"https:\\\/\\\/www.vagadeempregosp.com.br\\\/#\\\/schema\\\/person\\\/15cdff8822aa2f27a8a65ee7bbfe7ce6\"},\"headline\":\"Gerente de Projetos, Analistas, Auxiliar Log\u00edstico PCD, Coordenador de Marketing, Comprador, T\u00e9cnico de Manuten\u00e7\u00e3o e mais na Natura\",\"datePublished\":\"2023-07-03T04:01:00+00:00\",\"mainEntityOfPage\":{\"@id\":\"https:\\\/\\\/www.vagadeempregosp.com.br\\\/empregos-natura\\\/\"},\"wordCount\":557,\"commentCount\":0,\"image\":{\"@id\":\"https:\\\/\\\/www.vagadeempregosp.com.br\\\/empregos-natura\\\/#primaryimage\"},\"thumbnailUrl\":\"https:\\\/\\\/www.vagadeempregosp.com.br\\\/wp-content\\\/uploads\\\/2022\\\/10\\\/empregos-natura.jpeg\",\"keywords\":[\"Natura\",\"oportunidades\",\"vagas de emprego\"],\"articleSection\":[\"Vagas de Emprego Nacionais\"],\"inLanguage\":\"es\",\"potentialAction\":[{\"@type\":\"CommentAction\",\"name\":\"Comment\",\"target\":[\"https:\\\/\\\/www.vagadeempregosp.com.br\\\/empregos-natura\\\/#respond\"]}]},{\"@type\":\"WebPage\",\"@id\":\"https:\\\/\\\/www.vagadeempregosp.com.br\\\/empregos-natura\\\/\",\"url\":\"https:\\\/\\\/www.vagadeempregosp.com.br\\\/empregos-natura\\\/\",\"name\":\"Gerente de Projetos, Analistas, Auxiliar Log\u00edstico PCD, Coordenador de Marketing, Comprador, T\u00e9cnico de Manuten\u00e7\u00e3o e mais na Natura - Transformando Vidas com Tecnologia, Informa\u00e7\u00e3o e Oportunidades: Explore Nossa Jornada de Crescimento\",\"isPartOf\":{\"@id\":\"https:\\\/\\\/www.vagadeempregosp.com.br\\\/#website\"},\"primaryImageOfPage\":{\"@id\":\"https:\\\/\\\/www.vagadeempregosp.com.br\\\/empregos-natura\\\/#primaryimage\"},\"image\":{\"@id\":\"https:\\\/\\\/www.vagadeempregosp.com.br\\\/empregos-natura\\\/#primaryimage\"},\"thumbnailUrl\":\"https:\\\/\\\/www.vagadeempregosp.com.br\\\/wp-content\\\/uploads\\\/2022\\\/10\\\/empregos-natura.jpeg\",\"datePublished\":\"2023-07-03T04:01:00+00:00\",\"author\":{\"@id\":\"https:\\\/\\\/www.vagadeempregosp.com.br\\\/#\\\/schema\\\/person\\\/15cdff8822aa2f27a8a65ee7bbfe7ce6\"},\"description\":\"Os Empregos Natura, um grupo que possui mais de sete mil colaboradores espalhados em todo o Brasil, anuncia novas oportunidades.\",\"breadcrumb\":{\"@id\":\"https:\\\/\\\/www.vagadeempregosp.com.br\\\/empregos-natura\\\/#breadcrumb\"},\"inLanguage\":\"es\",\"potentialAction\":[{\"@type\":\"ReadAction\",\"target\":[\"https:\\\/\\\/www.vagadeempregosp.com.br\\\/empregos-natura\\\/\"]}]},{\"@type\":\"ImageObject\",\"inLanguage\":\"es\",\"@id\":\"https:\\\/\\\/www.vagadeempregosp.com.br\\\/empregos-natura\\\/#primaryimage\",\"url\":\"https:\\\/\\\/www.vagadeempregosp.com.br\\\/wp-content\\\/uploads\\\/2022\\\/10\\\/empregos-natura.jpeg\",\"contentUrl\":\"https:\\\/\\\/www.vagadeempregosp.com.br\\\/wp-content\\\/uploads\\\/2022\\\/10\\\/empregos-natura.jpeg\",\"width\":700,\"height\":700,\"caption\":\"Imagem: Natura - Reprodu\u00e7\u00e3o\"},{\"@type\":\"BreadcrumbList\",\"@id\":\"https:\\\/\\\/www.vagadeempregosp.com.br\\\/empregos-natura\\\/#breadcrumb\",\"itemListElement\":[{\"@type\":\"ListItem\",\"position\":1,\"name\":\"In\u00edcio\",\"item\":\"https:\\\/\\\/www.vagadeempregosp.com.br\\\/\"},{\"@type\":\"ListItem\",\"position\":2,\"name\":\"Vagas de Emprego Nacionais\",\"item\":\"https:\\\/\\\/www.vagadeempregosp.com.br\\\/category\\\/vagas-nacionais\\\/\"},{\"@type\":\"ListItem\",\"position\":3,\"name\":\"Gerente de Projetos, Analistas, Auxiliar Log\u00edstico PCD, Coordenador de Marketing, Comprador, T\u00e9cnico de Manuten\u00e7\u00e3o e mais na Natura\"}]},{\"@type\":\"WebSite\",\"@id\":\"https:\\\/\\\/www.vagadeempregosp.com.br\\\/#website\",\"url\":\"https:\\\/\\\/www.vagadeempregosp.com.br\\\/\",\"name\":\"Transformando Vidas com Tecnologia, Informa\u00e7\u00e3o e Oportunidades: Explore Nossa Jornada de Crescimento\",\"description\":\"Transformando Vidas com Tecnologia, Informa\u00e7\u00e3o e Oportunidades: Explore Nossa Jornada de Crescimento\",\"potentialAction\":[{\"@type\":\"SearchAction\",\"target\":{\"@type\":\"EntryPoint\",\"urlTemplate\":\"https:\\\/\\\/www.vagadeempregosp.com.br\\\/?s={search_term_string}\"},\"query-input\":{\"@type\":\"PropertyValueSpecification\",\"valueRequired\":true,\"valueName\":\"search_term_string\"}}],\"inLanguage\":\"es\"},{\"@type\":\"Person\",\"@id\":\"https:\\\/\\\/www.vagadeempregosp.com.br\\\/#\\\/schema\\\/person\\\/15cdff8822aa2f27a8a65ee7bbfe7ce6\",\"name\":\"Michele\",\"image\":{\"@type\":\"ImageObject\",\"inLanguage\":\"es\",\"@id\":\"https:\\\/\\\/secure.gravatar.com\\\/avatar\\\/6b0eb9d22841282815e2cd856a0061c45e1761cd54b22e952d98c4746939aa85?s=96&r=g\",\"url\":\"https:\\\/\\\/secure.gravatar.com\\\/avatar\\\/6b0eb9d22841282815e2cd856a0061c45e1761cd54b22e952d98c4746939aa85?s=96&r=g\",\"contentUrl\":\"https:\\\/\\\/secure.gravatar.com\\\/avatar\\\/6b0eb9d22841282815e2cd856a0061c45e1761cd54b22e952d98c4746939aa85?s=96&r=g\",\"caption\":\"Michele\"},\"description\":\"Formada em Letras - Portugu\u00eas\\\/ Ingl\u00eas, e idealizadora do site Escritora de Sucesso, busca expandir o conhecimento de todos com informa\u00e7\u00f5es relevantes sobre diversos assuntos, enquanto redatora. No Vaga de Emprego SP, traz oportunidades e dicas sobre o mercado de trabalho.\",\"url\":\"https:\\\/\\\/www.vagadeempregosp.com.br\\\/es\\\/author\\\/michele\\\/\"}]}<\/script>\n<!-- \/ Yoast SEO plugin. -->","yoast_head_json":{"title":"Gestor de Proyectos, Analistas, Asistente de Log\u00edstica de PCD, Coordinador de Marketing, Comprador, T\u00e9cnico de Mantenimiento y m\u00e1s en Natura - Transformando vidas con tecnolog\u00eda, informaci\u00f3n y oportunidades: Explore Nuestro Viaje de Crecimiento","description":"Empregos Natura, grupo con m\u00e1s de 7.000 empleados en todo Brasil, anuncia nuevas oportunidades.","robots":{"index":"index","follow":"follow","max-snippet":"max-snippet:-1","max-image-preview":"max-image-preview:large","max-video-preview":"max-video-preview:-1"},"canonical":"https:\/\/www.vagadeempregosp.com.br\/es\/empleos-natura\/","og_locale":"es_ES","og_type":"article","og_title":"Gerente de Projetos, Analistas, Auxiliar Log\u00edstico PCD, Coordenador de Marketing, Comprador, T\u00e9cnico de Manuten\u00e7\u00e3o e mais na Natura - Transformando Vidas com Tecnologia, Informa\u00e7\u00e3o e Oportunidades: Explore Nossa Jornada de Crescimento","og_description":"Os Empregos Natura, um grupo que possui mais de sete mil colaboradores espalhados em todo o Brasil, anuncia novas oportunidades.","og_url":"https:\/\/www.vagadeempregosp.com.br\/es\/empleos-natura\/","og_site_name":"Transformando Vidas com Tecnologia, Informa\u00e7\u00e3o e Oportunidades: Explore Nossa Jornada de Crescimento","article_published_time":"2023-07-03T04:01:00+00:00","og_image":[{"width":700,"height":700,"url":"https:\/\/www.vagadeempregosp.com.br\/wp-content\/uploads\/2022\/10\/empregos-natura.jpeg","type":"image\/jpeg"}],"author":"Michele","twitter_card":"summary_large_image","twitter_misc":{"Escrito por":"Michele","Tiempo de lectura":"3 minutos"},"schema":{"@context":"https:\/\/schema.org","@graph":[{"@type":"Article","@id":"https:\/\/www.vagadeempregosp.com.br\/empregos-natura\/#article","isPartOf":{"@id":"https:\/\/www.vagadeempregosp.com.br\/empregos-natura\/"},"author":{"name":"Michele","@id":"https:\/\/www.vagadeempregosp.com.br\/#\/schema\/person\/15cdff8822aa2f27a8a65ee7bbfe7ce6"},"headline":"Gerente de Projetos, Analistas, Auxiliar Log\u00edstico PCD, Coordenador de Marketing, Comprador, T\u00e9cnico de Manuten\u00e7\u00e3o e mais na Natura","datePublished":"2023-07-03T04:01:00+00:00","mainEntityOfPage":{"@id":"https:\/\/www.vagadeempregosp.com.br\/empregos-natura\/"},"wordCount":557,"commentCount":0,"image":{"@id":"https:\/\/www.vagadeempregosp.com.br\/empregos-natura\/#primaryimage"},"thumbnailUrl":"https:\/\/www.vagadeempregosp.com.br\/wp-content\/uploads\/2022\/10\/empregos-natura.jpeg","keywords":["Natura","oportunidades","vagas de emprego"],"articleSection":["Vagas de Emprego Nacionais"],"inLanguage":"es","potentialAction":[{"@type":"CommentAction","name":"Comment","target":["https:\/\/www.vagadeempregosp.com.br\/empregos-natura\/#respond"]}]},{"@type":"WebPage","@id":"https:\/\/www.vagadeempregosp.com.br\/empregos-natura\/","url":"https:\/\/www.vagadeempregosp.com.br\/empregos-natura\/","name":"Gestor de Proyectos, Analistas, Asistente de Log\u00edstica de PCD, Coordinador de Marketing, Comprador, T\u00e9cnico de Mantenimiento y m\u00e1s en Natura - Transformando vidas con tecnolog\u00eda, informaci\u00f3n y oportunidades: Explore Nuestro Viaje de Crecimiento","isPartOf":{"@id":"https:\/\/www.vagadeempregosp.com.br\/#website"},"primaryImageOfPage":{"@id":"https:\/\/www.vagadeempregosp.com.br\/empregos-natura\/#primaryimage"},"image":{"@id":"https:\/\/www.vagadeempregosp.com.br\/empregos-natura\/#primaryimage"},"thumbnailUrl":"https:\/\/www.vagadeempregosp.com.br\/wp-content\/uploads\/2022\/10\/empregos-natura.jpeg","datePublished":"2023-07-03T04:01:00+00:00","author":{"@id":"https:\/\/www.vagadeempregosp.com.br\/#\/schema\/person\/15cdff8822aa2f27a8a65ee7bbfe7ce6"},"description":"Empregos Natura, grupo con m\u00e1s de 7.000 empleados en todo Brasil, anuncia nuevas oportunidades.","breadcrumb":{"@id":"https:\/\/www.vagadeempregosp.com.br\/empregos-natura\/#breadcrumb"},"inLanguage":"es","potentialAction":[{"@type":"ReadAction","target":["https:\/\/www.vagadeempregosp.com.br\/empregos-natura\/"]}]},{"@type":"ImageObject","inLanguage":"es","@id":"https:\/\/www.vagadeempregosp.com.br\/empregos-natura\/#primaryimage","url":"https:\/\/www.vagadeempregosp.com.br\/wp-content\/uploads\/2022\/10\/empregos-natura.jpeg","contentUrl":"https:\/\/www.vagadeempregosp.com.br\/wp-content\/uploads\/2022\/10\/empregos-natura.jpeg","width":700,"height":700,"caption":"Imagem: Natura - Reprodu\u00e7\u00e3o"},{"@type":"BreadcrumbList","@id":"https:\/\/www.vagadeempregosp.com.br\/empregos-natura\/#breadcrumb","itemListElement":[{"@type":"ListItem","position":1,"name":"In\u00edcio","item":"https:\/\/www.vagadeempregosp.com.br\/"},{"@type":"ListItem","position":2,"name":"Vagas de Emprego Nacionais","item":"https:\/\/www.vagadeempregosp.com.br\/category\/vagas-nacionais\/"},{"@type":"ListItem","position":3,"name":"Gerente de Projetos, Analistas, Auxiliar Log\u00edstico PCD, Coordenador de Marketing, Comprador, T\u00e9cnico de Manuten\u00e7\u00e3o e mais na Natura"}]},{"@type":"WebSite","@id":"https:\/\/www.vagadeempregosp.com.br\/#website","url":"https:\/\/www.vagadeempregosp.com.br\/","name":"Transformar vidas con tecnolog\u00eda, informaci\u00f3n y oportunidades: Explore nuestro viaje de crecimiento","description":"Transformar vidas con tecnolog\u00eda, informaci\u00f3n y oportunidades: Explore nuestro viaje de crecimiento","potentialAction":[{"@type":"SearchAction","target":{"@type":"EntryPoint","urlTemplate":"https:\/\/www.vagadeempregosp.com.br\/?s={search_term_string}"},"query-input":{"@type":"PropertyValueSpecification","valueRequired":true,"valueName":"search_term_string"}}],"inLanguage":"es"},{"@type":"Person","@id":"https:\/\/www.vagadeempregosp.com.br\/#\/schema\/person\/15cdff8822aa2f27a8a65ee7bbfe7ce6","name":"Michele","image":{"@type":"ImageObject","inLanguage":"es","@id":"https:\/\/secure.gravatar.com\/avatar\/6b0eb9d22841282815e2cd856a0061c45e1761cd54b22e952d98c4746939aa85?s=96&r=g","url":"https:\/\/secure.gravatar.com\/avatar\/6b0eb9d22841282815e2cd856a0061c45e1761cd54b22e952d98c4746939aa85?s=96&r=g","contentUrl":"https:\/\/secure.gravatar.com\/avatar\/6b0eb9d22841282815e2cd856a0061c45e1761cd54b22e952d98c4746939aa85?s=96&r=g","caption":"Michele"},"description":"Graduada en Lenguas - Portugu\u00e9s\/Ingl\u00e9s, y creadora del sitio Escritora de Sucesso, busca ampliar el conocimiento de todos con informaciones relevantes sobre diversos temas, como escritora. En Vaga de Emprego SP, ofrece oportunidades y consejos sobre el mercado laboral.","url":"https:\/\/www.vagadeempregosp.com.br\/es\/author\/michele\/"}]}},"_links":{"self":[{"href":"https:\/\/www.vagadeempregosp.com.br\/es\/wp-json\/wp\/v2\/posts\/18797","targetHints":{"allow":["GET"]}}],"collection":[{"href":"https:\/\/www.vagadeempregosp.com.br\/es\/wp-json\/wp\/v2\/posts"}],"about":[{"href":"https:\/\/www.vagadeempregosp.com.br\/es\/wp-json\/wp\/v2\/types\/post"}],"author":[{"embeddable":true,"href":"https:\/\/www.vagadeempregosp.com.br\/es\/wp-json\/wp\/v2\/users\/11"}],"replies":[{"embeddable":true,"href":"https:\/\/www.vagadeempregosp.com.br\/es\/wp-json\/wp\/v2\/comments?post=18797"}],"version-history":[{"count":7,"href":"https:\/\/www.vagadeempregosp.com.br\/es\/wp-json\/wp\/v2\/posts\/18797\/revisions"}],"predecessor-version":[{"id":20899,"href":"https:\/\/www.vagadeempregosp.com.br\/es\/wp-json\/wp\/v2\/posts\/18797\/revisions\/20899"}],"wp:featuredmedia":[{"embeddable":true,"href":"https:\/\/www.vagadeempregosp.com.br\/es\/wp-json\/wp\/v2\/media\/18804"}],"wp:attachment":[{"href":"https:\/\/www.vagadeempregosp.com.br\/es\/wp-json\/wp\/v2\/media?parent=18797"}],"wp:term":[{"taxonomy":"category","embeddable":true,"href":"https:\/\/www.vagadeempregosp.com.br\/es\/wp-json\/wp\/v2\/categories?post=18797"},{"taxonomy":"post_tag","embeddable":true,"href":"https:\/\/www.vagadeempregosp.com.br\/es\/wp-json\/wp\/v2\/tags?post=18797"}],"curies":[{"name":"wp","href":"https:\/\/api.w.org\/{rel}","templated":true}]}}