{"id":18791,"date":"2023-08-09T00:01:00","date_gmt":"2023-08-09T03:01:00","guid":{"rendered":"https:\/\/www.vagadeempregosp.com.br\/?p=18791"},"modified":"2023-08-05T20:12:13","modified_gmt":"2023-08-05T23:12:13","slug":"puestos-de-trabajo-en-firman","status":"publish","type":"post","link":"https:\/\/www.vagadeempregosp.com.br\/es\/empregos-firjan\/","title":{"rendered":"PCD Portero, Auxiliar Administrativo, Auxiliar de Mantenimiento, y mucho m\u00e1s en Firjan Company"},"content":{"rendered":"<p>Actualizado<\/p>\n\n\n<div class=\"wp-block-post-date\"><time datetime=\"2023-08-09T00:01:00-03:00\">09\/08\/2023<\/time><\/div>\n\n\n<p>En <strong>Firjan Empleo<\/strong> son un actor importante en el mercado laboral debido a sus numerosas ventajas. Es una organizaci\u00f3n privada sin \u00e1nimo de lucro con m\u00e1s de 7.500 empresas asociadas. Su misi\u00f3n es contribuir al desarrollo sostenible del estado de R\u00edo, promoviendo la competitividad empresarial, la educaci\u00f3n y la calidad de vida de la industria y la sociedad en su conjunto. <\/p>\n\n\n\n<p>Est\u00e1 formado por cinco instituciones que promueven el desarrollo de la industria de R\u00edo de forma integrada. Firjan, Firjan CIRJ (Centro Industrial de R\u00edo de Janeiro), Firjan SESI, Firjan SENAI y Firjan IEL, que trabajan juntas para promover acciones a nivel econ\u00f3mico, pol\u00edtico y social que garanticen el protagonismo del pa\u00eds en la escena nacional. En la actualidad, todas las instituciones se describen claramente como prestadoras de servicios a las empresas y a la sociedad.<\/p>\n\n\n\n<figure class=\"wp-block-image size-full\"><img loading=\"lazy\" decoding=\"async\" width=\"900\" height=\"900\" src=\"https:\/\/www.vagadeempregosp.com.br\/wp-content\/uploads\/2022\/10\/Empregos-Firjan.jpg\" alt=\"Firjan Empleo\" class=\"wp-image-18801\" srcset=\"https:\/\/www.vagadeempregosp.com.br\/wp-content\/uploads\/2022\/10\/Empregos-Firjan.jpg 900w, https:\/\/www.vagadeempregosp.com.br\/wp-content\/uploads\/2022\/10\/Empregos-Firjan-300x300.jpg 300w, https:\/\/www.vagadeempregosp.com.br\/wp-content\/uploads\/2022\/10\/Empregos-Firjan-150x150.jpg 150w, https:\/\/www.vagadeempregosp.com.br\/wp-content\/uploads\/2022\/10\/Empregos-Firjan-768x768.jpg 768w\" sizes=\"auto, (max-width: 900px) 100vw, 900px\" \/><figcaption class=\"wp-element-caption\">Imagen: Firjan - Reproducci\u00f3n<\/figcaption><\/figure>\n\n\n\n<h2 class=\"wp-block-heading\">Inf\u00f3rmese sobre las ofertas de empleo de Firjan<\/h2>\n\n\n\n<p>Para quienes buscan su primer empleo, la empresa tiene vacantes para becarios en diversas \u00e1reas, como Seguridad en el Trabajo, Administraci\u00f3n, Pedagog\u00eda, Archivolog\u00eda, Relaciones Internacionales, Biolog\u00eda, Geograf\u00eda, Comercio Exterior, Ingenier\u00eda Qu\u00edmica, Econom\u00eda, Ingenier\u00eda de Producci\u00f3n y Educaci\u00f3n F\u00edsica.<\/p>\n\n\n\n<p>Adem\u00e1s, la mayor\u00eda de las vacantes son para profesores de distintas materias. El educador tendr\u00e1 derecho a diversas prestaciones, como un convenio de empresa, bonos de transporte, seguro de vida, asistencia m\u00e9dica, Gympass, asistencia dental, pensi\u00f3n privada, vales de comida y vales de comida. Sin embargo, es necesario tener un diploma y experiencia previa en el puesto. Consulte a continuaci\u00f3n todos los puestos ofertados y descubra c\u00f3mo presentar su candidatura directamente:<\/p>\n\n\n\n<ul class=\"wp-block-list\">\n<li>COORDINADOR DE EDUCACI\u00d3N B\u00c1SICA;<\/li>\n\n\n\n<li>PROFESOR DE HISTORIA;<\/li>\n\n\n\n<li>TEC. TRABAJO DE ENFERMER\u00cdA;<\/li>\n\n\n\n<li>PROFESOR DE QU\u00cdMICA;<\/li>\n\n\n\n<li>GUARDI\u00c1N DE LA PISCINA;<\/li>\n\n\n\n<li>PROFESOR DE BIOLOG\u00cdA;<\/li>\n\n\n\n<li>DOORMAN - PCD;<\/li>\n\n\n\n<li>PROFESOR DE EDUCACI\u00d3N F\u00cdSICA;<\/li>\n\n\n\n<li>ADMINISTRATIVO ADMIN;<\/li>\n\n\n\n<li>PROFESOR DE FILOSOF\u00cdA;<\/li>\n\n\n\n<li>ANALISTA III;<\/li>\n\n\n\n<li>PROFESOR DE GEOGRAF\u00cdA;<\/li>\n\n\n\n<li>ARQUITECTO DE INFRAESTRUCTURAS INFORM\u00c1TICAS;<\/li>\n\n\n\n<li>PROFESOR DE MATEM\u00c1TICAS;<\/li>\n\n\n\n<li>AUX. MANTENIMIENTO;<\/li>\n\n\n\n<li>PROFESOR DE PORTUGU\u00c9S;<\/li>\n\n\n\n<li>PEDAGOGO;<\/li>\n\n\n\n<li>ABOGADO;<\/li>\n\n\n\n<li>PROFESOR DE ARTE;<\/li>\n\n\n\n<li>SERVICIO DE ATENCI\u00d3N AL CLIENTE OP (PCD);<\/li>\n\n\n\n<li>PROFESOR DE SOCIOLOG\u00cdA;<\/li>\n\n\n\n<li>PROGRAMA DE PR\u00c1CTICAS;<\/li>\n\n\n\n<li>PROFESOR DE F\u00cdSICA;<\/li>\n\n\n\n<li>TEC. SEC TRABAJO HS II;<\/li>\n\n\n\n<li>Profesor de ingl\u00e9s.<\/li>\n<\/ul>\n\n\n\n<h3 class=\"wp-block-heading\">C\u00f3mo solicitarlo<\/h3>\n\n\n\n<p>Para solicitar uno de los puestos mencionados, vaya a la p\u00e1gina de contrataci\u00f3n. Haga clic en el siguiente enlace:<\/p>\n\n\n\n<ul class=\"wp-block-list\">\n<li><a href=\"https:\/\/jobs.i-hunter.com\/firjan\/oportunidades\">Firjan.<\/a><\/li>\n<\/ul>\n\n\n\n<p>A continuaci\u00f3n, busque el puesto que desee y lea todos los requisitos del mismo para asegurarse de que se ajusta a su perfil. Si es as\u00ed, con\u00e9ctate o reg\u00edstrate en la p\u00e1gina. Por \u00faltimo, espera a que la empresa se ponga en contacto contigo para concertar una entrevista.<\/p>\n\n\n\n<p><strong>V\u00e9ase tambi\u00e9n: <a href=\"https:\/\/www.vagadeempregosp.com.br\/es\/hola-trabajos\/\">Oi Empleo<\/a><\/strong><\/p>\n\n\n\n<h2 class=\"wp-block-heading\">Acerca de Firjan<\/h2>\n\n\n\n<p>La empresa mejora la calidad de vida a trav\u00e9s de servicios y programas. Las unidades del SESI en todo el Estado ofrecen infraestructuras que favorecen el ocio social, el deporte, la salud y la cultura. Adem\u00e1s de actuar en las unidades individuales, la organizaci\u00f3n tambi\u00e9n implementa el Plan de Acci\u00f3n Global, un esfuerzo colectivo para apoyar la salud, la ciudadan\u00eda y el ocio, la cultura y el deporte.<\/p>\n\n\n\n<p>En las comunidades apaciguadas por la UPP, el Programa Sesi Ciudadan\u00eda realiza una labor similar, es decir, promueve la educaci\u00f3n, el deporte, el ocio y la cultura de los residentes de forma permanente y local.<\/p>\n\n\n\n<p>Cuando el objetivo es promover el acceso a las artes, cobra todo su sentido al ofrecer m\u00fasica, teatro, danza y otras actividades a precios reducidos.&nbsp;<\/p>","protected":false},"excerpt":{"rendered":"<p>Atualizado em Os Empregos Firjan s\u00e3o um grande destaque no mercado de trabalho em virtude de seus diversos benef\u00edcios. A empresa \u00e9 uma organiza\u00e7\u00e3o privada sem fins lucrativos com mais de 7.500 empresas associadas. Sua miss\u00e3o \u00e9 contribuir para o desenvolvimento sustent\u00e1vel do Estado do Rio, promovendo a competitividade empresarial, a educa\u00e7\u00e3o e a qualidade&hellip;&nbsp;<\/p>","protected":false},"author":11,"featured_media":18801,"comment_status":"open","ping_status":"closed","sticky":false,"template":"","format":"standard","meta":{"neve_meta_sidebar":"","neve_meta_container":"","neve_meta_enable_content_width":"","neve_meta_content_width":0,"neve_meta_title_alignment":"","neve_meta_author_avatar":"","neve_post_elements_order":"","neve_meta_disable_header":"","neve_meta_disable_footer":"","neve_meta_disable_title":"","footnotes":""},"categories":[43],"tags":[143,79,78],"class_list":["post-18791","post","type-post","status-publish","format-standard","has-post-thumbnail","hentry","category-vagas-nacionais","tag-firjan","tag-oportunidades","tag-vagas-de-emprego"],"yoast_head":"<!-- This site is optimized with the Yoast SEO plugin v27.5 - https:\/\/yoast.com\/product\/yoast-seo-wordpress\/ -->\n<title>Porteiro PCD, Auxiliar Administrativo, Auxiliar de Manuten\u00e7\u00e3o, e muito mais na Empresa Firjan - Transformando Vidas com Tecnologia, Informa\u00e7\u00e3o e Oportunidades: Explore Nossa Jornada de Crescimento<\/title>\n<meta name=\"description\" content=\"Os Empregos Firjan s\u00e3o um grande destaque no mercado de trabalho em virtude de seus diversos benef\u00edcios.\" \/>\n<meta name=\"robots\" content=\"index, follow, max-snippet:-1, max-image-preview:large, max-video-preview:-1\" \/>\n<link rel=\"canonical\" href=\"https:\/\/www.vagadeempregosp.com.br\/es\/puestos-de-trabajo-en-firman\/\" \/>\n<meta property=\"og:locale\" content=\"es_ES\" \/>\n<meta property=\"og:type\" content=\"article\" \/>\n<meta property=\"og:title\" content=\"Porteiro PCD, Auxiliar Administrativo, Auxiliar de Manuten\u00e7\u00e3o, e muito mais na Empresa Firjan - Transformando Vidas com Tecnologia, Informa\u00e7\u00e3o e Oportunidades: Explore Nossa Jornada de Crescimento\" \/>\n<meta property=\"og:description\" content=\"Os Empregos Firjan s\u00e3o um grande destaque no mercado de trabalho em virtude de seus diversos benef\u00edcios.\" \/>\n<meta property=\"og:url\" content=\"https:\/\/www.vagadeempregosp.com.br\/es\/puestos-de-trabajo-en-firman\/\" \/>\n<meta property=\"og:site_name\" content=\"Transformando Vidas com Tecnologia, Informa\u00e7\u00e3o e Oportunidades: Explore Nossa Jornada de Crescimento\" \/>\n<meta property=\"article:published_time\" content=\"2023-08-09T03:01:00+00:00\" \/>\n<meta property=\"og:image\" content=\"https:\/\/www.vagadeempregosp.com.br\/wp-content\/uploads\/2022\/10\/Empregos-Firjan.jpg\" \/>\n\t<meta property=\"og:image:width\" content=\"900\" \/>\n\t<meta property=\"og:image:height\" content=\"900\" \/>\n\t<meta property=\"og:image:type\" content=\"image\/jpeg\" \/>\n<meta name=\"author\" content=\"Michele\" \/>\n<meta name=\"twitter:card\" content=\"summary_large_image\" \/>\n<meta name=\"twitter:label1\" content=\"Escrito por\" \/>\n\t<meta name=\"twitter:data1\" content=\"Michele\" \/>\n\t<meta name=\"twitter:label2\" content=\"Tiempo de lectura\" \/>\n\t<meta name=\"twitter:data2\" content=\"3 minutos\" \/>\n<script type=\"application\/ld+json\" class=\"yoast-schema-graph\">{\"@context\":\"https:\\\/\\\/schema.org\",\"@graph\":[{\"@type\":\"Article\",\"@id\":\"https:\\\/\\\/www.vagadeempregosp.com.br\\\/empregos-firjan\\\/#article\",\"isPartOf\":{\"@id\":\"https:\\\/\\\/www.vagadeempregosp.com.br\\\/empregos-firjan\\\/\"},\"author\":{\"name\":\"Michele\",\"@id\":\"https:\\\/\\\/www.vagadeempregosp.com.br\\\/#\\\/schema\\\/person\\\/15cdff8822aa2f27a8a65ee7bbfe7ce6\"},\"headline\":\"Porteiro PCD, Auxiliar Administrativo, Auxiliar de Manuten\u00e7\u00e3o, e muito mais na Empresa Firjan\",\"datePublished\":\"2023-08-09T03:01:00+00:00\",\"mainEntityOfPage\":{\"@id\":\"https:\\\/\\\/www.vagadeempregosp.com.br\\\/empregos-firjan\\\/\"},\"wordCount\":591,\"commentCount\":0,\"image\":{\"@id\":\"https:\\\/\\\/www.vagadeempregosp.com.br\\\/empregos-firjan\\\/#primaryimage\"},\"thumbnailUrl\":\"https:\\\/\\\/www.vagadeempregosp.com.br\\\/wp-content\\\/uploads\\\/2022\\\/10\\\/Empregos-Firjan.jpg\",\"keywords\":[\"Firjan\",\"oportunidades\",\"vagas de emprego\"],\"articleSection\":[\"Vagas de Emprego Nacionais\"],\"inLanguage\":\"es\",\"potentialAction\":[{\"@type\":\"CommentAction\",\"name\":\"Comment\",\"target\":[\"https:\\\/\\\/www.vagadeempregosp.com.br\\\/empregos-firjan\\\/#respond\"]}]},{\"@type\":\"WebPage\",\"@id\":\"https:\\\/\\\/www.vagadeempregosp.com.br\\\/empregos-firjan\\\/\",\"url\":\"https:\\\/\\\/www.vagadeempregosp.com.br\\\/empregos-firjan\\\/\",\"name\":\"Porteiro PCD, Auxiliar Administrativo, Auxiliar de Manuten\u00e7\u00e3o, e muito mais na Empresa Firjan - Transformando Vidas com Tecnologia, Informa\u00e7\u00e3o e Oportunidades: Explore Nossa Jornada de Crescimento\",\"isPartOf\":{\"@id\":\"https:\\\/\\\/www.vagadeempregosp.com.br\\\/#website\"},\"primaryImageOfPage\":{\"@id\":\"https:\\\/\\\/www.vagadeempregosp.com.br\\\/empregos-firjan\\\/#primaryimage\"},\"image\":{\"@id\":\"https:\\\/\\\/www.vagadeempregosp.com.br\\\/empregos-firjan\\\/#primaryimage\"},\"thumbnailUrl\":\"https:\\\/\\\/www.vagadeempregosp.com.br\\\/wp-content\\\/uploads\\\/2022\\\/10\\\/Empregos-Firjan.jpg\",\"datePublished\":\"2023-08-09T03:01:00+00:00\",\"author\":{\"@id\":\"https:\\\/\\\/www.vagadeempregosp.com.br\\\/#\\\/schema\\\/person\\\/15cdff8822aa2f27a8a65ee7bbfe7ce6\"},\"description\":\"Os Empregos Firjan s\u00e3o um grande destaque no mercado de trabalho em virtude de seus diversos benef\u00edcios.\",\"breadcrumb\":{\"@id\":\"https:\\\/\\\/www.vagadeempregosp.com.br\\\/empregos-firjan\\\/#breadcrumb\"},\"inLanguage\":\"es\",\"potentialAction\":[{\"@type\":\"ReadAction\",\"target\":[\"https:\\\/\\\/www.vagadeempregosp.com.br\\\/empregos-firjan\\\/\"]}]},{\"@type\":\"ImageObject\",\"inLanguage\":\"es\",\"@id\":\"https:\\\/\\\/www.vagadeempregosp.com.br\\\/empregos-firjan\\\/#primaryimage\",\"url\":\"https:\\\/\\\/www.vagadeempregosp.com.br\\\/wp-content\\\/uploads\\\/2022\\\/10\\\/Empregos-Firjan.jpg\",\"contentUrl\":\"https:\\\/\\\/www.vagadeempregosp.com.br\\\/wp-content\\\/uploads\\\/2022\\\/10\\\/Empregos-Firjan.jpg\",\"width\":900,\"height\":900,\"caption\":\"Imagem: Firjan - Reprodu\u00e7\u00e3o\"},{\"@type\":\"BreadcrumbList\",\"@id\":\"https:\\\/\\\/www.vagadeempregosp.com.br\\\/empregos-firjan\\\/#breadcrumb\",\"itemListElement\":[{\"@type\":\"ListItem\",\"position\":1,\"name\":\"In\u00edcio\",\"item\":\"https:\\\/\\\/www.vagadeempregosp.com.br\\\/\"},{\"@type\":\"ListItem\",\"position\":2,\"name\":\"Vagas de Emprego Nacionais\",\"item\":\"https:\\\/\\\/www.vagadeempregosp.com.br\\\/category\\\/vagas-nacionais\\\/\"},{\"@type\":\"ListItem\",\"position\":3,\"name\":\"Porteiro PCD, Auxiliar Administrativo, Auxiliar de Manuten\u00e7\u00e3o, e muito mais na Empresa Firjan\"}]},{\"@type\":\"WebSite\",\"@id\":\"https:\\\/\\\/www.vagadeempregosp.com.br\\\/#website\",\"url\":\"https:\\\/\\\/www.vagadeempregosp.com.br\\\/\",\"name\":\"Transformando Vidas com Tecnologia, Informa\u00e7\u00e3o e Oportunidades: Explore Nossa Jornada de Crescimento\",\"description\":\"Transformando Vidas com Tecnologia, Informa\u00e7\u00e3o e Oportunidades: Explore Nossa Jornada de Crescimento\",\"potentialAction\":[{\"@type\":\"SearchAction\",\"target\":{\"@type\":\"EntryPoint\",\"urlTemplate\":\"https:\\\/\\\/www.vagadeempregosp.com.br\\\/?s={search_term_string}\"},\"query-input\":{\"@type\":\"PropertyValueSpecification\",\"valueRequired\":true,\"valueName\":\"search_term_string\"}}],\"inLanguage\":\"es\"},{\"@type\":\"Person\",\"@id\":\"https:\\\/\\\/www.vagadeempregosp.com.br\\\/#\\\/schema\\\/person\\\/15cdff8822aa2f27a8a65ee7bbfe7ce6\",\"name\":\"Michele\",\"image\":{\"@type\":\"ImageObject\",\"inLanguage\":\"es\",\"@id\":\"https:\\\/\\\/secure.gravatar.com\\\/avatar\\\/6b0eb9d22841282815e2cd856a0061c45e1761cd54b22e952d98c4746939aa85?s=96&r=g\",\"url\":\"https:\\\/\\\/secure.gravatar.com\\\/avatar\\\/6b0eb9d22841282815e2cd856a0061c45e1761cd54b22e952d98c4746939aa85?s=96&r=g\",\"contentUrl\":\"https:\\\/\\\/secure.gravatar.com\\\/avatar\\\/6b0eb9d22841282815e2cd856a0061c45e1761cd54b22e952d98c4746939aa85?s=96&r=g\",\"caption\":\"Michele\"},\"description\":\"Formada em Letras - Portugu\u00eas\\\/ Ingl\u00eas, e idealizadora do site Escritora de Sucesso, busca expandir o conhecimento de todos com informa\u00e7\u00f5es relevantes sobre diversos assuntos, enquanto redatora. No Vaga de Emprego SP, traz oportunidades e dicas sobre o mercado de trabalho.\",\"url\":\"https:\\\/\\\/www.vagadeempregosp.com.br\\\/es\\\/author\\\/michele\\\/\"}]}<\/script>\n<!-- \/ Yoast SEO plugin. -->","yoast_head_json":{"title":"PCD Portero, Auxiliar Administrativo, Auxiliar de Mantenimiento, y mucho m\u00e1s en Firjan - Transformando vidas con tecnolog\u00eda, informaci\u00f3n y oportunidades: Explore Nuestro Viaje de Crecimiento","description":"Firjan Los puestos de trabajo ocupan un lugar destacado en el mercado laboral por sus numerosas ventajas.","robots":{"index":"index","follow":"follow","max-snippet":"max-snippet:-1","max-image-preview":"max-image-preview:large","max-video-preview":"max-video-preview:-1"},"canonical":"https:\/\/www.vagadeempregosp.com.br\/es\/puestos-de-trabajo-en-firman\/","og_locale":"es_ES","og_type":"article","og_title":"Porteiro PCD, Auxiliar Administrativo, Auxiliar de Manuten\u00e7\u00e3o, e muito mais na Empresa Firjan - Transformando Vidas com Tecnologia, Informa\u00e7\u00e3o e Oportunidades: Explore Nossa Jornada de Crescimento","og_description":"Os Empregos Firjan s\u00e3o um grande destaque no mercado de trabalho em virtude de seus diversos benef\u00edcios.","og_url":"https:\/\/www.vagadeempregosp.com.br\/es\/puestos-de-trabajo-en-firman\/","og_site_name":"Transformando Vidas com Tecnologia, Informa\u00e7\u00e3o e Oportunidades: Explore Nossa Jornada de Crescimento","article_published_time":"2023-08-09T03:01:00+00:00","og_image":[{"width":900,"height":900,"url":"https:\/\/www.vagadeempregosp.com.br\/wp-content\/uploads\/2022\/10\/Empregos-Firjan.jpg","type":"image\/jpeg"}],"author":"Michele","twitter_card":"summary_large_image","twitter_misc":{"Escrito por":"Michele","Tiempo de lectura":"3 minutos"},"schema":{"@context":"https:\/\/schema.org","@graph":[{"@type":"Article","@id":"https:\/\/www.vagadeempregosp.com.br\/empregos-firjan\/#article","isPartOf":{"@id":"https:\/\/www.vagadeempregosp.com.br\/empregos-firjan\/"},"author":{"name":"Michele","@id":"https:\/\/www.vagadeempregosp.com.br\/#\/schema\/person\/15cdff8822aa2f27a8a65ee7bbfe7ce6"},"headline":"Porteiro PCD, Auxiliar Administrativo, Auxiliar de Manuten\u00e7\u00e3o, e muito mais na Empresa Firjan","datePublished":"2023-08-09T03:01:00+00:00","mainEntityOfPage":{"@id":"https:\/\/www.vagadeempregosp.com.br\/empregos-firjan\/"},"wordCount":591,"commentCount":0,"image":{"@id":"https:\/\/www.vagadeempregosp.com.br\/empregos-firjan\/#primaryimage"},"thumbnailUrl":"https:\/\/www.vagadeempregosp.com.br\/wp-content\/uploads\/2022\/10\/Empregos-Firjan.jpg","keywords":["Firjan","oportunidades","vagas de emprego"],"articleSection":["Vagas de Emprego Nacionais"],"inLanguage":"es","potentialAction":[{"@type":"CommentAction","name":"Comment","target":["https:\/\/www.vagadeempregosp.com.br\/empregos-firjan\/#respond"]}]},{"@type":"WebPage","@id":"https:\/\/www.vagadeempregosp.com.br\/empregos-firjan\/","url":"https:\/\/www.vagadeempregosp.com.br\/empregos-firjan\/","name":"PCD Portero, Auxiliar Administrativo, Auxiliar de Mantenimiento, y mucho m\u00e1s en Firjan - Transformando vidas con tecnolog\u00eda, informaci\u00f3n y oportunidades: Explore Nuestro Viaje de Crecimiento","isPartOf":{"@id":"https:\/\/www.vagadeempregosp.com.br\/#website"},"primaryImageOfPage":{"@id":"https:\/\/www.vagadeempregosp.com.br\/empregos-firjan\/#primaryimage"},"image":{"@id":"https:\/\/www.vagadeempregosp.com.br\/empregos-firjan\/#primaryimage"},"thumbnailUrl":"https:\/\/www.vagadeempregosp.com.br\/wp-content\/uploads\/2022\/10\/Empregos-Firjan.jpg","datePublished":"2023-08-09T03:01:00+00:00","author":{"@id":"https:\/\/www.vagadeempregosp.com.br\/#\/schema\/person\/15cdff8822aa2f27a8a65ee7bbfe7ce6"},"description":"Firjan Los puestos de trabajo ocupan un lugar destacado en el mercado laboral por sus numerosas ventajas.","breadcrumb":{"@id":"https:\/\/www.vagadeempregosp.com.br\/empregos-firjan\/#breadcrumb"},"inLanguage":"es","potentialAction":[{"@type":"ReadAction","target":["https:\/\/www.vagadeempregosp.com.br\/empregos-firjan\/"]}]},{"@type":"ImageObject","inLanguage":"es","@id":"https:\/\/www.vagadeempregosp.com.br\/empregos-firjan\/#primaryimage","url":"https:\/\/www.vagadeempregosp.com.br\/wp-content\/uploads\/2022\/10\/Empregos-Firjan.jpg","contentUrl":"https:\/\/www.vagadeempregosp.com.br\/wp-content\/uploads\/2022\/10\/Empregos-Firjan.jpg","width":900,"height":900,"caption":"Imagem: Firjan - Reprodu\u00e7\u00e3o"},{"@type":"BreadcrumbList","@id":"https:\/\/www.vagadeempregosp.com.br\/empregos-firjan\/#breadcrumb","itemListElement":[{"@type":"ListItem","position":1,"name":"In\u00edcio","item":"https:\/\/www.vagadeempregosp.com.br\/"},{"@type":"ListItem","position":2,"name":"Vagas de Emprego Nacionais","item":"https:\/\/www.vagadeempregosp.com.br\/category\/vagas-nacionais\/"},{"@type":"ListItem","position":3,"name":"Porteiro PCD, Auxiliar Administrativo, Auxiliar de Manuten\u00e7\u00e3o, e muito mais na Empresa Firjan"}]},{"@type":"WebSite","@id":"https:\/\/www.vagadeempregosp.com.br\/#website","url":"https:\/\/www.vagadeempregosp.com.br\/","name":"Transformar vidas con tecnolog\u00eda, informaci\u00f3n y oportunidades: Explore nuestro viaje de crecimiento","description":"Transformar vidas con tecnolog\u00eda, informaci\u00f3n y oportunidades: Explore nuestro viaje de crecimiento","potentialAction":[{"@type":"SearchAction","target":{"@type":"EntryPoint","urlTemplate":"https:\/\/www.vagadeempregosp.com.br\/?s={search_term_string}"},"query-input":{"@type":"PropertyValueSpecification","valueRequired":true,"valueName":"search_term_string"}}],"inLanguage":"es"},{"@type":"Person","@id":"https:\/\/www.vagadeempregosp.com.br\/#\/schema\/person\/15cdff8822aa2f27a8a65ee7bbfe7ce6","name":"Michele","image":{"@type":"ImageObject","inLanguage":"es","@id":"https:\/\/secure.gravatar.com\/avatar\/6b0eb9d22841282815e2cd856a0061c45e1761cd54b22e952d98c4746939aa85?s=96&r=g","url":"https:\/\/secure.gravatar.com\/avatar\/6b0eb9d22841282815e2cd856a0061c45e1761cd54b22e952d98c4746939aa85?s=96&r=g","contentUrl":"https:\/\/secure.gravatar.com\/avatar\/6b0eb9d22841282815e2cd856a0061c45e1761cd54b22e952d98c4746939aa85?s=96&r=g","caption":"Michele"},"description":"Graduada en Lenguas - Portugu\u00e9s\/Ingl\u00e9s, y creadora del sitio Escritora de Sucesso, busca ampliar el conocimiento de todos con informaciones relevantes sobre diversos temas, como escritora. En Vaga de Emprego SP, ofrece oportunidades y consejos sobre el mercado laboral.","url":"https:\/\/www.vagadeempregosp.com.br\/es\/author\/michele\/"}]}},"_links":{"self":[{"href":"https:\/\/www.vagadeempregosp.com.br\/es\/wp-json\/wp\/v2\/posts\/18791","targetHints":{"allow":["GET"]}}],"collection":[{"href":"https:\/\/www.vagadeempregosp.com.br\/es\/wp-json\/wp\/v2\/posts"}],"about":[{"href":"https:\/\/www.vagadeempregosp.com.br\/es\/wp-json\/wp\/v2\/types\/post"}],"author":[{"embeddable":true,"href":"https:\/\/www.vagadeempregosp.com.br\/es\/wp-json\/wp\/v2\/users\/11"}],"replies":[{"embeddable":true,"href":"https:\/\/www.vagadeempregosp.com.br\/es\/wp-json\/wp\/v2\/comments?post=18791"}],"version-history":[{"count":5,"href":"https:\/\/www.vagadeempregosp.com.br\/es\/wp-json\/wp\/v2\/posts\/18791\/revisions"}],"predecessor-version":[{"id":20900,"href":"https:\/\/www.vagadeempregosp.com.br\/es\/wp-json\/wp\/v2\/posts\/18791\/revisions\/20900"}],"wp:featuredmedia":[{"embeddable":true,"href":"https:\/\/www.vagadeempregosp.com.br\/es\/wp-json\/wp\/v2\/media\/18801"}],"wp:attachment":[{"href":"https:\/\/www.vagadeempregosp.com.br\/es\/wp-json\/wp\/v2\/media?parent=18791"}],"wp:term":[{"taxonomy":"category","embeddable":true,"href":"https:\/\/www.vagadeempregosp.com.br\/es\/wp-json\/wp\/v2\/categories?post=18791"},{"taxonomy":"post_tag","embeddable":true,"href":"https:\/\/www.vagadeempregosp.com.br\/es\/wp-json\/wp\/v2\/tags?post=18791"}],"curies":[{"name":"wp","href":"https:\/\/api.w.org\/{rel}","templated":true}]}}