{"id":18787,"date":"2023-07-04T00:03:00","date_gmt":"2023-07-04T03:03:00","guid":{"rendered":"https:\/\/www.vagadeempregosp.com.br\/?p=18787"},"modified":"2023-06-28T15:42:24","modified_gmt":"2023-06-28T18:42:24","slug":"empleos-amil","status":"publish","type":"post","link":"https:\/\/www.vagadeempregosp.com.br\/es\/empregos-amil\/","title":{"rendered":"Recepcionista, Gestor de almac\u00e9n, Consultor, Analistas, Enfermero, Auxiliar administrativo y mucho m\u00e1s en Amil Company"},"content":{"rendered":"<p>Actualizado<\/p>\n\n\n<div class=\"wp-block-post-date\"><time datetime=\"2023-07-04T00:03:00-03:00\">04\/07\/2023<\/time><\/div>\n\n\n<p>En <strong>Amil Empleo <\/strong>destacan en el mercado laboral por sus numerosas ventajas. \u00bfQuiere una carrera estable y con impacto? Amil es la mayor empresa de atenci\u00f3n sanitaria de Brasil y forma parte de la familia de empresas UnitedHealth Group. Siempre est\u00e1 buscando nuevos talentos para unirse a un equipo altamente cualificado dedicado a ayudar a las personas a llevar una vida m\u00e1s sana.&nbsp;<\/p>\n\n\n\n<figure class=\"wp-block-image size-full\"><img loading=\"lazy\" decoding=\"async\" width=\"1000\" height=\"413\" src=\"https:\/\/www.vagadeempregosp.com.br\/wp-content\/uploads\/2022\/10\/empregos-amil.png\" alt=\"empleos amil\" class=\"wp-image-18799\" srcset=\"https:\/\/www.vagadeempregosp.com.br\/wp-content\/uploads\/2022\/10\/empregos-amil.png 1000w, https:\/\/www.vagadeempregosp.com.br\/wp-content\/uploads\/2022\/10\/empregos-amil-300x124.png 300w, https:\/\/www.vagadeempregosp.com.br\/wp-content\/uploads\/2022\/10\/empregos-amil-768x317.png 768w\" sizes=\"auto, (max-width: 1000px) 100vw, 1000px\" \/><figcaption class=\"wp-element-caption\">Imagen: Amil - Reproducci\u00f3n<\/figcaption><\/figure>\n\n\n\n<h2 class=\"wp-block-heading\">Descubra todas las ofertas de empleo de Amil<\/h2>\n\n\n\n<p>Las vacantes est\u00e1n disponibles en varias regiones del pa\u00eds y la mayor\u00eda de ellas requieren experiencia en el campo. Consulte a continuaci\u00f3n los puestos ofertados y descubra c\u00f3mo presentar su candidatura:<\/p>\n\n\n\n<ul class=\"wp-block-list\">\n<li>Enfermera;<\/li>\n\n\n\n<li>Asistente administrativo;<\/li>\n\n\n\n<li>Enfermera Educadora Pl;<\/li>\n\n\n\n<li>Calidad Ana. Jr;<\/li>\n\n\n\n<li>Jefe de Proyecto - Ingenier\u00eda Civil y Arquitectura;<\/li>\n\n\n\n<li>Auxiliar de enfermer\u00eda;<\/li>\n\n\n\n<li>Asistente administrativo;<\/li>\n\n\n\n<li>T\u00e9cnico de enfermer\u00eda;<\/li>\n\n\n\n<li>Ana. Finanzas hospitalarias;<\/li>\n\n\n\n<li>Recreacionista;<\/li>\n\n\n\n<li>Analista de infraestructuras<\/li>\n\n\n\n<li>Supervisi\u00f3n de enfermer\u00eda;<\/li>\n\n\n\n<li>Secretario;<\/li>\n\n\n\n<li>Auxiliar de Enfermer\u00eda de la Unidad de Hospitalizaci\u00f3n;<\/li>\n\n\n\n<li>Atenci\u00f3n al cliente;<\/li>\n\n\n\n<li>Socio empresarial de Recursos Humanos;<\/li>\n\n\n\n<li>Ana. Administrativa Jr;<\/li>\n\n\n\n<li>Auxiliar de farmacia - Vacante positiva para personas con discapacidad;<\/li>\n\n\n\n<li>Recepcionista Jr.<\/li>\n<\/ul>\n\n\n\n<h3 class=\"wp-block-heading\">C\u00f3mo solicitarlo<\/h3>\n\n\n\n<p>Para solicitar uno de los puestos mencionados, vaya a la p\u00e1gina de contrataci\u00f3n. Haga clic en el siguiente enlace:<\/p>\n\n\n\n<ul class=\"wp-block-list\">\n<li><a href=\"https:\/\/www.amil.com.br\/portal\/web\/servicos\/trabalhe-conosco\">Vacantes en Amil.<\/a><\/li>\n<\/ul>\n\n\n\n<p>A continuaci\u00f3n, busque el puesto que desee y lea todos los requisitos del mismo para asegurarse de que se ajusta a su perfil. Si es as\u00ed, con\u00e9ctate o reg\u00edstrate en la p\u00e1gina. Por \u00faltimo, espera a que la empresa se ponga en contacto contigo para concertar una entrevista.<\/p>\n\n\n\n<p><strong>V\u00e9ase tambi\u00e9n: <a href=\"https:\/\/www.vagadeempregosp.com.br\/es\/hola-trabajos\/\">Oi Empleo<\/a><\/strong><\/p>\n\n\n\n<h2 class=\"wp-block-heading\">Sobre Amil<\/h2>\n\n\n\n<p>Es una empresa americana que opera en diversas actividades en el \u00e1rea de salud y bienestar, llevando beneficios de salud a personas en m\u00e1s de 130 pa\u00edses a trav\u00e9s de m\u00e1s de 285.000 empleados en todo el mundo. En Brasil, el grupo opera a trav\u00e9s de diferentes negocios: Optum, especializada en servicios de salud combinados con tecnolog\u00eda de la informaci\u00f3n, Amil, operadora de beneficios de salud, y Am\u00e9ricas Servi\u00e7os M\u00e9dicos, especializada en servicios m\u00e9dicos y hospitalarios. La empresa ofrece una amplia gama de prestaciones m\u00e9dicas y dentales a trav\u00e9s de una extensa red de hospitales y servicios cl\u00ednicos.<\/p>\n\n\n\n<p>La empresa entiende la responsabilidad social como parte de su estrategia para actuar y colaborar de forma responsable, \u00e9tica y transparente en la promoci\u00f3n de la salud, la educaci\u00f3n y la calidad de vida para apoyar a personas o comunidades en situaci\u00f3n de desarrollo de clases desfavorecidas y\/o excluidas. Con el fin de reforzar los programas de inversi\u00f3n social y voluntariado, a partir de 2021 el pilar de Responsabilidad Social del Grupo se integrar\u00e1 en el pilar de Responsabilidad Social de UHG Global. son: Fortalecimiento de comunidades y formaci\u00f3n de profesionales de salud, higiene y bienestar.<\/p>\n\n\n\n<p>La planificaci\u00f3n y selecci\u00f3n de los programas y actividades que componen cada pilar son cuidadosamente analizados internamente, con la participaci\u00f3n de l\u00edderes de la comunidad local, mapeados geogr\u00e1ficamente y alineados con el liderazgo y las operaciones de UHG. Cabe destacar tambi\u00e9n que la empresa es miembro activo y asociado del CBVE (Consejo Brasile\u00f1o de Voluntariado Corporativo) desde 2013 y miembro del Comit\u00e9 de Sostenibilidad de la C\u00e1mara de Comercio Americana en R\u00edo.<\/p>","protected":false},"excerpt":{"rendered":"<p>Atualizado em Os Empregos Amil s\u00e3o um grande destaque no mercado de trabalho em virtude de seus diversos benef\u00edcios. Quer uma carreira est\u00e1vel e impactante? A Amil \u00e9 a maior empresa de sa\u00fade do Brasil e faz parte da fam\u00edlia de empresas do UnitedHealth Group. Esta\u00e1sempre em busca de novos talentos para fazer parte de&hellip;&nbsp;<\/p>","protected":false},"author":11,"featured_media":18799,"comment_status":"open","ping_status":"closed","sticky":false,"template":"","format":"standard","meta":{"neve_meta_sidebar":"","neve_meta_container":"","neve_meta_enable_content_width":"","neve_meta_content_width":0,"neve_meta_title_alignment":"","neve_meta_author_avatar":"","neve_post_elements_order":"","neve_meta_disable_header":"","neve_meta_disable_footer":"","neve_meta_disable_title":"","footnotes":""},"categories":[43],"tags":[145,79,78],"class_list":["post-18787","post","type-post","status-publish","format-standard","has-post-thumbnail","hentry","category-vagas-nacionais","tag-amil","tag-oportunidades","tag-vagas-de-emprego"],"yoast_head":"<!-- This site is optimized with the Yoast SEO plugin v27.5 - https:\/\/yoast.com\/product\/yoast-seo-wordpress\/ -->\n<title>Recepcionista, Almoxarife, Consultor, Analistas, Enfermeiro, Assistente Administrativo e muito mais na Empresa Amil - Transformando Vidas com Tecnologia, Informa\u00e7\u00e3o e Oportunidades: Explore Nossa Jornada de Crescimento<\/title>\n<meta name=\"description\" content=\"Os Empregos Amil s\u00e3o um grande destaque no mercado de trabalho em virtude de seus diversos benef\u00edcios.\" \/>\n<meta name=\"robots\" content=\"index, follow, max-snippet:-1, max-image-preview:large, max-video-preview:-1\" \/>\n<link rel=\"canonical\" href=\"https:\/\/www.vagadeempregosp.com.br\/es\/empleos-amil\/\" \/>\n<meta property=\"og:locale\" content=\"es_ES\" \/>\n<meta property=\"og:type\" content=\"article\" \/>\n<meta property=\"og:title\" content=\"Recepcionista, Almoxarife, Consultor, Analistas, Enfermeiro, Assistente Administrativo e muito mais na Empresa Amil - Transformando Vidas com Tecnologia, Informa\u00e7\u00e3o e Oportunidades: Explore Nossa Jornada de Crescimento\" \/>\n<meta property=\"og:description\" content=\"Os Empregos Amil s\u00e3o um grande destaque no mercado de trabalho em virtude de seus diversos benef\u00edcios.\" \/>\n<meta property=\"og:url\" content=\"https:\/\/www.vagadeempregosp.com.br\/es\/empleos-amil\/\" \/>\n<meta property=\"og:site_name\" content=\"Transformando Vidas com Tecnologia, Informa\u00e7\u00e3o e Oportunidades: Explore Nossa Jornada de Crescimento\" \/>\n<meta property=\"article:published_time\" content=\"2023-07-04T03:03:00+00:00\" \/>\n<meta property=\"og:image\" content=\"https:\/\/www.vagadeempregosp.com.br\/wp-content\/uploads\/2022\/10\/empregos-amil.png\" \/>\n\t<meta property=\"og:image:width\" content=\"1000\" \/>\n\t<meta property=\"og:image:height\" content=\"413\" \/>\n\t<meta property=\"og:image:type\" content=\"image\/png\" \/>\n<meta name=\"author\" content=\"Michele\" \/>\n<meta name=\"twitter:card\" content=\"summary_large_image\" \/>\n<meta name=\"twitter:label1\" content=\"Escrito por\" \/>\n\t<meta name=\"twitter:data1\" content=\"Michele\" \/>\n\t<meta name=\"twitter:label2\" content=\"Tiempo de lectura\" \/>\n\t<meta name=\"twitter:data2\" content=\"3 minutos\" \/>\n<script type=\"application\/ld+json\" class=\"yoast-schema-graph\">{\"@context\":\"https:\\\/\\\/schema.org\",\"@graph\":[{\"@type\":\"Article\",\"@id\":\"https:\\\/\\\/www.vagadeempregosp.com.br\\\/empregos-amil\\\/#article\",\"isPartOf\":{\"@id\":\"https:\\\/\\\/www.vagadeempregosp.com.br\\\/empregos-amil\\\/\"},\"author\":{\"name\":\"Michele\",\"@id\":\"https:\\\/\\\/www.vagadeempregosp.com.br\\\/#\\\/schema\\\/person\\\/15cdff8822aa2f27a8a65ee7bbfe7ce6\"},\"headline\":\"Recepcionista, Almoxarife, Consultor, Analistas, Enfermeiro, Assistente Administrativo e muito mais na Empresa Amil\",\"datePublished\":\"2023-07-04T03:03:00+00:00\",\"mainEntityOfPage\":{\"@id\":\"https:\\\/\\\/www.vagadeempregosp.com.br\\\/empregos-amil\\\/\"},\"wordCount\":583,\"commentCount\":0,\"image\":{\"@id\":\"https:\\\/\\\/www.vagadeempregosp.com.br\\\/empregos-amil\\\/#primaryimage\"},\"thumbnailUrl\":\"https:\\\/\\\/www.vagadeempregosp.com.br\\\/wp-content\\\/uploads\\\/2022\\\/10\\\/empregos-amil.png\",\"keywords\":[\"Amil\",\"oportunidades\",\"vagas de emprego\"],\"articleSection\":[\"Vagas de Emprego Nacionais\"],\"inLanguage\":\"es\",\"potentialAction\":[{\"@type\":\"CommentAction\",\"name\":\"Comment\",\"target\":[\"https:\\\/\\\/www.vagadeempregosp.com.br\\\/empregos-amil\\\/#respond\"]}]},{\"@type\":\"WebPage\",\"@id\":\"https:\\\/\\\/www.vagadeempregosp.com.br\\\/empregos-amil\\\/\",\"url\":\"https:\\\/\\\/www.vagadeempregosp.com.br\\\/empregos-amil\\\/\",\"name\":\"Recepcionista, Almoxarife, Consultor, Analistas, Enfermeiro, Assistente Administrativo e muito mais na Empresa Amil - Transformando Vidas com Tecnologia, Informa\u00e7\u00e3o e Oportunidades: Explore Nossa Jornada de Crescimento\",\"isPartOf\":{\"@id\":\"https:\\\/\\\/www.vagadeempregosp.com.br\\\/#website\"},\"primaryImageOfPage\":{\"@id\":\"https:\\\/\\\/www.vagadeempregosp.com.br\\\/empregos-amil\\\/#primaryimage\"},\"image\":{\"@id\":\"https:\\\/\\\/www.vagadeempregosp.com.br\\\/empregos-amil\\\/#primaryimage\"},\"thumbnailUrl\":\"https:\\\/\\\/www.vagadeempregosp.com.br\\\/wp-content\\\/uploads\\\/2022\\\/10\\\/empregos-amil.png\",\"datePublished\":\"2023-07-04T03:03:00+00:00\",\"author\":{\"@id\":\"https:\\\/\\\/www.vagadeempregosp.com.br\\\/#\\\/schema\\\/person\\\/15cdff8822aa2f27a8a65ee7bbfe7ce6\"},\"description\":\"Os Empregos Amil s\u00e3o um grande destaque no mercado de trabalho em virtude de seus diversos benef\u00edcios.\",\"breadcrumb\":{\"@id\":\"https:\\\/\\\/www.vagadeempregosp.com.br\\\/empregos-amil\\\/#breadcrumb\"},\"inLanguage\":\"es\",\"potentialAction\":[{\"@type\":\"ReadAction\",\"target\":[\"https:\\\/\\\/www.vagadeempregosp.com.br\\\/empregos-amil\\\/\"]}]},{\"@type\":\"ImageObject\",\"inLanguage\":\"es\",\"@id\":\"https:\\\/\\\/www.vagadeempregosp.com.br\\\/empregos-amil\\\/#primaryimage\",\"url\":\"https:\\\/\\\/www.vagadeempregosp.com.br\\\/wp-content\\\/uploads\\\/2022\\\/10\\\/empregos-amil.png\",\"contentUrl\":\"https:\\\/\\\/www.vagadeempregosp.com.br\\\/wp-content\\\/uploads\\\/2022\\\/10\\\/empregos-amil.png\",\"width\":1000,\"height\":413,\"caption\":\"Imagem: Amil - Reprodu\u00e7\u00e3o\"},{\"@type\":\"BreadcrumbList\",\"@id\":\"https:\\\/\\\/www.vagadeempregosp.com.br\\\/empregos-amil\\\/#breadcrumb\",\"itemListElement\":[{\"@type\":\"ListItem\",\"position\":1,\"name\":\"In\u00edcio\",\"item\":\"https:\\\/\\\/www.vagadeempregosp.com.br\\\/\"},{\"@type\":\"ListItem\",\"position\":2,\"name\":\"Vagas de Emprego Nacionais\",\"item\":\"https:\\\/\\\/www.vagadeempregosp.com.br\\\/category\\\/vagas-nacionais\\\/\"},{\"@type\":\"ListItem\",\"position\":3,\"name\":\"Recepcionista, Almoxarife, Consultor, Analistas, Enfermeiro, Assistente Administrativo e muito mais na Empresa Amil\"}]},{\"@type\":\"WebSite\",\"@id\":\"https:\\\/\\\/www.vagadeempregosp.com.br\\\/#website\",\"url\":\"https:\\\/\\\/www.vagadeempregosp.com.br\\\/\",\"name\":\"Transformando Vidas com Tecnologia, Informa\u00e7\u00e3o e Oportunidades: Explore Nossa Jornada de Crescimento\",\"description\":\"Transformando Vidas com Tecnologia, Informa\u00e7\u00e3o e Oportunidades: Explore Nossa Jornada de Crescimento\",\"potentialAction\":[{\"@type\":\"SearchAction\",\"target\":{\"@type\":\"EntryPoint\",\"urlTemplate\":\"https:\\\/\\\/www.vagadeempregosp.com.br\\\/?s={search_term_string}\"},\"query-input\":{\"@type\":\"PropertyValueSpecification\",\"valueRequired\":true,\"valueName\":\"search_term_string\"}}],\"inLanguage\":\"es\"},{\"@type\":\"Person\",\"@id\":\"https:\\\/\\\/www.vagadeempregosp.com.br\\\/#\\\/schema\\\/person\\\/15cdff8822aa2f27a8a65ee7bbfe7ce6\",\"name\":\"Michele\",\"image\":{\"@type\":\"ImageObject\",\"inLanguage\":\"es\",\"@id\":\"https:\\\/\\\/secure.gravatar.com\\\/avatar\\\/6b0eb9d22841282815e2cd856a0061c45e1761cd54b22e952d98c4746939aa85?s=96&r=g\",\"url\":\"https:\\\/\\\/secure.gravatar.com\\\/avatar\\\/6b0eb9d22841282815e2cd856a0061c45e1761cd54b22e952d98c4746939aa85?s=96&r=g\",\"contentUrl\":\"https:\\\/\\\/secure.gravatar.com\\\/avatar\\\/6b0eb9d22841282815e2cd856a0061c45e1761cd54b22e952d98c4746939aa85?s=96&r=g\",\"caption\":\"Michele\"},\"description\":\"Formada em Letras - Portugu\u00eas\\\/ Ingl\u00eas, e idealizadora do site Escritora de Sucesso, busca expandir o conhecimento de todos com informa\u00e7\u00f5es relevantes sobre diversos assuntos, enquanto redatora. No Vaga de Emprego SP, traz oportunidades e dicas sobre o mercado de trabalho.\",\"url\":\"https:\\\/\\\/www.vagadeempregosp.com.br\\\/es\\\/author\\\/michele\\\/\"}]}<\/script>\n<!-- \/ Yoast SEO plugin. -->","yoast_head_json":{"title":"Recepcionista, Gestor de Almac\u00e9n, Consultor, Analistas, Enfermero, Auxiliar Administrativo y mucho m\u00e1s en Amil - Transformando vidas con tecnolog\u00eda, informaci\u00f3n y oportunidades: Explore Nuestro Viaje de Crecimiento","description":"Amil Los puestos de trabajo ocupan un lugar destacado en el mercado laboral por sus numerosas ventajas.","robots":{"index":"index","follow":"follow","max-snippet":"max-snippet:-1","max-image-preview":"max-image-preview:large","max-video-preview":"max-video-preview:-1"},"canonical":"https:\/\/www.vagadeempregosp.com.br\/es\/empleos-amil\/","og_locale":"es_ES","og_type":"article","og_title":"Recepcionista, Almoxarife, Consultor, Analistas, Enfermeiro, Assistente Administrativo e muito mais na Empresa Amil - Transformando Vidas com Tecnologia, Informa\u00e7\u00e3o e Oportunidades: Explore Nossa Jornada de Crescimento","og_description":"Os Empregos Amil s\u00e3o um grande destaque no mercado de trabalho em virtude de seus diversos benef\u00edcios.","og_url":"https:\/\/www.vagadeempregosp.com.br\/es\/empleos-amil\/","og_site_name":"Transformando Vidas com Tecnologia, Informa\u00e7\u00e3o e Oportunidades: Explore Nossa Jornada de Crescimento","article_published_time":"2023-07-04T03:03:00+00:00","og_image":[{"width":1000,"height":413,"url":"https:\/\/www.vagadeempregosp.com.br\/wp-content\/uploads\/2022\/10\/empregos-amil.png","type":"image\/png"}],"author":"Michele","twitter_card":"summary_large_image","twitter_misc":{"Escrito por":"Michele","Tiempo de lectura":"3 minutos"},"schema":{"@context":"https:\/\/schema.org","@graph":[{"@type":"Article","@id":"https:\/\/www.vagadeempregosp.com.br\/empregos-amil\/#article","isPartOf":{"@id":"https:\/\/www.vagadeempregosp.com.br\/empregos-amil\/"},"author":{"name":"Michele","@id":"https:\/\/www.vagadeempregosp.com.br\/#\/schema\/person\/15cdff8822aa2f27a8a65ee7bbfe7ce6"},"headline":"Recepcionista, Almoxarife, Consultor, Analistas, Enfermeiro, Assistente Administrativo e muito mais na Empresa Amil","datePublished":"2023-07-04T03:03:00+00:00","mainEntityOfPage":{"@id":"https:\/\/www.vagadeempregosp.com.br\/empregos-amil\/"},"wordCount":583,"commentCount":0,"image":{"@id":"https:\/\/www.vagadeempregosp.com.br\/empregos-amil\/#primaryimage"},"thumbnailUrl":"https:\/\/www.vagadeempregosp.com.br\/wp-content\/uploads\/2022\/10\/empregos-amil.png","keywords":["Amil","oportunidades","vagas de emprego"],"articleSection":["Vagas de Emprego Nacionais"],"inLanguage":"es","potentialAction":[{"@type":"CommentAction","name":"Comment","target":["https:\/\/www.vagadeempregosp.com.br\/empregos-amil\/#respond"]}]},{"@type":"WebPage","@id":"https:\/\/www.vagadeempregosp.com.br\/empregos-amil\/","url":"https:\/\/www.vagadeempregosp.com.br\/empregos-amil\/","name":"Recepcionista, Gestor de Almac\u00e9n, Consultor, Analistas, Enfermero, Auxiliar Administrativo y mucho m\u00e1s en Amil - Transformando vidas con tecnolog\u00eda, informaci\u00f3n y oportunidades: Explore Nuestro Viaje de Crecimiento","isPartOf":{"@id":"https:\/\/www.vagadeempregosp.com.br\/#website"},"primaryImageOfPage":{"@id":"https:\/\/www.vagadeempregosp.com.br\/empregos-amil\/#primaryimage"},"image":{"@id":"https:\/\/www.vagadeempregosp.com.br\/empregos-amil\/#primaryimage"},"thumbnailUrl":"https:\/\/www.vagadeempregosp.com.br\/wp-content\/uploads\/2022\/10\/empregos-amil.png","datePublished":"2023-07-04T03:03:00+00:00","author":{"@id":"https:\/\/www.vagadeempregosp.com.br\/#\/schema\/person\/15cdff8822aa2f27a8a65ee7bbfe7ce6"},"description":"Amil Los puestos de trabajo ocupan un lugar destacado en el mercado laboral por sus numerosas ventajas.","breadcrumb":{"@id":"https:\/\/www.vagadeempregosp.com.br\/empregos-amil\/#breadcrumb"},"inLanguage":"es","potentialAction":[{"@type":"ReadAction","target":["https:\/\/www.vagadeempregosp.com.br\/empregos-amil\/"]}]},{"@type":"ImageObject","inLanguage":"es","@id":"https:\/\/www.vagadeempregosp.com.br\/empregos-amil\/#primaryimage","url":"https:\/\/www.vagadeempregosp.com.br\/wp-content\/uploads\/2022\/10\/empregos-amil.png","contentUrl":"https:\/\/www.vagadeempregosp.com.br\/wp-content\/uploads\/2022\/10\/empregos-amil.png","width":1000,"height":413,"caption":"Imagem: Amil - Reprodu\u00e7\u00e3o"},{"@type":"BreadcrumbList","@id":"https:\/\/www.vagadeempregosp.com.br\/empregos-amil\/#breadcrumb","itemListElement":[{"@type":"ListItem","position":1,"name":"In\u00edcio","item":"https:\/\/www.vagadeempregosp.com.br\/"},{"@type":"ListItem","position":2,"name":"Vagas de Emprego Nacionais","item":"https:\/\/www.vagadeempregosp.com.br\/category\/vagas-nacionais\/"},{"@type":"ListItem","position":3,"name":"Recepcionista, Almoxarife, Consultor, Analistas, Enfermeiro, Assistente Administrativo e muito mais na Empresa Amil"}]},{"@type":"WebSite","@id":"https:\/\/www.vagadeempregosp.com.br\/#website","url":"https:\/\/www.vagadeempregosp.com.br\/","name":"Transformar vidas con tecnolog\u00eda, informaci\u00f3n y oportunidades: Explore nuestro viaje de crecimiento","description":"Transformar vidas con tecnolog\u00eda, informaci\u00f3n y oportunidades: Explore nuestro viaje de crecimiento","potentialAction":[{"@type":"SearchAction","target":{"@type":"EntryPoint","urlTemplate":"https:\/\/www.vagadeempregosp.com.br\/?s={search_term_string}"},"query-input":{"@type":"PropertyValueSpecification","valueRequired":true,"valueName":"search_term_string"}}],"inLanguage":"es"},{"@type":"Person","@id":"https:\/\/www.vagadeempregosp.com.br\/#\/schema\/person\/15cdff8822aa2f27a8a65ee7bbfe7ce6","name":"Michele","image":{"@type":"ImageObject","inLanguage":"es","@id":"https:\/\/secure.gravatar.com\/avatar\/6b0eb9d22841282815e2cd856a0061c45e1761cd54b22e952d98c4746939aa85?s=96&r=g","url":"https:\/\/secure.gravatar.com\/avatar\/6b0eb9d22841282815e2cd856a0061c45e1761cd54b22e952d98c4746939aa85?s=96&r=g","contentUrl":"https:\/\/secure.gravatar.com\/avatar\/6b0eb9d22841282815e2cd856a0061c45e1761cd54b22e952d98c4746939aa85?s=96&r=g","caption":"Michele"},"description":"Graduada en Lenguas - Portugu\u00e9s\/Ingl\u00e9s, y creadora del sitio Escritora de Sucesso, busca ampliar el conocimiento de todos con informaciones relevantes sobre diversos temas, como escritora. En Vaga de Emprego SP, ofrece oportunidades y consejos sobre el mercado laboral.","url":"https:\/\/www.vagadeempregosp.com.br\/es\/author\/michele\/"}]}},"_links":{"self":[{"href":"https:\/\/www.vagadeempregosp.com.br\/es\/wp-json\/wp\/v2\/posts\/18787","targetHints":{"allow":["GET"]}}],"collection":[{"href":"https:\/\/www.vagadeempregosp.com.br\/es\/wp-json\/wp\/v2\/posts"}],"about":[{"href":"https:\/\/www.vagadeempregosp.com.br\/es\/wp-json\/wp\/v2\/types\/post"}],"author":[{"embeddable":true,"href":"https:\/\/www.vagadeempregosp.com.br\/es\/wp-json\/wp\/v2\/users\/11"}],"replies":[{"embeddable":true,"href":"https:\/\/www.vagadeempregosp.com.br\/es\/wp-json\/wp\/v2\/comments?post=18787"}],"version-history":[{"count":5,"href":"https:\/\/www.vagadeempregosp.com.br\/es\/wp-json\/wp\/v2\/posts\/18787\/revisions"}],"predecessor-version":[{"id":20910,"href":"https:\/\/www.vagadeempregosp.com.br\/es\/wp-json\/wp\/v2\/posts\/18787\/revisions\/20910"}],"wp:featuredmedia":[{"embeddable":true,"href":"https:\/\/www.vagadeempregosp.com.br\/es\/wp-json\/wp\/v2\/media\/18799"}],"wp:attachment":[{"href":"https:\/\/www.vagadeempregosp.com.br\/es\/wp-json\/wp\/v2\/media?parent=18787"}],"wp:term":[{"taxonomy":"category","embeddable":true,"href":"https:\/\/www.vagadeempregosp.com.br\/es\/wp-json\/wp\/v2\/categories?post=18787"},{"taxonomy":"post_tag","embeddable":true,"href":"https:\/\/www.vagadeempregosp.com.br\/es\/wp-json\/wp\/v2\/tags?post=18787"}],"curies":[{"name":"wp","href":"https:\/\/api.w.org\/{rel}","templated":true}]}}