{"id":18689,"date":"2023-08-24T02:03:00","date_gmt":"2023-08-24T05:03:00","guid":{"rendered":"https:\/\/www.vagadeempregosp.com.br\/?p=18689"},"modified":"2023-08-19T16:48:57","modified_gmt":"2023-08-19T19:48:57","slug":"trabajo-stihl","status":"publish","type":"post","link":"https:\/\/www.vagadeempregosp.com.br\/es\/empregos-stihl\/","title":{"rendered":"Consultor de ventas, Analistas de soporte, Pr\u00e1cticas en diversas \u00e1reas en Stihl"},"content":{"rendered":"<p>Actualizado<\/p>\n\n\n<div class=\"wp-block-post-date\"><time datetime=\"2023-08-24T02:03:00-03:00\">24\/08\/2023<\/time><\/div>\n\n\n<p>En <strong>Trabajos en Stihl<\/strong> destacan en el mercado laboral por sus ventajas. Lo m\u00e1s importante es que la empresa est\u00e1 formada por personas. Personas que comparten los mismos ideales, valores, principios y compromisos que hacen que una empresa tenga \u00e9xito. Por eso invierten en actualizaciones diarias sobre los retos del desarrollo y crecimiento continuos de su equipo. Trabajar all\u00ed forma parte de un ambiente multicultural inspirador, con empleados comprometidos y dedicados, que construye relaciones de confianza m\u00e1s all\u00e1 de los negocios.<\/p>\n\n\n\n<figure class=\"wp-block-image size-full\"><img loading=\"lazy\" decoding=\"async\" width=\"600\" height=\"400\" src=\"https:\/\/www.vagadeempregosp.com.br\/wp-content\/uploads\/2022\/10\/Empregos-Stihl.webp\" alt=\"Trabajos en Stihl\" class=\"wp-image-18697\" srcset=\"https:\/\/www.vagadeempregosp.com.br\/wp-content\/uploads\/2022\/10\/Empregos-Stihl.webp 600w, https:\/\/www.vagadeempregosp.com.br\/wp-content\/uploads\/2022\/10\/Empregos-Stihl-300x200.webp 300w\" sizes=\"auto, (max-width: 600px) 100vw, 600px\" \/><figcaption class=\"wp-element-caption\">Imagen: Stihl - Reproducci\u00f3n<\/figcaption><\/figure>\n\n\n\n<h2 class=\"wp-block-heading\">Consultor de ventas, Pr\u00e1cticas en diversas \u00e1reas en Stihl<\/h2>\n\n\n\n<p>La empresa busca empleados orientados al cliente y centrados en la calidad, que se centren en los resultados y demuestren compromiso con los objetivos empresariales, sepan trabajar en equipo y mantengan una actitud profesional, comprometida y colaboradora; demuestren inter\u00e9s y voluntad de aprender y busquen el autodesarrollo.<\/p>\n\n\n\n<p>Adem\u00e1s, ofrece diversos beneficios como licencia extendida de paternidad y maternidad, bonos salariales, capacitaci\u00f3n, asistencia m\u00e9dica, incentivos educativos, plan odontol\u00f3gico, pensi\u00f3n privada, bonos de transporte, seguro de vida, entre otros, dependiendo del cargo. La empresa tambi\u00e9n tiene un programa de pr\u00e1cticas para diversas \u00e1reas como Recursos Humanos, Contabilidad, Administraci\u00f3n, Ciencias Contables, entre otros cursos. Consulte a continuaci\u00f3n todos los puestos disponibles:<\/p>\n\n\n\n<ul class=\"wp-block-list\">\n<li>Consultor de ventas;<\/li>\n\n\n\n<li>Pr\u00e1cticas en diversos \u00e1mbitos;<\/li>\n\n\n\n<li>Analista de apoyo a la colaboraci\u00f3n.<\/li>\n<\/ul>\n\n\n\n<h3 class=\"wp-block-heading\">C\u00f3mo solicitarlo<\/h3>\n\n\n\n<p>Para enviar su CV, vaya a la p\u00e1gina web donde tiene lugar el procedimiento de selecci\u00f3n. Para ello, haga clic en el siguiente enlace:<\/p>\n\n\n\n<ul class=\"wp-block-list\">\n<li><a href=\"https:\/\/www.stihl.com.br\/trabalhe-conosco-formularpage.aspx\">Puestos vacantes en Stihl.<\/a><\/li>\n<\/ul>\n\n\n\n<p>A continuaci\u00f3n, busca tu ciudad y tu estado para saber qu\u00e9 oportunidades hay disponibles. Despu\u00e9s, tendr\u00e1s que leer atentamente todas las funciones y requisitos del puesto que hayas elegido para asegurarte de que es compatible con tu perfil profesional antes de presentarte.<\/p>\n\n\n\n<p>Si es as\u00ed, tendr\u00e1 que registrarse en el sitio web si a\u00fan no lo ha hecho. Para ello, introduzca todos sus datos personales y espere a que la empresa se ponga en contacto con usted para concertar una entrevista si su CV es seleccionado.<\/p>\n\n\n\n<p><strong>V\u00e9ase tambi\u00e9n: <a href=\"https:\/\/www.vagadeempregosp.com.br\/es\/hola-trabajos\/\">Oi Empleo<\/a><\/strong><\/p>\n\n\n\n<h2 class=\"wp-block-heading\">Acerca de Stihl<\/h2>\n\n\n\n<p>La empresa lidera el mercado brasile\u00f1o de herramientas el\u00e9ctricas port\u00e1tiles con productos para los mercados forestal, agr\u00edcola, construcci\u00f3n, conservaci\u00f3n, jardiner\u00eda profesional y dom\u00e9stico. Tiene su sede en S\u00e3o Leopoldo (RS), donde trabajan cerca de 3.700 empleados. El grupo tiene su sede en Wieblingen (Alemania).<\/p>\n\n\n\n<p>Hacer que el entorno de la empresa sea colaborativo e integrador demuestra que esta empresa es uno de los mejores empleadores del pa\u00eds. La empresa ha sido elegida en repetidas ocasiones como una de las mejores empresas para trabajar por el Great Place To Work Institute (GPTW). Durante cuatro a\u00f1os consecutivos (2017-2021), ha sido votada como una de las Mejores Empresas para Trabajar en Rio Grande do Sul. Reconocida en los rankings nacionales de GPTW en 2019 y 2021. Adem\u00e1s de emplear a personas con discapacidad en todas las \u00e1reas de la empresa, se preocupa por la accesibilidad y valora el respeto, la diversidad y la inclusi\u00f3n para todos.<\/p>\n\n\n\n<p>Responsable de la consecuci\u00f3n de los objetivos de ventas, la cualificaci\u00f3n y la apertura de puntos de venta en su regi\u00f3n, contribuyendo a los resultados regionales, con el fin de cumplir las previsiones presupuestarias, la facturaci\u00f3n, la expansi\u00f3n de los puntos de venta y la cobertura del mercado.<\/p>","protected":false},"excerpt":{"rendered":"<p>Atualizado em Os empregos Stihl s\u00e3o um grande destaque no mercado de trabalho, em raz\u00e3o de seus benef\u00edcios. Mais importante que tudo, a empresa \u00e9 feita de pessoas. Pessoas que compartilham os mesmos ideais, valores, princ\u00edpios e compromissos que tornam uma companhia bem-sucedida. Por isso, est\u00e3o investindo em atualiza\u00e7\u00f5es di\u00e1rias sobre os desafios do cont\u00ednuo&hellip;&nbsp;<\/p>","protected":false},"author":11,"featured_media":18697,"comment_status":"open","ping_status":"closed","sticky":false,"template":"","format":"standard","meta":{"neve_meta_sidebar":"","neve_meta_container":"","neve_meta_enable_content_width":"","neve_meta_content_width":0,"neve_meta_title_alignment":"","neve_meta_author_avatar":"","neve_post_elements_order":"","neve_meta_disable_header":"","neve_meta_disable_footer":"","neve_meta_disable_title":"","footnotes":""},"categories":[43],"tags":[79,130,78],"class_list":["post-18689","post","type-post","status-publish","format-standard","has-post-thumbnail","hentry","category-vagas-nacionais","tag-oportunidades","tag-stihl","tag-vagas-de-emprego"],"yoast_head":"<!-- This site is optimized with the Yoast SEO plugin v27.5 - https:\/\/yoast.com\/product\/yoast-seo-wordpress\/ -->\n<title>Consultor de Vendas, Analistas de Suporte, Est\u00e1gios em diversas \u00e1reas na empresa Stihl - Transformando Vidas com Tecnologia, Informa\u00e7\u00e3o e Oportunidades: Explore Nossa Jornada de Crescimento<\/title>\n<meta name=\"description\" content=\"Os empregos Stihl s\u00e3o um grande destaque no mercado de trabalho, em raz\u00e3o de seus benef\u00edcios.\" \/>\n<meta name=\"robots\" content=\"index, follow, max-snippet:-1, max-image-preview:large, max-video-preview:-1\" \/>\n<link rel=\"canonical\" href=\"https:\/\/www.vagadeempregosp.com.br\/es\/trabajo-stihl\/\" \/>\n<meta property=\"og:locale\" content=\"es_ES\" \/>\n<meta property=\"og:type\" content=\"article\" \/>\n<meta property=\"og:title\" content=\"Consultor de Vendas, Analistas de Suporte, Est\u00e1gios em diversas \u00e1reas na empresa Stihl - Transformando Vidas com Tecnologia, Informa\u00e7\u00e3o e Oportunidades: Explore Nossa Jornada de Crescimento\" \/>\n<meta property=\"og:description\" content=\"Os empregos Stihl s\u00e3o um grande destaque no mercado de trabalho, em raz\u00e3o de seus benef\u00edcios.\" \/>\n<meta property=\"og:url\" content=\"https:\/\/www.vagadeempregosp.com.br\/es\/trabajo-stihl\/\" \/>\n<meta property=\"og:site_name\" content=\"Transformando Vidas com Tecnologia, Informa\u00e7\u00e3o e Oportunidades: Explore Nossa Jornada de Crescimento\" \/>\n<meta property=\"article:published_time\" content=\"2023-08-24T05:03:00+00:00\" \/>\n<meta property=\"og:image\" content=\"https:\/\/www.vagadeempregosp.com.br\/wp-content\/uploads\/2022\/10\/Empregos-Stihl.webp\" \/>\n\t<meta property=\"og:image:width\" content=\"600\" \/>\n\t<meta property=\"og:image:height\" content=\"400\" \/>\n\t<meta property=\"og:image:type\" content=\"image\/webp\" \/>\n<meta name=\"author\" content=\"Michele\" \/>\n<meta name=\"twitter:card\" content=\"summary_large_image\" \/>\n<meta name=\"twitter:label1\" content=\"Escrito por\" \/>\n\t<meta name=\"twitter:data1\" content=\"Michele\" \/>\n\t<meta name=\"twitter:label2\" content=\"Tiempo de lectura\" \/>\n\t<meta name=\"twitter:data2\" content=\"3 minutos\" \/>\n<script type=\"application\/ld+json\" class=\"yoast-schema-graph\">{\"@context\":\"https:\\\/\\\/schema.org\",\"@graph\":[{\"@type\":\"Article\",\"@id\":\"https:\\\/\\\/www.vagadeempregosp.com.br\\\/empregos-stihl\\\/#article\",\"isPartOf\":{\"@id\":\"https:\\\/\\\/www.vagadeempregosp.com.br\\\/empregos-stihl\\\/\"},\"author\":{\"name\":\"Michele\",\"@id\":\"https:\\\/\\\/www.vagadeempregosp.com.br\\\/#\\\/schema\\\/person\\\/15cdff8822aa2f27a8a65ee7bbfe7ce6\"},\"headline\":\"Consultor de Vendas, Analistas de Suporte, Est\u00e1gios em diversas \u00e1reas na empresa Stihl\",\"datePublished\":\"2023-08-24T05:03:00+00:00\",\"mainEntityOfPage\":{\"@id\":\"https:\\\/\\\/www.vagadeempregosp.com.br\\\/empregos-stihl\\\/\"},\"wordCount\":590,\"commentCount\":0,\"image\":{\"@id\":\"https:\\\/\\\/www.vagadeempregosp.com.br\\\/empregos-stihl\\\/#primaryimage\"},\"thumbnailUrl\":\"https:\\\/\\\/www.vagadeempregosp.com.br\\\/wp-content\\\/uploads\\\/2022\\\/10\\\/Empregos-Stihl.webp\",\"keywords\":[\"oportunidades\",\"Stihl\",\"vagas de emprego\"],\"articleSection\":[\"Vagas de Emprego Nacionais\"],\"inLanguage\":\"es\",\"potentialAction\":[{\"@type\":\"CommentAction\",\"name\":\"Comment\",\"target\":[\"https:\\\/\\\/www.vagadeempregosp.com.br\\\/empregos-stihl\\\/#respond\"]}]},{\"@type\":\"WebPage\",\"@id\":\"https:\\\/\\\/www.vagadeempregosp.com.br\\\/empregos-stihl\\\/\",\"url\":\"https:\\\/\\\/www.vagadeempregosp.com.br\\\/empregos-stihl\\\/\",\"name\":\"Consultor de Vendas, Analistas de Suporte, Est\u00e1gios em diversas \u00e1reas na empresa Stihl - Transformando Vidas com Tecnologia, Informa\u00e7\u00e3o e Oportunidades: Explore Nossa Jornada de Crescimento\",\"isPartOf\":{\"@id\":\"https:\\\/\\\/www.vagadeempregosp.com.br\\\/#website\"},\"primaryImageOfPage\":{\"@id\":\"https:\\\/\\\/www.vagadeempregosp.com.br\\\/empregos-stihl\\\/#primaryimage\"},\"image\":{\"@id\":\"https:\\\/\\\/www.vagadeempregosp.com.br\\\/empregos-stihl\\\/#primaryimage\"},\"thumbnailUrl\":\"https:\\\/\\\/www.vagadeempregosp.com.br\\\/wp-content\\\/uploads\\\/2022\\\/10\\\/Empregos-Stihl.webp\",\"datePublished\":\"2023-08-24T05:03:00+00:00\",\"author\":{\"@id\":\"https:\\\/\\\/www.vagadeempregosp.com.br\\\/#\\\/schema\\\/person\\\/15cdff8822aa2f27a8a65ee7bbfe7ce6\"},\"description\":\"Os empregos Stihl s\u00e3o um grande destaque no mercado de trabalho, em raz\u00e3o de seus benef\u00edcios.\",\"breadcrumb\":{\"@id\":\"https:\\\/\\\/www.vagadeempregosp.com.br\\\/empregos-stihl\\\/#breadcrumb\"},\"inLanguage\":\"es\",\"potentialAction\":[{\"@type\":\"ReadAction\",\"target\":[\"https:\\\/\\\/www.vagadeempregosp.com.br\\\/empregos-stihl\\\/\"]}]},{\"@type\":\"ImageObject\",\"inLanguage\":\"es\",\"@id\":\"https:\\\/\\\/www.vagadeempregosp.com.br\\\/empregos-stihl\\\/#primaryimage\",\"url\":\"https:\\\/\\\/www.vagadeempregosp.com.br\\\/wp-content\\\/uploads\\\/2022\\\/10\\\/Empregos-Stihl.webp\",\"contentUrl\":\"https:\\\/\\\/www.vagadeempregosp.com.br\\\/wp-content\\\/uploads\\\/2022\\\/10\\\/Empregos-Stihl.webp\",\"width\":600,\"height\":400,\"caption\":\"Imagem: Stihl - Reprodu\u00e7\u00e3o\"},{\"@type\":\"BreadcrumbList\",\"@id\":\"https:\\\/\\\/www.vagadeempregosp.com.br\\\/empregos-stihl\\\/#breadcrumb\",\"itemListElement\":[{\"@type\":\"ListItem\",\"position\":1,\"name\":\"In\u00edcio\",\"item\":\"https:\\\/\\\/www.vagadeempregosp.com.br\\\/\"},{\"@type\":\"ListItem\",\"position\":2,\"name\":\"Vagas de Emprego Nacionais\",\"item\":\"https:\\\/\\\/www.vagadeempregosp.com.br\\\/category\\\/vagas-nacionais\\\/\"},{\"@type\":\"ListItem\",\"position\":3,\"name\":\"Consultor de Vendas, Analistas de Suporte, Est\u00e1gios em diversas \u00e1reas na empresa Stihl\"}]},{\"@type\":\"WebSite\",\"@id\":\"https:\\\/\\\/www.vagadeempregosp.com.br\\\/#website\",\"url\":\"https:\\\/\\\/www.vagadeempregosp.com.br\\\/\",\"name\":\"Transformando Vidas com Tecnologia, Informa\u00e7\u00e3o e Oportunidades: Explore Nossa Jornada de Crescimento\",\"description\":\"Transformando Vidas com Tecnologia, Informa\u00e7\u00e3o e Oportunidades: Explore Nossa Jornada de Crescimento\",\"potentialAction\":[{\"@type\":\"SearchAction\",\"target\":{\"@type\":\"EntryPoint\",\"urlTemplate\":\"https:\\\/\\\/www.vagadeempregosp.com.br\\\/?s={search_term_string}\"},\"query-input\":{\"@type\":\"PropertyValueSpecification\",\"valueRequired\":true,\"valueName\":\"search_term_string\"}}],\"inLanguage\":\"es\"},{\"@type\":\"Person\",\"@id\":\"https:\\\/\\\/www.vagadeempregosp.com.br\\\/#\\\/schema\\\/person\\\/15cdff8822aa2f27a8a65ee7bbfe7ce6\",\"name\":\"Michele\",\"image\":{\"@type\":\"ImageObject\",\"inLanguage\":\"es\",\"@id\":\"https:\\\/\\\/secure.gravatar.com\\\/avatar\\\/6b0eb9d22841282815e2cd856a0061c45e1761cd54b22e952d98c4746939aa85?s=96&r=g\",\"url\":\"https:\\\/\\\/secure.gravatar.com\\\/avatar\\\/6b0eb9d22841282815e2cd856a0061c45e1761cd54b22e952d98c4746939aa85?s=96&r=g\",\"contentUrl\":\"https:\\\/\\\/secure.gravatar.com\\\/avatar\\\/6b0eb9d22841282815e2cd856a0061c45e1761cd54b22e952d98c4746939aa85?s=96&r=g\",\"caption\":\"Michele\"},\"description\":\"Formada em Letras - Portugu\u00eas\\\/ Ingl\u00eas, e idealizadora do site Escritora de Sucesso, busca expandir o conhecimento de todos com informa\u00e7\u00f5es relevantes sobre diversos assuntos, enquanto redatora. No Vaga de Emprego SP, traz oportunidades e dicas sobre o mercado de trabalho.\",\"url\":\"https:\\\/\\\/www.vagadeempregosp.com.br\\\/es\\\/author\\\/michele\\\/\"}]}<\/script>\n<!-- \/ Yoast SEO plugin. -->","yoast_head_json":{"title":"Consultor de Ventas, Analistas de Soporte, Pr\u00e1cticas en diversas \u00e1reas en Stihl - Transformando vidas con tecnolog\u00eda, informaci\u00f3n y oportunidades: Explore Nuestro Viaje de Crecimiento","description":"Los puestos de trabajo en Stihl destacan en el mercado laboral por sus ventajas.","robots":{"index":"index","follow":"follow","max-snippet":"max-snippet:-1","max-image-preview":"max-image-preview:large","max-video-preview":"max-video-preview:-1"},"canonical":"https:\/\/www.vagadeempregosp.com.br\/es\/trabajo-stihl\/","og_locale":"es_ES","og_type":"article","og_title":"Consultor de Vendas, Analistas de Suporte, Est\u00e1gios em diversas \u00e1reas na empresa Stihl - Transformando Vidas com Tecnologia, Informa\u00e7\u00e3o e Oportunidades: Explore Nossa Jornada de Crescimento","og_description":"Os empregos Stihl s\u00e3o um grande destaque no mercado de trabalho, em raz\u00e3o de seus benef\u00edcios.","og_url":"https:\/\/www.vagadeempregosp.com.br\/es\/trabajo-stihl\/","og_site_name":"Transformando Vidas com Tecnologia, Informa\u00e7\u00e3o e Oportunidades: Explore Nossa Jornada de Crescimento","article_published_time":"2023-08-24T05:03:00+00:00","og_image":[{"width":600,"height":400,"url":"https:\/\/www.vagadeempregosp.com.br\/wp-content\/uploads\/2022\/10\/Empregos-Stihl.webp","type":"image\/webp"}],"author":"Michele","twitter_card":"summary_large_image","twitter_misc":{"Escrito por":"Michele","Tiempo de lectura":"3 minutos"},"schema":{"@context":"https:\/\/schema.org","@graph":[{"@type":"Article","@id":"https:\/\/www.vagadeempregosp.com.br\/empregos-stihl\/#article","isPartOf":{"@id":"https:\/\/www.vagadeempregosp.com.br\/empregos-stihl\/"},"author":{"name":"Michele","@id":"https:\/\/www.vagadeempregosp.com.br\/#\/schema\/person\/15cdff8822aa2f27a8a65ee7bbfe7ce6"},"headline":"Consultor de Vendas, Analistas de Suporte, Est\u00e1gios em diversas \u00e1reas na empresa Stihl","datePublished":"2023-08-24T05:03:00+00:00","mainEntityOfPage":{"@id":"https:\/\/www.vagadeempregosp.com.br\/empregos-stihl\/"},"wordCount":590,"commentCount":0,"image":{"@id":"https:\/\/www.vagadeempregosp.com.br\/empregos-stihl\/#primaryimage"},"thumbnailUrl":"https:\/\/www.vagadeempregosp.com.br\/wp-content\/uploads\/2022\/10\/Empregos-Stihl.webp","keywords":["oportunidades","Stihl","vagas de emprego"],"articleSection":["Vagas de Emprego Nacionais"],"inLanguage":"es","potentialAction":[{"@type":"CommentAction","name":"Comment","target":["https:\/\/www.vagadeempregosp.com.br\/empregos-stihl\/#respond"]}]},{"@type":"WebPage","@id":"https:\/\/www.vagadeempregosp.com.br\/empregos-stihl\/","url":"https:\/\/www.vagadeempregosp.com.br\/empregos-stihl\/","name":"Consultor de Ventas, Analistas de Soporte, Pr\u00e1cticas en diversas \u00e1reas en Stihl - Transformando vidas con tecnolog\u00eda, informaci\u00f3n y oportunidades: Explore Nuestro Viaje de Crecimiento","isPartOf":{"@id":"https:\/\/www.vagadeempregosp.com.br\/#website"},"primaryImageOfPage":{"@id":"https:\/\/www.vagadeempregosp.com.br\/empregos-stihl\/#primaryimage"},"image":{"@id":"https:\/\/www.vagadeempregosp.com.br\/empregos-stihl\/#primaryimage"},"thumbnailUrl":"https:\/\/www.vagadeempregosp.com.br\/wp-content\/uploads\/2022\/10\/Empregos-Stihl.webp","datePublished":"2023-08-24T05:03:00+00:00","author":{"@id":"https:\/\/www.vagadeempregosp.com.br\/#\/schema\/person\/15cdff8822aa2f27a8a65ee7bbfe7ce6"},"description":"Los puestos de trabajo en Stihl destacan en el mercado laboral por sus ventajas.","breadcrumb":{"@id":"https:\/\/www.vagadeempregosp.com.br\/empregos-stihl\/#breadcrumb"},"inLanguage":"es","potentialAction":[{"@type":"ReadAction","target":["https:\/\/www.vagadeempregosp.com.br\/empregos-stihl\/"]}]},{"@type":"ImageObject","inLanguage":"es","@id":"https:\/\/www.vagadeempregosp.com.br\/empregos-stihl\/#primaryimage","url":"https:\/\/www.vagadeempregosp.com.br\/wp-content\/uploads\/2022\/10\/Empregos-Stihl.webp","contentUrl":"https:\/\/www.vagadeempregosp.com.br\/wp-content\/uploads\/2022\/10\/Empregos-Stihl.webp","width":600,"height":400,"caption":"Imagem: Stihl - Reprodu\u00e7\u00e3o"},{"@type":"BreadcrumbList","@id":"https:\/\/www.vagadeempregosp.com.br\/empregos-stihl\/#breadcrumb","itemListElement":[{"@type":"ListItem","position":1,"name":"In\u00edcio","item":"https:\/\/www.vagadeempregosp.com.br\/"},{"@type":"ListItem","position":2,"name":"Vagas de Emprego Nacionais","item":"https:\/\/www.vagadeempregosp.com.br\/category\/vagas-nacionais\/"},{"@type":"ListItem","position":3,"name":"Consultor de Vendas, Analistas de Suporte, Est\u00e1gios em diversas \u00e1reas na empresa Stihl"}]},{"@type":"WebSite","@id":"https:\/\/www.vagadeempregosp.com.br\/#website","url":"https:\/\/www.vagadeempregosp.com.br\/","name":"Transformar vidas con tecnolog\u00eda, informaci\u00f3n y oportunidades: Explore nuestro viaje de crecimiento","description":"Transformar vidas con tecnolog\u00eda, informaci\u00f3n y oportunidades: Explore nuestro viaje de crecimiento","potentialAction":[{"@type":"SearchAction","target":{"@type":"EntryPoint","urlTemplate":"https:\/\/www.vagadeempregosp.com.br\/?s={search_term_string}"},"query-input":{"@type":"PropertyValueSpecification","valueRequired":true,"valueName":"search_term_string"}}],"inLanguage":"es"},{"@type":"Person","@id":"https:\/\/www.vagadeempregosp.com.br\/#\/schema\/person\/15cdff8822aa2f27a8a65ee7bbfe7ce6","name":"Michele","image":{"@type":"ImageObject","inLanguage":"es","@id":"https:\/\/secure.gravatar.com\/avatar\/6b0eb9d22841282815e2cd856a0061c45e1761cd54b22e952d98c4746939aa85?s=96&r=g","url":"https:\/\/secure.gravatar.com\/avatar\/6b0eb9d22841282815e2cd856a0061c45e1761cd54b22e952d98c4746939aa85?s=96&r=g","contentUrl":"https:\/\/secure.gravatar.com\/avatar\/6b0eb9d22841282815e2cd856a0061c45e1761cd54b22e952d98c4746939aa85?s=96&r=g","caption":"Michele"},"description":"Graduada en Lenguas - Portugu\u00e9s\/Ingl\u00e9s, y creadora del sitio Escritora de Sucesso, busca ampliar el conocimiento de todos con informaciones relevantes sobre diversos temas, como escritora. En Vaga de Emprego SP, ofrece oportunidades y consejos sobre el mercado laboral.","url":"https:\/\/www.vagadeempregosp.com.br\/es\/author\/michele\/"}]}},"_links":{"self":[{"href":"https:\/\/www.vagadeempregosp.com.br\/es\/wp-json\/wp\/v2\/posts\/18689","targetHints":{"allow":["GET"]}}],"collection":[{"href":"https:\/\/www.vagadeempregosp.com.br\/es\/wp-json\/wp\/v2\/posts"}],"about":[{"href":"https:\/\/www.vagadeempregosp.com.br\/es\/wp-json\/wp\/v2\/types\/post"}],"author":[{"embeddable":true,"href":"https:\/\/www.vagadeempregosp.com.br\/es\/wp-json\/wp\/v2\/users\/11"}],"replies":[{"embeddable":true,"href":"https:\/\/www.vagadeempregosp.com.br\/es\/wp-json\/wp\/v2\/comments?post=18689"}],"version-history":[{"count":7,"href":"https:\/\/www.vagadeempregosp.com.br\/es\/wp-json\/wp\/v2\/posts\/18689\/revisions"}],"predecessor-version":[{"id":20864,"href":"https:\/\/www.vagadeempregosp.com.br\/es\/wp-json\/wp\/v2\/posts\/18689\/revisions\/20864"}],"wp:featuredmedia":[{"embeddable":true,"href":"https:\/\/www.vagadeempregosp.com.br\/es\/wp-json\/wp\/v2\/media\/18697"}],"wp:attachment":[{"href":"https:\/\/www.vagadeempregosp.com.br\/es\/wp-json\/wp\/v2\/media?parent=18689"}],"wp:term":[{"taxonomy":"category","embeddable":true,"href":"https:\/\/www.vagadeempregosp.com.br\/es\/wp-json\/wp\/v2\/categories?post=18689"},{"taxonomy":"post_tag","embeddable":true,"href":"https:\/\/www.vagadeempregosp.com.br\/es\/wp-json\/wp\/v2\/tags?post=18689"}],"curies":[{"name":"wp","href":"https:\/\/api.w.org\/{rel}","templated":true}]}}