{"id":18677,"date":"2023-08-24T00:32:00","date_gmt":"2023-08-24T03:32:00","guid":{"rendered":"https:\/\/www.vagadeempregosp.com.br\/?p=18677"},"modified":"2026-04-22T13:43:01","modified_gmt":"2026-04-22T16:43:01","slug":"hola-trabajos","status":"publish","type":"post","link":"https:\/\/www.vagadeempregosp.com.br\/es\/empregos-oi\/","title":{"rendered":"PAP Vendedor Externo, Analista Log\u00edstico, Auxiliar Administrativo PCD, Gestor Comercial, Asistente T\u00e9cnico y mucho m\u00e1s en Oi Company"},"content":{"rendered":"<p>Actualizado<\/p>\n\n\n<div class=\"wp-block-post-date\"><time datetime=\"2023-08-24T00:32:00-03:00\">24\/08\/2023<\/time><\/div>\n\n\n<p>En <strong>Oi Empleo<\/strong> destacan en el mercado laboral por sus ventajas. La empresa recluta candidatos para crecer en \u00e1reas que lideran la transformaci\u00f3n. Tambi\u00e9n quieren cambiar sus vidas iniciando una carrera en una de las mayores empresas del pa\u00eds. En Oi se trabaja en equipo y, lo m\u00e1s importante, se valoran las diferencias.&nbsp;<\/p>\n\n\n\n<figure class=\"wp-block-image size-full\"><img loading=\"lazy\" decoding=\"async\" width=\"980\" height=\"431\" src=\"https:\/\/www.vagadeempregosp.com.br\/wp-content\/uploads\/2022\/10\/empregos-Oi.jpg\" alt=\"Empleo en Oi\" class=\"wp-image-18683\" srcset=\"https:\/\/www.vagadeempregosp.com.br\/wp-content\/uploads\/2022\/10\/empregos-Oi.jpg 980w, https:\/\/www.vagadeempregosp.com.br\/wp-content\/uploads\/2022\/10\/empregos-Oi-300x132.jpg 300w, https:\/\/www.vagadeempregosp.com.br\/wp-content\/uploads\/2022\/10\/empregos-Oi-768x338.jpg 768w\" sizes=\"auto, (max-width: 980px) 100vw, 980px\" \/><figcaption class=\"wp-element-caption\">Imagen: Exame - Reproducci\u00f3n<\/figcaption><\/figure>\n\n\n\n<h2 class=\"wp-block-heading\">Inf\u00f3rmese sobre las ofertas de empleo de Oi<\/h2>\n\n\n\n<p>La mayor\u00eda de las vacantes son para quienes ya tienen experiencia en el sector, pero hay oportunidades para j\u00f3venes aprendices de entre 18 y 22 a\u00f1os. Consulte todos los puestos a continuaci\u00f3n:<\/p>\n\n\n\n<ul class=\"wp-block-list\">\n<li>Especialista en Control e Informaci\u00f3n Jr;<\/li>\n\n\n\n<li>Sr. Abogado<\/li>\n\n\n\n<li>Director de Ventas al Consumidor;<\/li>\n\n\n\n<li>Ana. de Arquitectura de Soluciones Sr;<\/li>\n\n\n\n<li>Vendedor externo (puerta a puerta);<\/li>\n\n\n\n<li>Experiencia en telecomunicaciones<\/li>\n\n\n\n<li>Ana. de Control e Informaci\u00f3n Sr;<\/li>\n\n\n\n<li>Director del Equipo de Ventas de Soluciones Gubernamentales;<\/li>\n\n\n\n<li>Analista log\u00edstico Sr;<\/li>\n\n\n\n<li>Telecomunicaciones Telecom Pl;<\/li>\n\n\n\n<li>Analista de Marketing Senior - PLM;<\/li>\n\n\n\n<li>Asistente administrativo Jr. del PCD<\/li>\n\n\n\n<li>Inmobiliaria Ana;<\/li>\n\n\n\n<li>Supervisor de ventas externas;<\/li>\n\n\n\n<li>Planificaci\u00f3n Ana;<\/li>\n\n\n\n<li>Espec. Finanzas;<\/li>\n\n\n\n<li>Ana. de Proyectos Pl en Servicios Financieros y Servicios Digitales;<\/li>\n\n\n\n<li>Director comercial IV;<\/li>\n\n\n\n<li>Relaciones con los inversores Ana;<\/li>\n\n\n\n<li>Espec. Projects;<\/li>\n\n\n\n<li>Seguridad de la informaci\u00f3n Ana;<\/li>\n\n\n\n<li>Gestor de cuentas - Consumo II;<\/li>\n\n\n\n<li>\u00c9xito de clientes Ana Jr;<\/li>\n\n\n\n<li>Ejecutivo de empresa Pl;<\/li>\n\n\n\n<li>Ana. Seguridad de la Informaci\u00f3n Pl;<\/li>\n\n\n\n<li>Espec. de contrataci\u00f3n;<\/li>\n\n\n\n<li>Ana. Telecom Sr.<\/li>\n\n\n\n<li>Consultor especializado;<\/li>\n\n\n\n<li>Aprendiz;<\/li>\n\n\n\n<li>Espec. Comercial;<\/li>\n\n\n\n<li>Arquitecto corporativo;<\/li>\n\n\n\n<li>Director de Rentabilizaci\u00f3n;<\/li>\n\n\n\n<li>Asistente administrativo para la captaci\u00f3n y gesti\u00f3n de talentos | PCD;<\/li>\n\n\n\n<li>Especificaci\u00f3n CRM;<\/li>\n\n\n\n<li>Asistente administrativo Pl - PCD;<\/li>\n\n\n\n<li>Gestor especializado (cargo no ejecutivo);<\/li>\n\n\n\n<li>Asistente comercial I (s\u00f3lo vacante de PCD);<\/li>\n\n\n\n<li>Log\u00edstica Espec;<\/li>\n\n\n\n<li>Director de Operaciones Jur\u00eddicas - PCD;<\/li>\n\n\n\n<li>Responsable de productos de fibra;<\/li>\n\n\n\n<li>Asistente t\u00e9cnico de telecomunicaciones<\/li>\n\n\n\n<li>Asociaci\u00f3n Spec.<\/li>\n<\/ul>\n\n\n\n<h3 class=\"wp-block-heading\">C\u00f3mo solicitarlo<\/h3>\n\n\n\n<p>Para enviar o seu curr\u00edculo, acesse o site em que o procedimento de sele\u00e7\u00e3o \u00e9 realizado. Para isso, abra o navegador e digita OI. Acesse o link oficial do site e analise as oportunidades.<\/p>\n\n\n\n<ul class=\"wp-block-list\"><\/ul>\n\n\n\n<p>A continuaci\u00f3n, tendr\u00e1s que leer detenidamente todas las funciones y requisitos del puesto que hayas elegido para asegurarte de que es compatible con tu perfil profesional antes de presentarte.&nbsp;<\/p>\n\n\n\n<p><strong>V\u00e9ase tambi\u00e9n: <a href=\"https:\/\/www.vagadeempregosp.com.br\/es\/empleos-interbancarios\/\">Empleo en Banco Inter<\/a><\/strong><\/p>\n\n\n\n<h2 class=\"wp-block-heading\">Acerca de Oi<\/h2>\n\n\n\n<p>La misi\u00f3n de la empresa es crear un nuevo futuro que lleve la vida digital a todo el mundo. Por eso, la innovaci\u00f3n y la creatividad son aliados clave para promover experiencias que mejoren la vida de empresas y personas en todo el pa\u00eds. La empresa se est\u00e1 convirtiendo en la mayor compa\u00f1\u00eda de fibra \u00f3ptica de Brasil y est\u00e1 desarrollando una plataforma de servicios digitales. Est\u00e1 formada por personas con versatilidad, determinaci\u00f3n, energ\u00eda y car\u00e1cter. Pero sobre todo personas que tienen el coraje de enfrentar el desaf\u00edo y buscan superarlo.&nbsp;<\/p>\n\n\n\n<p>Ofrecen un entorno de trabajo colaborativo, diverso e integrador en el que los empleados pueden ser aut\u00e9nticos y vivir grandes experiencias. Cada d\u00eda se enfrentan al reto de encontrar soluciones asequibles a problemas complejos.<\/p>\n\n\n\n<p>Creen que el desarrollo de su equipo estimular\u00e1 la transformaci\u00f3n de la empresa. Por eso, los de la empresa nunca dejan de aprender. Creen que la tecnolog\u00eda crea un nuevo futuro. Por eso, llevar la vida digital a hogares y empresas forma parte de su objetivo.&nbsp;<\/p>","protected":false},"excerpt":{"rendered":"<p>Atualizado em Os Empregos Oi s\u00e3o um grande destaque no mercado de trabalho, em raz\u00e3o de seus benef\u00edcios. A empresa est\u00e1 recrutando candidatos para crescer em \u00e1reas que lideram a transforma\u00e7\u00e3o. Com isso, tamb\u00e9m pretendem mudar sua vida iniciando sua carreira em uma das maiores empresas do pa\u00eds. Na Oi, se trabalha em equipe e,&hellip;&nbsp;<\/p>","protected":false},"author":11,"featured_media":18683,"comment_status":"open","ping_status":"closed","sticky":false,"template":"","format":"standard","meta":{"neve_meta_sidebar":"","neve_meta_container":"","neve_meta_enable_content_width":"","neve_meta_content_width":0,"neve_meta_title_alignment":"","neve_meta_author_avatar":"","neve_post_elements_order":"","neve_meta_disable_header":"","neve_meta_disable_footer":"","neve_meta_disable_title":"","footnotes":""},"categories":[43],"tags":[126,79,78],"class_list":["post-18677","post","type-post","status-publish","format-standard","has-post-thumbnail","hentry","category-vagas-nacionais","tag-oi","tag-oportunidades","tag-vagas-de-emprego"],"yoast_head":"<!-- This site is optimized with the Yoast SEO plugin v27.5 - https:\/\/yoast.com\/product\/yoast-seo-wordpress\/ -->\n<title>Vendedor Externo PAP, Analista de Log\u00edstica, Assistente Administrativo PCD, Gerente de Neg\u00f3cios, Assistente T\u00e9cnico e muito mais na Empresa Oi - Transformando Vidas com Tecnologia, Informa\u00e7\u00e3o e Oportunidades: Explore Nossa Jornada de Crescimento<\/title>\n<meta name=\"description\" content=\"Os Empregos Oi s\u00e3o um grande destaque no mercado de trabalho, em raz\u00e3o de seus benef\u00edcios.\" \/>\n<meta name=\"robots\" content=\"index, follow, max-snippet:-1, max-image-preview:large, max-video-preview:-1\" \/>\n<link rel=\"canonical\" href=\"https:\/\/www.vagadeempregosp.com.br\/es\/hola-trabajos\/\" \/>\n<meta property=\"og:locale\" content=\"es_ES\" \/>\n<meta property=\"og:type\" content=\"article\" \/>\n<meta property=\"og:title\" content=\"Vendedor Externo PAP, Analista de Log\u00edstica, Assistente Administrativo PCD, Gerente de Neg\u00f3cios, Assistente T\u00e9cnico e muito mais na Empresa Oi - Transformando Vidas com Tecnologia, Informa\u00e7\u00e3o e Oportunidades: Explore Nossa Jornada de Crescimento\" \/>\n<meta property=\"og:description\" content=\"Os Empregos Oi s\u00e3o um grande destaque no mercado de trabalho, em raz\u00e3o de seus benef\u00edcios.\" \/>\n<meta property=\"og:url\" content=\"https:\/\/www.vagadeempregosp.com.br\/es\/hola-trabajos\/\" \/>\n<meta property=\"og:site_name\" content=\"Transformando Vidas com Tecnologia, Informa\u00e7\u00e3o e Oportunidades: Explore Nossa Jornada de Crescimento\" \/>\n<meta property=\"article:published_time\" content=\"2023-08-24T03:32:00+00:00\" \/>\n<meta property=\"article:modified_time\" content=\"2026-04-22T16:43:01+00:00\" \/>\n<meta property=\"og:image\" content=\"https:\/\/www.vagadeempregosp.com.br\/wp-content\/uploads\/2022\/10\/empregos-Oi.jpg\" \/>\n\t<meta property=\"og:image:width\" content=\"980\" \/>\n\t<meta property=\"og:image:height\" content=\"431\" \/>\n\t<meta property=\"og:image:type\" content=\"image\/jpeg\" \/>\n<meta name=\"author\" content=\"Michele\" \/>\n<meta name=\"twitter:card\" content=\"summary_large_image\" \/>\n<meta name=\"twitter:label1\" content=\"Escrito por\" \/>\n\t<meta name=\"twitter:data1\" content=\"Michele\" \/>\n\t<meta name=\"twitter:label2\" content=\"Tiempo de lectura\" \/>\n\t<meta name=\"twitter:data2\" content=\"3 minutos\" \/>\n<script type=\"application\/ld+json\" class=\"yoast-schema-graph\">{\"@context\":\"https:\\\/\\\/schema.org\",\"@graph\":[{\"@type\":\"Article\",\"@id\":\"https:\\\/\\\/www.vagadeempregosp.com.br\\\/empregos-oi\\\/#article\",\"isPartOf\":{\"@id\":\"https:\\\/\\\/www.vagadeempregosp.com.br\\\/empregos-oi\\\/\"},\"author\":{\"name\":\"Michele\",\"@id\":\"https:\\\/\\\/www.vagadeempregosp.com.br\\\/#\\\/schema\\\/person\\\/15cdff8822aa2f27a8a65ee7bbfe7ce6\"},\"headline\":\"Vendedor Externo PAP, Analista de Log\u00edstica, Assistente Administrativo PCD, Gerente de Neg\u00f3cios, Assistente T\u00e9cnico e muito mais na Empresa Oi\",\"datePublished\":\"2023-08-24T03:32:00+00:00\",\"dateModified\":\"2026-04-22T16:43:01+00:00\",\"mainEntityOfPage\":{\"@id\":\"https:\\\/\\\/www.vagadeempregosp.com.br\\\/empregos-oi\\\/\"},\"wordCount\":605,\"commentCount\":0,\"image\":{\"@id\":\"https:\\\/\\\/www.vagadeempregosp.com.br\\\/empregos-oi\\\/#primaryimage\"},\"thumbnailUrl\":\"https:\\\/\\\/www.vagadeempregosp.com.br\\\/wp-content\\\/uploads\\\/2022\\\/10\\\/empregos-Oi.jpg\",\"keywords\":[\"Oi\",\"oportunidades\",\"vagas de emprego\"],\"articleSection\":[\"Vagas de Emprego Nacionais\"],\"inLanguage\":\"es\",\"potentialAction\":[{\"@type\":\"CommentAction\",\"name\":\"Comment\",\"target\":[\"https:\\\/\\\/www.vagadeempregosp.com.br\\\/empregos-oi\\\/#respond\"]}]},{\"@type\":\"WebPage\",\"@id\":\"https:\\\/\\\/www.vagadeempregosp.com.br\\\/empregos-oi\\\/\",\"url\":\"https:\\\/\\\/www.vagadeempregosp.com.br\\\/empregos-oi\\\/\",\"name\":\"Vendedor Externo PAP, Analista de Log\u00edstica, Assistente Administrativo PCD, Gerente de Neg\u00f3cios, Assistente T\u00e9cnico e muito mais na Empresa Oi - Transformando Vidas com Tecnologia, Informa\u00e7\u00e3o e Oportunidades: Explore Nossa Jornada de Crescimento\",\"isPartOf\":{\"@id\":\"https:\\\/\\\/www.vagadeempregosp.com.br\\\/#website\"},\"primaryImageOfPage\":{\"@id\":\"https:\\\/\\\/www.vagadeempregosp.com.br\\\/empregos-oi\\\/#primaryimage\"},\"image\":{\"@id\":\"https:\\\/\\\/www.vagadeempregosp.com.br\\\/empregos-oi\\\/#primaryimage\"},\"thumbnailUrl\":\"https:\\\/\\\/www.vagadeempregosp.com.br\\\/wp-content\\\/uploads\\\/2022\\\/10\\\/empregos-Oi.jpg\",\"datePublished\":\"2023-08-24T03:32:00+00:00\",\"dateModified\":\"2026-04-22T16:43:01+00:00\",\"author\":{\"@id\":\"https:\\\/\\\/www.vagadeempregosp.com.br\\\/#\\\/schema\\\/person\\\/15cdff8822aa2f27a8a65ee7bbfe7ce6\"},\"description\":\"Os Empregos Oi s\u00e3o um grande destaque no mercado de trabalho, em raz\u00e3o de seus benef\u00edcios.\",\"breadcrumb\":{\"@id\":\"https:\\\/\\\/www.vagadeempregosp.com.br\\\/empregos-oi\\\/#breadcrumb\"},\"inLanguage\":\"es\",\"potentialAction\":[{\"@type\":\"ReadAction\",\"target\":[\"https:\\\/\\\/www.vagadeempregosp.com.br\\\/empregos-oi\\\/\"]}]},{\"@type\":\"ImageObject\",\"inLanguage\":\"es\",\"@id\":\"https:\\\/\\\/www.vagadeempregosp.com.br\\\/empregos-oi\\\/#primaryimage\",\"url\":\"https:\\\/\\\/www.vagadeempregosp.com.br\\\/wp-content\\\/uploads\\\/2022\\\/10\\\/empregos-Oi.jpg\",\"contentUrl\":\"https:\\\/\\\/www.vagadeempregosp.com.br\\\/wp-content\\\/uploads\\\/2022\\\/10\\\/empregos-Oi.jpg\",\"width\":980,\"height\":431,\"caption\":\"Imagem: Exame - Reprodu\u00e7\u00e3o\"},{\"@type\":\"BreadcrumbList\",\"@id\":\"https:\\\/\\\/www.vagadeempregosp.com.br\\\/empregos-oi\\\/#breadcrumb\",\"itemListElement\":[{\"@type\":\"ListItem\",\"position\":1,\"name\":\"In\u00edcio\",\"item\":\"https:\\\/\\\/www.vagadeempregosp.com.br\\\/\"},{\"@type\":\"ListItem\",\"position\":2,\"name\":\"Vagas de Emprego Nacionais\",\"item\":\"https:\\\/\\\/www.vagadeempregosp.com.br\\\/category\\\/vagas-nacionais\\\/\"},{\"@type\":\"ListItem\",\"position\":3,\"name\":\"Vendedor Externo PAP, Analista de Log\u00edstica, Assistente Administrativo PCD, Gerente de Neg\u00f3cios, Assistente T\u00e9cnico e muito mais na Empresa Oi\"}]},{\"@type\":\"WebSite\",\"@id\":\"https:\\\/\\\/www.vagadeempregosp.com.br\\\/#website\",\"url\":\"https:\\\/\\\/www.vagadeempregosp.com.br\\\/\",\"name\":\"Transformando Vidas com Tecnologia, Informa\u00e7\u00e3o e Oportunidades: Explore Nossa Jornada de Crescimento\",\"description\":\"Transformando Vidas com Tecnologia, Informa\u00e7\u00e3o e Oportunidades: Explore Nossa Jornada de Crescimento\",\"potentialAction\":[{\"@type\":\"SearchAction\",\"target\":{\"@type\":\"EntryPoint\",\"urlTemplate\":\"https:\\\/\\\/www.vagadeempregosp.com.br\\\/?s={search_term_string}\"},\"query-input\":{\"@type\":\"PropertyValueSpecification\",\"valueRequired\":true,\"valueName\":\"search_term_string\"}}],\"inLanguage\":\"es\"},{\"@type\":\"Person\",\"@id\":\"https:\\\/\\\/www.vagadeempregosp.com.br\\\/#\\\/schema\\\/person\\\/15cdff8822aa2f27a8a65ee7bbfe7ce6\",\"name\":\"Michele\",\"image\":{\"@type\":\"ImageObject\",\"inLanguage\":\"es\",\"@id\":\"https:\\\/\\\/secure.gravatar.com\\\/avatar\\\/6b0eb9d22841282815e2cd856a0061c45e1761cd54b22e952d98c4746939aa85?s=96&r=g\",\"url\":\"https:\\\/\\\/secure.gravatar.com\\\/avatar\\\/6b0eb9d22841282815e2cd856a0061c45e1761cd54b22e952d98c4746939aa85?s=96&r=g\",\"contentUrl\":\"https:\\\/\\\/secure.gravatar.com\\\/avatar\\\/6b0eb9d22841282815e2cd856a0061c45e1761cd54b22e952d98c4746939aa85?s=96&r=g\",\"caption\":\"Michele\"},\"description\":\"Formada em Letras - Portugu\u00eas\\\/ Ingl\u00eas, e idealizadora do site Escritora de Sucesso, busca expandir o conhecimento de todos com informa\u00e7\u00f5es relevantes sobre diversos assuntos, enquanto redatora. No Vaga de Emprego SP, traz oportunidades e dicas sobre o mercado de trabalho.\",\"url\":\"https:\\\/\\\/www.vagadeempregosp.com.br\\\/es\\\/author\\\/michele\\\/\"}]}<\/script>\n<!-- \/ Yoast SEO plugin. -->","yoast_head_json":{"title":"PAP Vendedor Externo, Analista de Log\u00edstica, Asistente Administrativo PCD, Gestor Comercial, Asistente T\u00e9cnico y mucho m\u00e1s en Oi - Transformando vidas con tecnolog\u00eda, informaci\u00f3n y oportunidades: Explore Nuestro Viaje de Crecimiento","description":"Los empleos Oi destacan en el mercado laboral por sus ventajas.","robots":{"index":"index","follow":"follow","max-snippet":"max-snippet:-1","max-image-preview":"max-image-preview:large","max-video-preview":"max-video-preview:-1"},"canonical":"https:\/\/www.vagadeempregosp.com.br\/es\/hola-trabajos\/","og_locale":"es_ES","og_type":"article","og_title":"Vendedor Externo PAP, Analista de Log\u00edstica, Assistente Administrativo PCD, Gerente de Neg\u00f3cios, Assistente T\u00e9cnico e muito mais na Empresa Oi - Transformando Vidas com Tecnologia, Informa\u00e7\u00e3o e Oportunidades: Explore Nossa Jornada de Crescimento","og_description":"Os Empregos Oi s\u00e3o um grande destaque no mercado de trabalho, em raz\u00e3o de seus benef\u00edcios.","og_url":"https:\/\/www.vagadeempregosp.com.br\/es\/hola-trabajos\/","og_site_name":"Transformando Vidas com Tecnologia, Informa\u00e7\u00e3o e Oportunidades: Explore Nossa Jornada de Crescimento","article_published_time":"2023-08-24T03:32:00+00:00","article_modified_time":"2026-04-22T16:43:01+00:00","og_image":[{"width":980,"height":431,"url":"https:\/\/www.vagadeempregosp.com.br\/wp-content\/uploads\/2022\/10\/empregos-Oi.jpg","type":"image\/jpeg"}],"author":"Michele","twitter_card":"summary_large_image","twitter_misc":{"Escrito por":"Michele","Tiempo de lectura":"3 minutos"},"schema":{"@context":"https:\/\/schema.org","@graph":[{"@type":"Article","@id":"https:\/\/www.vagadeempregosp.com.br\/empregos-oi\/#article","isPartOf":{"@id":"https:\/\/www.vagadeempregosp.com.br\/empregos-oi\/"},"author":{"name":"Michele","@id":"https:\/\/www.vagadeempregosp.com.br\/#\/schema\/person\/15cdff8822aa2f27a8a65ee7bbfe7ce6"},"headline":"Vendedor Externo PAP, Analista de Log\u00edstica, Assistente Administrativo PCD, Gerente de Neg\u00f3cios, Assistente T\u00e9cnico e muito mais na Empresa Oi","datePublished":"2023-08-24T03:32:00+00:00","dateModified":"2026-04-22T16:43:01+00:00","mainEntityOfPage":{"@id":"https:\/\/www.vagadeempregosp.com.br\/empregos-oi\/"},"wordCount":605,"commentCount":0,"image":{"@id":"https:\/\/www.vagadeempregosp.com.br\/empregos-oi\/#primaryimage"},"thumbnailUrl":"https:\/\/www.vagadeempregosp.com.br\/wp-content\/uploads\/2022\/10\/empregos-Oi.jpg","keywords":["Oi","oportunidades","vagas de emprego"],"articleSection":["Vagas de Emprego Nacionais"],"inLanguage":"es","potentialAction":[{"@type":"CommentAction","name":"Comment","target":["https:\/\/www.vagadeempregosp.com.br\/empregos-oi\/#respond"]}]},{"@type":"WebPage","@id":"https:\/\/www.vagadeempregosp.com.br\/empregos-oi\/","url":"https:\/\/www.vagadeempregosp.com.br\/empregos-oi\/","name":"PAP Vendedor Externo, Analista de Log\u00edstica, Asistente Administrativo PCD, Gestor Comercial, Asistente T\u00e9cnico y mucho m\u00e1s en Oi - Transformando vidas con tecnolog\u00eda, informaci\u00f3n y oportunidades: Explore Nuestro Viaje de Crecimiento","isPartOf":{"@id":"https:\/\/www.vagadeempregosp.com.br\/#website"},"primaryImageOfPage":{"@id":"https:\/\/www.vagadeempregosp.com.br\/empregos-oi\/#primaryimage"},"image":{"@id":"https:\/\/www.vagadeempregosp.com.br\/empregos-oi\/#primaryimage"},"thumbnailUrl":"https:\/\/www.vagadeempregosp.com.br\/wp-content\/uploads\/2022\/10\/empregos-Oi.jpg","datePublished":"2023-08-24T03:32:00+00:00","dateModified":"2026-04-22T16:43:01+00:00","author":{"@id":"https:\/\/www.vagadeempregosp.com.br\/#\/schema\/person\/15cdff8822aa2f27a8a65ee7bbfe7ce6"},"description":"Los empleos Oi destacan en el mercado laboral por sus ventajas.","breadcrumb":{"@id":"https:\/\/www.vagadeempregosp.com.br\/empregos-oi\/#breadcrumb"},"inLanguage":"es","potentialAction":[{"@type":"ReadAction","target":["https:\/\/www.vagadeempregosp.com.br\/empregos-oi\/"]}]},{"@type":"ImageObject","inLanguage":"es","@id":"https:\/\/www.vagadeempregosp.com.br\/empregos-oi\/#primaryimage","url":"https:\/\/www.vagadeempregosp.com.br\/wp-content\/uploads\/2022\/10\/empregos-Oi.jpg","contentUrl":"https:\/\/www.vagadeempregosp.com.br\/wp-content\/uploads\/2022\/10\/empregos-Oi.jpg","width":980,"height":431,"caption":"Imagem: Exame - Reprodu\u00e7\u00e3o"},{"@type":"BreadcrumbList","@id":"https:\/\/www.vagadeempregosp.com.br\/empregos-oi\/#breadcrumb","itemListElement":[{"@type":"ListItem","position":1,"name":"In\u00edcio","item":"https:\/\/www.vagadeempregosp.com.br\/"},{"@type":"ListItem","position":2,"name":"Vagas de Emprego Nacionais","item":"https:\/\/www.vagadeempregosp.com.br\/category\/vagas-nacionais\/"},{"@type":"ListItem","position":3,"name":"Vendedor Externo PAP, Analista de Log\u00edstica, Assistente Administrativo PCD, Gerente de Neg\u00f3cios, Assistente T\u00e9cnico e muito mais na Empresa Oi"}]},{"@type":"WebSite","@id":"https:\/\/www.vagadeempregosp.com.br\/#website","url":"https:\/\/www.vagadeempregosp.com.br\/","name":"Transformar vidas con tecnolog\u00eda, informaci\u00f3n y oportunidades: Explore nuestro viaje de crecimiento","description":"Transformar vidas con tecnolog\u00eda, informaci\u00f3n y oportunidades: Explore nuestro viaje de crecimiento","potentialAction":[{"@type":"SearchAction","target":{"@type":"EntryPoint","urlTemplate":"https:\/\/www.vagadeempregosp.com.br\/?s={search_term_string}"},"query-input":{"@type":"PropertyValueSpecification","valueRequired":true,"valueName":"search_term_string"}}],"inLanguage":"es"},{"@type":"Person","@id":"https:\/\/www.vagadeempregosp.com.br\/#\/schema\/person\/15cdff8822aa2f27a8a65ee7bbfe7ce6","name":"Michele","image":{"@type":"ImageObject","inLanguage":"es","@id":"https:\/\/secure.gravatar.com\/avatar\/6b0eb9d22841282815e2cd856a0061c45e1761cd54b22e952d98c4746939aa85?s=96&r=g","url":"https:\/\/secure.gravatar.com\/avatar\/6b0eb9d22841282815e2cd856a0061c45e1761cd54b22e952d98c4746939aa85?s=96&r=g","contentUrl":"https:\/\/secure.gravatar.com\/avatar\/6b0eb9d22841282815e2cd856a0061c45e1761cd54b22e952d98c4746939aa85?s=96&r=g","caption":"Michele"},"description":"Graduada en Lenguas - Portugu\u00e9s\/Ingl\u00e9s, y creadora del sitio Escritora de Sucesso, busca ampliar el conocimiento de todos con informaciones relevantes sobre diversos temas, como escritora. En Vaga de Emprego SP, ofrece oportunidades y consejos sobre el mercado laboral.","url":"https:\/\/www.vagadeempregosp.com.br\/es\/author\/michele\/"}]}},"_links":{"self":[{"href":"https:\/\/www.vagadeempregosp.com.br\/es\/wp-json\/wp\/v2\/posts\/18677","targetHints":{"allow":["GET"]}}],"collection":[{"href":"https:\/\/www.vagadeempregosp.com.br\/es\/wp-json\/wp\/v2\/posts"}],"about":[{"href":"https:\/\/www.vagadeempregosp.com.br\/es\/wp-json\/wp\/v2\/types\/post"}],"author":[{"embeddable":true,"href":"https:\/\/www.vagadeempregosp.com.br\/es\/wp-json\/wp\/v2\/users\/11"}],"replies":[{"embeddable":true,"href":"https:\/\/www.vagadeempregosp.com.br\/es\/wp-json\/wp\/v2\/comments?post=18677"}],"version-history":[{"count":8,"href":"https:\/\/www.vagadeempregosp.com.br\/es\/wp-json\/wp\/v2\/posts\/18677\/revisions"}],"predecessor-version":[{"id":23316,"href":"https:\/\/www.vagadeempregosp.com.br\/es\/wp-json\/wp\/v2\/posts\/18677\/revisions\/23316"}],"wp:featuredmedia":[{"embeddable":true,"href":"https:\/\/www.vagadeempregosp.com.br\/es\/wp-json\/wp\/v2\/media\/18683"}],"wp:attachment":[{"href":"https:\/\/www.vagadeempregosp.com.br\/es\/wp-json\/wp\/v2\/media?parent=18677"}],"wp:term":[{"taxonomy":"category","embeddable":true,"href":"https:\/\/www.vagadeempregosp.com.br\/es\/wp-json\/wp\/v2\/categories?post=18677"},{"taxonomy":"post_tag","embeddable":true,"href":"https:\/\/www.vagadeempregosp.com.br\/es\/wp-json\/wp\/v2\/tags?post=18677"}],"curies":[{"name":"wp","href":"https:\/\/api.w.org\/{rel}","templated":true}]}}