{"id":18646,"date":"2023-08-23T00:03:00","date_gmt":"2023-08-23T03:03:00","guid":{"rendered":"https:\/\/www.vagadeempregosp.com.br\/?p=18646"},"modified":"2023-08-19T16:41:10","modified_gmt":"2023-08-19T19:41:10","slug":"empleo-en-minerva-foods","status":"publish","type":"post","link":"https:\/\/www.vagadeempregosp.com.br\/es\/empregos-minerva-foods\/","title":{"rendered":"Vendedores, jefes de expedici\u00f3n, analistas, coordinadores y m\u00e1s en Minerva Foods"},"content":{"rendered":"<p>Actualizado<\/p>\n\n\n<div class=\"wp-block-post-date\"><time datetime=\"2023-08-23T00:03:00-03:00\">23\/08\/2023<\/time><\/div>\n\n\n<p>En <strong>Trabajos en Minerva Foods<\/strong> se consideran hitos en la vida de muchos profesionales. Esto se debe a que muchos de ellos obtienen su primera oportunidad en su campo, o la posibilidad de volver al mercado laboral. Las personas cualificadas pueden ganar un salario justo y merecido para desempe\u00f1ar su trabajo en un lugar motivador y adecuado. El eslogan de Minerva Foods es \"Evolucionamos juntos\", y eso es, en efecto, lo que hace la empresa, junto con su equipo de empleados.<\/p>\n\n\n\n<figure class=\"wp-block-image size-full\"><img loading=\"lazy\" decoding=\"async\" width=\"720\" height=\"496\" src=\"https:\/\/www.vagadeempregosp.com.br\/wp-content\/uploads\/2022\/10\/empregos-minerva-foods.jpg\" alt=\"empleo en minerva foods\" class=\"wp-image-18652\" srcset=\"https:\/\/www.vagadeempregosp.com.br\/wp-content\/uploads\/2022\/10\/empregos-minerva-foods.jpg 720w, https:\/\/www.vagadeempregosp.com.br\/wp-content\/uploads\/2022\/10\/empregos-minerva-foods-300x207.jpg 300w\" sizes=\"auto, (max-width: 720px) 100vw, 720px\" \/><figcaption class=\"wp-element-caption\">Imagen: Minerva Foods - Reproducci\u00f3n<\/figcaption><\/figure>\n\n\n\n<h2 class=\"wp-block-heading\">Inf\u00f3rmese sobre las oportunidades de empleo en Minerva Foods<\/h2>\n\n\n\n<p>Minerva Foods se fund\u00f3 en 1924. Desde ese a\u00f1o, muchas cosas han cambiado, pero hay algo que sin duda ha permanecido intacto: la calidad de los productos y servicios de la empresa.&nbsp;<\/p>\n\n\n\n<p>Como una de las empresas l\u00edderes en la producci\u00f3n y comercializaci\u00f3n de carnes naturales y sus derivados, la marca es motivo de orgullo para Brasil.<\/p>\n\n\n\n<p>Minerva Foods sabe que el \u00e9xito no puede alcanzarse en solitario, por eso cuenta con un verdadero equipo de profesionales comprometidos, implicados y apasionados por lo que hacen. Es necesario seguir valores esenciales a favor del desarrollo de un negocio para alcanzar el nivel de renombre que el Grupo ha alcanzado.&nbsp;<\/p>\n\n\n\n<p>Por lo tanto, es esencial que las personas contratadas sean centradas, responsables, dedicadas y solidarias con el equipo. De este modo, formando un verdadero sindicato, se consigue el reconocimiento. Sin embargo, tambi\u00e9n es importante que los empleados cumplan otros requisitos. Por ejemplo, un analista de costes debe tener conocimientos del paquete Office y de las normas contables.<\/p>\n\n\n\n<p>La empresa puede ofrecer algunas ventajas a sus empleados, como vales de comida, consignas, vales de comida, vales de transporte, asistencia m\u00e9dica y dental y seguro de vida.<\/p>\n\n\n\n<p>Estas son algunas de las posibles vacantes que ofrece Minerva Foods:<\/p>\n\n\n\n<ul class=\"wp-block-list\">\n<li>L\u00edder naviero<\/li>\n\n\n\n<li>Ventas exteriores<\/li>\n\n\n\n<li>Analista de costes<\/li>\n\n\n\n<li>Analista de contralor\u00eda - senior<\/li>\n\n\n\n<li>Auditor interno - completo<\/li>\n\n\n\n<li>Supervisor PCP<\/li>\n\n\n\n<li>Analista de riesgos y back office - senior<\/li>\n\n\n\n<li>Analista de demanda - completo<\/li>\n\n\n\n<li>Coordinador de recursos humanos<\/li>\n\n\n\n<li>Analista de beneficios - senior<\/li>\n\n\n\n<li>Coordinador corporativo de control de calidad<\/li>\n\n\n\n<li>Ventas internas<\/li>\n\n\n\n<li>Analista de log\u00edstica -Jr<\/li>\n\n\n\n<li>Analista de log\u00edstica (Power BI) - full<\/li>\n\n\n\n<li>Supervisor medioambiental<\/li>\n\n\n\n<li>Analista comercial - Jr<\/li>\n\n\n\n<li>Analista de inteligencia comercial&nbsp;<\/li>\n\n\n\n<li>Asistente de soporte de sistemas<\/li>\n\n\n\n<li>Analista de precios - completo<\/li>\n\n\n\n<li>Asistente de soporte de sistemas<\/li>\n\n\n\n<li>Analista CSC - completo<\/li>\n\n\n\n<li>Analista de infraestructura de nube - senior<\/li>\n\n\n\n<li>Asistente fiscal&nbsp;<\/li>\n\n\n\n<li>Analista de administraci\u00f3n de ventas - completo<\/li>\n<\/ul>\n\n\n\n<h3 class=\"wp-block-heading\">C\u00f3mo solicitarlo<\/h3>\n\n\n\n<p>Los profesionales que deseen optar a una de las vacantes mencionadas, adem\u00e1s de ser aptos para el puesto, deber\u00e1n acceder al enlace facilitado por Minerva Foods para el registro de curr\u00edculos:<\/p>\n\n\n\n<ul class=\"wp-block-list\">\n<li><a href=\"https:\/\/trabalheconosco.vagas.com.br\/minerva-foods\">Minerva Foods - Trabaja con nosotros<\/a><\/li>\n<\/ul>\n\n\n\n<p><strong>V\u00e9ase tambi\u00e9n: <a href=\"https:\/\/www.vagadeempregosp.com.br\/es\/empleos-en-digio\/\">Empleo en Digio<\/a><\/strong><\/p>\n\n\n\n<h2 class=\"wp-block-heading\">M\u00e1s informaci\u00f3n sobre Minerva Foods<\/h2>\n\n\n\n<p>Presente en m\u00e1s de 100 pa\u00edses a trav\u00e9s de la exportaci\u00f3n de sus productos, la empresa es maestra en su segmento. Con f\u00e1bricas en Brasil, Argentina, Australia y Colombia, Minerva Foods es visionaria, sin descuidar la tradici\u00f3n y los resultados de su vasta experiencia.<\/p>\n\n\n\n<p>Es importante decir que la marca tambi\u00e9n explora otros nichos adem\u00e1s de la comercializaci\u00f3n de carne de vacuno fresca. Entre sus negocios figuran los mercados farmac\u00e9utico, del cuero, cosm\u00e9tico, de las energ\u00edas renovables y de los cr\u00e9ditos de carbono.&nbsp;<\/p>\n\n\n\n<p>Minerva Foods mejora y evoluciona constantemente, manteniendo siempre lo mejor de su historia.&nbsp;<\/p>","protected":false},"excerpt":{"rendered":"<p>Atualizado em Os empregos Minerva Foods s\u00e3o considerados como marcantes nas vidas de diversos profissionais. Isso porque, a partir deles, muitos conseguem a primeira oportunidade na sua \u00e1rea, ou a chance de voltar ao mercado de trabalho. Assim, pessoas qualificadas podem ganhar um sal\u00e1rio justo e merecido, para realizar suas atividades laborais em um local&hellip;&nbsp;<\/p>","protected":false},"author":11,"featured_media":18652,"comment_status":"open","ping_status":"closed","sticky":false,"template":"","format":"standard","meta":{"neve_meta_sidebar":"","neve_meta_container":"","neve_meta_enable_content_width":"","neve_meta_content_width":0,"neve_meta_title_alignment":"","neve_meta_author_avatar":"","neve_post_elements_order":"","neve_meta_disable_header":"","neve_meta_disable_footer":"","neve_meta_disable_title":"","footnotes":""},"categories":[43],"tags":[121,79,78],"class_list":["post-18646","post","type-post","status-publish","format-standard","has-post-thumbnail","hentry","category-vagas-nacionais","tag-minerva-foods","tag-oportunidades","tag-vagas-de-emprego"],"yoast_head":"<!-- This site is optimized with the Yoast SEO plugin v27.5 - https:\/\/yoast.com\/product\/yoast-seo-wordpress\/ -->\n<title>Vendedores, L\u00edder de Embarque, Analistas, Coordenadores e muito mais na Empresa Minerva Foods<\/title>\n<meta name=\"description\" content=\"Os empregos Minerva Foods s\u00e3o considerados como marcantes nas vidas de diversos profissionais. Isso porque, a partir deles, muitos conseguem a primeira oportunidade na sua \u00e1rea.\" \/>\n<meta name=\"robots\" content=\"index, follow, max-snippet:-1, max-image-preview:large, max-video-preview:-1\" \/>\n<link rel=\"canonical\" href=\"https:\/\/www.vagadeempregosp.com.br\/es\/empleo-en-minerva-foods\/\" \/>\n<meta property=\"og:locale\" content=\"es_ES\" \/>\n<meta property=\"og:type\" content=\"article\" \/>\n<meta property=\"og:title\" content=\"Vendedores, L\u00edder de Embarque, Analistas, Coordenadores e muito mais na Empresa Minerva Foods\" \/>\n<meta property=\"og:description\" content=\"Os empregos Minerva Foods s\u00e3o considerados como marcantes nas vidas de diversos profissionais. Isso porque, a partir deles, muitos conseguem a primeira oportunidade na sua \u00e1rea.\" \/>\n<meta property=\"og:url\" content=\"https:\/\/www.vagadeempregosp.com.br\/es\/empleo-en-minerva-foods\/\" \/>\n<meta property=\"og:site_name\" content=\"Transformando Vidas com Tecnologia, Informa\u00e7\u00e3o e Oportunidades: Explore Nossa Jornada de Crescimento\" \/>\n<meta property=\"article:published_time\" content=\"2023-08-23T03:03:00+00:00\" \/>\n<meta property=\"og:image\" content=\"https:\/\/www.vagadeempregosp.com.br\/wp-content\/uploads\/2022\/10\/empregos-minerva-foods.jpg\" \/>\n\t<meta property=\"og:image:width\" content=\"720\" \/>\n\t<meta property=\"og:image:height\" content=\"496\" \/>\n\t<meta property=\"og:image:type\" content=\"image\/jpeg\" \/>\n<meta name=\"author\" content=\"Michele\" \/>\n<meta name=\"twitter:card\" content=\"summary_large_image\" \/>\n<meta name=\"twitter:label1\" content=\"Escrito por\" \/>\n\t<meta name=\"twitter:data1\" content=\"Michele\" \/>\n\t<meta name=\"twitter:label2\" content=\"Tiempo de lectura\" \/>\n\t<meta name=\"twitter:data2\" content=\"3 minutos\" \/>\n<script type=\"application\/ld+json\" class=\"yoast-schema-graph\">{\"@context\":\"https:\\\/\\\/schema.org\",\"@graph\":[{\"@type\":\"Article\",\"@id\":\"https:\\\/\\\/www.vagadeempregosp.com.br\\\/empregos-minerva-foods\\\/#article\",\"isPartOf\":{\"@id\":\"https:\\\/\\\/www.vagadeempregosp.com.br\\\/empregos-minerva-foods\\\/\"},\"author\":{\"name\":\"Michele\",\"@id\":\"https:\\\/\\\/www.vagadeempregosp.com.br\\\/#\\\/schema\\\/person\\\/15cdff8822aa2f27a8a65ee7bbfe7ce6\"},\"headline\":\"Vendedores, L\u00edder de Embarque, Analistas, Coordenadores e muito mais na Empresa Minerva Foods\",\"datePublished\":\"2023-08-23T03:03:00+00:00\",\"mainEntityOfPage\":{\"@id\":\"https:\\\/\\\/www.vagadeempregosp.com.br\\\/empregos-minerva-foods\\\/\"},\"wordCount\":607,\"commentCount\":0,\"image\":{\"@id\":\"https:\\\/\\\/www.vagadeempregosp.com.br\\\/empregos-minerva-foods\\\/#primaryimage\"},\"thumbnailUrl\":\"https:\\\/\\\/www.vagadeempregosp.com.br\\\/wp-content\\\/uploads\\\/2022\\\/10\\\/empregos-minerva-foods.jpg\",\"keywords\":[\"Minerva Foods\",\"oportunidades\",\"vagas de emprego\"],\"articleSection\":[\"Vagas de Emprego Nacionais\"],\"inLanguage\":\"es\",\"potentialAction\":[{\"@type\":\"CommentAction\",\"name\":\"Comment\",\"target\":[\"https:\\\/\\\/www.vagadeempregosp.com.br\\\/empregos-minerva-foods\\\/#respond\"]}]},{\"@type\":\"WebPage\",\"@id\":\"https:\\\/\\\/www.vagadeempregosp.com.br\\\/empregos-minerva-foods\\\/\",\"url\":\"https:\\\/\\\/www.vagadeempregosp.com.br\\\/empregos-minerva-foods\\\/\",\"name\":\"Vendedores, L\u00edder de Embarque, Analistas, Coordenadores e muito mais na Empresa Minerva Foods\",\"isPartOf\":{\"@id\":\"https:\\\/\\\/www.vagadeempregosp.com.br\\\/#website\"},\"primaryImageOfPage\":{\"@id\":\"https:\\\/\\\/www.vagadeempregosp.com.br\\\/empregos-minerva-foods\\\/#primaryimage\"},\"image\":{\"@id\":\"https:\\\/\\\/www.vagadeempregosp.com.br\\\/empregos-minerva-foods\\\/#primaryimage\"},\"thumbnailUrl\":\"https:\\\/\\\/www.vagadeempregosp.com.br\\\/wp-content\\\/uploads\\\/2022\\\/10\\\/empregos-minerva-foods.jpg\",\"datePublished\":\"2023-08-23T03:03:00+00:00\",\"author\":{\"@id\":\"https:\\\/\\\/www.vagadeempregosp.com.br\\\/#\\\/schema\\\/person\\\/15cdff8822aa2f27a8a65ee7bbfe7ce6\"},\"description\":\"Os empregos Minerva Foods s\u00e3o considerados como marcantes nas vidas de diversos profissionais. Isso porque, a partir deles, muitos conseguem a primeira oportunidade na sua \u00e1rea.\",\"breadcrumb\":{\"@id\":\"https:\\\/\\\/www.vagadeempregosp.com.br\\\/empregos-minerva-foods\\\/#breadcrumb\"},\"inLanguage\":\"es\",\"potentialAction\":[{\"@type\":\"ReadAction\",\"target\":[\"https:\\\/\\\/www.vagadeempregosp.com.br\\\/empregos-minerva-foods\\\/\"]}]},{\"@type\":\"ImageObject\",\"inLanguage\":\"es\",\"@id\":\"https:\\\/\\\/www.vagadeempregosp.com.br\\\/empregos-minerva-foods\\\/#primaryimage\",\"url\":\"https:\\\/\\\/www.vagadeempregosp.com.br\\\/wp-content\\\/uploads\\\/2022\\\/10\\\/empregos-minerva-foods.jpg\",\"contentUrl\":\"https:\\\/\\\/www.vagadeempregosp.com.br\\\/wp-content\\\/uploads\\\/2022\\\/10\\\/empregos-minerva-foods.jpg\",\"width\":720,\"height\":496,\"caption\":\"Imagem: Minerva Foods - Reprodu\u00e7\u00e3o\"},{\"@type\":\"BreadcrumbList\",\"@id\":\"https:\\\/\\\/www.vagadeempregosp.com.br\\\/empregos-minerva-foods\\\/#breadcrumb\",\"itemListElement\":[{\"@type\":\"ListItem\",\"position\":1,\"name\":\"In\u00edcio\",\"item\":\"https:\\\/\\\/www.vagadeempregosp.com.br\\\/\"},{\"@type\":\"ListItem\",\"position\":2,\"name\":\"Vagas de Emprego Nacionais\",\"item\":\"https:\\\/\\\/www.vagadeempregosp.com.br\\\/category\\\/vagas-nacionais\\\/\"},{\"@type\":\"ListItem\",\"position\":3,\"name\":\"Vendedores, L\u00edder de Embarque, Analistas, Coordenadores e muito mais na Empresa Minerva Foods\"}]},{\"@type\":\"WebSite\",\"@id\":\"https:\\\/\\\/www.vagadeempregosp.com.br\\\/#website\",\"url\":\"https:\\\/\\\/www.vagadeempregosp.com.br\\\/\",\"name\":\"Transformando Vidas com Tecnologia, Informa\u00e7\u00e3o e Oportunidades: Explore Nossa Jornada de Crescimento\",\"description\":\"Transformando Vidas com Tecnologia, Informa\u00e7\u00e3o e Oportunidades: Explore Nossa Jornada de Crescimento\",\"potentialAction\":[{\"@type\":\"SearchAction\",\"target\":{\"@type\":\"EntryPoint\",\"urlTemplate\":\"https:\\\/\\\/www.vagadeempregosp.com.br\\\/?s={search_term_string}\"},\"query-input\":{\"@type\":\"PropertyValueSpecification\",\"valueRequired\":true,\"valueName\":\"search_term_string\"}}],\"inLanguage\":\"es\"},{\"@type\":\"Person\",\"@id\":\"https:\\\/\\\/www.vagadeempregosp.com.br\\\/#\\\/schema\\\/person\\\/15cdff8822aa2f27a8a65ee7bbfe7ce6\",\"name\":\"Michele\",\"image\":{\"@type\":\"ImageObject\",\"inLanguage\":\"es\",\"@id\":\"https:\\\/\\\/secure.gravatar.com\\\/avatar\\\/6b0eb9d22841282815e2cd856a0061c45e1761cd54b22e952d98c4746939aa85?s=96&r=g\",\"url\":\"https:\\\/\\\/secure.gravatar.com\\\/avatar\\\/6b0eb9d22841282815e2cd856a0061c45e1761cd54b22e952d98c4746939aa85?s=96&r=g\",\"contentUrl\":\"https:\\\/\\\/secure.gravatar.com\\\/avatar\\\/6b0eb9d22841282815e2cd856a0061c45e1761cd54b22e952d98c4746939aa85?s=96&r=g\",\"caption\":\"Michele\"},\"description\":\"Formada em Letras - Portugu\u00eas\\\/ Ingl\u00eas, e idealizadora do site Escritora de Sucesso, busca expandir o conhecimento de todos com informa\u00e7\u00f5es relevantes sobre diversos assuntos, enquanto redatora. No Vaga de Emprego SP, traz oportunidades e dicas sobre o mercado de trabalho.\",\"url\":\"https:\\\/\\\/www.vagadeempregosp.com.br\\\/es\\\/author\\\/michele\\\/\"}]}<\/script>\n<!-- \/ Yoast SEO plugin. -->","yoast_head_json":{"title":"Vendedores, jefes de expedici\u00f3n, analistas, coordinadores y m\u00e1s en Minerva Foods","description":"Los puestos de trabajo de Minerva Foods se consideran importantes en la vida de muchos profesionales. Eso se debe a que dan a muchas personas su primera oportunidad en su campo.","robots":{"index":"index","follow":"follow","max-snippet":"max-snippet:-1","max-image-preview":"max-image-preview:large","max-video-preview":"max-video-preview:-1"},"canonical":"https:\/\/www.vagadeempregosp.com.br\/es\/empleo-en-minerva-foods\/","og_locale":"es_ES","og_type":"article","og_title":"Vendedores, L\u00edder de Embarque, Analistas, Coordenadores e muito mais na Empresa Minerva Foods","og_description":"Os empregos Minerva Foods s\u00e3o considerados como marcantes nas vidas de diversos profissionais. Isso porque, a partir deles, muitos conseguem a primeira oportunidade na sua \u00e1rea.","og_url":"https:\/\/www.vagadeempregosp.com.br\/es\/empleo-en-minerva-foods\/","og_site_name":"Transformando Vidas com Tecnologia, Informa\u00e7\u00e3o e Oportunidades: Explore Nossa Jornada de Crescimento","article_published_time":"2023-08-23T03:03:00+00:00","og_image":[{"width":720,"height":496,"url":"https:\/\/www.vagadeempregosp.com.br\/wp-content\/uploads\/2022\/10\/empregos-minerva-foods.jpg","type":"image\/jpeg"}],"author":"Michele","twitter_card":"summary_large_image","twitter_misc":{"Escrito por":"Michele","Tiempo de lectura":"3 minutos"},"schema":{"@context":"https:\/\/schema.org","@graph":[{"@type":"Article","@id":"https:\/\/www.vagadeempregosp.com.br\/empregos-minerva-foods\/#article","isPartOf":{"@id":"https:\/\/www.vagadeempregosp.com.br\/empregos-minerva-foods\/"},"author":{"name":"Michele","@id":"https:\/\/www.vagadeempregosp.com.br\/#\/schema\/person\/15cdff8822aa2f27a8a65ee7bbfe7ce6"},"headline":"Vendedores, L\u00edder de Embarque, Analistas, Coordenadores e muito mais na Empresa Minerva Foods","datePublished":"2023-08-23T03:03:00+00:00","mainEntityOfPage":{"@id":"https:\/\/www.vagadeempregosp.com.br\/empregos-minerva-foods\/"},"wordCount":607,"commentCount":0,"image":{"@id":"https:\/\/www.vagadeempregosp.com.br\/empregos-minerva-foods\/#primaryimage"},"thumbnailUrl":"https:\/\/www.vagadeempregosp.com.br\/wp-content\/uploads\/2022\/10\/empregos-minerva-foods.jpg","keywords":["Minerva Foods","oportunidades","vagas de emprego"],"articleSection":["Vagas de Emprego Nacionais"],"inLanguage":"es","potentialAction":[{"@type":"CommentAction","name":"Comment","target":["https:\/\/www.vagadeempregosp.com.br\/empregos-minerva-foods\/#respond"]}]},{"@type":"WebPage","@id":"https:\/\/www.vagadeempregosp.com.br\/empregos-minerva-foods\/","url":"https:\/\/www.vagadeempregosp.com.br\/empregos-minerva-foods\/","name":"Vendedores, jefes de expedici\u00f3n, analistas, coordinadores y m\u00e1s en Minerva Foods","isPartOf":{"@id":"https:\/\/www.vagadeempregosp.com.br\/#website"},"primaryImageOfPage":{"@id":"https:\/\/www.vagadeempregosp.com.br\/empregos-minerva-foods\/#primaryimage"},"image":{"@id":"https:\/\/www.vagadeempregosp.com.br\/empregos-minerva-foods\/#primaryimage"},"thumbnailUrl":"https:\/\/www.vagadeempregosp.com.br\/wp-content\/uploads\/2022\/10\/empregos-minerva-foods.jpg","datePublished":"2023-08-23T03:03:00+00:00","author":{"@id":"https:\/\/www.vagadeempregosp.com.br\/#\/schema\/person\/15cdff8822aa2f27a8a65ee7bbfe7ce6"},"description":"Los puestos de trabajo de Minerva Foods se consideran importantes en la vida de muchos profesionales. Eso se debe a que dan a muchas personas su primera oportunidad en su campo.","breadcrumb":{"@id":"https:\/\/www.vagadeempregosp.com.br\/empregos-minerva-foods\/#breadcrumb"},"inLanguage":"es","potentialAction":[{"@type":"ReadAction","target":["https:\/\/www.vagadeempregosp.com.br\/empregos-minerva-foods\/"]}]},{"@type":"ImageObject","inLanguage":"es","@id":"https:\/\/www.vagadeempregosp.com.br\/empregos-minerva-foods\/#primaryimage","url":"https:\/\/www.vagadeempregosp.com.br\/wp-content\/uploads\/2022\/10\/empregos-minerva-foods.jpg","contentUrl":"https:\/\/www.vagadeempregosp.com.br\/wp-content\/uploads\/2022\/10\/empregos-minerva-foods.jpg","width":720,"height":496,"caption":"Imagem: Minerva Foods - Reprodu\u00e7\u00e3o"},{"@type":"BreadcrumbList","@id":"https:\/\/www.vagadeempregosp.com.br\/empregos-minerva-foods\/#breadcrumb","itemListElement":[{"@type":"ListItem","position":1,"name":"In\u00edcio","item":"https:\/\/www.vagadeempregosp.com.br\/"},{"@type":"ListItem","position":2,"name":"Vagas de Emprego Nacionais","item":"https:\/\/www.vagadeempregosp.com.br\/category\/vagas-nacionais\/"},{"@type":"ListItem","position":3,"name":"Vendedores, L\u00edder de Embarque, Analistas, Coordenadores e muito mais na Empresa Minerva Foods"}]},{"@type":"WebSite","@id":"https:\/\/www.vagadeempregosp.com.br\/#website","url":"https:\/\/www.vagadeempregosp.com.br\/","name":"Transformar vidas con tecnolog\u00eda, informaci\u00f3n y oportunidades: Explore nuestro viaje de crecimiento","description":"Transformar vidas con tecnolog\u00eda, informaci\u00f3n y oportunidades: Explore nuestro viaje de crecimiento","potentialAction":[{"@type":"SearchAction","target":{"@type":"EntryPoint","urlTemplate":"https:\/\/www.vagadeempregosp.com.br\/?s={search_term_string}"},"query-input":{"@type":"PropertyValueSpecification","valueRequired":true,"valueName":"search_term_string"}}],"inLanguage":"es"},{"@type":"Person","@id":"https:\/\/www.vagadeempregosp.com.br\/#\/schema\/person\/15cdff8822aa2f27a8a65ee7bbfe7ce6","name":"Michele","image":{"@type":"ImageObject","inLanguage":"es","@id":"https:\/\/secure.gravatar.com\/avatar\/6b0eb9d22841282815e2cd856a0061c45e1761cd54b22e952d98c4746939aa85?s=96&r=g","url":"https:\/\/secure.gravatar.com\/avatar\/6b0eb9d22841282815e2cd856a0061c45e1761cd54b22e952d98c4746939aa85?s=96&r=g","contentUrl":"https:\/\/secure.gravatar.com\/avatar\/6b0eb9d22841282815e2cd856a0061c45e1761cd54b22e952d98c4746939aa85?s=96&r=g","caption":"Michele"},"description":"Graduada en Lenguas - Portugu\u00e9s\/Ingl\u00e9s, y creadora del sitio Escritora de Sucesso, busca ampliar el conocimiento de todos con informaciones relevantes sobre diversos temas, como escritora. En Vaga de Emprego SP, ofrece oportunidades y consejos sobre el mercado laboral.","url":"https:\/\/www.vagadeempregosp.com.br\/es\/author\/michele\/"}]}},"_links":{"self":[{"href":"https:\/\/www.vagadeempregosp.com.br\/es\/wp-json\/wp\/v2\/posts\/18646","targetHints":{"allow":["GET"]}}],"collection":[{"href":"https:\/\/www.vagadeempregosp.com.br\/es\/wp-json\/wp\/v2\/posts"}],"about":[{"href":"https:\/\/www.vagadeempregosp.com.br\/es\/wp-json\/wp\/v2\/types\/post"}],"author":[{"embeddable":true,"href":"https:\/\/www.vagadeempregosp.com.br\/es\/wp-json\/wp\/v2\/users\/11"}],"replies":[{"embeddable":true,"href":"https:\/\/www.vagadeempregosp.com.br\/es\/wp-json\/wp\/v2\/comments?post=18646"}],"version-history":[{"count":5,"href":"https:\/\/www.vagadeempregosp.com.br\/es\/wp-json\/wp\/v2\/posts\/18646\/revisions"}],"predecessor-version":[{"id":20852,"href":"https:\/\/www.vagadeempregosp.com.br\/es\/wp-json\/wp\/v2\/posts\/18646\/revisions\/20852"}],"wp:featuredmedia":[{"embeddable":true,"href":"https:\/\/www.vagadeempregosp.com.br\/es\/wp-json\/wp\/v2\/media\/18652"}],"wp:attachment":[{"href":"https:\/\/www.vagadeempregosp.com.br\/es\/wp-json\/wp\/v2\/media?parent=18646"}],"wp:term":[{"taxonomy":"category","embeddable":true,"href":"https:\/\/www.vagadeempregosp.com.br\/es\/wp-json\/wp\/v2\/categories?post=18646"},{"taxonomy":"post_tag","embeddable":true,"href":"https:\/\/www.vagadeempregosp.com.br\/es\/wp-json\/wp\/v2\/tags?post=18646"}],"curies":[{"name":"wp","href":"https:\/\/api.w.org\/{rel}","templated":true}]}}