{"id":18516,"date":"2023-08-16T01:03:00","date_gmt":"2023-08-16T04:03:00","guid":{"rendered":"https:\/\/www.vagadeempregosp.com.br\/?p=18516"},"modified":"2023-08-12T15:37:21","modified_gmt":"2023-08-12T18:37:21","slug":"mag-jobs","status":"publish","type":"post","link":"https:\/\/www.vagadeempregosp.com.br\/es\/empregos-mag\/","title":{"rendered":"Asistente de ventas, ejecutivo de cuentas de ventas, asistente de oficina, gerente y m\u00e1s en MAG Company"},"content":{"rendered":"<p>Actualizado<\/p>\n\n\n<div class=\"wp-block-post-date\"><time datetime=\"2023-08-16T01:03:00-03:00\">16\/08\/2023<\/time><\/div>\n\n\n<p>He aqu\u00ed cu\u00e1les son <strong>MAG Empleo <\/strong>disponibles. Venga a formar parte de esta empresa que, desde hace m\u00e1s de 100 a\u00f1os, se dedica a ofrecer soluciones financieras personalizadas para todos los brasile\u00f1os en diferentes momentos de su vida. Para ello, cuenta con la dedicaci\u00f3n de m\u00e1s de 1.500 empleados en todo el pa\u00eds que visten las camisetas de este equipo, convirti\u00e9ndola en una de las mejores empresas para trabajar en Brasil.<\/p>\n\n\n\n<figure class=\"wp-block-image size-large\"><img loading=\"lazy\" decoding=\"async\" width=\"1024\" height=\"576\" src=\"https:\/\/www.vagadeempregosp.com.br\/wp-content\/uploads\/2022\/10\/Empregos-MAG-1024x576.jpg\" alt=\"Trabajo Arezzo\" class=\"wp-image-18525\" srcset=\"https:\/\/www.vagadeempregosp.com.br\/wp-content\/uploads\/2022\/10\/Empregos-MAG-1024x576.jpg 1024w, https:\/\/www.vagadeempregosp.com.br\/wp-content\/uploads\/2022\/10\/Empregos-MAG-300x169.jpg 300w, https:\/\/www.vagadeempregosp.com.br\/wp-content\/uploads\/2022\/10\/Empregos-MAG-768x432.jpg 768w, https:\/\/www.vagadeempregosp.com.br\/wp-content\/uploads\/2022\/10\/Empregos-MAG-383x215.jpg 383w, https:\/\/www.vagadeempregosp.com.br\/wp-content\/uploads\/2022\/10\/Empregos-MAG.jpg 1280w\" sizes=\"auto, (max-width: 1024px) 100vw, 1024px\" \/><figcaption class=\"wp-element-caption\">Imagen: MAG Seguros - Reproducci\u00f3n<\/figcaption><\/figure>\n\n\n\n<h2 class=\"wp-block-heading\">Ver todas las ofertas de empleo de MAG<\/h2>\n\n\n\n<p>La empresa ofrece una serie de prestaciones, como permisos de paternidad y maternidad ampliados, bonos de transporte, una universidad corporativa, vales de comida, un d\u00eda libre en el mes de tu cumplea\u00f1os, vales de comida, atenci\u00f3n nutricional, un plan de salud, asistencia jur\u00eddica, un plan dental, asistencia financiera y psicol\u00f3gica, guarder\u00eda, Gympass, planes de pensiones privados, seguro de vida, asistencia funeraria y mucho m\u00e1s.<\/p>\n\n\n\n<p>Todas las vacantes son permanentes, abiertas a personas con discapacidad y para diversas regiones del pa\u00eds. Sin embargo, para todas ellas es necesario tener experiencia demostrada en el \u00e1rea en su CV. Consulte a continuaci\u00f3n los puestos ofertados y descubra c\u00f3mo presentar su candidatura:<\/p>\n\n\n\n<ul class=\"wp-block-list\">\n<li>Director Comercial;<\/li>\n\n\n\n<li>Asistente de oficina;<\/li>\n\n\n\n<li>Ejecutivo de cuentas;<\/li>\n\n\n\n<li>Agente comercial.<\/li>\n<\/ul>\n\n\n\n<h3 class=\"wp-block-heading\">C\u00f3mo solicitarlo<\/h3>\n\n\n\n<p>Para enviar su CV para cualquiera de los puestos mencionados, debe acceder a la p\u00e1gina web donde se lleva a cabo el proceso de reclutamiento y selecci\u00f3n. El enlace es el siguiente:<\/p>\n\n\n\n<ul class=\"wp-block-list\">\n<li><a href=\"https:\/\/timecomercial-mag.gupy.io\/eyJzb3VyY2UiOiJndXB5X3BvcnRhbCJ9\">Equipo comercial de MAG Gupy<\/a>.<\/li>\n<\/ul>\n\n\n\n<p>El segundo paso consiste en analizar detenidamente todos los criterios y funciones de la vacante antes de presentar la solicitud para asegurarse de que es realmente compatible con su perfil profesional.<\/p>\n\n\n\n<p><strong>V\u00e9ase tambi\u00e9n: <a href=\"https:\/\/vagadeempregosp.com\/empregos-localiza\/\">Localiza Empleo<\/a><\/strong><\/p>\n\n\n\n<h2 class=\"wp-block-heading\">Sobre MAG<\/h2>\n\n\n\n<p>Si quieres trabajar con un prop\u00f3sito y hacer crecer tu carrera sin descuidar tu salud y bienestar, MAG es tu lugar. La innovaci\u00f3n y el cuidado de los dem\u00e1s est\u00e1n en el ADN de esta empresa. Seg\u00fan Great Place to Work, est\u00e1 en la lista de Mejores Empresas para Trabajar desde 2016, \u00a1por ser una empresa PLURAL!<\/p>\n\n\n\n<p>La diversidad y la inclusi\u00f3n siempre han estado en la agenda de MAG. Est\u00e1n orgullosos de ser una empresa formada por m\u00e1s de 80% empleados que pertenecen al menos a un grupo minoritario. Tambi\u00e9n cuentan con Plural, un programa formal y estructurado para promover la diversidad y la inclusi\u00f3n. Buscan personas que compartan sus valores: presencia, propiedad, relaciones duraderas y un historial de transformaci\u00f3n.<\/p>\n\n\n\n<p>En el MAG, el objetivo irrenunciable es ofrecer soluciones financieras en diferentes momentos de la vida de todos los brasile\u00f1os. En los \u00faltimos tres a\u00f1os, han pagado m\u00e1s de 1.000 millones de reales en prestaciones a miles de familias. Estas cifras les convierten en una referencia para los mercados de vida y pensiones, con casi 200 a\u00f1os de funcionamiento ininterrumpido en Brasil.<\/p>\n\n\n\n<p>Tambi\u00e9n forman parte del Grupo Aegon, uno de los mayores grupos de seguros de vida y pensiones del mundo. En Brasil, su fuerza es igualmente impresionante: aseguran a m\u00e1s de 5,8 millones de personas, con un crecimiento medio anual de 16% en la \u00faltima d\u00e9cada. As\u00ed que no pierda la oportunidad de unirse al equipo de empleados de esta empresa que crece cada d\u00eda m\u00e1s.<\/p>","protected":false},"excerpt":{"rendered":"<p>Atualizado em Veja a seguir quais s\u00e3o os Empregos MAG dispon\u00edveis. Venha fazer parte desta empresa que h\u00e1 mais de 100 anos, se dedica a fornecer solu\u00e7\u00f5es financeiras personalizadas para todos os brasileiros em diferentes momentos de suas vidas. Para isso, ela conta com a dedica\u00e7\u00e3o dos mais de 1.500 colaboradores em todo o pa\u00eds&hellip;&nbsp;<\/p>","protected":false},"author":11,"featured_media":18525,"comment_status":"open","ping_status":"closed","sticky":false,"template":"","format":"standard","meta":{"neve_meta_sidebar":"","neve_meta_container":"","neve_meta_enable_content_width":"","neve_meta_content_width":0,"neve_meta_title_alignment":"","neve_meta_author_avatar":"","neve_post_elements_order":"","neve_meta_disable_header":"","neve_meta_disable_footer":"","neve_meta_disable_title":"","footnotes":""},"categories":[43],"tags":[101,79,78],"class_list":["post-18516","post","type-post","status-publish","format-standard","has-post-thumbnail","hentry","category-vagas-nacionais","tag-mag-seguros","tag-oportunidades","tag-vagas-de-emprego"],"yoast_head":"<!-- This site is optimized with the Yoast SEO plugin v27.5 - https:\/\/yoast.com\/product\/yoast-seo-wordpress\/ -->\n<title>Assistente Comercial, Vendas Executivo de Contas, Auxiliar de Escrit\u00f3rio, Gerente e muito mais na Empresa MAG<\/title>\n<meta name=\"description\" content=\"Veja a seguir quais s\u00e3o os Empregos MAG dispon\u00edveis. Venha fazer parte desta empresa que h\u00e1 mais de 100 anos.\" \/>\n<meta name=\"robots\" content=\"index, follow, max-snippet:-1, max-image-preview:large, max-video-preview:-1\" \/>\n<link rel=\"canonical\" href=\"https:\/\/www.vagadeempregosp.com.br\/es\/mag-jobs\/\" \/>\n<meta property=\"og:locale\" content=\"es_ES\" \/>\n<meta property=\"og:type\" content=\"article\" \/>\n<meta property=\"og:title\" content=\"Assistente Comercial, Vendas Executivo de Contas, Auxiliar de Escrit\u00f3rio, Gerente e muito mais na Empresa MAG\" \/>\n<meta property=\"og:description\" content=\"Veja a seguir quais s\u00e3o os Empregos MAG dispon\u00edveis. Venha fazer parte desta empresa que h\u00e1 mais de 100 anos.\" \/>\n<meta property=\"og:url\" content=\"https:\/\/www.vagadeempregosp.com.br\/es\/mag-jobs\/\" \/>\n<meta property=\"og:site_name\" content=\"Transformando Vidas com Tecnologia, Informa\u00e7\u00e3o e Oportunidades: Explore Nossa Jornada de Crescimento\" \/>\n<meta property=\"article:published_time\" content=\"2023-08-16T04:03:00+00:00\" \/>\n<meta property=\"og:image\" content=\"https:\/\/www.vagadeempregosp.com.br\/wp-content\/uploads\/2022\/10\/Empregos-MAG.jpg\" \/>\n\t<meta property=\"og:image:width\" content=\"1280\" \/>\n\t<meta property=\"og:image:height\" content=\"720\" \/>\n\t<meta property=\"og:image:type\" content=\"image\/jpeg\" \/>\n<meta name=\"author\" content=\"Michele\" \/>\n<meta name=\"twitter:card\" content=\"summary_large_image\" \/>\n<meta name=\"twitter:label1\" content=\"Escrito por\" \/>\n\t<meta name=\"twitter:data1\" content=\"Michele\" \/>\n\t<meta name=\"twitter:label2\" content=\"Tiempo de lectura\" \/>\n\t<meta name=\"twitter:data2\" content=\"3 minutos\" \/>\n<script type=\"application\/ld+json\" class=\"yoast-schema-graph\">{\"@context\":\"https:\\\/\\\/schema.org\",\"@graph\":[{\"@type\":\"Article\",\"@id\":\"https:\\\/\\\/www.vagadeempregosp.com.br\\\/empregos-mag\\\/#article\",\"isPartOf\":{\"@id\":\"https:\\\/\\\/www.vagadeempregosp.com.br\\\/empregos-mag\\\/\"},\"author\":{\"name\":\"Michele\",\"@id\":\"https:\\\/\\\/www.vagadeempregosp.com.br\\\/#\\\/schema\\\/person\\\/15cdff8822aa2f27a8a65ee7bbfe7ce6\"},\"headline\":\"Assistente Comercial, Vendas Executivo de Contas, Auxiliar de Escrit\u00f3rio, Gerente e muito mais na Empresa MAG\",\"datePublished\":\"2023-08-16T04:03:00+00:00\",\"mainEntityOfPage\":{\"@id\":\"https:\\\/\\\/www.vagadeempregosp.com.br\\\/empregos-mag\\\/\"},\"wordCount\":581,\"commentCount\":0,\"image\":{\"@id\":\"https:\\\/\\\/www.vagadeempregosp.com.br\\\/empregos-mag\\\/#primaryimage\"},\"thumbnailUrl\":\"https:\\\/\\\/www.vagadeempregosp.com.br\\\/wp-content\\\/uploads\\\/2022\\\/10\\\/Empregos-MAG.jpg\",\"keywords\":[\"MAG Seguros\",\"oportunidades\",\"vagas de emprego\"],\"articleSection\":[\"Vagas de Emprego Nacionais\"],\"inLanguage\":\"es\",\"potentialAction\":[{\"@type\":\"CommentAction\",\"name\":\"Comment\",\"target\":[\"https:\\\/\\\/www.vagadeempregosp.com.br\\\/empregos-mag\\\/#respond\"]}]},{\"@type\":\"WebPage\",\"@id\":\"https:\\\/\\\/www.vagadeempregosp.com.br\\\/empregos-mag\\\/\",\"url\":\"https:\\\/\\\/www.vagadeempregosp.com.br\\\/empregos-mag\\\/\",\"name\":\"Assistente Comercial, Vendas Executivo de Contas, Auxiliar de Escrit\u00f3rio, Gerente e muito mais na Empresa MAG\",\"isPartOf\":{\"@id\":\"https:\\\/\\\/www.vagadeempregosp.com.br\\\/#website\"},\"primaryImageOfPage\":{\"@id\":\"https:\\\/\\\/www.vagadeempregosp.com.br\\\/empregos-mag\\\/#primaryimage\"},\"image\":{\"@id\":\"https:\\\/\\\/www.vagadeempregosp.com.br\\\/empregos-mag\\\/#primaryimage\"},\"thumbnailUrl\":\"https:\\\/\\\/www.vagadeempregosp.com.br\\\/wp-content\\\/uploads\\\/2022\\\/10\\\/Empregos-MAG.jpg\",\"datePublished\":\"2023-08-16T04:03:00+00:00\",\"author\":{\"@id\":\"https:\\\/\\\/www.vagadeempregosp.com.br\\\/#\\\/schema\\\/person\\\/15cdff8822aa2f27a8a65ee7bbfe7ce6\"},\"description\":\"Veja a seguir quais s\u00e3o os Empregos MAG dispon\u00edveis. Venha fazer parte desta empresa que h\u00e1 mais de 100 anos.\",\"breadcrumb\":{\"@id\":\"https:\\\/\\\/www.vagadeempregosp.com.br\\\/empregos-mag\\\/#breadcrumb\"},\"inLanguage\":\"es\",\"potentialAction\":[{\"@type\":\"ReadAction\",\"target\":[\"https:\\\/\\\/www.vagadeempregosp.com.br\\\/empregos-mag\\\/\"]}]},{\"@type\":\"ImageObject\",\"inLanguage\":\"es\",\"@id\":\"https:\\\/\\\/www.vagadeempregosp.com.br\\\/empregos-mag\\\/#primaryimage\",\"url\":\"https:\\\/\\\/www.vagadeempregosp.com.br\\\/wp-content\\\/uploads\\\/2022\\\/10\\\/Empregos-MAG.jpg\",\"contentUrl\":\"https:\\\/\\\/www.vagadeempregosp.com.br\\\/wp-content\\\/uploads\\\/2022\\\/10\\\/Empregos-MAG.jpg\",\"width\":1280,\"height\":720,\"caption\":\"Imagem: MAG Seguros - Reprodu\u00e7\u00e3o\"},{\"@type\":\"BreadcrumbList\",\"@id\":\"https:\\\/\\\/www.vagadeempregosp.com.br\\\/empregos-mag\\\/#breadcrumb\",\"itemListElement\":[{\"@type\":\"ListItem\",\"position\":1,\"name\":\"In\u00edcio\",\"item\":\"https:\\\/\\\/www.vagadeempregosp.com.br\\\/\"},{\"@type\":\"ListItem\",\"position\":2,\"name\":\"Vagas de Emprego Nacionais\",\"item\":\"https:\\\/\\\/www.vagadeempregosp.com.br\\\/category\\\/vagas-nacionais\\\/\"},{\"@type\":\"ListItem\",\"position\":3,\"name\":\"Assistente Comercial, Vendas Executivo de Contas, Auxiliar de Escrit\u00f3rio, Gerente e muito mais na Empresa MAG\"}]},{\"@type\":\"WebSite\",\"@id\":\"https:\\\/\\\/www.vagadeempregosp.com.br\\\/#website\",\"url\":\"https:\\\/\\\/www.vagadeempregosp.com.br\\\/\",\"name\":\"Transformando Vidas com Tecnologia, Informa\u00e7\u00e3o e Oportunidades: Explore Nossa Jornada de Crescimento\",\"description\":\"Transformando Vidas com Tecnologia, Informa\u00e7\u00e3o e Oportunidades: Explore Nossa Jornada de Crescimento\",\"potentialAction\":[{\"@type\":\"SearchAction\",\"target\":{\"@type\":\"EntryPoint\",\"urlTemplate\":\"https:\\\/\\\/www.vagadeempregosp.com.br\\\/?s={search_term_string}\"},\"query-input\":{\"@type\":\"PropertyValueSpecification\",\"valueRequired\":true,\"valueName\":\"search_term_string\"}}],\"inLanguage\":\"es\"},{\"@type\":\"Person\",\"@id\":\"https:\\\/\\\/www.vagadeempregosp.com.br\\\/#\\\/schema\\\/person\\\/15cdff8822aa2f27a8a65ee7bbfe7ce6\",\"name\":\"Michele\",\"image\":{\"@type\":\"ImageObject\",\"inLanguage\":\"es\",\"@id\":\"https:\\\/\\\/secure.gravatar.com\\\/avatar\\\/6b0eb9d22841282815e2cd856a0061c45e1761cd54b22e952d98c4746939aa85?s=96&r=g\",\"url\":\"https:\\\/\\\/secure.gravatar.com\\\/avatar\\\/6b0eb9d22841282815e2cd856a0061c45e1761cd54b22e952d98c4746939aa85?s=96&r=g\",\"contentUrl\":\"https:\\\/\\\/secure.gravatar.com\\\/avatar\\\/6b0eb9d22841282815e2cd856a0061c45e1761cd54b22e952d98c4746939aa85?s=96&r=g\",\"caption\":\"Michele\"},\"description\":\"Formada em Letras - Portugu\u00eas\\\/ Ingl\u00eas, e idealizadora do site Escritora de Sucesso, busca expandir o conhecimento de todos com informa\u00e7\u00f5es relevantes sobre diversos assuntos, enquanto redatora. No Vaga de Emprego SP, traz oportunidades e dicas sobre o mercado de trabalho.\",\"url\":\"https:\\\/\\\/www.vagadeempregosp.com.br\\\/es\\\/author\\\/michele\\\/\"}]}<\/script>\n<!-- \/ Yoast SEO plugin. -->","yoast_head_json":{"title":"Asistente de ventas, ejecutivo de cuentas de ventas, asistente de oficina, gerente y m\u00e1s en MAG Company","description":"Vea a continuaci\u00f3n los puestos de trabajo disponibles en MAG. Ven y \u00fanete a esta empresa con m\u00e1s de 100 a\u00f1os de historia.","robots":{"index":"index","follow":"follow","max-snippet":"max-snippet:-1","max-image-preview":"max-image-preview:large","max-video-preview":"max-video-preview:-1"},"canonical":"https:\/\/www.vagadeempregosp.com.br\/es\/mag-jobs\/","og_locale":"es_ES","og_type":"article","og_title":"Assistente Comercial, Vendas Executivo de Contas, Auxiliar de Escrit\u00f3rio, Gerente e muito mais na Empresa MAG","og_description":"Veja a seguir quais s\u00e3o os Empregos MAG dispon\u00edveis. Venha fazer parte desta empresa que h\u00e1 mais de 100 anos.","og_url":"https:\/\/www.vagadeempregosp.com.br\/es\/mag-jobs\/","og_site_name":"Transformando Vidas com Tecnologia, Informa\u00e7\u00e3o e Oportunidades: Explore Nossa Jornada de Crescimento","article_published_time":"2023-08-16T04:03:00+00:00","og_image":[{"width":1280,"height":720,"url":"https:\/\/www.vagadeempregosp.com.br\/wp-content\/uploads\/2022\/10\/Empregos-MAG.jpg","type":"image\/jpeg"}],"author":"Michele","twitter_card":"summary_large_image","twitter_misc":{"Escrito por":"Michele","Tiempo de lectura":"3 minutos"},"schema":{"@context":"https:\/\/schema.org","@graph":[{"@type":"Article","@id":"https:\/\/www.vagadeempregosp.com.br\/empregos-mag\/#article","isPartOf":{"@id":"https:\/\/www.vagadeempregosp.com.br\/empregos-mag\/"},"author":{"name":"Michele","@id":"https:\/\/www.vagadeempregosp.com.br\/#\/schema\/person\/15cdff8822aa2f27a8a65ee7bbfe7ce6"},"headline":"Assistente Comercial, Vendas Executivo de Contas, Auxiliar de Escrit\u00f3rio, Gerente e muito mais na Empresa MAG","datePublished":"2023-08-16T04:03:00+00:00","mainEntityOfPage":{"@id":"https:\/\/www.vagadeempregosp.com.br\/empregos-mag\/"},"wordCount":581,"commentCount":0,"image":{"@id":"https:\/\/www.vagadeempregosp.com.br\/empregos-mag\/#primaryimage"},"thumbnailUrl":"https:\/\/www.vagadeempregosp.com.br\/wp-content\/uploads\/2022\/10\/Empregos-MAG.jpg","keywords":["MAG Seguros","oportunidades","vagas de emprego"],"articleSection":["Vagas de Emprego Nacionais"],"inLanguage":"es","potentialAction":[{"@type":"CommentAction","name":"Comment","target":["https:\/\/www.vagadeempregosp.com.br\/empregos-mag\/#respond"]}]},{"@type":"WebPage","@id":"https:\/\/www.vagadeempregosp.com.br\/empregos-mag\/","url":"https:\/\/www.vagadeempregosp.com.br\/empregos-mag\/","name":"Asistente de ventas, ejecutivo de cuentas de ventas, asistente de oficina, gerente y m\u00e1s en MAG Company","isPartOf":{"@id":"https:\/\/www.vagadeempregosp.com.br\/#website"},"primaryImageOfPage":{"@id":"https:\/\/www.vagadeempregosp.com.br\/empregos-mag\/#primaryimage"},"image":{"@id":"https:\/\/www.vagadeempregosp.com.br\/empregos-mag\/#primaryimage"},"thumbnailUrl":"https:\/\/www.vagadeempregosp.com.br\/wp-content\/uploads\/2022\/10\/Empregos-MAG.jpg","datePublished":"2023-08-16T04:03:00+00:00","author":{"@id":"https:\/\/www.vagadeempregosp.com.br\/#\/schema\/person\/15cdff8822aa2f27a8a65ee7bbfe7ce6"},"description":"Vea a continuaci\u00f3n los puestos de trabajo disponibles en MAG. Ven y \u00fanete a esta empresa con m\u00e1s de 100 a\u00f1os de historia.","breadcrumb":{"@id":"https:\/\/www.vagadeempregosp.com.br\/empregos-mag\/#breadcrumb"},"inLanguage":"es","potentialAction":[{"@type":"ReadAction","target":["https:\/\/www.vagadeempregosp.com.br\/empregos-mag\/"]}]},{"@type":"ImageObject","inLanguage":"es","@id":"https:\/\/www.vagadeempregosp.com.br\/empregos-mag\/#primaryimage","url":"https:\/\/www.vagadeempregosp.com.br\/wp-content\/uploads\/2022\/10\/Empregos-MAG.jpg","contentUrl":"https:\/\/www.vagadeempregosp.com.br\/wp-content\/uploads\/2022\/10\/Empregos-MAG.jpg","width":1280,"height":720,"caption":"Imagem: MAG Seguros - Reprodu\u00e7\u00e3o"},{"@type":"BreadcrumbList","@id":"https:\/\/www.vagadeempregosp.com.br\/empregos-mag\/#breadcrumb","itemListElement":[{"@type":"ListItem","position":1,"name":"In\u00edcio","item":"https:\/\/www.vagadeempregosp.com.br\/"},{"@type":"ListItem","position":2,"name":"Vagas de Emprego Nacionais","item":"https:\/\/www.vagadeempregosp.com.br\/category\/vagas-nacionais\/"},{"@type":"ListItem","position":3,"name":"Assistente Comercial, Vendas Executivo de Contas, Auxiliar de Escrit\u00f3rio, Gerente e muito mais na Empresa MAG"}]},{"@type":"WebSite","@id":"https:\/\/www.vagadeempregosp.com.br\/#website","url":"https:\/\/www.vagadeempregosp.com.br\/","name":"Transformar vidas con tecnolog\u00eda, informaci\u00f3n y oportunidades: Explore nuestro viaje de crecimiento","description":"Transformar vidas con tecnolog\u00eda, informaci\u00f3n y oportunidades: Explore nuestro viaje de crecimiento","potentialAction":[{"@type":"SearchAction","target":{"@type":"EntryPoint","urlTemplate":"https:\/\/www.vagadeempregosp.com.br\/?s={search_term_string}"},"query-input":{"@type":"PropertyValueSpecification","valueRequired":true,"valueName":"search_term_string"}}],"inLanguage":"es"},{"@type":"Person","@id":"https:\/\/www.vagadeempregosp.com.br\/#\/schema\/person\/15cdff8822aa2f27a8a65ee7bbfe7ce6","name":"Michele","image":{"@type":"ImageObject","inLanguage":"es","@id":"https:\/\/secure.gravatar.com\/avatar\/6b0eb9d22841282815e2cd856a0061c45e1761cd54b22e952d98c4746939aa85?s=96&r=g","url":"https:\/\/secure.gravatar.com\/avatar\/6b0eb9d22841282815e2cd856a0061c45e1761cd54b22e952d98c4746939aa85?s=96&r=g","contentUrl":"https:\/\/secure.gravatar.com\/avatar\/6b0eb9d22841282815e2cd856a0061c45e1761cd54b22e952d98c4746939aa85?s=96&r=g","caption":"Michele"},"description":"Graduada en Lenguas - Portugu\u00e9s\/Ingl\u00e9s, y creadora del sitio Escritora de Sucesso, busca ampliar el conocimiento de todos con informaciones relevantes sobre diversos temas, como escritora. En Vaga de Emprego SP, ofrece oportunidades y consejos sobre el mercado laboral.","url":"https:\/\/www.vagadeempregosp.com.br\/es\/author\/michele\/"}]}},"_links":{"self":[{"href":"https:\/\/www.vagadeempregosp.com.br\/es\/wp-json\/wp\/v2\/posts\/18516","targetHints":{"allow":["GET"]}}],"collection":[{"href":"https:\/\/www.vagadeempregosp.com.br\/es\/wp-json\/wp\/v2\/posts"}],"about":[{"href":"https:\/\/www.vagadeempregosp.com.br\/es\/wp-json\/wp\/v2\/types\/post"}],"author":[{"embeddable":true,"href":"https:\/\/www.vagadeempregosp.com.br\/es\/wp-json\/wp\/v2\/users\/11"}],"replies":[{"embeddable":true,"href":"https:\/\/www.vagadeempregosp.com.br\/es\/wp-json\/wp\/v2\/comments?post=18516"}],"version-history":[{"count":6,"href":"https:\/\/www.vagadeempregosp.com.br\/es\/wp-json\/wp\/v2\/posts\/18516\/revisions"}],"predecessor-version":[{"id":21077,"href":"https:\/\/www.vagadeempregosp.com.br\/es\/wp-json\/wp\/v2\/posts\/18516\/revisions\/21077"}],"wp:featuredmedia":[{"embeddable":true,"href":"https:\/\/www.vagadeempregosp.com.br\/es\/wp-json\/wp\/v2\/media\/18525"}],"wp:attachment":[{"href":"https:\/\/www.vagadeempregosp.com.br\/es\/wp-json\/wp\/v2\/media?parent=18516"}],"wp:term":[{"taxonomy":"category","embeddable":true,"href":"https:\/\/www.vagadeempregosp.com.br\/es\/wp-json\/wp\/v2\/categories?post=18516"},{"taxonomy":"post_tag","embeddable":true,"href":"https:\/\/www.vagadeempregosp.com.br\/es\/wp-json\/wp\/v2\/tags?post=18516"}],"curies":[{"name":"wp","href":"https:\/\/api.w.org\/{rel}","templated":true}]}}