{"id":22293,"date":"2025-01-24T06:00:00","date_gmt":"2025-01-24T09:00:00","guid":{"rendered":"https:\/\/www.vagadeempregosp.com.br\/?p=22293"},"modified":"2025-06-15T15:17:04","modified_gmt":"2025-06-15T18:17:04","slug":"caring-for-the-elderly-is-a-good-career","status":"publish","type":"post","link":"https:\/\/www.vagadeempregosp.com.br\/en\/cuidador-de-idosos-e-uma-boa-area-profissional\/","title":{"rendered":"Caring for the elderly: Is it a good career?"},"content":{"rendered":"<p>Have you ever stopped to think about the importance of taking good care of those who have already taken care of us? Being a caregiver for the elderly is much more than a job. It's an opportunity to provide comfort, security and affection to those who need it most. But is it really a good career choice? Let's find out together.<\/p>\n\n\n\n<figure class=\"wp-block-image size-full\"><img loading=\"lazy\" decoding=\"async\" width=\"962\" height=\"750\" src=\"https:\/\/www.vagadeempregosp.com.br\/wp-content\/uploads\/2025\/01\/image.png\" alt=\"elderly care\" class=\"wp-image-22309\" srcset=\"https:\/\/www.vagadeempregosp.com.br\/wp-content\/uploads\/2025\/01\/image.png 962w, https:\/\/www.vagadeempregosp.com.br\/wp-content\/uploads\/2025\/01\/image-300x234.png 300w, https:\/\/www.vagadeempregosp.com.br\/wp-content\/uploads\/2025\/01\/image-768x599.png 768w, https:\/\/www.vagadeempregosp.com.br\/wp-content\/uploads\/2025\/01\/image-15x12.png 15w\" sizes=\"auto, (max-width: 962px) 100vw, 962px\" \/><\/figure>\n\n\n\n<h2 class=\"wp-block-heading\">What does a caregiver really do?<\/h2>\n\n\n\n<p>The role of an elderly care worker goes beyond basic tasks. They are responsible for ensuring that the elderly person's day-to-day life is lighter and more peaceful. This involves everything from helping with simple activities, such as feeding and hygiene, to offering emotional support. But let's be more specific. The main responsibilities include:<\/p>\n\n\n\n<p>1# Helping with feeding, ensuring that the elderly person is well nourished<br>2# Assist with personal hygiene, from bathing to specific care<br>3# Administer medication following medical guidelines<br>4# Accompany to appointments or outings, providing safety<\/p>\n\n\n\n<p>Each elderly person has their own needs. That's why a good caregiver needs to be flexible and attentive to every detail. It's not just about doing, but about how to do.<\/p>\n\n\n\n<h2 class=\"wp-block-heading\">Why is elderly care on the rise?<\/h2>\n\n\n\n<p>Have you noticed how the population is getting older? In Brazil and around the world, more and more people are reaching old age with good health and disposition, but many of them need specific care. This means that the demand for caregivers is growing every year.<\/p>\n\n\n\n<p>What's more, the busy routine of most families prevents them from giving their elderly loved ones all the attention they deserve. That's where the caregiver comes in, offering not only practical help, but also companionship and emotional support. It's a job that requires dedication, but which also brings enormous returns, both professionally and personally.<\/p>\n\n\n\n<h2 class=\"wp-block-heading\">The job market for elderly care workers<\/h2>\n\n\n\n<p>If you're thinking of investing in this career, you can rest assured: the job market is booming. There are several ways to work as a caregiver. Some of them are:<\/p>\n\n\n\n<p>1# Working directly in the elderly person's home, ensuring that they are comfortable in their own home<br>2# Working in clinics or nursing homes, where several elderly people receive care at the same time<br>3# Provide services independently, serving different families<\/p>\n\n\n\n<p>The good thing about this area is that you can choose the type of work that best suits your profile and routine. What's more, demand is constant, which guarantees good stability for those who dedicate themselves to it.<\/p>\n\n\n\n<h2 class=\"wp-block-heading\">What does it take to be a caregiver for the elderly?<\/h2>\n\n\n\n<p>This profession does not require a university degree, but it is essential to seek qualifications. There are specific courses that teach you everything you need to know to care for the elderly safely and efficiently. These courses usually cover topics such as:<\/p>\n\n\n\n<p>1# Hygiene and comfort of the elderly, including techniques for dealing with physical limitations<br>2# First aid, to know how to act in emergency situations<br>3# Administering medicines, making sure everything is done right<br>4# Specific care for elderly people who are bedridden or have chronic illnesses<\/p>\n\n\n\n<p>What's more, it's always worth continuing to learn. New techniques and knowledge can make all the difference to your performance and your relationship with the elderly.<\/p>\n\n\n\n<h2 class=\"wp-block-heading\">What characteristics are important for a caregiver?<\/h2>\n\n\n\n<p>This is a profession that requires more than technique. To be a good caregiver, you need to have some qualities that help you deal with everyday situations. These include:<\/p>\n\n\n\n<p>1# Patience: Every elderly person has their own rhythm, and it's important to respect that<br>2# Empathy: Understanding and putting yourself in the other person's shoes makes all the difference<br>3# Good communication: Knowing how to listen and speak clearly helps to create an atmosphere of trust<br>4# Organization: The day-to-day life of a caregiver involves managing schedules, medications and other responsibilities<\/p>\n\n\n\n<p>These skills not only help with the job, but also create a special bond with the elderly person and their family. In the end, that's what matters most.<\/p>\n\n\n\n<h2 class=\"wp-block-heading\">How much does an elderly care worker earn?<\/h2>\n\n\n\n<p>This is a common question, and the answer can vary greatly. In general, the salary of an elderly care worker in Brazil is between R$ 1,500 and R$ 3,000. This figure depends on factors such as the region, the type of work and the professional's experience.<\/p>\n\n\n\n<p>For example, those who work in care homes may have a fixed salary, while self-employed carers have more freedom to negotiate their rates. And let's not forget: the more specialized and qualified you are, the better your chances of earning.<\/p>\n\n\n\n<h2 class=\"wp-block-heading\">Is it worth investing in this career?<\/h2>\n\n\n\n<p>If you enjoy looking after people, have patience and feel fulfilled by helping out, the answer is yes! Being a caregiver for the elderly is a profession that goes far beyond the financial side. It's about making a difference in the life of someone who needs attention, affection and care.<\/p>\n\n\n\n<p>What's more, it's an area that is growing, which means more opportunities and stability. So, if you have this profile and want to dedicate yourself to something meaningful, this could be the right choice for you. After all, caring for someone is one of the most human and valuable acts there is.<\/p>\n\n\n\n<p><strong>See also: <a href=\"https:\/\/www.vagadeempregosp.com.br\/en\/how-to-apply-for-a-job-via-cell-phone-and-whatsapp-here-are-some-tips\/\">How to apply for a job via cell phone and WhatsApp? See the tips<\/a><\/strong><\/p>\n\n\n\n<p>January 24, 2025<\/p>","protected":false},"excerpt":{"rendered":"<p>Voc\u00ea j\u00e1 parou para pensar na import\u00e2ncia de cuidar bem de quem j\u00e1 cuidou de n\u00f3s? Ser cuidador de idosos \u00e9 muito mais do que um trabalho. \u00c9 uma oportunidade de proporcionar conforto, seguran\u00e7a e carinho para quem mais precisa. Mas ser\u00e1 que essa \u00e1rea \u00e9 realmente uma boa escolha profissional? Vamos descobrir juntos. O&hellip;&nbsp;<\/p>","protected":false},"author":11,"featured_media":22309,"comment_status":"closed","ping_status":"closed","sticky":false,"template":"","format":"standard","meta":{"neve_meta_sidebar":"","neve_meta_container":"","neve_meta_enable_content_width":"","neve_meta_content_width":0,"neve_meta_title_alignment":"","neve_meta_author_avatar":"","neve_post_elements_order":"","neve_meta_disable_header":"","neve_meta_disable_footer":"","neve_meta_disable_title":"","footnotes":""},"categories":[43],"tags":[79],"class_list":["post-22293","post","type-post","status-publish","format-standard","has-post-thumbnail","hentry","category-vagas-nacionais","tag-oportunidades"],"yoast_head":"<!-- This site is optimized with the Yoast SEO plugin v27.5 - https:\/\/yoast.com\/product\/yoast-seo-wordpress\/ -->\n<title>Cuidador de idosos: \u00c9 uma boa \u00e1rea profissional? - Transformando Vidas com Tecnologia, Informa\u00e7\u00e3o e Oportunidades: Explore Nossa Jornada de Crescimento<\/title>\n<meta name=\"robots\" content=\"index, follow, max-snippet:-1, max-image-preview:large, max-video-preview:-1\" \/>\n<link rel=\"canonical\" href=\"https:\/\/www.vagadeempregosp.com.br\/en\/caring-for-the-elderly-is-a-good-career\/\" \/>\n<meta property=\"og:locale\" content=\"en_US\" \/>\n<meta property=\"og:type\" content=\"article\" \/>\n<meta property=\"og:title\" content=\"Cuidador de idosos: \u00c9 uma boa \u00e1rea profissional? - Transformando Vidas com Tecnologia, Informa\u00e7\u00e3o e Oportunidades: Explore Nossa Jornada de Crescimento\" \/>\n<meta property=\"og:description\" content=\"Voc\u00ea j\u00e1 parou para pensar na import\u00e2ncia de cuidar bem de quem j\u00e1 cuidou de n\u00f3s? Ser cuidador de idosos \u00e9 muito mais do que um trabalho. \u00c9 uma oportunidade de proporcionar conforto, seguran\u00e7a e carinho para quem mais precisa. Mas ser\u00e1 que essa \u00e1rea \u00e9 realmente uma boa escolha profissional? Vamos descobrir juntos. O&hellip;&nbsp;\" \/>\n<meta property=\"og:url\" content=\"https:\/\/www.vagadeempregosp.com.br\/en\/caring-for-the-elderly-is-a-good-career\/\" \/>\n<meta property=\"og:site_name\" content=\"Transformando Vidas com Tecnologia, Informa\u00e7\u00e3o e Oportunidades: Explore Nossa Jornada de Crescimento\" \/>\n<meta property=\"article:published_time\" content=\"2025-01-24T09:00:00+00:00\" \/>\n<meta property=\"article:modified_time\" content=\"2025-06-15T18:17:04+00:00\" \/>\n<meta property=\"og:image\" content=\"https:\/\/www.vagadeempregosp.com.br\/wp-content\/uploads\/2025\/01\/image.png\" \/>\n\t<meta property=\"og:image:width\" content=\"962\" \/>\n\t<meta property=\"og:image:height\" content=\"750\" \/>\n\t<meta property=\"og:image:type\" content=\"image\/png\" \/>\n<meta name=\"author\" content=\"Michele\" \/>\n<meta name=\"twitter:card\" content=\"summary_large_image\" \/>\n<meta name=\"twitter:label1\" content=\"Written by\" \/>\n\t<meta name=\"twitter:data1\" content=\"Michele\" \/>\n\t<meta name=\"twitter:label2\" content=\"Est. reading time\" \/>\n\t<meta name=\"twitter:data2\" content=\"5 minutes\" \/>\n<script type=\"application\/ld+json\" class=\"yoast-schema-graph\">{\"@context\":\"https:\\\/\\\/schema.org\",\"@graph\":[{\"@type\":\"Article\",\"@id\":\"https:\\\/\\\/www.vagadeempregosp.com.br\\\/cuidador-de-idosos-e-uma-boa-area-profissional\\\/#article\",\"isPartOf\":{\"@id\":\"https:\\\/\\\/www.vagadeempregosp.com.br\\\/cuidador-de-idosos-e-uma-boa-area-profissional\\\/\"},\"author\":{\"name\":\"Michele\",\"@id\":\"https:\\\/\\\/www.vagadeempregosp.com.br\\\/#\\\/schema\\\/person\\\/15cdff8822aa2f27a8a65ee7bbfe7ce6\"},\"headline\":\"Cuidador de idosos: \u00c9 uma boa \u00e1rea profissional?\",\"datePublished\":\"2025-01-24T09:00:00+00:00\",\"dateModified\":\"2025-06-15T18:17:04+00:00\",\"mainEntityOfPage\":{\"@id\":\"https:\\\/\\\/www.vagadeempregosp.com.br\\\/cuidador-de-idosos-e-uma-boa-area-profissional\\\/\"},\"wordCount\":931,\"image\":{\"@id\":\"https:\\\/\\\/www.vagadeempregosp.com.br\\\/cuidador-de-idosos-e-uma-boa-area-profissional\\\/#primaryimage\"},\"thumbnailUrl\":\"https:\\\/\\\/www.vagadeempregosp.com.br\\\/wp-content\\\/uploads\\\/2025\\\/01\\\/image.png\",\"keywords\":[\"oportunidades\"],\"articleSection\":[\"Vagas de Emprego Nacionais\"],\"inLanguage\":\"en-US\"},{\"@type\":\"WebPage\",\"@id\":\"https:\\\/\\\/www.vagadeempregosp.com.br\\\/cuidador-de-idosos-e-uma-boa-area-profissional\\\/\",\"url\":\"https:\\\/\\\/www.vagadeempregosp.com.br\\\/cuidador-de-idosos-e-uma-boa-area-profissional\\\/\",\"name\":\"Cuidador de idosos: \u00c9 uma boa \u00e1rea profissional? - Transformando Vidas com Tecnologia, Informa\u00e7\u00e3o e Oportunidades: Explore Nossa Jornada de Crescimento\",\"isPartOf\":{\"@id\":\"https:\\\/\\\/www.vagadeempregosp.com.br\\\/#website\"},\"primaryImageOfPage\":{\"@id\":\"https:\\\/\\\/www.vagadeempregosp.com.br\\\/cuidador-de-idosos-e-uma-boa-area-profissional\\\/#primaryimage\"},\"image\":{\"@id\":\"https:\\\/\\\/www.vagadeempregosp.com.br\\\/cuidador-de-idosos-e-uma-boa-area-profissional\\\/#primaryimage\"},\"thumbnailUrl\":\"https:\\\/\\\/www.vagadeempregosp.com.br\\\/wp-content\\\/uploads\\\/2025\\\/01\\\/image.png\",\"datePublished\":\"2025-01-24T09:00:00+00:00\",\"dateModified\":\"2025-06-15T18:17:04+00:00\",\"author\":{\"@id\":\"https:\\\/\\\/www.vagadeempregosp.com.br\\\/#\\\/schema\\\/person\\\/15cdff8822aa2f27a8a65ee7bbfe7ce6\"},\"breadcrumb\":{\"@id\":\"https:\\\/\\\/www.vagadeempregosp.com.br\\\/cuidador-de-idosos-e-uma-boa-area-profissional\\\/#breadcrumb\"},\"inLanguage\":\"en-US\",\"potentialAction\":[{\"@type\":\"ReadAction\",\"target\":[\"https:\\\/\\\/www.vagadeempregosp.com.br\\\/cuidador-de-idosos-e-uma-boa-area-profissional\\\/\"]}]},{\"@type\":\"ImageObject\",\"inLanguage\":\"en-US\",\"@id\":\"https:\\\/\\\/www.vagadeempregosp.com.br\\\/cuidador-de-idosos-e-uma-boa-area-profissional\\\/#primaryimage\",\"url\":\"https:\\\/\\\/www.vagadeempregosp.com.br\\\/wp-content\\\/uploads\\\/2025\\\/01\\\/image.png\",\"contentUrl\":\"https:\\\/\\\/www.vagadeempregosp.com.br\\\/wp-content\\\/uploads\\\/2025\\\/01\\\/image.png\",\"width\":962,\"height\":750,\"caption\":\"cuidador de idosos\"},{\"@type\":\"BreadcrumbList\",\"@id\":\"https:\\\/\\\/www.vagadeempregosp.com.br\\\/cuidador-de-idosos-e-uma-boa-area-profissional\\\/#breadcrumb\",\"itemListElement\":[{\"@type\":\"ListItem\",\"position\":1,\"name\":\"In\u00edcio\",\"item\":\"https:\\\/\\\/www.vagadeempregosp.com.br\\\/\"},{\"@type\":\"ListItem\",\"position\":2,\"name\":\"Cuidador de idosos: \u00c9 uma boa \u00e1rea profissional?\"}]},{\"@type\":\"WebSite\",\"@id\":\"https:\\\/\\\/www.vagadeempregosp.com.br\\\/#website\",\"url\":\"https:\\\/\\\/www.vagadeempregosp.com.br\\\/\",\"name\":\"Transformando Vidas com Tecnologia, Informa\u00e7\u00e3o e Oportunidades: Explore Nossa Jornada de Crescimento\",\"description\":\"Transformando Vidas com Tecnologia, Informa\u00e7\u00e3o e Oportunidades: Explore Nossa Jornada de Crescimento\",\"potentialAction\":[{\"@type\":\"SearchAction\",\"target\":{\"@type\":\"EntryPoint\",\"urlTemplate\":\"https:\\\/\\\/www.vagadeempregosp.com.br\\\/?s={search_term_string}\"},\"query-input\":{\"@type\":\"PropertyValueSpecification\",\"valueRequired\":true,\"valueName\":\"search_term_string\"}}],\"inLanguage\":\"en-US\"},{\"@type\":\"Person\",\"@id\":\"https:\\\/\\\/www.vagadeempregosp.com.br\\\/#\\\/schema\\\/person\\\/15cdff8822aa2f27a8a65ee7bbfe7ce6\",\"name\":\"Michele\",\"image\":{\"@type\":\"ImageObject\",\"inLanguage\":\"en-US\",\"@id\":\"https:\\\/\\\/secure.gravatar.com\\\/avatar\\\/6b0eb9d22841282815e2cd856a0061c45e1761cd54b22e952d98c4746939aa85?s=96&r=g\",\"url\":\"https:\\\/\\\/secure.gravatar.com\\\/avatar\\\/6b0eb9d22841282815e2cd856a0061c45e1761cd54b22e952d98c4746939aa85?s=96&r=g\",\"contentUrl\":\"https:\\\/\\\/secure.gravatar.com\\\/avatar\\\/6b0eb9d22841282815e2cd856a0061c45e1761cd54b22e952d98c4746939aa85?s=96&r=g\",\"caption\":\"Michele\"},\"description\":\"Formada em Letras - Portugu\u00eas\\\/ Ingl\u00eas, e idealizadora do site Escritora de Sucesso, busca expandir o conhecimento de todos com informa\u00e7\u00f5es relevantes sobre diversos assuntos, enquanto redatora. No Vaga de Emprego SP, traz oportunidades e dicas sobre o mercado de trabalho.\",\"url\":\"https:\\\/\\\/www.vagadeempregosp.com.br\\\/en\\\/author\\\/michele\\\/\"}]}<\/script>\n<!-- \/ Yoast SEO plugin. -->","yoast_head_json":{"title":"Caring for the elderly: Is it a good career? - Transforming Lives with Technology, Information and Opportunities: Explore Our Growth Journey","robots":{"index":"index","follow":"follow","max-snippet":"max-snippet:-1","max-image-preview":"max-image-preview:large","max-video-preview":"max-video-preview:-1"},"canonical":"https:\/\/www.vagadeempregosp.com.br\/en\/caring-for-the-elderly-is-a-good-career\/","og_locale":"en_US","og_type":"article","og_title":"Cuidador de idosos: \u00c9 uma boa \u00e1rea profissional? - Transformando Vidas com Tecnologia, Informa\u00e7\u00e3o e Oportunidades: Explore Nossa Jornada de Crescimento","og_description":"Voc\u00ea j\u00e1 parou para pensar na import\u00e2ncia de cuidar bem de quem j\u00e1 cuidou de n\u00f3s? Ser cuidador de idosos \u00e9 muito mais do que um trabalho. \u00c9 uma oportunidade de proporcionar conforto, seguran\u00e7a e carinho para quem mais precisa. Mas ser\u00e1 que essa \u00e1rea \u00e9 realmente uma boa escolha profissional? Vamos descobrir juntos. O&hellip;&nbsp;","og_url":"https:\/\/www.vagadeempregosp.com.br\/en\/caring-for-the-elderly-is-a-good-career\/","og_site_name":"Transformando Vidas com Tecnologia, Informa\u00e7\u00e3o e Oportunidades: Explore Nossa Jornada de Crescimento","article_published_time":"2025-01-24T09:00:00+00:00","article_modified_time":"2025-06-15T18:17:04+00:00","og_image":[{"width":962,"height":750,"url":"https:\/\/www.vagadeempregosp.com.br\/wp-content\/uploads\/2025\/01\/image.png","type":"image\/png"}],"author":"Michele","twitter_card":"summary_large_image","twitter_misc":{"Written by":"Michele","Est. reading time":"5 minutes"},"schema":{"@context":"https:\/\/schema.org","@graph":[{"@type":"Article","@id":"https:\/\/www.vagadeempregosp.com.br\/cuidador-de-idosos-e-uma-boa-area-profissional\/#article","isPartOf":{"@id":"https:\/\/www.vagadeempregosp.com.br\/cuidador-de-idosos-e-uma-boa-area-profissional\/"},"author":{"name":"Michele","@id":"https:\/\/www.vagadeempregosp.com.br\/#\/schema\/person\/15cdff8822aa2f27a8a65ee7bbfe7ce6"},"headline":"Cuidador de idosos: \u00c9 uma boa \u00e1rea profissional?","datePublished":"2025-01-24T09:00:00+00:00","dateModified":"2025-06-15T18:17:04+00:00","mainEntityOfPage":{"@id":"https:\/\/www.vagadeempregosp.com.br\/cuidador-de-idosos-e-uma-boa-area-profissional\/"},"wordCount":931,"image":{"@id":"https:\/\/www.vagadeempregosp.com.br\/cuidador-de-idosos-e-uma-boa-area-profissional\/#primaryimage"},"thumbnailUrl":"https:\/\/www.vagadeempregosp.com.br\/wp-content\/uploads\/2025\/01\/image.png","keywords":["oportunidades"],"articleSection":["Vagas de Emprego Nacionais"],"inLanguage":"en-US"},{"@type":"WebPage","@id":"https:\/\/www.vagadeempregosp.com.br\/cuidador-de-idosos-e-uma-boa-area-profissional\/","url":"https:\/\/www.vagadeempregosp.com.br\/cuidador-de-idosos-e-uma-boa-area-profissional\/","name":"Caring for the elderly: Is it a good career? - Transforming Lives with Technology, Information and Opportunities: Explore Our Growth Journey","isPartOf":{"@id":"https:\/\/www.vagadeempregosp.com.br\/#website"},"primaryImageOfPage":{"@id":"https:\/\/www.vagadeempregosp.com.br\/cuidador-de-idosos-e-uma-boa-area-profissional\/#primaryimage"},"image":{"@id":"https:\/\/www.vagadeempregosp.com.br\/cuidador-de-idosos-e-uma-boa-area-profissional\/#primaryimage"},"thumbnailUrl":"https:\/\/www.vagadeempregosp.com.br\/wp-content\/uploads\/2025\/01\/image.png","datePublished":"2025-01-24T09:00:00+00:00","dateModified":"2025-06-15T18:17:04+00:00","author":{"@id":"https:\/\/www.vagadeempregosp.com.br\/#\/schema\/person\/15cdff8822aa2f27a8a65ee7bbfe7ce6"},"breadcrumb":{"@id":"https:\/\/www.vagadeempregosp.com.br\/cuidador-de-idosos-e-uma-boa-area-profissional\/#breadcrumb"},"inLanguage":"en-US","potentialAction":[{"@type":"ReadAction","target":["https:\/\/www.vagadeempregosp.com.br\/cuidador-de-idosos-e-uma-boa-area-profissional\/"]}]},{"@type":"ImageObject","inLanguage":"en-US","@id":"https:\/\/www.vagadeempregosp.com.br\/cuidador-de-idosos-e-uma-boa-area-profissional\/#primaryimage","url":"https:\/\/www.vagadeempregosp.com.br\/wp-content\/uploads\/2025\/01\/image.png","contentUrl":"https:\/\/www.vagadeempregosp.com.br\/wp-content\/uploads\/2025\/01\/image.png","width":962,"height":750,"caption":"cuidador de idosos"},{"@type":"BreadcrumbList","@id":"https:\/\/www.vagadeempregosp.com.br\/cuidador-de-idosos-e-uma-boa-area-profissional\/#breadcrumb","itemListElement":[{"@type":"ListItem","position":1,"name":"In\u00edcio","item":"https:\/\/www.vagadeempregosp.com.br\/"},{"@type":"ListItem","position":2,"name":"Cuidador de idosos: \u00c9 uma boa \u00e1rea profissional?"}]},{"@type":"WebSite","@id":"https:\/\/www.vagadeempregosp.com.br\/#website","url":"https:\/\/www.vagadeempregosp.com.br\/","name":"Transforming Lives with Technology, Information and Opportunities: Explore Our Growth Journey","description":"Transforming Lives with Technology, Information and Opportunities: Explore Our Growth Journey","potentialAction":[{"@type":"SearchAction","target":{"@type":"EntryPoint","urlTemplate":"https:\/\/www.vagadeempregosp.com.br\/?s={search_term_string}"},"query-input":{"@type":"PropertyValueSpecification","valueRequired":true,"valueName":"search_term_string"}}],"inLanguage":"en-US"},{"@type":"Person","@id":"https:\/\/www.vagadeempregosp.com.br\/#\/schema\/person\/15cdff8822aa2f27a8a65ee7bbfe7ce6","name":"Michele","image":{"@type":"ImageObject","inLanguage":"en-US","@id":"https:\/\/secure.gravatar.com\/avatar\/6b0eb9d22841282815e2cd856a0061c45e1761cd54b22e952d98c4746939aa85?s=96&r=g","url":"https:\/\/secure.gravatar.com\/avatar\/6b0eb9d22841282815e2cd856a0061c45e1761cd54b22e952d98c4746939aa85?s=96&r=g","contentUrl":"https:\/\/secure.gravatar.com\/avatar\/6b0eb9d22841282815e2cd856a0061c45e1761cd54b22e952d98c4746939aa85?s=96&r=g","caption":"Michele"},"description":"Graduated in Languages - Portuguese\/English, and creator of the Escritora de Sucesso website, she seeks to expand everyone's knowledge with relevant information on various subjects, as a writer. At Vaga de Emprego SP, she provides opportunities and tips on the job market.","url":"https:\/\/www.vagadeempregosp.com.br\/en\/author\/michele\/"}]}},"_links":{"self":[{"href":"https:\/\/www.vagadeempregosp.com.br\/en\/wp-json\/wp\/v2\/posts\/22293","targetHints":{"allow":["GET"]}}],"collection":[{"href":"https:\/\/www.vagadeempregosp.com.br\/en\/wp-json\/wp\/v2\/posts"}],"about":[{"href":"https:\/\/www.vagadeempregosp.com.br\/en\/wp-json\/wp\/v2\/types\/post"}],"author":[{"embeddable":true,"href":"https:\/\/www.vagadeempregosp.com.br\/en\/wp-json\/wp\/v2\/users\/11"}],"replies":[{"embeddable":true,"href":"https:\/\/www.vagadeempregosp.com.br\/en\/wp-json\/wp\/v2\/comments?post=22293"}],"version-history":[{"count":2,"href":"https:\/\/www.vagadeempregosp.com.br\/en\/wp-json\/wp\/v2\/posts\/22293\/revisions"}],"predecessor-version":[{"id":22317,"href":"https:\/\/www.vagadeempregosp.com.br\/en\/wp-json\/wp\/v2\/posts\/22293\/revisions\/22317"}],"wp:featuredmedia":[{"embeddable":true,"href":"https:\/\/www.vagadeempregosp.com.br\/en\/wp-json\/wp\/v2\/media\/22309"}],"wp:attachment":[{"href":"https:\/\/www.vagadeempregosp.com.br\/en\/wp-json\/wp\/v2\/media?parent=22293"}],"wp:term":[{"taxonomy":"category","embeddable":true,"href":"https:\/\/www.vagadeempregosp.com.br\/en\/wp-json\/wp\/v2\/categories?post=22293"},{"taxonomy":"post_tag","embeddable":true,"href":"https:\/\/www.vagadeempregosp.com.br\/en\/wp-json\/wp\/v2\/tags?post=22293"}],"curies":[{"name":"wp","href":"https:\/\/api.w.org\/{rel}","templated":true}]}}