{"id":21942,"date":"2024-08-30T06:00:00","date_gmt":"2024-08-30T09:00:00","guid":{"rendered":"https:\/\/www.vagadeempregosp.com.br\/?p=21942"},"modified":"2024-08-19T19:36:39","modified_gmt":"2024-08-19T22:36:39","slug":"new-job-vacancies-at-natura-and-the-pao-de-acucar-group","status":"publish","type":"post","link":"https:\/\/www.vagadeempregosp.com.br\/en\/novas-vagas-de-emprego-na-natura-e-no-grupo-pao-de-acucar\/","title":{"rendered":"New job vacancies at Natura and Grupo P\u00e3o de A\u00e7\u00facar"},"content":{"rendered":"<p>The employment landscape is constantly changing, and two major Brazilian companies, Natura and Grupo P\u00e3o de A\u00e7\u00facar (GPA), are offering exciting new job opportunities in 2024. Both companies are expanding their operations and looking for qualified professionals to strengthen their teams. <\/p>\n\n\n\n<h2 class=\"wp-block-heading\">New job vacancies at Natura<\/h2>\n\n\n\n<p>Natura, one of the leaders in the cosmetics and beauty products sector, is expanding its operations and creating new job vacancies to support its continued growth. Priority areas for hiring include marketing, research and development, sales and operations. The company is looking for professionals with a passion for innovation and sustainability, who can contribute to Natura's mission of promoting well-being and beauty in a responsible way.<\/p>\n\n\n\n<figure class=\"wp-block-image size-full is-resized\"><img loading=\"lazy\" decoding=\"async\" width=\"740\" height=\"494\" src=\"https:\/\/www.vagadeempregosp.com.br\/wp-content\/uploads\/2024\/08\/image-4.png\" alt=\"\" class=\"wp-image-21963\" style=\"width:840px;height:auto\" srcset=\"https:\/\/www.vagadeempregosp.com.br\/wp-content\/uploads\/2024\/08\/image-4.png 740w, https:\/\/www.vagadeempregosp.com.br\/wp-content\/uploads\/2024\/08\/image-4-300x200.png 300w, https:\/\/www.vagadeempregosp.com.br\/wp-content\/uploads\/2024\/08\/image-4-18x12.png 18w\" sizes=\"auto, (max-width: 740px) 100vw, 740px\" \/><\/figure>\n\n\n\n<h3 class=\"wp-block-heading\">Types of positions available<\/h3>\n\n\n\n<p>The new vacancies at Natura cover a wide range of roles, from administrative and support positions to technical and leadership positions. The company is recruiting for roles in digital marketing, product management, market analysis and logistics. In addition, Natura is seeking sustainability and innovation specialists to support its commitment to responsible and environmentally friendly business practices.<\/p>\n\n\n\n<h3 class=\"wp-block-heading\">Benefits and career opportunities<\/h3>\n\n\n\n<p>Working at Natura offers a range of benefits, including competitive compensation packages, health insurance, wellness programs and discounts on the brand's products. The company values professional development and offers opportunities for growth and career advancement. With a collaborative work environment and a strong culture of innovation, Natura provides an ideal place for professionals looking to make a difference in their fields.<\/p>\n\n\n\n<h2 class=\"wp-block-heading\">New job vacancies at Grupo P\u00e3o de A\u00e7\u00facar<\/h2>\n\n\n\n<p>Grupo P\u00e3o de A\u00e7\u00facar (GPA), one of Brazil's largest retail groups, is expanding its operations and creating new vacancies to support its growth strategy. GPA is recruiting for various areas, including store operations, product management, logistics and customer service. The expansion includes new stores and distribution centers, reflecting the need for a larger and more diverse team to meet consumer demand.<\/p>\n\n\n\n<h3 class=\"wp-block-heading\">Types of positions available<\/h3>\n\n\n\n<p>The vacancies available at GPA cover a wide range of functions, from positions in customer service and store management to positions in logistics and administration. The company is seeking professionals for roles such as store coordinators, logistics analysts, merchandising specialists and category managers. In addition, GPA is investing in technology and innovation, creating opportunities for professionals in areas such as data analysis and e-commerce.<\/p>\n\n\n\n<h3 class=\"wp-block-heading\">Benefits and organizational culture<\/h3>\n\n\n\n<p>Grupo P\u00e3o de A\u00e7\u00facar offers a range of benefits to its employees, including competitive salaries, health insurance, food vouchers and professional development programs. The company values an inclusive and collaborative work culture, where employees have the opportunity to grow and develop within the organization. GPA promotes a dynamic and results-oriented work environment, encouraging innovation and excellence at all levels.<\/p>\n\n\n\n<h2 class=\"wp-block-heading\">Impacts on the labor market<\/h2>\n\n\n\n<p>The expansion of Natura and Grupo P\u00e3o de A\u00e7\u00facar's operations is contributing to the creation of new job opportunities and economic growth in various regions. The opening of new positions not only offers chances for professionals looking for new careers, but also stimulates the labor market and supports local economic development. These moves are particularly important at a time when the global economy is recovering and adapting to new market conditions.<\/p>\n\n\n\n<h3 class=\"wp-block-heading\">Development of new skills and competencies<\/h3>\n\n\n\n<p>With the creation of new vacancies, there is a growing demand for specific skills and competencies. Professionals with knowledge in areas such as digital marketing, logistics, e-commerce and sustainability will be well placed to take advantage of new opportunities. Companies are looking for candidates who can adapt quickly to change and contribute to success and innovation within the organization.<\/p>\n\n\n\n<h3 class=\"wp-block-heading\">Opportunities for professionals in different regions<\/h3>\n\n\n\n<p>The new vacancies offered by Natura and GPA are located in various regions of Brazil, providing opportunities for professionals in different locations. This includes both large urban centers and growing areas, allowing candidates from different regions to have access to new job opportunities and career development.<\/p>\n\n\n\n<h2 class=\"wp-block-heading\">How to prepare for the selection process<\/h2>\n\n\n\n<p>In order to stand out in the Natura and Grupo P\u00e3o de A\u00e7\u00facar selections, it is essential that candidates update their CVs and highlight their relevant skills and experience. Make sure to include information about your technical skills, previous experience and any additional training that may be relevant to the vacancies you want. Investing in courses and certifications in your area of interest can increase your chances of success.<\/p>\n\n\n\n<h3 class=\"wp-block-heading\">Research into companies and their cultures<\/h3>\n\n\n\n<p>Understanding the culture and values of companies is crucial to preparing for the selection process. Researching Natura and Grupo P\u00e3o de A\u00e7\u00facar, their missions, visions and working environments will help candidates align themselves with what the companies are looking for in their employees. Knowing the history and values of the companies can provide valuable insights during interviews and applications.<\/p>\n\n\n\n<h3 class=\"wp-block-heading\">Preparing for interviews and tests<\/h3>\n\n\n\n<p>Prepare for interviews and skills tests in advance. Practice answers to common questions, prepare examples from past experiences and be ready to demonstrate your technical and problem-solving skills. Familiarize yourself with the format of company tests and interviews and use the resources available to you to prepare properly.<\/p>\n\n\n\n<p><strong>See also: <a href=\"https:\/\/www.vagadeempregosp.com.br\/en\/6-companies-with-jobs-in-italy-for-brazilians-2024\/\">6 companies with jobs in Italy for Brazilians 2024<\/a><\/strong><\/p>\n\n\n\n<p>August 30th, 2024<\/p>","protected":false},"excerpt":{"rendered":"<p>O cen\u00e1rio de emprego est\u00e1 em constante mudan\u00e7a, e duas grandes empresas brasileiras, Natura e Grupo P\u00e3o de A\u00e7\u00facar (GPA), est\u00e3o oferecendo novas e empolgantes oportunidades de trabalho em 2024. Ambas as empresas est\u00e3o expandindo suas opera\u00e7\u00f5es e buscando profissionais qualificados para fortalecer suas equipes. Novas vagas de emprego na Natura A Natura, uma das&hellip;&nbsp;<\/p>","protected":false},"author":11,"featured_media":21963,"comment_status":"closed","ping_status":"closed","sticky":false,"template":"","format":"standard","meta":{"neve_meta_sidebar":"","neve_meta_container":"","neve_meta_enable_content_width":"","neve_meta_content_width":0,"neve_meta_title_alignment":"","neve_meta_author_avatar":"","neve_post_elements_order":"","neve_meta_disable_header":"","neve_meta_disable_footer":"","neve_meta_disable_title":"","footnotes":""},"categories":[43],"tags":[],"class_list":["post-21942","post","type-post","status-publish","format-standard","has-post-thumbnail","hentry","category-vagas-nacionais"],"yoast_head":"<!-- This site is optimized with the Yoast SEO plugin v27.4 - https:\/\/yoast.com\/product\/yoast-seo-wordpress\/ -->\n<title>Novas vagas de emprego na Natura e no Grupo P\u00e3o de A\u00e7\u00facar - Transformando Vidas com Tecnologia, Informa\u00e7\u00e3o e Oportunidades: Explore Nossa Jornada de Crescimento<\/title>\n<meta name=\"robots\" content=\"index, follow, max-snippet:-1, max-image-preview:large, max-video-preview:-1\" \/>\n<link rel=\"canonical\" href=\"https:\/\/www.vagadeempregosp.com.br\/en\/new-job-vacancies-at-natura-and-the-pao-de-acucar-group\/\" \/>\n<meta property=\"og:locale\" content=\"en_US\" \/>\n<meta property=\"og:type\" content=\"article\" \/>\n<meta property=\"og:title\" content=\"Novas vagas de emprego na Natura e no Grupo P\u00e3o de A\u00e7\u00facar - Transformando Vidas com Tecnologia, Informa\u00e7\u00e3o e Oportunidades: Explore Nossa Jornada de Crescimento\" \/>\n<meta property=\"og:description\" content=\"O cen\u00e1rio de emprego est\u00e1 em constante mudan\u00e7a, e duas grandes empresas brasileiras, Natura e Grupo P\u00e3o de A\u00e7\u00facar (GPA), est\u00e3o oferecendo novas e empolgantes oportunidades de trabalho em 2024. Ambas as empresas est\u00e3o expandindo suas opera\u00e7\u00f5es e buscando profissionais qualificados para fortalecer suas equipes. Novas vagas de emprego na Natura A Natura, uma das&hellip;&nbsp;\" \/>\n<meta property=\"og:url\" content=\"https:\/\/www.vagadeempregosp.com.br\/en\/new-job-vacancies-at-natura-and-the-pao-de-acucar-group\/\" \/>\n<meta property=\"og:site_name\" content=\"Transformando Vidas com Tecnologia, Informa\u00e7\u00e3o e Oportunidades: Explore Nossa Jornada de Crescimento\" \/>\n<meta property=\"article:published_time\" content=\"2024-08-30T09:00:00+00:00\" \/>\n<meta property=\"og:image\" content=\"https:\/\/www.vagadeempregosp.com.br\/wp-content\/uploads\/2024\/08\/image-4.png\" \/>\n\t<meta property=\"og:image:width\" content=\"740\" \/>\n\t<meta property=\"og:image:height\" content=\"494\" \/>\n\t<meta property=\"og:image:type\" content=\"image\/png\" \/>\n<meta name=\"author\" content=\"Michele\" \/>\n<meta name=\"twitter:card\" content=\"summary_large_image\" \/>\n<meta name=\"twitter:label1\" content=\"Written by\" \/>\n\t<meta name=\"twitter:data1\" content=\"Michele\" \/>\n\t<meta name=\"twitter:label2\" content=\"Est. reading time\" \/>\n\t<meta name=\"twitter:data2\" content=\"5 minutes\" \/>\n<script type=\"application\/ld+json\" class=\"yoast-schema-graph\">{\"@context\":\"https:\\\/\\\/schema.org\",\"@graph\":[{\"@type\":\"Article\",\"@id\":\"https:\\\/\\\/www.vagadeempregosp.com.br\\\/novas-vagas-de-emprego-na-natura-e-no-grupo-pao-de-acucar\\\/#article\",\"isPartOf\":{\"@id\":\"https:\\\/\\\/www.vagadeempregosp.com.br\\\/novas-vagas-de-emprego-na-natura-e-no-grupo-pao-de-acucar\\\/\"},\"author\":{\"name\":\"Michele\",\"@id\":\"https:\\\/\\\/www.vagadeempregosp.com.br\\\/#\\\/schema\\\/person\\\/15cdff8822aa2f27a8a65ee7bbfe7ce6\"},\"headline\":\"Novas vagas de emprego na Natura e no Grupo P\u00e3o de A\u00e7\u00facar\",\"datePublished\":\"2024-08-30T09:00:00+00:00\",\"mainEntityOfPage\":{\"@id\":\"https:\\\/\\\/www.vagadeempregosp.com.br\\\/novas-vagas-de-emprego-na-natura-e-no-grupo-pao-de-acucar\\\/\"},\"wordCount\":1056,\"image\":{\"@id\":\"https:\\\/\\\/www.vagadeempregosp.com.br\\\/novas-vagas-de-emprego-na-natura-e-no-grupo-pao-de-acucar\\\/#primaryimage\"},\"thumbnailUrl\":\"https:\\\/\\\/www.vagadeempregosp.com.br\\\/wp-content\\\/uploads\\\/2024\\\/08\\\/image-4.png\",\"articleSection\":[\"Vagas de Emprego Nacionais\"],\"inLanguage\":\"en-US\"},{\"@type\":\"WebPage\",\"@id\":\"https:\\\/\\\/www.vagadeempregosp.com.br\\\/novas-vagas-de-emprego-na-natura-e-no-grupo-pao-de-acucar\\\/\",\"url\":\"https:\\\/\\\/www.vagadeempregosp.com.br\\\/novas-vagas-de-emprego-na-natura-e-no-grupo-pao-de-acucar\\\/\",\"name\":\"Novas vagas de emprego na Natura e no Grupo P\u00e3o de A\u00e7\u00facar - Transformando Vidas com Tecnologia, Informa\u00e7\u00e3o e Oportunidades: Explore Nossa Jornada de Crescimento\",\"isPartOf\":{\"@id\":\"https:\\\/\\\/www.vagadeempregosp.com.br\\\/#website\"},\"primaryImageOfPage\":{\"@id\":\"https:\\\/\\\/www.vagadeempregosp.com.br\\\/novas-vagas-de-emprego-na-natura-e-no-grupo-pao-de-acucar\\\/#primaryimage\"},\"image\":{\"@id\":\"https:\\\/\\\/www.vagadeempregosp.com.br\\\/novas-vagas-de-emprego-na-natura-e-no-grupo-pao-de-acucar\\\/#primaryimage\"},\"thumbnailUrl\":\"https:\\\/\\\/www.vagadeempregosp.com.br\\\/wp-content\\\/uploads\\\/2024\\\/08\\\/image-4.png\",\"datePublished\":\"2024-08-30T09:00:00+00:00\",\"author\":{\"@id\":\"https:\\\/\\\/www.vagadeempregosp.com.br\\\/#\\\/schema\\\/person\\\/15cdff8822aa2f27a8a65ee7bbfe7ce6\"},\"breadcrumb\":{\"@id\":\"https:\\\/\\\/www.vagadeempregosp.com.br\\\/novas-vagas-de-emprego-na-natura-e-no-grupo-pao-de-acucar\\\/#breadcrumb\"},\"inLanguage\":\"en-US\",\"potentialAction\":[{\"@type\":\"ReadAction\",\"target\":[\"https:\\\/\\\/www.vagadeempregosp.com.br\\\/novas-vagas-de-emprego-na-natura-e-no-grupo-pao-de-acucar\\\/\"]}]},{\"@type\":\"ImageObject\",\"inLanguage\":\"en-US\",\"@id\":\"https:\\\/\\\/www.vagadeempregosp.com.br\\\/novas-vagas-de-emprego-na-natura-e-no-grupo-pao-de-acucar\\\/#primaryimage\",\"url\":\"https:\\\/\\\/www.vagadeempregosp.com.br\\\/wp-content\\\/uploads\\\/2024\\\/08\\\/image-4.png\",\"contentUrl\":\"https:\\\/\\\/www.vagadeempregosp.com.br\\\/wp-content\\\/uploads\\\/2024\\\/08\\\/image-4.png\",\"width\":740,\"height\":494},{\"@type\":\"BreadcrumbList\",\"@id\":\"https:\\\/\\\/www.vagadeempregosp.com.br\\\/novas-vagas-de-emprego-na-natura-e-no-grupo-pao-de-acucar\\\/#breadcrumb\",\"itemListElement\":[{\"@type\":\"ListItem\",\"position\":1,\"name\":\"In\u00edcio\",\"item\":\"https:\\\/\\\/www.vagadeempregosp.com.br\\\/\"},{\"@type\":\"ListItem\",\"position\":2,\"name\":\"Vagas de Emprego Nacionais\",\"item\":\"https:\\\/\\\/www.vagadeempregosp.com.br\\\/category\\\/vagas-nacionais\\\/\"},{\"@type\":\"ListItem\",\"position\":3,\"name\":\"Novas vagas de emprego na Natura e no Grupo P\u00e3o de A\u00e7\u00facar\"}]},{\"@type\":\"WebSite\",\"@id\":\"https:\\\/\\\/www.vagadeempregosp.com.br\\\/#website\",\"url\":\"https:\\\/\\\/www.vagadeempregosp.com.br\\\/\",\"name\":\"Transformando Vidas com Tecnologia, Informa\u00e7\u00e3o e Oportunidades: Explore Nossa Jornada de Crescimento\",\"description\":\"Transformando Vidas com Tecnologia, Informa\u00e7\u00e3o e Oportunidades: Explore Nossa Jornada de Crescimento\",\"potentialAction\":[{\"@type\":\"SearchAction\",\"target\":{\"@type\":\"EntryPoint\",\"urlTemplate\":\"https:\\\/\\\/www.vagadeempregosp.com.br\\\/?s={search_term_string}\"},\"query-input\":{\"@type\":\"PropertyValueSpecification\",\"valueRequired\":true,\"valueName\":\"search_term_string\"}}],\"inLanguage\":\"en-US\"},{\"@type\":\"Person\",\"@id\":\"https:\\\/\\\/www.vagadeempregosp.com.br\\\/#\\\/schema\\\/person\\\/15cdff8822aa2f27a8a65ee7bbfe7ce6\",\"name\":\"Michele\",\"image\":{\"@type\":\"ImageObject\",\"inLanguage\":\"en-US\",\"@id\":\"https:\\\/\\\/secure.gravatar.com\\\/avatar\\\/6b0eb9d22841282815e2cd856a0061c45e1761cd54b22e952d98c4746939aa85?s=96&r=g\",\"url\":\"https:\\\/\\\/secure.gravatar.com\\\/avatar\\\/6b0eb9d22841282815e2cd856a0061c45e1761cd54b22e952d98c4746939aa85?s=96&r=g\",\"contentUrl\":\"https:\\\/\\\/secure.gravatar.com\\\/avatar\\\/6b0eb9d22841282815e2cd856a0061c45e1761cd54b22e952d98c4746939aa85?s=96&r=g\",\"caption\":\"Michele\"},\"description\":\"Formada em Letras - Portugu\u00eas\\\/ Ingl\u00eas, e idealizadora do site Escritora de Sucesso, busca expandir o conhecimento de todos com informa\u00e7\u00f5es relevantes sobre diversos assuntos, enquanto redatora. No Vaga de Emprego SP, traz oportunidades e dicas sobre o mercado de trabalho.\",\"url\":\"https:\\\/\\\/www.vagadeempregosp.com.br\\\/en\\\/author\\\/michele\\\/\"}]}<\/script>\n<!-- \/ Yoast SEO plugin. -->","yoast_head_json":{"title":"New job vacancies at Natura and Grupo P\u00e3o de A\u00e7\u00facar - Transforming Lives with Technology, Information and Opportunities: Explore Our Growth Journey","robots":{"index":"index","follow":"follow","max-snippet":"max-snippet:-1","max-image-preview":"max-image-preview:large","max-video-preview":"max-video-preview:-1"},"canonical":"https:\/\/www.vagadeempregosp.com.br\/en\/new-job-vacancies-at-natura-and-the-pao-de-acucar-group\/","og_locale":"en_US","og_type":"article","og_title":"Novas vagas de emprego na Natura e no Grupo P\u00e3o de A\u00e7\u00facar - Transformando Vidas com Tecnologia, Informa\u00e7\u00e3o e Oportunidades: Explore Nossa Jornada de Crescimento","og_description":"O cen\u00e1rio de emprego est\u00e1 em constante mudan\u00e7a, e duas grandes empresas brasileiras, Natura e Grupo P\u00e3o de A\u00e7\u00facar (GPA), est\u00e3o oferecendo novas e empolgantes oportunidades de trabalho em 2024. Ambas as empresas est\u00e3o expandindo suas opera\u00e7\u00f5es e buscando profissionais qualificados para fortalecer suas equipes. Novas vagas de emprego na Natura A Natura, uma das&hellip;&nbsp;","og_url":"https:\/\/www.vagadeempregosp.com.br\/en\/new-job-vacancies-at-natura-and-the-pao-de-acucar-group\/","og_site_name":"Transformando Vidas com Tecnologia, Informa\u00e7\u00e3o e Oportunidades: Explore Nossa Jornada de Crescimento","article_published_time":"2024-08-30T09:00:00+00:00","og_image":[{"width":740,"height":494,"url":"https:\/\/www.vagadeempregosp.com.br\/wp-content\/uploads\/2024\/08\/image-4.png","type":"image\/png"}],"author":"Michele","twitter_card":"summary_large_image","twitter_misc":{"Written by":"Michele","Est. reading time":"5 minutes"},"schema":{"@context":"https:\/\/schema.org","@graph":[{"@type":"Article","@id":"https:\/\/www.vagadeempregosp.com.br\/novas-vagas-de-emprego-na-natura-e-no-grupo-pao-de-acucar\/#article","isPartOf":{"@id":"https:\/\/www.vagadeempregosp.com.br\/novas-vagas-de-emprego-na-natura-e-no-grupo-pao-de-acucar\/"},"author":{"name":"Michele","@id":"https:\/\/www.vagadeempregosp.com.br\/#\/schema\/person\/15cdff8822aa2f27a8a65ee7bbfe7ce6"},"headline":"Novas vagas de emprego na Natura e no Grupo P\u00e3o de A\u00e7\u00facar","datePublished":"2024-08-30T09:00:00+00:00","mainEntityOfPage":{"@id":"https:\/\/www.vagadeempregosp.com.br\/novas-vagas-de-emprego-na-natura-e-no-grupo-pao-de-acucar\/"},"wordCount":1056,"image":{"@id":"https:\/\/www.vagadeempregosp.com.br\/novas-vagas-de-emprego-na-natura-e-no-grupo-pao-de-acucar\/#primaryimage"},"thumbnailUrl":"https:\/\/www.vagadeempregosp.com.br\/wp-content\/uploads\/2024\/08\/image-4.png","articleSection":["Vagas de Emprego Nacionais"],"inLanguage":"en-US"},{"@type":"WebPage","@id":"https:\/\/www.vagadeempregosp.com.br\/novas-vagas-de-emprego-na-natura-e-no-grupo-pao-de-acucar\/","url":"https:\/\/www.vagadeempregosp.com.br\/novas-vagas-de-emprego-na-natura-e-no-grupo-pao-de-acucar\/","name":"New job vacancies at Natura and Grupo P\u00e3o de A\u00e7\u00facar - Transforming Lives with Technology, Information and Opportunities: Explore Our Growth Journey","isPartOf":{"@id":"https:\/\/www.vagadeempregosp.com.br\/#website"},"primaryImageOfPage":{"@id":"https:\/\/www.vagadeempregosp.com.br\/novas-vagas-de-emprego-na-natura-e-no-grupo-pao-de-acucar\/#primaryimage"},"image":{"@id":"https:\/\/www.vagadeempregosp.com.br\/novas-vagas-de-emprego-na-natura-e-no-grupo-pao-de-acucar\/#primaryimage"},"thumbnailUrl":"https:\/\/www.vagadeempregosp.com.br\/wp-content\/uploads\/2024\/08\/image-4.png","datePublished":"2024-08-30T09:00:00+00:00","author":{"@id":"https:\/\/www.vagadeempregosp.com.br\/#\/schema\/person\/15cdff8822aa2f27a8a65ee7bbfe7ce6"},"breadcrumb":{"@id":"https:\/\/www.vagadeempregosp.com.br\/novas-vagas-de-emprego-na-natura-e-no-grupo-pao-de-acucar\/#breadcrumb"},"inLanguage":"en-US","potentialAction":[{"@type":"ReadAction","target":["https:\/\/www.vagadeempregosp.com.br\/novas-vagas-de-emprego-na-natura-e-no-grupo-pao-de-acucar\/"]}]},{"@type":"ImageObject","inLanguage":"en-US","@id":"https:\/\/www.vagadeempregosp.com.br\/novas-vagas-de-emprego-na-natura-e-no-grupo-pao-de-acucar\/#primaryimage","url":"https:\/\/www.vagadeempregosp.com.br\/wp-content\/uploads\/2024\/08\/image-4.png","contentUrl":"https:\/\/www.vagadeempregosp.com.br\/wp-content\/uploads\/2024\/08\/image-4.png","width":740,"height":494},{"@type":"BreadcrumbList","@id":"https:\/\/www.vagadeempregosp.com.br\/novas-vagas-de-emprego-na-natura-e-no-grupo-pao-de-acucar\/#breadcrumb","itemListElement":[{"@type":"ListItem","position":1,"name":"In\u00edcio","item":"https:\/\/www.vagadeempregosp.com.br\/"},{"@type":"ListItem","position":2,"name":"Vagas de Emprego Nacionais","item":"https:\/\/www.vagadeempregosp.com.br\/category\/vagas-nacionais\/"},{"@type":"ListItem","position":3,"name":"Novas vagas de emprego na Natura e no Grupo P\u00e3o de A\u00e7\u00facar"}]},{"@type":"WebSite","@id":"https:\/\/www.vagadeempregosp.com.br\/#website","url":"https:\/\/www.vagadeempregosp.com.br\/","name":"Transforming Lives with Technology, Information and Opportunities: Explore Our Growth Journey","description":"Transforming Lives with Technology, Information and Opportunities: Explore Our Growth Journey","potentialAction":[{"@type":"SearchAction","target":{"@type":"EntryPoint","urlTemplate":"https:\/\/www.vagadeempregosp.com.br\/?s={search_term_string}"},"query-input":{"@type":"PropertyValueSpecification","valueRequired":true,"valueName":"search_term_string"}}],"inLanguage":"en-US"},{"@type":"Person","@id":"https:\/\/www.vagadeempregosp.com.br\/#\/schema\/person\/15cdff8822aa2f27a8a65ee7bbfe7ce6","name":"Michele","image":{"@type":"ImageObject","inLanguage":"en-US","@id":"https:\/\/secure.gravatar.com\/avatar\/6b0eb9d22841282815e2cd856a0061c45e1761cd54b22e952d98c4746939aa85?s=96&r=g","url":"https:\/\/secure.gravatar.com\/avatar\/6b0eb9d22841282815e2cd856a0061c45e1761cd54b22e952d98c4746939aa85?s=96&r=g","contentUrl":"https:\/\/secure.gravatar.com\/avatar\/6b0eb9d22841282815e2cd856a0061c45e1761cd54b22e952d98c4746939aa85?s=96&r=g","caption":"Michele"},"description":"Graduated in Languages - Portuguese\/English, and creator of the Escritora de Sucesso website, she seeks to expand everyone's knowledge with relevant information on various subjects, as a writer. At Vaga de Emprego SP, she provides opportunities and tips on the job market.","url":"https:\/\/www.vagadeempregosp.com.br\/en\/author\/michele\/"}]}},"_links":{"self":[{"href":"https:\/\/www.vagadeempregosp.com.br\/en\/wp-json\/wp\/v2\/posts\/21942","targetHints":{"allow":["GET"]}}],"collection":[{"href":"https:\/\/www.vagadeempregosp.com.br\/en\/wp-json\/wp\/v2\/posts"}],"about":[{"href":"https:\/\/www.vagadeempregosp.com.br\/en\/wp-json\/wp\/v2\/types\/post"}],"author":[{"embeddable":true,"href":"https:\/\/www.vagadeempregosp.com.br\/en\/wp-json\/wp\/v2\/users\/11"}],"replies":[{"embeddable":true,"href":"https:\/\/www.vagadeempregosp.com.br\/en\/wp-json\/wp\/v2\/comments?post=21942"}],"version-history":[{"count":2,"href":"https:\/\/www.vagadeempregosp.com.br\/en\/wp-json\/wp\/v2\/posts\/21942\/revisions"}],"predecessor-version":[{"id":21964,"href":"https:\/\/www.vagadeempregosp.com.br\/en\/wp-json\/wp\/v2\/posts\/21942\/revisions\/21964"}],"wp:featuredmedia":[{"embeddable":true,"href":"https:\/\/www.vagadeempregosp.com.br\/en\/wp-json\/wp\/v2\/media\/21963"}],"wp:attachment":[{"href":"https:\/\/www.vagadeempregosp.com.br\/en\/wp-json\/wp\/v2\/media?parent=21942"}],"wp:term":[{"taxonomy":"category","embeddable":true,"href":"https:\/\/www.vagadeempregosp.com.br\/en\/wp-json\/wp\/v2\/categories?post=21942"},{"taxonomy":"post_tag","embeddable":true,"href":"https:\/\/www.vagadeempregosp.com.br\/en\/wp-json\/wp\/v2\/tags?post=21942"}],"curies":[{"name":"wp","href":"https:\/\/api.w.org\/{rel}","templated":true}]}}